{"id":65045,"date":"2025-01-26T12:00:00","date_gmt":"2025-01-26T12:00:00","guid":{"rendered":"https:\/\/www.africa-press.net\/senegal\/politique\/57-des-francais-se-trompent-les-nuisances-sonores-un-danger-meconnu-des-francais"},"modified":"2025-01-26T12:00:00","modified_gmt":"2025-01-26T12:00:00","slug":"57-des-francais-se-trompent-les-nuisances-sonores-un-danger-meconnu-des-francais","status":"publish","type":"post","link":"https:\/\/www.africa-press.net\/senegal\/toutes-les-actualites\/57-des-francais-se-trompent-les-nuisances-sonores-un-danger-meconnu-des-francais","title":{"rendered":"\u00ab 57% des Fran\u00e7ais se Trompent \u00bb : les Nuisances Sonores, un Danger M\u00e9connu des Fran\u00e7ais"},"content":{"rendered":"<p><span style=\"color: #ff6600\"><strong>Africa-Press &#8211; Senegal. <\/strong><\/span>57% des Franc\u0327ais ignorent ou se trompent sur les limites de de\u0301cibels a\u0300 ne pas de\u0301passer pour pre\u0301server son audition. De\u0301montrant une me\u0301connaissance de la population sur la sante\u0301 auditive. C\u2019est ce que constate le sondage \u201cLes Franc\u0327ais et le Bruit\u201d mene\u0301 par OpinionWay, pour l\u2019Association \u00ab La Semaine du Son \u00bb. Pourtant, les niveaux de de\u0301cibels a\u0300 ne pas de\u0301passer, pour prote\u0301ger sa sante\u0301, se situent entre 40 et 60, soit a\u0300 peu pre\u0300s les niveaux sonores d\u2019un bureau tranquille a\u0300 un marche\u0301 anime\u0301, selon l\u2019observatoire du bruit en I\u0302le-de-France BruitParif.<\/p>\n<p>En effet, toujours selon le sondage d\u2019OpinionWay, 72% des Franc\u0327ais se sentent stresse\u0301s par le bruit. Lors d\u2019une confe\u0301rence de presse, le 22 janvier 2025, Ele\u0301onore Quarre\u0301, responsable des e\u0301tudes Socie\u0301te\u0301 d\u2019OpinionWay, explique que \u201cle bruit repre\u0301sente une source de stress majeur\u201d. Cependant, pour le professeur Paul Avan, directeur du Centre de Recherche et d\u2019Innovation en Audiologie Humaine (CERIAH), \u201cil y a ambigui\u0308te\u0301 entre les sons dangereux et les sons nuisibles\u201d.<\/p>\n<p>Par exemple, pour 47% des Franc\u0327ais, la discussion te\u0301le\u0301phonique de quelqu\u2019un d\u2019autre dans l\u2019espace public est conside\u0301re\u0301e comme nuisible. Cependant, \u201cce n\u2019est pas parce que le bruit est agac\u0327ant qu\u2019il est force\u0301ment dangereux\u201d, constate le professeur. Les bruits de chantier, les sons e\u0301mis par les deux-roues et plus ge\u0301ne\u0301ralement les sons de circulation peuvent constituer des nuisances sonores, sans pour autant entrai\u0302ner un danger s\u2019ils ne sont pas prolonge\u0301s. Ainsi, il ajoute qu\u2019 \u201cun bruit, me\u0302me de tre\u0300s faible niveau, peut entrai\u0302ner des difficulte\u0301s, ou un stress pour effectuer une ta\u0302che et devenir dangereux pour les oreilles si on y est expose\u0301 trop longtemps\u201d.<\/p>\n<p><b>Seulement 25% des Franc\u0327ais estiment avoir une bonne audition<\/b><\/p>\n<p>De plus, le sondage re\u0301ve\u0300le que 49% des Franc\u0327ais souffriraient d\u2019une perte auditive lie\u0301e a\u0300 l\u2019exposition au bruit et 44% d\u2019acouphe\u0300nes. Pourtant, peu d\u2019entre eux \u201cconnaissent les dangers re\u0301els du bruit et ses limites\u201d, de\u0301plore Ele\u0301onore Quarre\u0301. Ainsi, seulement 54% des Franc\u0327ais disent se sentir bien informe\u0301s sur la sante\u0301 auditive et seulement 25% estiment avoir une bonne audition.<\/p>\n<p><b>Qu\u2019est-ce qu\u2019un acouphe\u0300ne ?<\/b><\/p>\n<p>Selon l\u2019Assurance Maladie, un acouphe\u0300ne est un bruit, sifflement, bourdonnement, gre\u0301sillement&#8230; que l\u2019on entend dans une ou les deux oreilles sans qu\u2019il ait e\u0301te\u0301 e\u0301mis par une source exte\u0301rieure. En France, environ 23 millions de personnes font ou ont fait l\u2019expe\u0301rience d\u2019acouphe\u0300nes, d\u2019apre\u0300s un sondage Ifop de 2024.<\/p>\n<p>Pourtant, \u201cune perte d\u2019audition intervient bien plus souvent avant que l\u2019on ne s\u2019en rende compte\u201d, estime la professeure Christine Petit, responsable du laboratoire d\u2019Innovations en the\u0301rapie de l\u2019audition de l\u2019Institut Pasteur. En effet, d\u2019apre\u0300s elle, le seuil auditif (c\u2019est-a\u0300-dire l\u2019intensite\u0301 en dessous de laquelle les bruits sont inaudibles et nous permettent de nous rendre compte des niveaux sonores nous entourant) \u201cpeut longtemps ne pas e\u0302tre modifie\u0301 alors que la cochle\u0301e (partie de l\u2019oreille interne assurant l\u2019audition, ndlr), entame de\u0301ja\u0300 une baisse de l\u2019audition\u201d. Ainsi, notre audition peut commencer a\u0300 baisser sans que l\u2019on s\u2019en rende compte, car c\u2019est a\u0300 l\u2019inte\u0301rieur de l\u2019oreille que le processus de\u0301bute.<\/p>\n<p>Enfin, pour la professeure Christine Petit, \u00ab la survenue d\u2019une perte auditive entre 40 et 50 ans est un indicatif de maladies de\u0301ge\u0301ne\u0301ratives futures \u00bb. En effet, me\u0302me si pour l\u2019instant le lien entre la perte d\u2019audition et les maladies de\u0301ge\u0301ne\u0301ratives, notamment la maladie de Parkinson, restent floues, il est selon elle inte\u0301ressant de se pencher sur \u201cce qu\u2019il se passe en termes de de\u0301ge\u0301ne\u0301rescence entre le port de prothe\u0300ses auditives ou non, sur l\u2019e\u0301volution de ces maladies\u201d.<\/p>\n<p><b>De nouveaux outils pour familiariser aux dangers du bruit<\/b><\/p>\n<p>Enfin, malgre\u0301 les risques associe\u0301s a\u0300 une perte d\u2019audition et les inconve\u0301nients entrai\u0302ne\u0301s par le bruit, les Franc\u0327ais restent peu informe\u0301s. C\u2019est pourquoi, l\u2019Association \u00ab La Semaine du Son \u00bb est a\u0300 l\u2019origine de l\u2019initiative de la conception d\u2019un \u201cde\u0301cibe\u0301lateur\u201d. Petit panneau d\u2019affichage sur les devantures des magasins d\u2019appareils auditifs ou des mairies, il devrait servir a\u0300 afficher le niveau de de\u0301cibels de la rue, a\u0300 l\u2019image des pharmacies affichant la tempe\u0301rature. D\u2019apre\u0300s Christian Hugonnet, pre\u0301sident fondateur de l\u2019Association \u00ab La Semaine du Son \u00bb, \u201cle de\u0301cibe\u0301lateur servirait d\u2019indicateur de niveau sonore, pour mieux informer et familiariser avec la notion de de\u0301cibel\u201d.<\/p>\n<p><strong>Pour plus d&rsquo;informations et d&rsquo;analyses sur la <span style=\"color: #ff6600\">Senegal<\/span>, suivez <span style=\"color: #ff6600\">Africa-Press<span style=\"color: #ff6600\"><\/span><\/strong><\/p>\n","protected":false},"excerpt":{"rendered":"<p>Africa-Press &#8211; Senegal. 57% des Franc\u0327ais ignorent ou se trompent sur les limites de de\u0301cibels a\u0300 ne pas de\u0301passer pour pre\u0301server son audition. De\u0301montrant une me\u0301connaissance de la population sur la sante\u0301 auditive. C\u2019est ce que constate le sondage \u201cLes Franc\u0327ais et le Bruit\u201d mene\u0301 par OpinionWay, pour l\u2019Association \u00ab La Semaine du Son \u00bb. [&hellip;]<\/p>\n","protected":false},"author":82,"featured_media":65044,"comment_status":"open","ping_status":"closed","sticky":false,"template":"","format":"standard","meta":{"footnotes":""},"categories":[22,10],"tags":[44],"class_list":["post-65045","post","type-post","status-publish","format-standard","has-post-thumbnail","hentry","category-divers","category-toutes-les-actualites","tag-senegal-2"],"yoast_head":"<!-- This site is optimized with the Yoast SEO Premium plugin v26.1 (Yoast SEO v27.0) - https:\/\/yoast.com\/product\/yoast-seo-premium-wordpress\/ -->\n<title>\u00ab 57% des Fran\u00e7ais se Trompent \u00bb : les Nuisances Sonores, un Danger M\u00e9connu des Fran\u00e7ais - Senegal<\/title>\n<meta name=\"robots\" content=\"index, follow, max-snippet:-1, max-image-preview:large, max-video-preview:-1\" \/>\n<link rel=\"canonical\" href=\"https:\/\/www.africa-press.net\/senegal\/politique\/57-des-francais-se-trompent-les-nuisances-sonores-un-danger-meconnu-des-francais\" \/>\n<meta property=\"og:locale\" content=\"fr_FR\" \/>\n<meta property=\"og:type\" content=\"article\" \/>\n<meta property=\"og:title\" content=\"\u00ab 57% des Fran\u00e7ais se Trompent \u00bb : les Nuisances Sonores, un Danger M\u00e9connu des Fran\u00e7ais\" \/>\n<meta property=\"og:description\" content=\"Africa-Press &#8211; Senegal. 57% des Franc\u0327ais ignorent ou se trompent sur les limites de de\u0301cibels a\u0300 ne pas de\u0301passer pour pre\u0301server son audition. De\u0301montrant une me\u0301connaissance de la population sur la sante\u0301 auditive. C\u2019est ce que constate le sondage \u201cLes Franc\u0327ais et le Bruit\u201d mene\u0301 par OpinionWay, pour l\u2019Association \u00ab La Semaine du Son \u00bb. [&hellip;]\" \/>\n<meta property=\"og:url\" content=\"https:\/\/www.africa-press.net\/senegal\/politique\/57-des-francais-se-trompent-les-nuisances-sonores-un-danger-meconnu-des-francais\" \/>\n<meta property=\"og:site_name\" content=\"Senegal\" \/>\n<meta property=\"article:published_time\" content=\"2025-01-26T12:00:00+00:00\" \/>\n<meta name=\"author\" content=\"cfeditorfr\" \/>\n<meta name=\"twitter:card\" content=\"summary_large_image\" \/>\n<meta name=\"twitter:label1\" content=\"\u00c9crit par\" \/>\n\t<meta name=\"twitter:data1\" content=\"cfeditorfr\" \/>\n\t<meta name=\"twitter:label2\" content=\"Dur\u00e9e de lecture estim\u00e9e\" \/>\n\t<meta name=\"twitter:data2\" content=\"4 minutes\" \/>\n<script type=\"application\/ld+json\" class=\"yoast-schema-graph\">{\"@context\":\"https:\/\/schema.org\",\"@graph\":[{\"@type\":\"Article\",\"@id\":\"https:\/\/www.africa-press.net\/senegal\/politique\/57-des-francais-se-trompent-les-nuisances-sonores-un-danger-meconnu-des-francais#article\",\"isPartOf\":{\"@id\":\"https:\/\/www.africa-press.net\/senegal\/politique\/57-des-francais-se-trompent-les-nuisances-sonores-un-danger-meconnu-des-francais\"},\"author\":{\"name\":\"cfeditorfr\",\"@id\":\"https:\/\/www.africa-press.net\/senegal\/#\/schema\/person\/2b1cf3cd81a31e3cd26889ca66d677f1\"},\"headline\":\"\u00ab 57% des Fran\u00e7ais se Trompent \u00bb : les Nuisances Sonores, un Danger M\u00e9connu des Fran\u00e7ais\",\"datePublished\":\"2025-01-26T12:00:00+00:00\",\"mainEntityOfPage\":{\"@id\":\"https:\/\/www.africa-press.net\/senegal\/politique\/57-des-francais-se-trompent-les-nuisances-sonores-un-danger-meconnu-des-francais\"},\"wordCount\":840,\"commentCount\":0,\"image\":{\"@id\":\"https:\/\/www.africa-press.net\/senegal\/politique\/57-des-francais-se-trompent-les-nuisances-sonores-un-danger-meconnu-des-francais#primaryimage\"},\"thumbnailUrl\":\"https:\/\/static.africa-press.net\/senegal\/sites\/13\/2025\/01\/sm_1737965827.576883.jpg\",\"keywords\":[\"Senegal\"],\"articleSection\":[\"Divers\",\"Toutes les actualit\u00e9s\"],\"inLanguage\":\"fr-FR\",\"potentialAction\":[{\"@type\":\"CommentAction\",\"name\":\"Comment\",\"target\":[\"https:\/\/www.africa-press.net\/senegal\/politique\/57-des-francais-se-trompent-les-nuisances-sonores-un-danger-meconnu-des-francais#respond\"]}]},{\"@type\":\"WebPage\",\"@id\":\"https:\/\/www.africa-press.net\/senegal\/politique\/57-des-francais-se-trompent-les-nuisances-sonores-un-danger-meconnu-des-francais\",\"url\":\"https:\/\/www.africa-press.net\/senegal\/politique\/57-des-francais-se-trompent-les-nuisances-sonores-un-danger-meconnu-des-francais\",\"name\":\"\u00ab 57% des Fran\u00e7ais se Trompent \u00bb : les Nuisances Sonores, un Danger M\u00e9connu des Fran\u00e7ais - Senegal\",\"isPartOf\":{\"@id\":\"https:\/\/www.africa-press.net\/senegal\/#website\"},\"primaryImageOfPage\":{\"@id\":\"https:\/\/www.africa-press.net\/senegal\/politique\/57-des-francais-se-trompent-les-nuisances-sonores-un-danger-meconnu-des-francais#primaryimage\"},\"image\":{\"@id\":\"https:\/\/www.africa-press.net\/senegal\/politique\/57-des-francais-se-trompent-les-nuisances-sonores-un-danger-meconnu-des-francais#primaryimage\"},\"thumbnailUrl\":\"https:\/\/static.africa-press.net\/senegal\/sites\/13\/2025\/01\/sm_1737965827.576883.jpg\",\"datePublished\":\"2025-01-26T12:00:00+00:00\",\"author\":{\"@id\":\"https:\/\/www.africa-press.net\/senegal\/#\/schema\/person\/2b1cf3cd81a31e3cd26889ca66d677f1\"},\"breadcrumb\":{\"@id\":\"https:\/\/www.africa-press.net\/senegal\/politique\/57-des-francais-se-trompent-les-nuisances-sonores-un-danger-meconnu-des-francais#breadcrumb\"},\"inLanguage\":\"fr-FR\",\"potentialAction\":[{\"@type\":\"ReadAction\",\"target\":[\"https:\/\/www.africa-press.net\/senegal\/politique\/57-des-francais-se-trompent-les-nuisances-sonores-un-danger-meconnu-des-francais\"]}]},{\"@type\":\"ImageObject\",\"inLanguage\":\"fr-FR\",\"@id\":\"https:\/\/www.africa-press.net\/senegal\/politique\/57-des-francais-se-trompent-les-nuisances-sonores-un-danger-meconnu-des-francais#primaryimage\",\"url\":\"https:\/\/static.africa-press.net\/senegal\/sites\/13\/2025\/01\/sm_1737965827.576883.jpg\",\"contentUrl\":\"https:\/\/static.africa-press.net\/senegal\/sites\/13\/2025\/01\/sm_1737965827.576883.jpg\",\"width\":1280,\"height\":720,\"caption\":\"\u00ab 57% des Fran\u00e7ais se Trompent \u00bb : les Nuisances Sonores, un Danger M\u00e9connu des Fran\u00e7ais\"},{\"@type\":\"BreadcrumbList\",\"@id\":\"https:\/\/www.africa-press.net\/senegal\/politique\/57-des-francais-se-trompent-les-nuisances-sonores-un-danger-meconnu-des-francais#breadcrumb\",\"itemListElement\":[{\"@type\":\"ListItem\",\"position\":1,\"name\":\"Accueil\",\"item\":\"https:\/\/www.africa-press.net\/senegal\/\"},{\"@type\":\"ListItem\",\"position\":2,\"name\":\"\u00ab 57% des Fran\u00e7ais se Trompent \u00bb : les Nuisances Sonores, un Danger M\u00e9connu des Fran\u00e7ais\"}]},{\"@type\":\"WebSite\",\"@id\":\"https:\/\/www.africa-press.net\/senegal\/#website\",\"url\":\"https:\/\/www.africa-press.net\/senegal\/\",\"name\":\"Africa Press | Senegal | Homepage\",\"description\":\"Just another Africa News Agency Sites site\",\"potentialAction\":[{\"@type\":\"SearchAction\",\"target\":{\"@type\":\"EntryPoint\",\"urlTemplate\":\"https:\/\/www.africa-press.net\/senegal\/?s={search_term_string}\"},\"query-input\":{\"@type\":\"PropertyValueSpecification\",\"valueRequired\":true,\"valueName\":\"search_term_string\"}}],\"inLanguage\":\"fr-FR\"},{\"@type\":\"Person\",\"@id\":\"https:\/\/www.africa-press.net\/senegal\/#\/schema\/person\/2b1cf3cd81a31e3cd26889ca66d677f1\",\"name\":\"cfeditorfr\",\"url\":\"https:\/\/www.africa-press.net\/senegal\/author\/cfeditorfr\"}]}<\/script>\n<!-- \/ Yoast SEO Premium plugin. -->","yoast_head_json":{"title":"\u00ab 57% des Fran\u00e7ais se Trompent \u00bb : les Nuisances Sonores, un Danger M\u00e9connu des Fran\u00e7ais - Senegal","robots":{"index":"index","follow":"follow","max-snippet":"max-snippet:-1","max-image-preview":"max-image-preview:large","max-video-preview":"max-video-preview:-1"},"canonical":"https:\/\/www.africa-press.net\/senegal\/politique\/57-des-francais-se-trompent-les-nuisances-sonores-un-danger-meconnu-des-francais","og_locale":"fr_FR","og_type":"article","og_title":"\u00ab 57% des Fran\u00e7ais se Trompent \u00bb : les Nuisances Sonores, un Danger M\u00e9connu des Fran\u00e7ais","og_description":"Africa-Press &#8211; Senegal. 57% des Franc\u0327ais ignorent ou se trompent sur les limites de de\u0301cibels a\u0300 ne pas de\u0301passer pour pre\u0301server son audition. De\u0301montrant une me\u0301connaissance de la population sur la sante\u0301 auditive. C\u2019est ce que constate le sondage \u201cLes Franc\u0327ais et le Bruit\u201d mene\u0301 par OpinionWay, pour l\u2019Association \u00ab La Semaine du Son \u00bb. [&hellip;]","og_url":"https:\/\/www.africa-press.net\/senegal\/politique\/57-des-francais-se-trompent-les-nuisances-sonores-un-danger-meconnu-des-francais","og_site_name":"Senegal","article_published_time":"2025-01-26T12:00:00+00:00","author":"cfeditorfr","twitter_card":"summary_large_image","twitter_misc":{"\u00c9crit par":"cfeditorfr","Dur\u00e9e de lecture estim\u00e9e":"4 minutes"},"schema":{"@context":"https:\/\/schema.org","@graph":[{"@type":"Article","@id":"https:\/\/www.africa-press.net\/senegal\/politique\/57-des-francais-se-trompent-les-nuisances-sonores-un-danger-meconnu-des-francais#article","isPartOf":{"@id":"https:\/\/www.africa-press.net\/senegal\/politique\/57-des-francais-se-trompent-les-nuisances-sonores-un-danger-meconnu-des-francais"},"author":{"name":"cfeditorfr","@id":"https:\/\/www.africa-press.net\/senegal\/#\/schema\/person\/2b1cf3cd81a31e3cd26889ca66d677f1"},"headline":"\u00ab 57% des Fran\u00e7ais se Trompent \u00bb : les Nuisances Sonores, un Danger M\u00e9connu des Fran\u00e7ais","datePublished":"2025-01-26T12:00:00+00:00","mainEntityOfPage":{"@id":"https:\/\/www.africa-press.net\/senegal\/politique\/57-des-francais-se-trompent-les-nuisances-sonores-un-danger-meconnu-des-francais"},"wordCount":840,"commentCount":0,"image":{"@id":"https:\/\/www.africa-press.net\/senegal\/politique\/57-des-francais-se-trompent-les-nuisances-sonores-un-danger-meconnu-des-francais#primaryimage"},"thumbnailUrl":"https:\/\/static.africa-press.net\/senegal\/sites\/13\/2025\/01\/sm_1737965827.576883.jpg","keywords":["Senegal"],"articleSection":["Divers","Toutes les actualit\u00e9s"],"inLanguage":"fr-FR","potentialAction":[{"@type":"CommentAction","name":"Comment","target":["https:\/\/www.africa-press.net\/senegal\/politique\/57-des-francais-se-trompent-les-nuisances-sonores-un-danger-meconnu-des-francais#respond"]}]},{"@type":"WebPage","@id":"https:\/\/www.africa-press.net\/senegal\/politique\/57-des-francais-se-trompent-les-nuisances-sonores-un-danger-meconnu-des-francais","url":"https:\/\/www.africa-press.net\/senegal\/politique\/57-des-francais-se-trompent-les-nuisances-sonores-un-danger-meconnu-des-francais","name":"\u00ab 57% des Fran\u00e7ais se Trompent \u00bb : les Nuisances Sonores, un Danger M\u00e9connu des Fran\u00e7ais - Senegal","isPartOf":{"@id":"https:\/\/www.africa-press.net\/senegal\/#website"},"primaryImageOfPage":{"@id":"https:\/\/www.africa-press.net\/senegal\/politique\/57-des-francais-se-trompent-les-nuisances-sonores-un-danger-meconnu-des-francais#primaryimage"},"image":{"@id":"https:\/\/www.africa-press.net\/senegal\/politique\/57-des-francais-se-trompent-les-nuisances-sonores-un-danger-meconnu-des-francais#primaryimage"},"thumbnailUrl":"https:\/\/static.africa-press.net\/senegal\/sites\/13\/2025\/01\/sm_1737965827.576883.jpg","datePublished":"2025-01-26T12:00:00+00:00","author":{"@id":"https:\/\/www.africa-press.net\/senegal\/#\/schema\/person\/2b1cf3cd81a31e3cd26889ca66d677f1"},"breadcrumb":{"@id":"https:\/\/www.africa-press.net\/senegal\/politique\/57-des-francais-se-trompent-les-nuisances-sonores-un-danger-meconnu-des-francais#breadcrumb"},"inLanguage":"fr-FR","potentialAction":[{"@type":"ReadAction","target":["https:\/\/www.africa-press.net\/senegal\/politique\/57-des-francais-se-trompent-les-nuisances-sonores-un-danger-meconnu-des-francais"]}]},{"@type":"ImageObject","inLanguage":"fr-FR","@id":"https:\/\/www.africa-press.net\/senegal\/politique\/57-des-francais-se-trompent-les-nuisances-sonores-un-danger-meconnu-des-francais#primaryimage","url":"https:\/\/static.africa-press.net\/senegal\/sites\/13\/2025\/01\/sm_1737965827.576883.jpg","contentUrl":"https:\/\/static.africa-press.net\/senegal\/sites\/13\/2025\/01\/sm_1737965827.576883.jpg","width":1280,"height":720,"caption":"\u00ab 57% des Fran\u00e7ais se Trompent \u00bb : les Nuisances Sonores, un Danger M\u00e9connu des Fran\u00e7ais"},{"@type":"BreadcrumbList","@id":"https:\/\/www.africa-press.net\/senegal\/politique\/57-des-francais-se-trompent-les-nuisances-sonores-un-danger-meconnu-des-francais#breadcrumb","itemListElement":[{"@type":"ListItem","position":1,"name":"Accueil","item":"https:\/\/www.africa-press.net\/senegal\/"},{"@type":"ListItem","position":2,"name":"\u00ab 57% des Fran\u00e7ais se Trompent \u00bb : les Nuisances Sonores, un Danger M\u00e9connu des Fran\u00e7ais"}]},{"@type":"WebSite","@id":"https:\/\/www.africa-press.net\/senegal\/#website","url":"https:\/\/www.africa-press.net\/senegal\/","name":"Africa Press | Senegal | Homepage","description":"Just another Africa News Agency Sites site","potentialAction":[{"@type":"SearchAction","target":{"@type":"EntryPoint","urlTemplate":"https:\/\/www.africa-press.net\/senegal\/?s={search_term_string}"},"query-input":{"@type":"PropertyValueSpecification","valueRequired":true,"valueName":"search_term_string"}}],"inLanguage":"fr-FR"},{"@type":"Person","@id":"https:\/\/www.africa-press.net\/senegal\/#\/schema\/person\/2b1cf3cd81a31e3cd26889ca66d677f1","name":"cfeditorfr","url":"https:\/\/www.africa-press.net\/senegal\/author\/cfeditorfr"}]}},"_links":{"self":[{"href":"https:\/\/www.africa-press.net\/senegal\/wp-json\/wp\/v2\/posts\/65045","targetHints":{"allow":["GET"]}}],"collection":[{"href":"https:\/\/www.africa-press.net\/senegal\/wp-json\/wp\/v2\/posts"}],"about":[{"href":"https:\/\/www.africa-press.net\/senegal\/wp-json\/wp\/v2\/types\/post"}],"author":[{"embeddable":true,"href":"https:\/\/www.africa-press.net\/senegal\/wp-json\/wp\/v2\/users\/82"}],"replies":[{"embeddable":true,"href":"https:\/\/www.africa-press.net\/senegal\/wp-json\/wp\/v2\/comments?post=65045"}],"version-history":[{"count":0,"href":"https:\/\/www.africa-press.net\/senegal\/wp-json\/wp\/v2\/posts\/65045\/revisions"}],"wp:featuredmedia":[{"embeddable":true,"href":"https:\/\/www.africa-press.net\/senegal\/wp-json\/wp\/v2\/media\/65044"}],"wp:attachment":[{"href":"https:\/\/www.africa-press.net\/senegal\/wp-json\/wp\/v2\/media?parent=65045"}],"wp:term":[{"taxonomy":"category","embeddable":true,"href":"https:\/\/www.africa-press.net\/senegal\/wp-json\/wp\/v2\/categories?post=65045"},{"taxonomy":"post_tag","embeddable":true,"href":"https:\/\/www.africa-press.net\/senegal\/wp-json\/wp\/v2\/tags?post=65045"}],"curies":[{"name":"wp","href":"https:\/\/api.w.org\/{rel}","templated":true}]}}