{"id":65049,"date":"2025-01-26T12:00:00","date_gmt":"2025-01-26T12:00:00","guid":{"rendered":"https:\/\/www.africa-press.net\/senegal\/politique\/naitre-premature-pourrait-affecter-la-capacite-future-a-renouveler-ses-neurones"},"modified":"2025-01-26T12:00:00","modified_gmt":"2025-01-26T12:00:00","slug":"naitre-premature-pourrait-affecter-la-capacite-future-a-renouveler-ses-neurones","status":"publish","type":"post","link":"https:\/\/www.africa-press.net\/senegal\/toutes-les-actualites\/naitre-premature-pourrait-affecter-la-capacite-future-a-renouveler-ses-neurones","title":{"rendered":"Na\u00eetre Pr\u00e9matur\u00e9 Pourrait Affecter la Capacit\u00e9 Future \u00e0 Renouveler Ses Neurones"},"content":{"rendered":"<p><span style=\"color: #ff6600\"><strong>Africa-Press &#8211; Senegal. <\/strong><\/span>Un dernier effort et c\u0327a y est, le f\u0153tus qui habitait l\u2019ute\u0301rus de sa me\u0300re depuis des mois devient un be\u0301be\u0301. La tempe\u0301rature change et l\u2019oxyge\u0300ne afflue, pour ce nouvel individu le moment de la naissance a tout change\u0301. Dans son cerveau, les cellules souches embryonnaires destine\u0301es un jour a\u0300 devenir des neurones s\u2019activent et leur me\u0301tabolisme se modifie, de\u0301montrent de nouveaux travaux sur la souris de l\u2019universite\u0301 de Nagoya City (Japon) publie\u0301s dans la revue Science Advances. Et surprise, selon que la naissance est a\u0300 terme ou pre\u0301mature\u0301e, leur devenir diffe\u0300re au point de changer la gene\u0300se de nouveaux neurones plus tard dans la vie. C\u2019est la toute premie\u0300re e\u0301tude qui de\u0301montre un effet direct de la naissance sur le destin des cellules souches de l\u2019organisme.<\/p>\n<p><b>La naissance a\u0300 terme fait rentrer les cellules souches neuronales en dormance<\/b><\/p>\n<p>\u00ab Il est tre\u0300s surprenant que la naissance pre\u0301mature\u0301e elle-me\u0302me provoque des anomalies de la fonction des cellules souches neuronales \u00bb, rele\u0300ve le neuroscientifique Kazunobu Sawamoto, qui a dirige\u0301 ces travaux. Les souris ne\u0301es pre\u0301mature\u0301es ne montraient en effet ni hypoxie (manque d\u2019oxyge\u0300ne), ni ische\u0301mie (de\u0301faut d\u2019irrigation sanguine), ni inflammation, pointe le scientifique. Le moment de la naissance est donc seul responsable des modifications observe\u0301es dans les cellules souches neuronales de souris, situe\u0301es au c\u0153ur du cerveau dans la zone sous-ventriculaire.<\/p>\n<p>Lorsque la naissance se produit a\u0300 terme, ils observent que la majorite\u0301 des cellules souches neuronales activent un ge\u0300ne nomme\u0301 Glul qui provoquent leur \u00ab mise en veille \u00bb. Cet e\u0301tat de quiescence, comme le nomment les scientifiques, est essentiel pour qu\u2019elles restent disponibles pour devenir des neurones fonctionnels en grandissant: on parle de neurogene\u0300se. \u00ab Chez l\u2019humain, la neurogene\u0300se postnatale est conside\u0301re\u0301e comme jouant un ro\u0302le important dans le de\u0301veloppement et la plasticite\u0301 du cerveau \u00bb, pre\u0301cisent les auteurs dans la publication.<\/p>\n<p><b>Une naissance pre\u0301mature\u0301e diminue la possibilite\u0301 de neurogene\u0300se<\/b><\/p>\n<p>Mais chez les nouveau-ne\u0301s pre\u0301mature\u0301s, c\u2019est un autre ge\u0300ne qui s\u2019active, mTORC1, empe\u0302chant celui de Glul. Re\u0301sultat, les cellules souches neuronales sont transitoirement suractive\u0301es au lieu d\u2019entrer en dormance et beaucoup commencent tre\u0300s to\u0302t leur transformation en proge\u0301niteurs neuronaux \u2013 le stade avant le neurone fonctionnel. \u00ab Les naissances pre\u0301mature\u0301es provoquent un e\u0301puisement du pool de cellules souches neuronales actives chez le jeune adulte, ce qui entrai\u0302ne une diminution de la neurogene\u0300se \u00bb, ajoute Kazunobu Sawamoto.<\/p>\n<p>Bien su\u0302r, l\u2019e\u0301tude e\u0301tant sur la souris, les chercheurs ne peuvent pas assurer que ces processus biologiques sont conserve\u0301s chez l\u2019humain. \u00ab Nous pensons que cela est possible \u00bb, avance cependant Kazunobu Sawamoto. Au cours de leurs travaux, le chercheur et son e\u0301quipe ont d\u2019ailleurs re\u0301colte\u0301 des indices concordants en observant des cerveaux de nouveaux-ne\u0301s humains post mortem. Dans la zone sous ventriculaire de ceux qui e\u0301taient ne\u0301s pre\u0301mature\u0301ment, ils y observent tout comme chez la souris ne\u0301e pre\u0301mature\u0301e un nombre significativement re\u0301duit de neuroblastes, ces \u00ab pre\u0301-neurones \u00bb essentiels a\u0300 la neuroge\u0301ne\u0300se.<\/p>\n<p>Cependant, les chercheurs ne savent pas si cet amoindrissement chez le nouveau-ne\u0301 humain e\u0301tait du\u0302, comme chez la souris, a\u0300 une hyperactivation des cellules souches embryonnaires et a\u0300 l\u2019e\u0301puisement des cellules souches neuronales qui s\u2019ensuit. \u00ab Si l\u2019on conside\u0300re que le stade du jeune adulte chez la souris e\u0301quivaut a\u0300 la petite enfance et a\u0300 l\u2019enfance chez l\u2019humain, la diminution de la neurogene\u0300se postnatale pourrait e\u0302tre une cause de l\u2019aggravation du de\u0301veloppement neurologique chez les enfants pre\u0301mature\u0301s \u00bb, concluent les auteurs.<\/p>\n<p>MYSTERE EVOLUTIF. \u00ab Notre de\u0301couverte pourrait expliquer pourquoi la capacite\u0301 de re\u0301ge\u0301ne\u0301ration des verte\u0301bre\u0301s terrestres, tels que les oiseaux et les mammife\u0300res, est infe\u0301rieure a\u0300 celle des verte\u0301bre\u0301s aquatiques comme les poissons \u00bb, avance Kazunobu Sawamoto. Alors que les premiers passent, comme nous, d\u2019un e\u0301tat d\u2019hypoxie dans l\u2019\u0153uf, l\u2019eau ou l\u2019ute\u0301rus, a\u0300 un afflux d\u2019oxyge\u0300ne dans l\u2019air, les seconds restent en e\u0301tat d\u2019hypoxie qui conserverait leurs cellules souches en dormance.<\/p>\n<p><b>Une potentielle cible the\u0301rapeutique pour pre\u0301server la neurogene\u0300se<\/b><\/p>\n<p>\u00ab Les pre\u0301mature\u0301s pre\u0301sentent un risque e\u0301leve\u0301 de troubles du de\u0301veloppement neurologique, dont les me\u0301canismes pathologiques ne sont pas e\u0301lucide\u0301s \u00bb, commente Kazunobu Sawamoto. \u00ab Nos re\u0301sultats sugge\u0300rent que la diminution de la neurogene\u0300se postnatale pourrait e\u0302tre une cause de l\u2019aggravation des re\u0301sultats neurode\u0301veloppementaux chez les pre\u0301mature\u0301s. \u00bb Si leurs de\u0301couvertes se confirmaient chez l\u2019humain, le ge\u0300ne mTORC1 pourrait e\u0302tre une cible the\u0301rapeutique inte\u0301ressante pour ame\u0301liorer la diminution de la neurogene\u0300se postnatale chez ces nouveau-ne\u0301s, espe\u0300re le chercheur.<\/p>\n<p>Un enfant est conside\u0301re\u0301 pre\u0301mature\u0301 lorsqu\u2019il nait avant 8,5 mois de grossesse environ, soit la 37e semaine d\u2019ame\u0301norrhe\u0301e (au lieu de 41 pour une naissance a\u0300 terme). Elle concerne 55.000 nourrissons par an en France selon l\u2019Inserm et 13,4 millions de nouveau-ne\u0301s dans le monde en 2020, soit un peu plus d\u2019un sur dix, d\u2019apre\u0300s l\u2019Organisation mondiale de la Sante\u0301.<\/p>\n<p><strong>Pour plus d&rsquo;informations et d&rsquo;analyses sur la <span style=\"color: #ff6600\">Senegal<\/span>, suivez <span style=\"color: #ff6600\">Africa-Press<span style=\"color: #ff6600\"><\/span><\/strong><\/p>\n","protected":false},"excerpt":{"rendered":"<p>Africa-Press &#8211; Senegal. Un dernier effort et c\u0327a y est, le f\u0153tus qui habitait l\u2019ute\u0301rus de sa me\u0300re depuis des mois devient un be\u0301be\u0301. La tempe\u0301rature change et l\u2019oxyge\u0300ne afflue, pour ce nouvel individu le moment de la naissance a tout change\u0301. Dans son cerveau, les cellules souches embryonnaires destine\u0301es un jour a\u0300 devenir des [&hellip;]<\/p>\n","protected":false},"author":82,"featured_media":65048,"comment_status":"open","ping_status":"closed","sticky":false,"template":"","format":"standard","meta":{"footnotes":""},"categories":[22,10],"tags":[44],"class_list":["post-65049","post","type-post","status-publish","format-standard","has-post-thumbnail","hentry","category-divers","category-toutes-les-actualites","tag-senegal-2"],"yoast_head":"<!-- This site is optimized with the Yoast SEO Premium plugin v26.1 (Yoast SEO v27.0) - https:\/\/yoast.com\/product\/yoast-seo-premium-wordpress\/ -->\n<title>Na\u00eetre Pr\u00e9matur\u00e9 Pourrait Affecter la Capacit\u00e9 Future \u00e0 Renouveler Ses Neurones - Senegal<\/title>\n<meta name=\"robots\" content=\"index, follow, max-snippet:-1, max-image-preview:large, max-video-preview:-1\" \/>\n<link rel=\"canonical\" href=\"https:\/\/www.africa-press.net\/senegal\/politique\/naitre-premature-pourrait-affecter-la-capacite-future-a-renouveler-ses-neurones\" \/>\n<meta property=\"og:locale\" content=\"fr_FR\" \/>\n<meta property=\"og:type\" content=\"article\" \/>\n<meta property=\"og:title\" content=\"Na\u00eetre Pr\u00e9matur\u00e9 Pourrait Affecter la Capacit\u00e9 Future \u00e0 Renouveler Ses Neurones\" \/>\n<meta property=\"og:description\" content=\"Africa-Press &#8211; Senegal. Un dernier effort et c\u0327a y est, le f\u0153tus qui habitait l\u2019ute\u0301rus de sa me\u0300re depuis des mois devient un be\u0301be\u0301. La tempe\u0301rature change et l\u2019oxyge\u0300ne afflue, pour ce nouvel individu le moment de la naissance a tout change\u0301. Dans son cerveau, les cellules souches embryonnaires destine\u0301es un jour a\u0300 devenir des [&hellip;]\" \/>\n<meta property=\"og:url\" content=\"https:\/\/www.africa-press.net\/senegal\/politique\/naitre-premature-pourrait-affecter-la-capacite-future-a-renouveler-ses-neurones\" \/>\n<meta property=\"og:site_name\" content=\"Senegal\" \/>\n<meta property=\"article:published_time\" content=\"2025-01-26T12:00:00+00:00\" \/>\n<meta name=\"author\" content=\"cfeditorfr\" \/>\n<meta name=\"twitter:card\" content=\"summary_large_image\" \/>\n<meta name=\"twitter:label1\" content=\"\u00c9crit par\" \/>\n\t<meta name=\"twitter:data1\" content=\"cfeditorfr\" \/>\n\t<meta name=\"twitter:label2\" content=\"Dur\u00e9e de lecture estim\u00e9e\" \/>\n\t<meta name=\"twitter:data2\" content=\"5 minutes\" \/>\n<script type=\"application\/ld+json\" class=\"yoast-schema-graph\">{\"@context\":\"https:\/\/schema.org\",\"@graph\":[{\"@type\":\"Article\",\"@id\":\"https:\/\/www.africa-press.net\/senegal\/politique\/naitre-premature-pourrait-affecter-la-capacite-future-a-renouveler-ses-neurones#article\",\"isPartOf\":{\"@id\":\"https:\/\/www.africa-press.net\/senegal\/politique\/naitre-premature-pourrait-affecter-la-capacite-future-a-renouveler-ses-neurones\"},\"author\":{\"name\":\"cfeditorfr\",\"@id\":\"https:\/\/www.africa-press.net\/senegal\/#\/schema\/person\/2b1cf3cd81a31e3cd26889ca66d677f1\"},\"headline\":\"Na\u00eetre Pr\u00e9matur\u00e9 Pourrait Affecter la Capacit\u00e9 Future \u00e0 Renouveler Ses Neurones\",\"datePublished\":\"2025-01-26T12:00:00+00:00\",\"mainEntityOfPage\":{\"@id\":\"https:\/\/www.africa-press.net\/senegal\/politique\/naitre-premature-pourrait-affecter-la-capacite-future-a-renouveler-ses-neurones\"},\"wordCount\":950,\"commentCount\":0,\"image\":{\"@id\":\"https:\/\/www.africa-press.net\/senegal\/politique\/naitre-premature-pourrait-affecter-la-capacite-future-a-renouveler-ses-neurones#primaryimage\"},\"thumbnailUrl\":\"https:\/\/static.africa-press.net\/senegal\/sites\/13\/2025\/01\/sm_1737966023.498666.jpg\",\"keywords\":[\"Senegal\"],\"articleSection\":[\"Divers\",\"Toutes les actualit\u00e9s\"],\"inLanguage\":\"fr-FR\",\"potentialAction\":[{\"@type\":\"CommentAction\",\"name\":\"Comment\",\"target\":[\"https:\/\/www.africa-press.net\/senegal\/politique\/naitre-premature-pourrait-affecter-la-capacite-future-a-renouveler-ses-neurones#respond\"]}]},{\"@type\":\"WebPage\",\"@id\":\"https:\/\/www.africa-press.net\/senegal\/politique\/naitre-premature-pourrait-affecter-la-capacite-future-a-renouveler-ses-neurones\",\"url\":\"https:\/\/www.africa-press.net\/senegal\/politique\/naitre-premature-pourrait-affecter-la-capacite-future-a-renouveler-ses-neurones\",\"name\":\"Na\u00eetre Pr\u00e9matur\u00e9 Pourrait Affecter la Capacit\u00e9 Future \u00e0 Renouveler Ses Neurones - Senegal\",\"isPartOf\":{\"@id\":\"https:\/\/www.africa-press.net\/senegal\/#website\"},\"primaryImageOfPage\":{\"@id\":\"https:\/\/www.africa-press.net\/senegal\/politique\/naitre-premature-pourrait-affecter-la-capacite-future-a-renouveler-ses-neurones#primaryimage\"},\"image\":{\"@id\":\"https:\/\/www.africa-press.net\/senegal\/politique\/naitre-premature-pourrait-affecter-la-capacite-future-a-renouveler-ses-neurones#primaryimage\"},\"thumbnailUrl\":\"https:\/\/static.africa-press.net\/senegal\/sites\/13\/2025\/01\/sm_1737966023.498666.jpg\",\"datePublished\":\"2025-01-26T12:00:00+00:00\",\"author\":{\"@id\":\"https:\/\/www.africa-press.net\/senegal\/#\/schema\/person\/2b1cf3cd81a31e3cd26889ca66d677f1\"},\"breadcrumb\":{\"@id\":\"https:\/\/www.africa-press.net\/senegal\/politique\/naitre-premature-pourrait-affecter-la-capacite-future-a-renouveler-ses-neurones#breadcrumb\"},\"inLanguage\":\"fr-FR\",\"potentialAction\":[{\"@type\":\"ReadAction\",\"target\":[\"https:\/\/www.africa-press.net\/senegal\/politique\/naitre-premature-pourrait-affecter-la-capacite-future-a-renouveler-ses-neurones\"]}]},{\"@type\":\"ImageObject\",\"inLanguage\":\"fr-FR\",\"@id\":\"https:\/\/www.africa-press.net\/senegal\/politique\/naitre-premature-pourrait-affecter-la-capacite-future-a-renouveler-ses-neurones#primaryimage\",\"url\":\"https:\/\/static.africa-press.net\/senegal\/sites\/13\/2025\/01\/sm_1737966023.498666.jpg\",\"contentUrl\":\"https:\/\/static.africa-press.net\/senegal\/sites\/13\/2025\/01\/sm_1737966023.498666.jpg\",\"width\":1280,\"height\":720,\"caption\":\"Na\u00eetre Pr\u00e9matur\u00e9 Pourrait Affecter la Capacit\u00e9 Future \u00e0 Renouveler Ses Neurones\"},{\"@type\":\"BreadcrumbList\",\"@id\":\"https:\/\/www.africa-press.net\/senegal\/politique\/naitre-premature-pourrait-affecter-la-capacite-future-a-renouveler-ses-neurones#breadcrumb\",\"itemListElement\":[{\"@type\":\"ListItem\",\"position\":1,\"name\":\"Accueil\",\"item\":\"https:\/\/www.africa-press.net\/senegal\/\"},{\"@type\":\"ListItem\",\"position\":2,\"name\":\"Na\u00eetre Pr\u00e9matur\u00e9 Pourrait Affecter la Capacit\u00e9 Future \u00e0 Renouveler Ses Neurones\"}]},{\"@type\":\"WebSite\",\"@id\":\"https:\/\/www.africa-press.net\/senegal\/#website\",\"url\":\"https:\/\/www.africa-press.net\/senegal\/\",\"name\":\"Africa Press | Senegal | Homepage\",\"description\":\"Just another Africa News Agency Sites site\",\"potentialAction\":[{\"@type\":\"SearchAction\",\"target\":{\"@type\":\"EntryPoint\",\"urlTemplate\":\"https:\/\/www.africa-press.net\/senegal\/?s={search_term_string}\"},\"query-input\":{\"@type\":\"PropertyValueSpecification\",\"valueRequired\":true,\"valueName\":\"search_term_string\"}}],\"inLanguage\":\"fr-FR\"},{\"@type\":\"Person\",\"@id\":\"https:\/\/www.africa-press.net\/senegal\/#\/schema\/person\/2b1cf3cd81a31e3cd26889ca66d677f1\",\"name\":\"cfeditorfr\",\"url\":\"https:\/\/www.africa-press.net\/senegal\/author\/cfeditorfr\"}]}<\/script>\n<!-- \/ Yoast SEO Premium plugin. -->","yoast_head_json":{"title":"Na\u00eetre Pr\u00e9matur\u00e9 Pourrait Affecter la Capacit\u00e9 Future \u00e0 Renouveler Ses Neurones - Senegal","robots":{"index":"index","follow":"follow","max-snippet":"max-snippet:-1","max-image-preview":"max-image-preview:large","max-video-preview":"max-video-preview:-1"},"canonical":"https:\/\/www.africa-press.net\/senegal\/politique\/naitre-premature-pourrait-affecter-la-capacite-future-a-renouveler-ses-neurones","og_locale":"fr_FR","og_type":"article","og_title":"Na\u00eetre Pr\u00e9matur\u00e9 Pourrait Affecter la Capacit\u00e9 Future \u00e0 Renouveler Ses Neurones","og_description":"Africa-Press &#8211; Senegal. Un dernier effort et c\u0327a y est, le f\u0153tus qui habitait l\u2019ute\u0301rus de sa me\u0300re depuis des mois devient un be\u0301be\u0301. La tempe\u0301rature change et l\u2019oxyge\u0300ne afflue, pour ce nouvel individu le moment de la naissance a tout change\u0301. Dans son cerveau, les cellules souches embryonnaires destine\u0301es un jour a\u0300 devenir des [&hellip;]","og_url":"https:\/\/www.africa-press.net\/senegal\/politique\/naitre-premature-pourrait-affecter-la-capacite-future-a-renouveler-ses-neurones","og_site_name":"Senegal","article_published_time":"2025-01-26T12:00:00+00:00","author":"cfeditorfr","twitter_card":"summary_large_image","twitter_misc":{"\u00c9crit par":"cfeditorfr","Dur\u00e9e de lecture estim\u00e9e":"5 minutes"},"schema":{"@context":"https:\/\/schema.org","@graph":[{"@type":"Article","@id":"https:\/\/www.africa-press.net\/senegal\/politique\/naitre-premature-pourrait-affecter-la-capacite-future-a-renouveler-ses-neurones#article","isPartOf":{"@id":"https:\/\/www.africa-press.net\/senegal\/politique\/naitre-premature-pourrait-affecter-la-capacite-future-a-renouveler-ses-neurones"},"author":{"name":"cfeditorfr","@id":"https:\/\/www.africa-press.net\/senegal\/#\/schema\/person\/2b1cf3cd81a31e3cd26889ca66d677f1"},"headline":"Na\u00eetre Pr\u00e9matur\u00e9 Pourrait Affecter la Capacit\u00e9 Future \u00e0 Renouveler Ses Neurones","datePublished":"2025-01-26T12:00:00+00:00","mainEntityOfPage":{"@id":"https:\/\/www.africa-press.net\/senegal\/politique\/naitre-premature-pourrait-affecter-la-capacite-future-a-renouveler-ses-neurones"},"wordCount":950,"commentCount":0,"image":{"@id":"https:\/\/www.africa-press.net\/senegal\/politique\/naitre-premature-pourrait-affecter-la-capacite-future-a-renouveler-ses-neurones#primaryimage"},"thumbnailUrl":"https:\/\/static.africa-press.net\/senegal\/sites\/13\/2025\/01\/sm_1737966023.498666.jpg","keywords":["Senegal"],"articleSection":["Divers","Toutes les actualit\u00e9s"],"inLanguage":"fr-FR","potentialAction":[{"@type":"CommentAction","name":"Comment","target":["https:\/\/www.africa-press.net\/senegal\/politique\/naitre-premature-pourrait-affecter-la-capacite-future-a-renouveler-ses-neurones#respond"]}]},{"@type":"WebPage","@id":"https:\/\/www.africa-press.net\/senegal\/politique\/naitre-premature-pourrait-affecter-la-capacite-future-a-renouveler-ses-neurones","url":"https:\/\/www.africa-press.net\/senegal\/politique\/naitre-premature-pourrait-affecter-la-capacite-future-a-renouveler-ses-neurones","name":"Na\u00eetre Pr\u00e9matur\u00e9 Pourrait Affecter la Capacit\u00e9 Future \u00e0 Renouveler Ses Neurones - Senegal","isPartOf":{"@id":"https:\/\/www.africa-press.net\/senegal\/#website"},"primaryImageOfPage":{"@id":"https:\/\/www.africa-press.net\/senegal\/politique\/naitre-premature-pourrait-affecter-la-capacite-future-a-renouveler-ses-neurones#primaryimage"},"image":{"@id":"https:\/\/www.africa-press.net\/senegal\/politique\/naitre-premature-pourrait-affecter-la-capacite-future-a-renouveler-ses-neurones#primaryimage"},"thumbnailUrl":"https:\/\/static.africa-press.net\/senegal\/sites\/13\/2025\/01\/sm_1737966023.498666.jpg","datePublished":"2025-01-26T12:00:00+00:00","author":{"@id":"https:\/\/www.africa-press.net\/senegal\/#\/schema\/person\/2b1cf3cd81a31e3cd26889ca66d677f1"},"breadcrumb":{"@id":"https:\/\/www.africa-press.net\/senegal\/politique\/naitre-premature-pourrait-affecter-la-capacite-future-a-renouveler-ses-neurones#breadcrumb"},"inLanguage":"fr-FR","potentialAction":[{"@type":"ReadAction","target":["https:\/\/www.africa-press.net\/senegal\/politique\/naitre-premature-pourrait-affecter-la-capacite-future-a-renouveler-ses-neurones"]}]},{"@type":"ImageObject","inLanguage":"fr-FR","@id":"https:\/\/www.africa-press.net\/senegal\/politique\/naitre-premature-pourrait-affecter-la-capacite-future-a-renouveler-ses-neurones#primaryimage","url":"https:\/\/static.africa-press.net\/senegal\/sites\/13\/2025\/01\/sm_1737966023.498666.jpg","contentUrl":"https:\/\/static.africa-press.net\/senegal\/sites\/13\/2025\/01\/sm_1737966023.498666.jpg","width":1280,"height":720,"caption":"Na\u00eetre Pr\u00e9matur\u00e9 Pourrait Affecter la Capacit\u00e9 Future \u00e0 Renouveler Ses Neurones"},{"@type":"BreadcrumbList","@id":"https:\/\/www.africa-press.net\/senegal\/politique\/naitre-premature-pourrait-affecter-la-capacite-future-a-renouveler-ses-neurones#breadcrumb","itemListElement":[{"@type":"ListItem","position":1,"name":"Accueil","item":"https:\/\/www.africa-press.net\/senegal\/"},{"@type":"ListItem","position":2,"name":"Na\u00eetre Pr\u00e9matur\u00e9 Pourrait Affecter la Capacit\u00e9 Future \u00e0 Renouveler Ses Neurones"}]},{"@type":"WebSite","@id":"https:\/\/www.africa-press.net\/senegal\/#website","url":"https:\/\/www.africa-press.net\/senegal\/","name":"Africa Press | Senegal | Homepage","description":"Just another Africa News Agency Sites site","potentialAction":[{"@type":"SearchAction","target":{"@type":"EntryPoint","urlTemplate":"https:\/\/www.africa-press.net\/senegal\/?s={search_term_string}"},"query-input":{"@type":"PropertyValueSpecification","valueRequired":true,"valueName":"search_term_string"}}],"inLanguage":"fr-FR"},{"@type":"Person","@id":"https:\/\/www.africa-press.net\/senegal\/#\/schema\/person\/2b1cf3cd81a31e3cd26889ca66d677f1","name":"cfeditorfr","url":"https:\/\/www.africa-press.net\/senegal\/author\/cfeditorfr"}]}},"_links":{"self":[{"href":"https:\/\/www.africa-press.net\/senegal\/wp-json\/wp\/v2\/posts\/65049","targetHints":{"allow":["GET"]}}],"collection":[{"href":"https:\/\/www.africa-press.net\/senegal\/wp-json\/wp\/v2\/posts"}],"about":[{"href":"https:\/\/www.africa-press.net\/senegal\/wp-json\/wp\/v2\/types\/post"}],"author":[{"embeddable":true,"href":"https:\/\/www.africa-press.net\/senegal\/wp-json\/wp\/v2\/users\/82"}],"replies":[{"embeddable":true,"href":"https:\/\/www.africa-press.net\/senegal\/wp-json\/wp\/v2\/comments?post=65049"}],"version-history":[{"count":0,"href":"https:\/\/www.africa-press.net\/senegal\/wp-json\/wp\/v2\/posts\/65049\/revisions"}],"wp:featuredmedia":[{"embeddable":true,"href":"https:\/\/www.africa-press.net\/senegal\/wp-json\/wp\/v2\/media\/65048"}],"wp:attachment":[{"href":"https:\/\/www.africa-press.net\/senegal\/wp-json\/wp\/v2\/media?parent=65049"}],"wp:term":[{"taxonomy":"category","embeddable":true,"href":"https:\/\/www.africa-press.net\/senegal\/wp-json\/wp\/v2\/categories?post=65049"},{"taxonomy":"post_tag","embeddable":true,"href":"https:\/\/www.africa-press.net\/senegal\/wp-json\/wp\/v2\/tags?post=65049"}],"curies":[{"name":"wp","href":"https:\/\/api.w.org\/{rel}","templated":true}]}}