{"id":65059,"date":"2025-01-27T12:20:00","date_gmt":"2025-01-27T12:20:00","guid":{"rendered":"https:\/\/www.africa-press.net\/senegal\/politique\/reunion-du-conseil-de-securite-sur-la-lutte-contre-le-terrorisme-en-afrique-discours-du-representant-de-la-confederation-des-etats-du-sahel-aes"},"modified":"2025-01-27T12:20:00","modified_gmt":"2025-01-27T12:20:00","slug":"reunion-du-conseil-de-securite-sur-la-lutte-contre-le-terrorisme-en-afrique-discours-du-representant-de-la-confederation-des-etats-du-sahel-aes","status":"publish","type":"post","link":"https:\/\/www.africa-press.net\/senegal\/politique\/reunion-du-conseil-de-securite-sur-la-lutte-contre-le-terrorisme-en-afrique-discours-du-representant-de-la-confederation-des-etats-du-sahel-aes","title":{"rendered":"R\u00e9union du Conseil de S\u00e9curit\u00e9 sur la Lutte Contre le Terrorisme en Afrique: Discours du Repr\u00e9sentant de la Conf\u00e9d\u00e9ration des Etats du Sahel (AES)"},"content":{"rendered":"<p><span style=\"color: #ff6600\"><strong>Africa-Press &#8211; Senegal. <\/strong><\/span>Ci-dessous le discours inte\u0301gral de l&rsquo;ambassadeur Issa KONFOUROU, Repre\u0301sentant permanent du Mali aupre\u0300s des Nations Unies, prononce\u0301 samedi 25 janvier 2025, du haut de la tribune du Conseil de se\u0301curite\u0301 de l&rsquo;ONU a\u0300 la re\u0301union publique tenue sur la lutte contre le terrorisme en Afrique.<\/p>\n<p>Monsieur le Pre\u0301sident,<\/p>\n<p>J&rsquo;ai l&rsquo;honneur de prendre la parole au nom des pays membres de la Confe\u0301de\u0301ration des Etats du Sahel (AES), a\u0300 savoir le Burkina Faso, la Re\u0301publique du Niger et mon propre pays, la Re\u0301publique du Mali.<\/p>\n<p>Nous saluons l&rsquo;initiative de la pre\u0301sidence alge\u0301rienne du Conseil de se\u0301curite\u0301 d&rsquo;organiser cette re\u0301union publique, qui offre l&rsquo;opportunite\u0301 d&rsquo;e\u0301changer sur la lutte contre le terrorisme en Afrique, une pre\u0301occupation existentielle pour les populations des Etats membres de la Confe\u0301de\u0301ration AES et au-dela\u0300.<\/p>\n<p>Nous nous adressons a\u0300 vous aujourd&rsquo;hui en notre qualite\u0301 de repre\u0301sentants de pays qui, depuis l&rsquo;intervention de l&rsquo;OTAN en Libye, une intervention autorise\u0301e par ce me\u0302me Conseil de se\u0301curite\u0301, ont perdu des milliers de vies innocentes, enregistre\u0301 de nombreux re\u0301fugie\u0301s et de\u0301place\u0301s internes, et des populations prive\u0301es de services sociaux de base, du fait du terrorisme.<\/p>\n<p>Face a\u0300 ces de\u0301fis, Leurs Excellences Le Capitaine Ibrahim TRAORE, Pre\u0301sident du Faso, le Ge\u0301ne\u0301ral d&rsquo;Arme\u0301e Assimi GOITA, Pre\u0301sident de la Transition, Chef de l&rsquo;Etat du Mali et le Ge\u0301ne\u0301ral de Brigade Abdourahamane TIANI, Pre\u0301sident du Conseil national pour la Sauvegarde de la Patrie, Chef de l&rsquo;Etat du Niger ont de\u0301cide\u0301 de cre\u0301er a\u0300 Niamey, le 06 juillet 2024, la Confe\u0301de\u0301ration des Etats du Sahel (AES), afin de mutualiser leurs efforts pour, non seulement renforcer le me\u0301canisme de de\u0301fense collective et d&rsquo;assistance mutuelle des Etats membres, mais aussi pour re\u0301aliser une Diplomatie cohe\u0301rente et un De\u0301veloppement harmonieux de leur espace commun.<\/p>\n<p>La cre\u0301ation de la Confe\u0301de\u0301ration AES te\u0301moigne de notre conviction qu&rsquo;une approche re\u0301gionale coordonne\u0301e et souveraine est la re\u0301ponse approprie\u0301e a\u0300 la menace terroriste. Les re\u0301sultats encourageants obtenus sur le terrain par nos forces de de\u0301fense et de se\u0301curite\u0301 confirment la pertinence de cette approche. Ces succe\u0300s se traduisent, notamment par l&rsquo;arrestation, la reddition ou la neutralisation de plusieurs e\u0301le\u0301ments et chefs terroristes; la destruction de leurs bases ainsi que la saisie de mate\u0301riels de guerre. La reconque\u0302te des territoires jadis contro\u0302le\u0301s par des groupes criminels, le retour des populations et de l&rsquo;administration, ainsi que la re\u0301ouverture des e\u0301coles dans ces zones sont des avance\u0301es qui me\u0301ritent d&rsquo;e\u0302tre releve\u0301es.<\/p>\n<p>C&rsquo;est le lieu, pour nous, de de\u0301plorer la non prise en compte de ces exploits re\u0301els dans les rapports et les pre\u0301sentations faites par les Nations Unies et ses entite\u0301s sur le terrain; qui pre\u0301fe\u0300rent documenter le nombre d&rsquo;incidents se\u0301curitaires et les attaques sur nos forces combattantes et les populations civiles.<\/p>\n<p>Paralle\u0300lement a\u0300 cette forte pression militaire, la Confe\u0301de\u0301ration AES inscrit sa lutte contre le terrorisme dans une strate\u0301gie globale et inte\u0301gre\u0301e, qui inclut e\u0301galement des mesures politiques, de de\u0301veloppement e\u0301conomique et social, de justice et de re\u0301conciliation. Cette approche nous permet de trouver des solutions durables aux causes profondes du terrorisme, en tenant compte des re\u0301alite\u0301s locales.<\/p>\n<p>Dans cette lutte complexe, les Etats membres de la Confe\u0301de\u0301ration AES tiennent a\u0300 remercier tous les pays amis pour leur soutien constant et multiforme pour la sauvegarde de l&rsquo;inte\u0301grite\u0301 de nos territoires et de la dignite\u0301 de nos peuples.<\/p>\n<p>Cependant, nous condamnons avec force la participation de sponsors e\u0301tatiques e\u0301trangers, a\u0300 l&rsquo;instar de la France et de l&rsquo;Ukraine, cette dernie\u0300re qui a ouvertement revendique\u0301 son appui aux groupes terroristes ope\u0301rant au Mali, et cela sans la moindre condamnation de la part de cet auguste organe, pourtant charge\u0301 du maintien de la paix et de la se\u0301curite\u0301 internationales.<\/p>\n<p>Monsieur le Pre\u0301sident<\/p>\n<p>Pour renforcer efficacement la lutte contre le terrorisme en Afrique, nous pre\u0301conisons quatre axes prioritaires que nous invitons respectueusement le Conseil de se\u0301curite\u0301 a\u0300 conside\u0301rer:<\/p>\n<p>Premie\u0300rement, un soutien accru et concret aux initiatives africaines de lutte contre le terrorisme, dans le strict respect de la souverainete\u0301 et des priorite\u0301s nationales;<\/p>\n<p>Deuxie\u0300mement, le renforcement de la coope\u0301ration en matie\u0300re de renseignement et de lutte contre le financement du terrorisme, notamment les re\u0301seaux criminels transnationaux qui alimentent ces activite\u0301s illicites;<\/p>\n<p>Troisie\u0300mement, une approche holistique inte\u0301grant de\u0301veloppement socio- e\u0301conomique et se\u0301curite\u0301, avec un accent particulier sur la pre\u0301vention, la de\u0301radicalisation et la re\u0301insertion;<\/p>\n<p>\u2022 Quatrie\u0300mement, un appui substantiel au renforcement des capacite\u0301s des forces de de\u0301fense et de se\u0301curite\u0301 des pays qui sont en premie\u0300re ligne dans ce combat, dont ceux de l&rsquo;AES.<\/p>\n<p>Je termine en m&rsquo;inclinant devant la me\u0301moire de toutes les victimes du terrorisme et en re\u0301affirmant la disponibilite\u0301 de la Confe\u0301de\u0301ration des Etats du Sahel a\u0300 coope\u0301rer avec tous les Etats et toutes les Organisations re\u0301gionales et internationales dans la lutte contre le terrorisme, dans le respect de la souverainete\u0301 et de la non-inge\u0301rence dans les affaires inte\u0301rieures de ses membres. Je vous remercie.<\/p>\n<p><strong>Pour plus d&rsquo;informations et d&rsquo;analyses sur la <span style=\"color: #ff6600\">Senegal<\/span>, suivez <span style=\"color: #ff6600\">Africa-Press<span style=\"color: #ff6600\"><\/span><\/strong><\/p>\n","protected":false},"excerpt":{"rendered":"<p>Africa-Press &#8211; Senegal. Ci-dessous le discours inte\u0301gral de l&rsquo;ambassadeur Issa KONFOUROU, Repre\u0301sentant permanent du Mali aupre\u0300s des Nations Unies, prononce\u0301 samedi 25 janvier 2025, du haut de la tribune du Conseil de se\u0301curite\u0301 de l&rsquo;ONU a\u0300 la re\u0301union publique tenue sur la lutte contre le terrorisme en Afrique. Monsieur le Pre\u0301sident, J&rsquo;ai l&rsquo;honneur de prendre [&hellip;]<\/p>\n","protected":false},"author":82,"featured_media":65058,"comment_status":"open","ping_status":"closed","sticky":false,"template":"","format":"standard","meta":{"footnotes":""},"categories":[2,10],"tags":[44],"class_list":["post-65059","post","type-post","status-publish","format-standard","has-post-thumbnail","hentry","category-politique","category-toutes-les-actualites","tag-senegal-2"],"yoast_head":"<!-- This site is optimized with the Yoast SEO Premium plugin v26.1 (Yoast SEO v27.0) - https:\/\/yoast.com\/product\/yoast-seo-premium-wordpress\/ -->\n<title>R\u00e9union du Conseil de S\u00e9curit\u00e9 sur la Lutte Contre le Terrorisme en Afrique: Discours du Repr\u00e9sentant de la Conf\u00e9d\u00e9ration des Etats du Sahel (AES) - Senegal<\/title>\n<meta name=\"robots\" content=\"index, follow, max-snippet:-1, max-image-preview:large, max-video-preview:-1\" \/>\n<link rel=\"canonical\" href=\"https:\/\/www.africa-press.net\/senegal\/politique\/reunion-du-conseil-de-securite-sur-la-lutte-contre-le-terrorisme-en-afrique-discours-du-representant-de-la-confederation-des-etats-du-sahel-aes\" \/>\n<meta property=\"og:locale\" content=\"fr_FR\" \/>\n<meta property=\"og:type\" content=\"article\" \/>\n<meta property=\"og:title\" content=\"R\u00e9union du Conseil de S\u00e9curit\u00e9 sur la Lutte Contre le Terrorisme en Afrique: Discours du Repr\u00e9sentant de la Conf\u00e9d\u00e9ration des Etats du Sahel (AES)\" \/>\n<meta property=\"og:description\" content=\"Africa-Press &#8211; Senegal. Ci-dessous le discours inte\u0301gral de l&rsquo;ambassadeur Issa KONFOUROU, Repre\u0301sentant permanent du Mali aupre\u0300s des Nations Unies, prononce\u0301 samedi 25 janvier 2025, du haut de la tribune du Conseil de se\u0301curite\u0301 de l&rsquo;ONU a\u0300 la re\u0301union publique tenue sur la lutte contre le terrorisme en Afrique. Monsieur le Pre\u0301sident, J&rsquo;ai l&rsquo;honneur de prendre [&hellip;]\" \/>\n<meta property=\"og:url\" content=\"https:\/\/www.africa-press.net\/senegal\/politique\/reunion-du-conseil-de-securite-sur-la-lutte-contre-le-terrorisme-en-afrique-discours-du-representant-de-la-confederation-des-etats-du-sahel-aes\" \/>\n<meta property=\"og:site_name\" content=\"Senegal\" \/>\n<meta property=\"article:published_time\" content=\"2025-01-27T12:20:00+00:00\" \/>\n<meta name=\"author\" content=\"cfeditorfr\" \/>\n<meta name=\"twitter:card\" content=\"summary_large_image\" \/>\n<meta name=\"twitter:label1\" content=\"\u00c9crit par\" \/>\n\t<meta name=\"twitter:data1\" content=\"cfeditorfr\" \/>\n\t<meta name=\"twitter:label2\" content=\"Dur\u00e9e de lecture estim\u00e9e\" \/>\n\t<meta name=\"twitter:data2\" content=\"5 minutes\" \/>\n<script type=\"application\/ld+json\" class=\"yoast-schema-graph\">{\"@context\":\"https:\/\/schema.org\",\"@graph\":[{\"@type\":\"Article\",\"@id\":\"https:\/\/www.africa-press.net\/senegal\/politique\/reunion-du-conseil-de-securite-sur-la-lutte-contre-le-terrorisme-en-afrique-discours-du-representant-de-la-confederation-des-etats-du-sahel-aes#article\",\"isPartOf\":{\"@id\":\"https:\/\/www.africa-press.net\/senegal\/politique\/reunion-du-conseil-de-securite-sur-la-lutte-contre-le-terrorisme-en-afrique-discours-du-representant-de-la-confederation-des-etats-du-sahel-aes\"},\"author\":{\"name\":\"cfeditorfr\",\"@id\":\"https:\/\/www.africa-press.net\/senegal\/#\/schema\/person\/2b1cf3cd81a31e3cd26889ca66d677f1\"},\"headline\":\"R\u00e9union du Conseil de S\u00e9curit\u00e9 sur la Lutte Contre le Terrorisme en Afrique: Discours du Repr\u00e9sentant de la Conf\u00e9d\u00e9ration des Etats du Sahel (AES)\",\"datePublished\":\"2025-01-27T12:20:00+00:00\",\"mainEntityOfPage\":{\"@id\":\"https:\/\/www.africa-press.net\/senegal\/politique\/reunion-du-conseil-de-securite-sur-la-lutte-contre-le-terrorisme-en-afrique-discours-du-representant-de-la-confederation-des-etats-du-sahel-aes\"},\"wordCount\":987,\"commentCount\":0,\"image\":{\"@id\":\"https:\/\/www.africa-press.net\/senegal\/politique\/reunion-du-conseil-de-securite-sur-la-lutte-contre-le-terrorisme-en-afrique-discours-du-representant-de-la-confederation-des-etats-du-sahel-aes#primaryimage\"},\"thumbnailUrl\":\"https:\/\/static.africa-press.net\/senegal\/sites\/13\/2025\/01\/sm_1738063060.792311.jpg\",\"keywords\":[\"Senegal\"],\"articleSection\":[\"Politique\",\"Toutes les actualit\u00e9s\"],\"inLanguage\":\"fr-FR\",\"potentialAction\":[{\"@type\":\"CommentAction\",\"name\":\"Comment\",\"target\":[\"https:\/\/www.africa-press.net\/senegal\/politique\/reunion-du-conseil-de-securite-sur-la-lutte-contre-le-terrorisme-en-afrique-discours-du-representant-de-la-confederation-des-etats-du-sahel-aes#respond\"]}]},{\"@type\":\"WebPage\",\"@id\":\"https:\/\/www.africa-press.net\/senegal\/politique\/reunion-du-conseil-de-securite-sur-la-lutte-contre-le-terrorisme-en-afrique-discours-du-representant-de-la-confederation-des-etats-du-sahel-aes\",\"url\":\"https:\/\/www.africa-press.net\/senegal\/politique\/reunion-du-conseil-de-securite-sur-la-lutte-contre-le-terrorisme-en-afrique-discours-du-representant-de-la-confederation-des-etats-du-sahel-aes\",\"name\":\"R\u00e9union du Conseil de S\u00e9curit\u00e9 sur la Lutte Contre le Terrorisme en Afrique: Discours du Repr\u00e9sentant de la Conf\u00e9d\u00e9ration des Etats du Sahel (AES) - Senegal\",\"isPartOf\":{\"@id\":\"https:\/\/www.africa-press.net\/senegal\/#website\"},\"primaryImageOfPage\":{\"@id\":\"https:\/\/www.africa-press.net\/senegal\/politique\/reunion-du-conseil-de-securite-sur-la-lutte-contre-le-terrorisme-en-afrique-discours-du-representant-de-la-confederation-des-etats-du-sahel-aes#primaryimage\"},\"image\":{\"@id\":\"https:\/\/www.africa-press.net\/senegal\/politique\/reunion-du-conseil-de-securite-sur-la-lutte-contre-le-terrorisme-en-afrique-discours-du-representant-de-la-confederation-des-etats-du-sahel-aes#primaryimage\"},\"thumbnailUrl\":\"https:\/\/static.africa-press.net\/senegal\/sites\/13\/2025\/01\/sm_1738063060.792311.jpg\",\"datePublished\":\"2025-01-27T12:20:00+00:00\",\"author\":{\"@id\":\"https:\/\/www.africa-press.net\/senegal\/#\/schema\/person\/2b1cf3cd81a31e3cd26889ca66d677f1\"},\"breadcrumb\":{\"@id\":\"https:\/\/www.africa-press.net\/senegal\/politique\/reunion-du-conseil-de-securite-sur-la-lutte-contre-le-terrorisme-en-afrique-discours-du-representant-de-la-confederation-des-etats-du-sahel-aes#breadcrumb\"},\"inLanguage\":\"fr-FR\",\"potentialAction\":[{\"@type\":\"ReadAction\",\"target\":[\"https:\/\/www.africa-press.net\/senegal\/politique\/reunion-du-conseil-de-securite-sur-la-lutte-contre-le-terrorisme-en-afrique-discours-du-representant-de-la-confederation-des-etats-du-sahel-aes\"]}]},{\"@type\":\"ImageObject\",\"inLanguage\":\"fr-FR\",\"@id\":\"https:\/\/www.africa-press.net\/senegal\/politique\/reunion-du-conseil-de-securite-sur-la-lutte-contre-le-terrorisme-en-afrique-discours-du-representant-de-la-confederation-des-etats-du-sahel-aes#primaryimage\",\"url\":\"https:\/\/static.africa-press.net\/senegal\/sites\/13\/2025\/01\/sm_1738063060.792311.jpg\",\"contentUrl\":\"https:\/\/static.africa-press.net\/senegal\/sites\/13\/2025\/01\/sm_1738063060.792311.jpg\",\"width\":1280,\"height\":720,\"caption\":\"R\u00e9union du Conseil de S\u00e9curit\u00e9 sur la Lutte Contre le Terrorisme en Afrique: Discours du Repr\u00e9sentant de la Conf\u00e9d\u00e9ration des Etats du Sahel (AES)\"},{\"@type\":\"BreadcrumbList\",\"@id\":\"https:\/\/www.africa-press.net\/senegal\/politique\/reunion-du-conseil-de-securite-sur-la-lutte-contre-le-terrorisme-en-afrique-discours-du-representant-de-la-confederation-des-etats-du-sahel-aes#breadcrumb\",\"itemListElement\":[{\"@type\":\"ListItem\",\"position\":1,\"name\":\"Accueil\",\"item\":\"https:\/\/www.africa-press.net\/senegal\/\"},{\"@type\":\"ListItem\",\"position\":2,\"name\":\"R\u00e9union du Conseil de S\u00e9curit\u00e9 sur la Lutte Contre le Terrorisme en Afrique: Discours du Repr\u00e9sentant de la Conf\u00e9d\u00e9ration des Etats du Sahel (AES)\"}]},{\"@type\":\"WebSite\",\"@id\":\"https:\/\/www.africa-press.net\/senegal\/#website\",\"url\":\"https:\/\/www.africa-press.net\/senegal\/\",\"name\":\"Africa Press | Senegal | Homepage\",\"description\":\"Just another Africa News Agency Sites site\",\"potentialAction\":[{\"@type\":\"SearchAction\",\"target\":{\"@type\":\"EntryPoint\",\"urlTemplate\":\"https:\/\/www.africa-press.net\/senegal\/?s={search_term_string}\"},\"query-input\":{\"@type\":\"PropertyValueSpecification\",\"valueRequired\":true,\"valueName\":\"search_term_string\"}}],\"inLanguage\":\"fr-FR\"},{\"@type\":\"Person\",\"@id\":\"https:\/\/www.africa-press.net\/senegal\/#\/schema\/person\/2b1cf3cd81a31e3cd26889ca66d677f1\",\"name\":\"cfeditorfr\",\"url\":\"https:\/\/www.africa-press.net\/senegal\/author\/cfeditorfr\"}]}<\/script>\n<!-- \/ Yoast SEO Premium plugin. -->","yoast_head_json":{"title":"R\u00e9union du Conseil de S\u00e9curit\u00e9 sur la Lutte Contre le Terrorisme en Afrique: Discours du Repr\u00e9sentant de la Conf\u00e9d\u00e9ration des Etats du Sahel (AES) - Senegal","robots":{"index":"index","follow":"follow","max-snippet":"max-snippet:-1","max-image-preview":"max-image-preview:large","max-video-preview":"max-video-preview:-1"},"canonical":"https:\/\/www.africa-press.net\/senegal\/politique\/reunion-du-conseil-de-securite-sur-la-lutte-contre-le-terrorisme-en-afrique-discours-du-representant-de-la-confederation-des-etats-du-sahel-aes","og_locale":"fr_FR","og_type":"article","og_title":"R\u00e9union du Conseil de S\u00e9curit\u00e9 sur la Lutte Contre le Terrorisme en Afrique: Discours du Repr\u00e9sentant de la Conf\u00e9d\u00e9ration des Etats du Sahel (AES)","og_description":"Africa-Press &#8211; Senegal. Ci-dessous le discours inte\u0301gral de l&rsquo;ambassadeur Issa KONFOUROU, Repre\u0301sentant permanent du Mali aupre\u0300s des Nations Unies, prononce\u0301 samedi 25 janvier 2025, du haut de la tribune du Conseil de se\u0301curite\u0301 de l&rsquo;ONU a\u0300 la re\u0301union publique tenue sur la lutte contre le terrorisme en Afrique. Monsieur le Pre\u0301sident, J&rsquo;ai l&rsquo;honneur de prendre [&hellip;]","og_url":"https:\/\/www.africa-press.net\/senegal\/politique\/reunion-du-conseil-de-securite-sur-la-lutte-contre-le-terrorisme-en-afrique-discours-du-representant-de-la-confederation-des-etats-du-sahel-aes","og_site_name":"Senegal","article_published_time":"2025-01-27T12:20:00+00:00","author":"cfeditorfr","twitter_card":"summary_large_image","twitter_misc":{"\u00c9crit par":"cfeditorfr","Dur\u00e9e de lecture estim\u00e9e":"5 minutes"},"schema":{"@context":"https:\/\/schema.org","@graph":[{"@type":"Article","@id":"https:\/\/www.africa-press.net\/senegal\/politique\/reunion-du-conseil-de-securite-sur-la-lutte-contre-le-terrorisme-en-afrique-discours-du-representant-de-la-confederation-des-etats-du-sahel-aes#article","isPartOf":{"@id":"https:\/\/www.africa-press.net\/senegal\/politique\/reunion-du-conseil-de-securite-sur-la-lutte-contre-le-terrorisme-en-afrique-discours-du-representant-de-la-confederation-des-etats-du-sahel-aes"},"author":{"name":"cfeditorfr","@id":"https:\/\/www.africa-press.net\/senegal\/#\/schema\/person\/2b1cf3cd81a31e3cd26889ca66d677f1"},"headline":"R\u00e9union du Conseil de S\u00e9curit\u00e9 sur la Lutte Contre le Terrorisme en Afrique: Discours du Repr\u00e9sentant de la Conf\u00e9d\u00e9ration des Etats du Sahel (AES)","datePublished":"2025-01-27T12:20:00+00:00","mainEntityOfPage":{"@id":"https:\/\/www.africa-press.net\/senegal\/politique\/reunion-du-conseil-de-securite-sur-la-lutte-contre-le-terrorisme-en-afrique-discours-du-representant-de-la-confederation-des-etats-du-sahel-aes"},"wordCount":987,"commentCount":0,"image":{"@id":"https:\/\/www.africa-press.net\/senegal\/politique\/reunion-du-conseil-de-securite-sur-la-lutte-contre-le-terrorisme-en-afrique-discours-du-representant-de-la-confederation-des-etats-du-sahel-aes#primaryimage"},"thumbnailUrl":"https:\/\/static.africa-press.net\/senegal\/sites\/13\/2025\/01\/sm_1738063060.792311.jpg","keywords":["Senegal"],"articleSection":["Politique","Toutes les actualit\u00e9s"],"inLanguage":"fr-FR","potentialAction":[{"@type":"CommentAction","name":"Comment","target":["https:\/\/www.africa-press.net\/senegal\/politique\/reunion-du-conseil-de-securite-sur-la-lutte-contre-le-terrorisme-en-afrique-discours-du-representant-de-la-confederation-des-etats-du-sahel-aes#respond"]}]},{"@type":"WebPage","@id":"https:\/\/www.africa-press.net\/senegal\/politique\/reunion-du-conseil-de-securite-sur-la-lutte-contre-le-terrorisme-en-afrique-discours-du-representant-de-la-confederation-des-etats-du-sahel-aes","url":"https:\/\/www.africa-press.net\/senegal\/politique\/reunion-du-conseil-de-securite-sur-la-lutte-contre-le-terrorisme-en-afrique-discours-du-representant-de-la-confederation-des-etats-du-sahel-aes","name":"R\u00e9union du Conseil de S\u00e9curit\u00e9 sur la Lutte Contre le Terrorisme en Afrique: Discours du Repr\u00e9sentant de la Conf\u00e9d\u00e9ration des Etats du Sahel (AES) - Senegal","isPartOf":{"@id":"https:\/\/www.africa-press.net\/senegal\/#website"},"primaryImageOfPage":{"@id":"https:\/\/www.africa-press.net\/senegal\/politique\/reunion-du-conseil-de-securite-sur-la-lutte-contre-le-terrorisme-en-afrique-discours-du-representant-de-la-confederation-des-etats-du-sahel-aes#primaryimage"},"image":{"@id":"https:\/\/www.africa-press.net\/senegal\/politique\/reunion-du-conseil-de-securite-sur-la-lutte-contre-le-terrorisme-en-afrique-discours-du-representant-de-la-confederation-des-etats-du-sahel-aes#primaryimage"},"thumbnailUrl":"https:\/\/static.africa-press.net\/senegal\/sites\/13\/2025\/01\/sm_1738063060.792311.jpg","datePublished":"2025-01-27T12:20:00+00:00","author":{"@id":"https:\/\/www.africa-press.net\/senegal\/#\/schema\/person\/2b1cf3cd81a31e3cd26889ca66d677f1"},"breadcrumb":{"@id":"https:\/\/www.africa-press.net\/senegal\/politique\/reunion-du-conseil-de-securite-sur-la-lutte-contre-le-terrorisme-en-afrique-discours-du-representant-de-la-confederation-des-etats-du-sahel-aes#breadcrumb"},"inLanguage":"fr-FR","potentialAction":[{"@type":"ReadAction","target":["https:\/\/www.africa-press.net\/senegal\/politique\/reunion-du-conseil-de-securite-sur-la-lutte-contre-le-terrorisme-en-afrique-discours-du-representant-de-la-confederation-des-etats-du-sahel-aes"]}]},{"@type":"ImageObject","inLanguage":"fr-FR","@id":"https:\/\/www.africa-press.net\/senegal\/politique\/reunion-du-conseil-de-securite-sur-la-lutte-contre-le-terrorisme-en-afrique-discours-du-representant-de-la-confederation-des-etats-du-sahel-aes#primaryimage","url":"https:\/\/static.africa-press.net\/senegal\/sites\/13\/2025\/01\/sm_1738063060.792311.jpg","contentUrl":"https:\/\/static.africa-press.net\/senegal\/sites\/13\/2025\/01\/sm_1738063060.792311.jpg","width":1280,"height":720,"caption":"R\u00e9union du Conseil de S\u00e9curit\u00e9 sur la Lutte Contre le Terrorisme en Afrique: Discours du Repr\u00e9sentant de la Conf\u00e9d\u00e9ration des Etats du Sahel (AES)"},{"@type":"BreadcrumbList","@id":"https:\/\/www.africa-press.net\/senegal\/politique\/reunion-du-conseil-de-securite-sur-la-lutte-contre-le-terrorisme-en-afrique-discours-du-representant-de-la-confederation-des-etats-du-sahel-aes#breadcrumb","itemListElement":[{"@type":"ListItem","position":1,"name":"Accueil","item":"https:\/\/www.africa-press.net\/senegal\/"},{"@type":"ListItem","position":2,"name":"R\u00e9union du Conseil de S\u00e9curit\u00e9 sur la Lutte Contre le Terrorisme en Afrique: Discours du Repr\u00e9sentant de la Conf\u00e9d\u00e9ration des Etats du Sahel (AES)"}]},{"@type":"WebSite","@id":"https:\/\/www.africa-press.net\/senegal\/#website","url":"https:\/\/www.africa-press.net\/senegal\/","name":"Africa Press | Senegal | Homepage","description":"Just another Africa News Agency Sites site","potentialAction":[{"@type":"SearchAction","target":{"@type":"EntryPoint","urlTemplate":"https:\/\/www.africa-press.net\/senegal\/?s={search_term_string}"},"query-input":{"@type":"PropertyValueSpecification","valueRequired":true,"valueName":"search_term_string"}}],"inLanguage":"fr-FR"},{"@type":"Person","@id":"https:\/\/www.africa-press.net\/senegal\/#\/schema\/person\/2b1cf3cd81a31e3cd26889ca66d677f1","name":"cfeditorfr","url":"https:\/\/www.africa-press.net\/senegal\/author\/cfeditorfr"}]}},"_links":{"self":[{"href":"https:\/\/www.africa-press.net\/senegal\/wp-json\/wp\/v2\/posts\/65059","targetHints":{"allow":["GET"]}}],"collection":[{"href":"https:\/\/www.africa-press.net\/senegal\/wp-json\/wp\/v2\/posts"}],"about":[{"href":"https:\/\/www.africa-press.net\/senegal\/wp-json\/wp\/v2\/types\/post"}],"author":[{"embeddable":true,"href":"https:\/\/www.africa-press.net\/senegal\/wp-json\/wp\/v2\/users\/82"}],"replies":[{"embeddable":true,"href":"https:\/\/www.africa-press.net\/senegal\/wp-json\/wp\/v2\/comments?post=65059"}],"version-history":[{"count":0,"href":"https:\/\/www.africa-press.net\/senegal\/wp-json\/wp\/v2\/posts\/65059\/revisions"}],"wp:featuredmedia":[{"embeddable":true,"href":"https:\/\/www.africa-press.net\/senegal\/wp-json\/wp\/v2\/media\/65058"}],"wp:attachment":[{"href":"https:\/\/www.africa-press.net\/senegal\/wp-json\/wp\/v2\/media?parent=65059"}],"wp:term":[{"taxonomy":"category","embeddable":true,"href":"https:\/\/www.africa-press.net\/senegal\/wp-json\/wp\/v2\/categories?post=65059"},{"taxonomy":"post_tag","embeddable":true,"href":"https:\/\/www.africa-press.net\/senegal\/wp-json\/wp\/v2\/tags?post=65059"}],"curies":[{"name":"wp","href":"https:\/\/api.w.org\/{rel}","templated":true}]}}