{"id":65061,"date":"2025-01-27T12:00:00","date_gmt":"2025-01-27T12:00:00","guid":{"rendered":"https:\/\/www.africa-press.net\/senegal\/politique\/can-totalenergies-maroc-2025-la-caf-et-le-comite-dorganisation-local-devoilent-les-villes-hotes-de-la-competition"},"modified":"2025-01-27T12:00:00","modified_gmt":"2025-01-27T12:00:00","slug":"can-totalenergies-maroc-2025-la-caf-et-le-comite-dorganisation-local-devoilent-les-villes-hotes-de-la-competition","status":"publish","type":"post","link":"https:\/\/www.africa-press.net\/senegal\/sports\/can-totalenergies-maroc-2025-la-caf-et-le-comite-dorganisation-local-devoilent-les-villes-hotes-de-la-competition","title":{"rendered":"CAN Totalenergies Maroc 2025: la CAF et le Comit\u00e9 D\u2019Organisation Local D\u00e9voilent les Villes H\u00f4tes de la Comp\u00e9tition"},"content":{"rendered":"<p><span style=\"color: #ff6600\"><strong>Africa-Press &#8211; Senegal. <\/strong><\/span>La Confe\u0301de\u0301ration Africaine de Football (CAF), en collaboration avec la Fe\u0301de\u0301ration Royale Marocaine de Football et le Comite\u0301 d\u2019Organisation Local de la Coupe d\u2019Afrique des Nations TotalEnergies, CAF Maroc 2025, a de\u0301voile\u0301 ce lundi 27 janvier 2025, les villes qui accueilleront les rencontres de la 35e\u0300 e\u0301dition de la CAN.<\/p>\n<p>Six villes et neuf stades ont e\u0301te\u0301 retenus pour ce plus grand rendez-vous du football africain, qui se tiendra du 21 de\u0301cembre 2025 au 18 janvier 2026. Il s\u2019agit des villes de Rabat, Casablanca, Agadir, Marrakech, Fe\u0300s et Tanger.<\/p>\n<p>Les e\u0301quipes qui logeront dans la ville de Rabat, joueront soit au stade du Complexe Sportif Prince Moulay Abdellah (69 500 places), soit au stade Al Barid (18 000 places), soit au stade Stade Olympique Annexe Complexe Sportif Prince Moulay Abdellah (21000 places) ou au Complexe Sportif Prince He\u0301ritier Moulay EL Hassan (22 000 places). Celles qui seront loge\u0301es a\u0300 Casablanca se mesureront au Complexe Sportif Mohammed V (45 000 places). Les e\u0301quipent accueillies a\u0300 Agadir, compe\u0301tiront au Grand Stade d\u2019Agadir (41 144 places). A\u0300 Marrakech, les e\u0301quipes joueront au Grand Stade de Marrakech (41 245 places). Les e\u0301quipes qui joueront a\u0300 Fe\u0300s s&rsquo;affronteront au Complexe Sportif de Fe\u0300s ( 35 468 places) et celles qui seront dans la ville de Tanger se departageront au Grand Stade de Tanger (75 600 places).<\/p>\n<p><strong>Pour plus d&rsquo;informations et d&rsquo;analyses sur la <span style=\"color: #ff6600\">Senegal<\/span>, suivez <span style=\"color: #ff6600\">Africa-Press<span style=\"color: #ff6600\"><\/span><\/strong><\/p>\n","protected":false},"excerpt":{"rendered":"<p>Africa-Press &#8211; Senegal. La Confe\u0301de\u0301ration Africaine de Football (CAF), en collaboration avec la Fe\u0301de\u0301ration Royale Marocaine de Football et le Comite\u0301 d\u2019Organisation Local de la Coupe d\u2019Afrique des Nations TotalEnergies, CAF Maroc 2025, a de\u0301voile\u0301 ce lundi 27 janvier 2025, les villes qui accueilleront les rencontres de la 35e\u0300 e\u0301dition de la CAN. Six villes [&hellip;]<\/p>\n","protected":false},"author":82,"featured_media":65060,"comment_status":"open","ping_status":"closed","sticky":false,"template":"","format":"standard","meta":{"footnotes":""},"categories":[6,10],"tags":[44],"class_list":["post-65061","post","type-post","status-publish","format-standard","has-post-thumbnail","hentry","category-sports","category-toutes-les-actualites","tag-senegal-2"],"yoast_head":"<!-- This site is optimized with the Yoast SEO Premium plugin v26.1 (Yoast SEO v27.0) - https:\/\/yoast.com\/product\/yoast-seo-premium-wordpress\/ -->\n<title>CAN Totalenergies Maroc 2025: la CAF et le Comit\u00e9 D\u2019Organisation Local D\u00e9voilent les Villes H\u00f4tes de la Comp\u00e9tition - Senegal<\/title>\n<meta name=\"robots\" content=\"index, follow, max-snippet:-1, max-image-preview:large, max-video-preview:-1\" \/>\n<link rel=\"canonical\" href=\"https:\/\/www.africa-press.net\/senegal\/politique\/can-totalenergies-maroc-2025-la-caf-et-le-comite-dorganisation-local-devoilent-les-villes-hotes-de-la-competition\" \/>\n<meta property=\"og:locale\" content=\"fr_FR\" \/>\n<meta property=\"og:type\" content=\"article\" \/>\n<meta property=\"og:title\" content=\"CAN Totalenergies Maroc 2025: la CAF et le Comit\u00e9 D\u2019Organisation Local D\u00e9voilent les Villes H\u00f4tes de la Comp\u00e9tition\" \/>\n<meta property=\"og:description\" content=\"Africa-Press &#8211; Senegal. La Confe\u0301de\u0301ration Africaine de Football (CAF), en collaboration avec la Fe\u0301de\u0301ration Royale Marocaine de Football et le Comite\u0301 d\u2019Organisation Local de la Coupe d\u2019Afrique des Nations TotalEnergies, CAF Maroc 2025, a de\u0301voile\u0301 ce lundi 27 janvier 2025, les villes qui accueilleront les rencontres de la 35e\u0300 e\u0301dition de la CAN. Six villes [&hellip;]\" \/>\n<meta property=\"og:url\" content=\"https:\/\/www.africa-press.net\/senegal\/politique\/can-totalenergies-maroc-2025-la-caf-et-le-comite-dorganisation-local-devoilent-les-villes-hotes-de-la-competition\" \/>\n<meta property=\"og:site_name\" content=\"Senegal\" \/>\n<meta property=\"article:published_time\" content=\"2025-01-27T12:00:00+00:00\" \/>\n<meta name=\"author\" content=\"cfeditorfr\" \/>\n<meta name=\"twitter:card\" content=\"summary_large_image\" \/>\n<meta name=\"twitter:label1\" content=\"\u00c9crit par\" \/>\n\t<meta name=\"twitter:data1\" content=\"cfeditorfr\" \/>\n\t<meta name=\"twitter:label2\" content=\"Dur\u00e9e de lecture estim\u00e9e\" \/>\n\t<meta name=\"twitter:data2\" content=\"1 minute\" \/>\n<script type=\"application\/ld+json\" class=\"yoast-schema-graph\">{\"@context\":\"https:\/\/schema.org\",\"@graph\":[{\"@type\":\"Article\",\"@id\":\"https:\/\/www.africa-press.net\/senegal\/politique\/can-totalenergies-maroc-2025-la-caf-et-le-comite-dorganisation-local-devoilent-les-villes-hotes-de-la-competition#article\",\"isPartOf\":{\"@id\":\"https:\/\/www.africa-press.net\/senegal\/politique\/can-totalenergies-maroc-2025-la-caf-et-le-comite-dorganisation-local-devoilent-les-villes-hotes-de-la-competition\"},\"author\":{\"name\":\"cfeditorfr\",\"@id\":\"https:\/\/www.africa-press.net\/senegal\/#\/schema\/person\/2b1cf3cd81a31e3cd26889ca66d677f1\"},\"headline\":\"CAN Totalenergies Maroc 2025: la CAF et le Comit\u00e9 D\u2019Organisation Local D\u00e9voilent les Villes H\u00f4tes de la Comp\u00e9tition\",\"datePublished\":\"2025-01-27T12:00:00+00:00\",\"mainEntityOfPage\":{\"@id\":\"https:\/\/www.africa-press.net\/senegal\/politique\/can-totalenergies-maroc-2025-la-caf-et-le-comite-dorganisation-local-devoilent-les-villes-hotes-de-la-competition\"},\"wordCount\":255,\"commentCount\":0,\"image\":{\"@id\":\"https:\/\/www.africa-press.net\/senegal\/politique\/can-totalenergies-maroc-2025-la-caf-et-le-comite-dorganisation-local-devoilent-les-villes-hotes-de-la-competition#primaryimage\"},\"thumbnailUrl\":\"https:\/\/static.africa-press.net\/senegal\/sites\/13\/2025\/01\/sm_1738063167.614333.jpg\",\"keywords\":[\"Senegal\"],\"articleSection\":[\"Sports\",\"Toutes les actualit\u00e9s\"],\"inLanguage\":\"fr-FR\",\"potentialAction\":[{\"@type\":\"CommentAction\",\"name\":\"Comment\",\"target\":[\"https:\/\/www.africa-press.net\/senegal\/politique\/can-totalenergies-maroc-2025-la-caf-et-le-comite-dorganisation-local-devoilent-les-villes-hotes-de-la-competition#respond\"]}]},{\"@type\":\"WebPage\",\"@id\":\"https:\/\/www.africa-press.net\/senegal\/politique\/can-totalenergies-maroc-2025-la-caf-et-le-comite-dorganisation-local-devoilent-les-villes-hotes-de-la-competition\",\"url\":\"https:\/\/www.africa-press.net\/senegal\/politique\/can-totalenergies-maroc-2025-la-caf-et-le-comite-dorganisation-local-devoilent-les-villes-hotes-de-la-competition\",\"name\":\"CAN Totalenergies Maroc 2025: la CAF et le Comit\u00e9 D\u2019Organisation Local D\u00e9voilent les Villes H\u00f4tes de la Comp\u00e9tition - Senegal\",\"isPartOf\":{\"@id\":\"https:\/\/www.africa-press.net\/senegal\/#website\"},\"primaryImageOfPage\":{\"@id\":\"https:\/\/www.africa-press.net\/senegal\/politique\/can-totalenergies-maroc-2025-la-caf-et-le-comite-dorganisation-local-devoilent-les-villes-hotes-de-la-competition#primaryimage\"},\"image\":{\"@id\":\"https:\/\/www.africa-press.net\/senegal\/politique\/can-totalenergies-maroc-2025-la-caf-et-le-comite-dorganisation-local-devoilent-les-villes-hotes-de-la-competition#primaryimage\"},\"thumbnailUrl\":\"https:\/\/static.africa-press.net\/senegal\/sites\/13\/2025\/01\/sm_1738063167.614333.jpg\",\"datePublished\":\"2025-01-27T12:00:00+00:00\",\"author\":{\"@id\":\"https:\/\/www.africa-press.net\/senegal\/#\/schema\/person\/2b1cf3cd81a31e3cd26889ca66d677f1\"},\"breadcrumb\":{\"@id\":\"https:\/\/www.africa-press.net\/senegal\/politique\/can-totalenergies-maroc-2025-la-caf-et-le-comite-dorganisation-local-devoilent-les-villes-hotes-de-la-competition#breadcrumb\"},\"inLanguage\":\"fr-FR\",\"potentialAction\":[{\"@type\":\"ReadAction\",\"target\":[\"https:\/\/www.africa-press.net\/senegal\/politique\/can-totalenergies-maroc-2025-la-caf-et-le-comite-dorganisation-local-devoilent-les-villes-hotes-de-la-competition\"]}]},{\"@type\":\"ImageObject\",\"inLanguage\":\"fr-FR\",\"@id\":\"https:\/\/www.africa-press.net\/senegal\/politique\/can-totalenergies-maroc-2025-la-caf-et-le-comite-dorganisation-local-devoilent-les-villes-hotes-de-la-competition#primaryimage\",\"url\":\"https:\/\/static.africa-press.net\/senegal\/sites\/13\/2025\/01\/sm_1738063167.614333.jpg\",\"contentUrl\":\"https:\/\/static.africa-press.net\/senegal\/sites\/13\/2025\/01\/sm_1738063167.614333.jpg\",\"width\":1280,\"height\":720,\"caption\":\"CAN Totalenergies Maroc 2025: la CAF et le Comit\u00e9 D\u2019Organisation Local D\u00e9voilent les Villes H\u00f4tes de la Comp\u00e9tition\"},{\"@type\":\"BreadcrumbList\",\"@id\":\"https:\/\/www.africa-press.net\/senegal\/politique\/can-totalenergies-maroc-2025-la-caf-et-le-comite-dorganisation-local-devoilent-les-villes-hotes-de-la-competition#breadcrumb\",\"itemListElement\":[{\"@type\":\"ListItem\",\"position\":1,\"name\":\"Accueil\",\"item\":\"https:\/\/www.africa-press.net\/senegal\/\"},{\"@type\":\"ListItem\",\"position\":2,\"name\":\"CAN Totalenergies Maroc 2025: la CAF et le Comit\u00e9 D\u2019Organisation Local D\u00e9voilent les Villes H\u00f4tes de la Comp\u00e9tition\"}]},{\"@type\":\"WebSite\",\"@id\":\"https:\/\/www.africa-press.net\/senegal\/#website\",\"url\":\"https:\/\/www.africa-press.net\/senegal\/\",\"name\":\"Africa Press | Senegal | Homepage\",\"description\":\"Just another Africa News Agency Sites site\",\"potentialAction\":[{\"@type\":\"SearchAction\",\"target\":{\"@type\":\"EntryPoint\",\"urlTemplate\":\"https:\/\/www.africa-press.net\/senegal\/?s={search_term_string}\"},\"query-input\":{\"@type\":\"PropertyValueSpecification\",\"valueRequired\":true,\"valueName\":\"search_term_string\"}}],\"inLanguage\":\"fr-FR\"},{\"@type\":\"Person\",\"@id\":\"https:\/\/www.africa-press.net\/senegal\/#\/schema\/person\/2b1cf3cd81a31e3cd26889ca66d677f1\",\"name\":\"cfeditorfr\",\"url\":\"https:\/\/www.africa-press.net\/senegal\/author\/cfeditorfr\"}]}<\/script>\n<!-- \/ Yoast SEO Premium plugin. -->","yoast_head_json":{"title":"CAN Totalenergies Maroc 2025: la CAF et le Comit\u00e9 D\u2019Organisation Local D\u00e9voilent les Villes H\u00f4tes de la Comp\u00e9tition - Senegal","robots":{"index":"index","follow":"follow","max-snippet":"max-snippet:-1","max-image-preview":"max-image-preview:large","max-video-preview":"max-video-preview:-1"},"canonical":"https:\/\/www.africa-press.net\/senegal\/politique\/can-totalenergies-maroc-2025-la-caf-et-le-comite-dorganisation-local-devoilent-les-villes-hotes-de-la-competition","og_locale":"fr_FR","og_type":"article","og_title":"CAN Totalenergies Maroc 2025: la CAF et le Comit\u00e9 D\u2019Organisation Local D\u00e9voilent les Villes H\u00f4tes de la Comp\u00e9tition","og_description":"Africa-Press &#8211; Senegal. La Confe\u0301de\u0301ration Africaine de Football (CAF), en collaboration avec la Fe\u0301de\u0301ration Royale Marocaine de Football et le Comite\u0301 d\u2019Organisation Local de la Coupe d\u2019Afrique des Nations TotalEnergies, CAF Maroc 2025, a de\u0301voile\u0301 ce lundi 27 janvier 2025, les villes qui accueilleront les rencontres de la 35e\u0300 e\u0301dition de la CAN. Six villes [&hellip;]","og_url":"https:\/\/www.africa-press.net\/senegal\/politique\/can-totalenergies-maroc-2025-la-caf-et-le-comite-dorganisation-local-devoilent-les-villes-hotes-de-la-competition","og_site_name":"Senegal","article_published_time":"2025-01-27T12:00:00+00:00","author":"cfeditorfr","twitter_card":"summary_large_image","twitter_misc":{"\u00c9crit par":"cfeditorfr","Dur\u00e9e de lecture estim\u00e9e":"1 minute"},"schema":{"@context":"https:\/\/schema.org","@graph":[{"@type":"Article","@id":"https:\/\/www.africa-press.net\/senegal\/politique\/can-totalenergies-maroc-2025-la-caf-et-le-comite-dorganisation-local-devoilent-les-villes-hotes-de-la-competition#article","isPartOf":{"@id":"https:\/\/www.africa-press.net\/senegal\/politique\/can-totalenergies-maroc-2025-la-caf-et-le-comite-dorganisation-local-devoilent-les-villes-hotes-de-la-competition"},"author":{"name":"cfeditorfr","@id":"https:\/\/www.africa-press.net\/senegal\/#\/schema\/person\/2b1cf3cd81a31e3cd26889ca66d677f1"},"headline":"CAN Totalenergies Maroc 2025: la CAF et le Comit\u00e9 D\u2019Organisation Local D\u00e9voilent les Villes H\u00f4tes de la Comp\u00e9tition","datePublished":"2025-01-27T12:00:00+00:00","mainEntityOfPage":{"@id":"https:\/\/www.africa-press.net\/senegal\/politique\/can-totalenergies-maroc-2025-la-caf-et-le-comite-dorganisation-local-devoilent-les-villes-hotes-de-la-competition"},"wordCount":255,"commentCount":0,"image":{"@id":"https:\/\/www.africa-press.net\/senegal\/politique\/can-totalenergies-maroc-2025-la-caf-et-le-comite-dorganisation-local-devoilent-les-villes-hotes-de-la-competition#primaryimage"},"thumbnailUrl":"https:\/\/static.africa-press.net\/senegal\/sites\/13\/2025\/01\/sm_1738063167.614333.jpg","keywords":["Senegal"],"articleSection":["Sports","Toutes les actualit\u00e9s"],"inLanguage":"fr-FR","potentialAction":[{"@type":"CommentAction","name":"Comment","target":["https:\/\/www.africa-press.net\/senegal\/politique\/can-totalenergies-maroc-2025-la-caf-et-le-comite-dorganisation-local-devoilent-les-villes-hotes-de-la-competition#respond"]}]},{"@type":"WebPage","@id":"https:\/\/www.africa-press.net\/senegal\/politique\/can-totalenergies-maroc-2025-la-caf-et-le-comite-dorganisation-local-devoilent-les-villes-hotes-de-la-competition","url":"https:\/\/www.africa-press.net\/senegal\/politique\/can-totalenergies-maroc-2025-la-caf-et-le-comite-dorganisation-local-devoilent-les-villes-hotes-de-la-competition","name":"CAN Totalenergies Maroc 2025: la CAF et le Comit\u00e9 D\u2019Organisation Local D\u00e9voilent les Villes H\u00f4tes de la Comp\u00e9tition - Senegal","isPartOf":{"@id":"https:\/\/www.africa-press.net\/senegal\/#website"},"primaryImageOfPage":{"@id":"https:\/\/www.africa-press.net\/senegal\/politique\/can-totalenergies-maroc-2025-la-caf-et-le-comite-dorganisation-local-devoilent-les-villes-hotes-de-la-competition#primaryimage"},"image":{"@id":"https:\/\/www.africa-press.net\/senegal\/politique\/can-totalenergies-maroc-2025-la-caf-et-le-comite-dorganisation-local-devoilent-les-villes-hotes-de-la-competition#primaryimage"},"thumbnailUrl":"https:\/\/static.africa-press.net\/senegal\/sites\/13\/2025\/01\/sm_1738063167.614333.jpg","datePublished":"2025-01-27T12:00:00+00:00","author":{"@id":"https:\/\/www.africa-press.net\/senegal\/#\/schema\/person\/2b1cf3cd81a31e3cd26889ca66d677f1"},"breadcrumb":{"@id":"https:\/\/www.africa-press.net\/senegal\/politique\/can-totalenergies-maroc-2025-la-caf-et-le-comite-dorganisation-local-devoilent-les-villes-hotes-de-la-competition#breadcrumb"},"inLanguage":"fr-FR","potentialAction":[{"@type":"ReadAction","target":["https:\/\/www.africa-press.net\/senegal\/politique\/can-totalenergies-maroc-2025-la-caf-et-le-comite-dorganisation-local-devoilent-les-villes-hotes-de-la-competition"]}]},{"@type":"ImageObject","inLanguage":"fr-FR","@id":"https:\/\/www.africa-press.net\/senegal\/politique\/can-totalenergies-maroc-2025-la-caf-et-le-comite-dorganisation-local-devoilent-les-villes-hotes-de-la-competition#primaryimage","url":"https:\/\/static.africa-press.net\/senegal\/sites\/13\/2025\/01\/sm_1738063167.614333.jpg","contentUrl":"https:\/\/static.africa-press.net\/senegal\/sites\/13\/2025\/01\/sm_1738063167.614333.jpg","width":1280,"height":720,"caption":"CAN Totalenergies Maroc 2025: la CAF et le Comit\u00e9 D\u2019Organisation Local D\u00e9voilent les Villes H\u00f4tes de la Comp\u00e9tition"},{"@type":"BreadcrumbList","@id":"https:\/\/www.africa-press.net\/senegal\/politique\/can-totalenergies-maroc-2025-la-caf-et-le-comite-dorganisation-local-devoilent-les-villes-hotes-de-la-competition#breadcrumb","itemListElement":[{"@type":"ListItem","position":1,"name":"Accueil","item":"https:\/\/www.africa-press.net\/senegal\/"},{"@type":"ListItem","position":2,"name":"CAN Totalenergies Maroc 2025: la CAF et le Comit\u00e9 D\u2019Organisation Local D\u00e9voilent les Villes H\u00f4tes de la Comp\u00e9tition"}]},{"@type":"WebSite","@id":"https:\/\/www.africa-press.net\/senegal\/#website","url":"https:\/\/www.africa-press.net\/senegal\/","name":"Africa Press | Senegal | Homepage","description":"Just another Africa News Agency Sites site","potentialAction":[{"@type":"SearchAction","target":{"@type":"EntryPoint","urlTemplate":"https:\/\/www.africa-press.net\/senegal\/?s={search_term_string}"},"query-input":{"@type":"PropertyValueSpecification","valueRequired":true,"valueName":"search_term_string"}}],"inLanguage":"fr-FR"},{"@type":"Person","@id":"https:\/\/www.africa-press.net\/senegal\/#\/schema\/person\/2b1cf3cd81a31e3cd26889ca66d677f1","name":"cfeditorfr","url":"https:\/\/www.africa-press.net\/senegal\/author\/cfeditorfr"}]}},"_links":{"self":[{"href":"https:\/\/www.africa-press.net\/senegal\/wp-json\/wp\/v2\/posts\/65061","targetHints":{"allow":["GET"]}}],"collection":[{"href":"https:\/\/www.africa-press.net\/senegal\/wp-json\/wp\/v2\/posts"}],"about":[{"href":"https:\/\/www.africa-press.net\/senegal\/wp-json\/wp\/v2\/types\/post"}],"author":[{"embeddable":true,"href":"https:\/\/www.africa-press.net\/senegal\/wp-json\/wp\/v2\/users\/82"}],"replies":[{"embeddable":true,"href":"https:\/\/www.africa-press.net\/senegal\/wp-json\/wp\/v2\/comments?post=65061"}],"version-history":[{"count":0,"href":"https:\/\/www.africa-press.net\/senegal\/wp-json\/wp\/v2\/posts\/65061\/revisions"}],"wp:featuredmedia":[{"embeddable":true,"href":"https:\/\/www.africa-press.net\/senegal\/wp-json\/wp\/v2\/media\/65060"}],"wp:attachment":[{"href":"https:\/\/www.africa-press.net\/senegal\/wp-json\/wp\/v2\/media?parent=65061"}],"wp:term":[{"taxonomy":"category","embeddable":true,"href":"https:\/\/www.africa-press.net\/senegal\/wp-json\/wp\/v2\/categories?post=65061"},{"taxonomy":"post_tag","embeddable":true,"href":"https:\/\/www.africa-press.net\/senegal\/wp-json\/wp\/v2\/tags?post=65061"}],"curies":[{"name":"wp","href":"https:\/\/api.w.org\/{rel}","templated":true}]}}