{"id":65063,"date":"2025-01-27T12:00:00","date_gmt":"2025-01-27T12:00:00","guid":{"rendered":"https:\/\/www.africa-press.net\/senegal\/politique\/le-tirage-integral-de-la-coupe-dafrique-des-nations-2025"},"modified":"2025-01-27T12:00:00","modified_gmt":"2025-01-27T12:00:00","slug":"le-tirage-integral-de-la-coupe-dafrique-des-nations-2025","status":"publish","type":"post","link":"https:\/\/www.africa-press.net\/senegal\/toutes-les-actualites\/le-tirage-integral-de-la-coupe-dafrique-des-nations-2025","title":{"rendered":"Le Tirage Int\u00e9gral de la Coupe D\u2019Afrique des Nations 2025"},"content":{"rendered":"<p><span style=\"color: #ff6600\"><strong>Africa-Press &#8211; Senegal. <\/strong><\/span>Le tirage au sort de la CAN 2025 a lieu ce lundi 27 janvier a\u0300 Rabat, ou\u0300 les 24 e\u0301quipes qualifie\u0301es, re\u0301parties en quatre chapeaux, de\u0301couvriront leur groupe. Le Maroc et l\u2019Alge\u0301rie s\u2019en sortent pluto\u0302t bien, tandis que la Co\u0302te d\u2019Ivoire a le droit a\u0300 un groupe plus releve\u0301.<\/p>\n<p>Les 24 e\u0301quipes qualifie\u0301es pour la Coupe d\u2019Afrique des nations (CAN) 2025 de\u0301couvriront leurs adversaires ce lundi 27 janvier, lors du tirage au sort organise\u0301 au The\u0301a\u0302tre national Mohammed V de Rabat.<\/p>\n<p>Cette 35e e\u0301dition, pre\u0301vue du 21 de\u0301cembre 2025 au 18 janvier 2026, se de\u0301roulera au Maroc, qui accueillera l\u2019e\u0301lite du football africain, avec l\u2019espoir de succe\u0301der a\u0300 la Co\u0302te d\u2019Ivoire, tenante du titre.<\/p>\n<p>L\u2019Alge\u0301rie, le Cameroun, l\u2019E\u0301gypte ou encore le Se\u0301ne\u0301gal seront ainsi pre\u0301sents, mais pas le Ghana, quadruple champion d\u2019Afrique, absent pour la premie\u0300re fois en 20 ans apre\u0300s son e\u0301limination au de\u0301triment de l\u2019Angola et du Soudan.<\/p>\n<p>A\u0300 l\u2019issue du tirage, les e\u0301quipes seront re\u0301parties en six groupes de quatre. Les deux premie\u0300res de chaque groupe, ainsi que les quatre meilleurs troisie\u0300mes, acce\u0301deront aux huitie\u0300mes de finale, lanc\u0327ant ainsi la phase a\u0300 e\u0301limination directe de ce rendez-vous continental majeur.<\/p>\n<p><strong>Pour plus d&rsquo;informations et d&rsquo;analyses sur la <span style=\"color: #ff6600\">Senegal<\/span>, suivez <span style=\"color: #ff6600\">Africa-Press<span style=\"color: #ff6600\"><\/span><\/strong><\/p>\n","protected":false},"excerpt":{"rendered":"<p>Africa-Press &#8211; Senegal. Le tirage au sort de la CAN 2025 a lieu ce lundi 27 janvier a\u0300 Rabat, ou\u0300 les 24 e\u0301quipes qualifie\u0301es, re\u0301parties en quatre chapeaux, de\u0301couvriront leur groupe. Le Maroc et l\u2019Alge\u0301rie s\u2019en sortent pluto\u0302t bien, tandis que la Co\u0302te d\u2019Ivoire a le droit a\u0300 un groupe plus releve\u0301. Les 24 e\u0301quipes [&hellip;]<\/p>\n","protected":false},"author":82,"featured_media":65062,"comment_status":"open","ping_status":"closed","sticky":false,"template":"","format":"standard","meta":{"footnotes":""},"categories":[22,10],"tags":[44],"class_list":["post-65063","post","type-post","status-publish","format-standard","has-post-thumbnail","hentry","category-divers","category-toutes-les-actualites","tag-senegal-2"],"yoast_head":"<!-- This site is optimized with the Yoast SEO Premium plugin v26.1 (Yoast SEO v27.0) - https:\/\/yoast.com\/product\/yoast-seo-premium-wordpress\/ -->\n<title>Le Tirage Int\u00e9gral de la Coupe D\u2019Afrique des Nations 2025 - Senegal<\/title>\n<meta name=\"robots\" content=\"index, follow, max-snippet:-1, max-image-preview:large, max-video-preview:-1\" \/>\n<link rel=\"canonical\" href=\"https:\/\/www.africa-press.net\/senegal\/politique\/le-tirage-integral-de-la-coupe-dafrique-des-nations-2025\" \/>\n<meta property=\"og:locale\" content=\"fr_FR\" \/>\n<meta property=\"og:type\" content=\"article\" \/>\n<meta property=\"og:title\" content=\"Le Tirage Int\u00e9gral de la Coupe D\u2019Afrique des Nations 2025\" \/>\n<meta property=\"og:description\" content=\"Africa-Press &#8211; Senegal. Le tirage au sort de la CAN 2025 a lieu ce lundi 27 janvier a\u0300 Rabat, ou\u0300 les 24 e\u0301quipes qualifie\u0301es, re\u0301parties en quatre chapeaux, de\u0301couvriront leur groupe. Le Maroc et l\u2019Alge\u0301rie s\u2019en sortent pluto\u0302t bien, tandis que la Co\u0302te d\u2019Ivoire a le droit a\u0300 un groupe plus releve\u0301. Les 24 e\u0301quipes [&hellip;]\" \/>\n<meta property=\"og:url\" content=\"https:\/\/www.africa-press.net\/senegal\/politique\/le-tirage-integral-de-la-coupe-dafrique-des-nations-2025\" \/>\n<meta property=\"og:site_name\" content=\"Senegal\" \/>\n<meta property=\"article:published_time\" content=\"2025-01-27T12:00:00+00:00\" \/>\n<meta name=\"author\" content=\"cfeditorfr\" \/>\n<meta name=\"twitter:card\" content=\"summary_large_image\" \/>\n<meta name=\"twitter:label1\" content=\"\u00c9crit par\" \/>\n\t<meta name=\"twitter:data1\" content=\"cfeditorfr\" \/>\n\t<meta name=\"twitter:label2\" content=\"Dur\u00e9e de lecture estim\u00e9e\" \/>\n\t<meta name=\"twitter:data2\" content=\"1 minute\" \/>\n<script type=\"application\/ld+json\" class=\"yoast-schema-graph\">{\"@context\":\"https:\/\/schema.org\",\"@graph\":[{\"@type\":\"Article\",\"@id\":\"https:\/\/www.africa-press.net\/senegal\/politique\/le-tirage-integral-de-la-coupe-dafrique-des-nations-2025#article\",\"isPartOf\":{\"@id\":\"https:\/\/www.africa-press.net\/senegal\/politique\/le-tirage-integral-de-la-coupe-dafrique-des-nations-2025\"},\"author\":{\"name\":\"cfeditorfr\",\"@id\":\"https:\/\/www.africa-press.net\/senegal\/#\/schema\/person\/2b1cf3cd81a31e3cd26889ca66d677f1\"},\"headline\":\"Le Tirage Int\u00e9gral de la Coupe D\u2019Afrique des Nations 2025\",\"datePublished\":\"2025-01-27T12:00:00+00:00\",\"mainEntityOfPage\":{\"@id\":\"https:\/\/www.africa-press.net\/senegal\/politique\/le-tirage-integral-de-la-coupe-dafrique-des-nations-2025\"},\"wordCount\":255,\"commentCount\":0,\"image\":{\"@id\":\"https:\/\/www.africa-press.net\/senegal\/politique\/le-tirage-integral-de-la-coupe-dafrique-des-nations-2025#primaryimage\"},\"thumbnailUrl\":\"https:\/\/static.africa-press.net\/senegal\/sites\/13\/2025\/01\/sm_1738063274.109412.jpg\",\"keywords\":[\"Senegal\"],\"articleSection\":[\"Divers\",\"Toutes les actualit\u00e9s\"],\"inLanguage\":\"fr-FR\",\"potentialAction\":[{\"@type\":\"CommentAction\",\"name\":\"Comment\",\"target\":[\"https:\/\/www.africa-press.net\/senegal\/politique\/le-tirage-integral-de-la-coupe-dafrique-des-nations-2025#respond\"]}]},{\"@type\":\"WebPage\",\"@id\":\"https:\/\/www.africa-press.net\/senegal\/politique\/le-tirage-integral-de-la-coupe-dafrique-des-nations-2025\",\"url\":\"https:\/\/www.africa-press.net\/senegal\/politique\/le-tirage-integral-de-la-coupe-dafrique-des-nations-2025\",\"name\":\"Le Tirage Int\u00e9gral de la Coupe D\u2019Afrique des Nations 2025 - Senegal\",\"isPartOf\":{\"@id\":\"https:\/\/www.africa-press.net\/senegal\/#website\"},\"primaryImageOfPage\":{\"@id\":\"https:\/\/www.africa-press.net\/senegal\/politique\/le-tirage-integral-de-la-coupe-dafrique-des-nations-2025#primaryimage\"},\"image\":{\"@id\":\"https:\/\/www.africa-press.net\/senegal\/politique\/le-tirage-integral-de-la-coupe-dafrique-des-nations-2025#primaryimage\"},\"thumbnailUrl\":\"https:\/\/static.africa-press.net\/senegal\/sites\/13\/2025\/01\/sm_1738063274.109412.jpg\",\"datePublished\":\"2025-01-27T12:00:00+00:00\",\"author\":{\"@id\":\"https:\/\/www.africa-press.net\/senegal\/#\/schema\/person\/2b1cf3cd81a31e3cd26889ca66d677f1\"},\"breadcrumb\":{\"@id\":\"https:\/\/www.africa-press.net\/senegal\/politique\/le-tirage-integral-de-la-coupe-dafrique-des-nations-2025#breadcrumb\"},\"inLanguage\":\"fr-FR\",\"potentialAction\":[{\"@type\":\"ReadAction\",\"target\":[\"https:\/\/www.africa-press.net\/senegal\/politique\/le-tirage-integral-de-la-coupe-dafrique-des-nations-2025\"]}]},{\"@type\":\"ImageObject\",\"inLanguage\":\"fr-FR\",\"@id\":\"https:\/\/www.africa-press.net\/senegal\/politique\/le-tirage-integral-de-la-coupe-dafrique-des-nations-2025#primaryimage\",\"url\":\"https:\/\/static.africa-press.net\/senegal\/sites\/13\/2025\/01\/sm_1738063274.109412.jpg\",\"contentUrl\":\"https:\/\/static.africa-press.net\/senegal\/sites\/13\/2025\/01\/sm_1738063274.109412.jpg\",\"width\":1280,\"height\":720,\"caption\":\"Le Tirage Int\u00e9gral de la Coupe D\u2019Afrique des Nations 2025\"},{\"@type\":\"BreadcrumbList\",\"@id\":\"https:\/\/www.africa-press.net\/senegal\/politique\/le-tirage-integral-de-la-coupe-dafrique-des-nations-2025#breadcrumb\",\"itemListElement\":[{\"@type\":\"ListItem\",\"position\":1,\"name\":\"Accueil\",\"item\":\"https:\/\/www.africa-press.net\/senegal\/\"},{\"@type\":\"ListItem\",\"position\":2,\"name\":\"Le Tirage Int\u00e9gral de la Coupe D\u2019Afrique des Nations 2025\"}]},{\"@type\":\"WebSite\",\"@id\":\"https:\/\/www.africa-press.net\/senegal\/#website\",\"url\":\"https:\/\/www.africa-press.net\/senegal\/\",\"name\":\"Africa Press | Senegal | Homepage\",\"description\":\"Just another Africa News Agency Sites site\",\"potentialAction\":[{\"@type\":\"SearchAction\",\"target\":{\"@type\":\"EntryPoint\",\"urlTemplate\":\"https:\/\/www.africa-press.net\/senegal\/?s={search_term_string}\"},\"query-input\":{\"@type\":\"PropertyValueSpecification\",\"valueRequired\":true,\"valueName\":\"search_term_string\"}}],\"inLanguage\":\"fr-FR\"},{\"@type\":\"Person\",\"@id\":\"https:\/\/www.africa-press.net\/senegal\/#\/schema\/person\/2b1cf3cd81a31e3cd26889ca66d677f1\",\"name\":\"cfeditorfr\",\"url\":\"https:\/\/www.africa-press.net\/senegal\/author\/cfeditorfr\"}]}<\/script>\n<!-- \/ Yoast SEO Premium plugin. -->","yoast_head_json":{"title":"Le Tirage Int\u00e9gral de la Coupe D\u2019Afrique des Nations 2025 - Senegal","robots":{"index":"index","follow":"follow","max-snippet":"max-snippet:-1","max-image-preview":"max-image-preview:large","max-video-preview":"max-video-preview:-1"},"canonical":"https:\/\/www.africa-press.net\/senegal\/politique\/le-tirage-integral-de-la-coupe-dafrique-des-nations-2025","og_locale":"fr_FR","og_type":"article","og_title":"Le Tirage Int\u00e9gral de la Coupe D\u2019Afrique des Nations 2025","og_description":"Africa-Press &#8211; Senegal. Le tirage au sort de la CAN 2025 a lieu ce lundi 27 janvier a\u0300 Rabat, ou\u0300 les 24 e\u0301quipes qualifie\u0301es, re\u0301parties en quatre chapeaux, de\u0301couvriront leur groupe. Le Maroc et l\u2019Alge\u0301rie s\u2019en sortent pluto\u0302t bien, tandis que la Co\u0302te d\u2019Ivoire a le droit a\u0300 un groupe plus releve\u0301. Les 24 e\u0301quipes [&hellip;]","og_url":"https:\/\/www.africa-press.net\/senegal\/politique\/le-tirage-integral-de-la-coupe-dafrique-des-nations-2025","og_site_name":"Senegal","article_published_time":"2025-01-27T12:00:00+00:00","author":"cfeditorfr","twitter_card":"summary_large_image","twitter_misc":{"\u00c9crit par":"cfeditorfr","Dur\u00e9e de lecture estim\u00e9e":"1 minute"},"schema":{"@context":"https:\/\/schema.org","@graph":[{"@type":"Article","@id":"https:\/\/www.africa-press.net\/senegal\/politique\/le-tirage-integral-de-la-coupe-dafrique-des-nations-2025#article","isPartOf":{"@id":"https:\/\/www.africa-press.net\/senegal\/politique\/le-tirage-integral-de-la-coupe-dafrique-des-nations-2025"},"author":{"name":"cfeditorfr","@id":"https:\/\/www.africa-press.net\/senegal\/#\/schema\/person\/2b1cf3cd81a31e3cd26889ca66d677f1"},"headline":"Le Tirage Int\u00e9gral de la Coupe D\u2019Afrique des Nations 2025","datePublished":"2025-01-27T12:00:00+00:00","mainEntityOfPage":{"@id":"https:\/\/www.africa-press.net\/senegal\/politique\/le-tirage-integral-de-la-coupe-dafrique-des-nations-2025"},"wordCount":255,"commentCount":0,"image":{"@id":"https:\/\/www.africa-press.net\/senegal\/politique\/le-tirage-integral-de-la-coupe-dafrique-des-nations-2025#primaryimage"},"thumbnailUrl":"https:\/\/static.africa-press.net\/senegal\/sites\/13\/2025\/01\/sm_1738063274.109412.jpg","keywords":["Senegal"],"articleSection":["Divers","Toutes les actualit\u00e9s"],"inLanguage":"fr-FR","potentialAction":[{"@type":"CommentAction","name":"Comment","target":["https:\/\/www.africa-press.net\/senegal\/politique\/le-tirage-integral-de-la-coupe-dafrique-des-nations-2025#respond"]}]},{"@type":"WebPage","@id":"https:\/\/www.africa-press.net\/senegal\/politique\/le-tirage-integral-de-la-coupe-dafrique-des-nations-2025","url":"https:\/\/www.africa-press.net\/senegal\/politique\/le-tirage-integral-de-la-coupe-dafrique-des-nations-2025","name":"Le Tirage Int\u00e9gral de la Coupe D\u2019Afrique des Nations 2025 - Senegal","isPartOf":{"@id":"https:\/\/www.africa-press.net\/senegal\/#website"},"primaryImageOfPage":{"@id":"https:\/\/www.africa-press.net\/senegal\/politique\/le-tirage-integral-de-la-coupe-dafrique-des-nations-2025#primaryimage"},"image":{"@id":"https:\/\/www.africa-press.net\/senegal\/politique\/le-tirage-integral-de-la-coupe-dafrique-des-nations-2025#primaryimage"},"thumbnailUrl":"https:\/\/static.africa-press.net\/senegal\/sites\/13\/2025\/01\/sm_1738063274.109412.jpg","datePublished":"2025-01-27T12:00:00+00:00","author":{"@id":"https:\/\/www.africa-press.net\/senegal\/#\/schema\/person\/2b1cf3cd81a31e3cd26889ca66d677f1"},"breadcrumb":{"@id":"https:\/\/www.africa-press.net\/senegal\/politique\/le-tirage-integral-de-la-coupe-dafrique-des-nations-2025#breadcrumb"},"inLanguage":"fr-FR","potentialAction":[{"@type":"ReadAction","target":["https:\/\/www.africa-press.net\/senegal\/politique\/le-tirage-integral-de-la-coupe-dafrique-des-nations-2025"]}]},{"@type":"ImageObject","inLanguage":"fr-FR","@id":"https:\/\/www.africa-press.net\/senegal\/politique\/le-tirage-integral-de-la-coupe-dafrique-des-nations-2025#primaryimage","url":"https:\/\/static.africa-press.net\/senegal\/sites\/13\/2025\/01\/sm_1738063274.109412.jpg","contentUrl":"https:\/\/static.africa-press.net\/senegal\/sites\/13\/2025\/01\/sm_1738063274.109412.jpg","width":1280,"height":720,"caption":"Le Tirage Int\u00e9gral de la Coupe D\u2019Afrique des Nations 2025"},{"@type":"BreadcrumbList","@id":"https:\/\/www.africa-press.net\/senegal\/politique\/le-tirage-integral-de-la-coupe-dafrique-des-nations-2025#breadcrumb","itemListElement":[{"@type":"ListItem","position":1,"name":"Accueil","item":"https:\/\/www.africa-press.net\/senegal\/"},{"@type":"ListItem","position":2,"name":"Le Tirage Int\u00e9gral de la Coupe D\u2019Afrique des Nations 2025"}]},{"@type":"WebSite","@id":"https:\/\/www.africa-press.net\/senegal\/#website","url":"https:\/\/www.africa-press.net\/senegal\/","name":"Africa Press | Senegal | Homepage","description":"Just another Africa News Agency Sites site","potentialAction":[{"@type":"SearchAction","target":{"@type":"EntryPoint","urlTemplate":"https:\/\/www.africa-press.net\/senegal\/?s={search_term_string}"},"query-input":{"@type":"PropertyValueSpecification","valueRequired":true,"valueName":"search_term_string"}}],"inLanguage":"fr-FR"},{"@type":"Person","@id":"https:\/\/www.africa-press.net\/senegal\/#\/schema\/person\/2b1cf3cd81a31e3cd26889ca66d677f1","name":"cfeditorfr","url":"https:\/\/www.africa-press.net\/senegal\/author\/cfeditorfr"}]}},"_links":{"self":[{"href":"https:\/\/www.africa-press.net\/senegal\/wp-json\/wp\/v2\/posts\/65063","targetHints":{"allow":["GET"]}}],"collection":[{"href":"https:\/\/www.africa-press.net\/senegal\/wp-json\/wp\/v2\/posts"}],"about":[{"href":"https:\/\/www.africa-press.net\/senegal\/wp-json\/wp\/v2\/types\/post"}],"author":[{"embeddable":true,"href":"https:\/\/www.africa-press.net\/senegal\/wp-json\/wp\/v2\/users\/82"}],"replies":[{"embeddable":true,"href":"https:\/\/www.africa-press.net\/senegal\/wp-json\/wp\/v2\/comments?post=65063"}],"version-history":[{"count":0,"href":"https:\/\/www.africa-press.net\/senegal\/wp-json\/wp\/v2\/posts\/65063\/revisions"}],"wp:featuredmedia":[{"embeddable":true,"href":"https:\/\/www.africa-press.net\/senegal\/wp-json\/wp\/v2\/media\/65062"}],"wp:attachment":[{"href":"https:\/\/www.africa-press.net\/senegal\/wp-json\/wp\/v2\/media?parent=65063"}],"wp:term":[{"taxonomy":"category","embeddable":true,"href":"https:\/\/www.africa-press.net\/senegal\/wp-json\/wp\/v2\/categories?post=65063"},{"taxonomy":"post_tag","embeddable":true,"href":"https:\/\/www.africa-press.net\/senegal\/wp-json\/wp\/v2\/tags?post=65063"}],"curies":[{"name":"wp","href":"https:\/\/api.w.org\/{rel}","templated":true}]}}