{"id":65075,"date":"2025-01-27T14:00:00","date_gmt":"2025-01-27T14:00:00","guid":{"rendered":"https:\/\/www.africa-press.net\/senegal\/politique\/convention-tripartite-adm-ams-dircod-les-collectivites-territoriales-reclament-leur-autonomie"},"modified":"2025-01-27T14:00:00","modified_gmt":"2025-01-27T14:00:00","slug":"convention-tripartite-adm-ams-dircod-les-collectivites-territoriales-reclament-leur-autonomie","status":"publish","type":"post","link":"https:\/\/www.africa-press.net\/senegal\/politique\/convention-tripartite-adm-ams-dircod-les-collectivites-territoriales-reclament-leur-autonomie","title":{"rendered":"Convention Tripartite ADM-AMS-DIRCOD : les Collectivit\u00e9s Territoriales R\u00e9clament leur Autonomie"},"content":{"rendered":"<p><span style=\"color: #ff6600\"><strong>Africa-Press &#8211; Senegal. <\/strong><\/span>L\u2019Agence de de\u0301veloppement municipal (ADM), la Direction de la coope\u0301ration de\u0301centralise\u0301e (DIRCOD) et l&rsquo;Association des maires du Se\u0301ne\u0301gal (AMS) ont signe\u0301 une convention tripartite, ce lundi 27 janvier 2025, permettant aux collectivite\u0301s territoriales d&rsquo;e\u0302tre plus autonomes.<\/p>\n<p>Le maire de Diob, par ailleurs pre\u0301sident de l\u2019AMS, Omar Ba, soutient que les collectivite\u0301s territoriales ont des besoins pre\u0301cis relatifs au renforcement des capacite\u0301s qui leur permet de concevoir et d\u2019e\u0301laborer des projets et des programmes de nature a\u0300 renforcer la mobilisation des ressources.<\/p>\n<p>\u00ab\u00a0Nous avons aussi des proble\u0300mes additionnels, car nous savons que l\u2019essentiel de nos activite\u0301s provient des appuis de l\u2019E\u0301tat a\u0300 travers des fonds de dotation et des fonds d\u2019e\u0301quipement des collectivite\u0301s territoriales. Nous voulons profiter des avantages et de l\u2019offre de la coope\u0301ration de\u0301centralise\u0301s, non seulement en termes de mobilisation de ressources, mais aussi en matie\u0300re d\u2019e\u0301changes d\u2019expe\u0301riences avec nos autres colle\u0300gues dans les autres pays. Nous, nous sommes ouverts a\u0300 l\u2019ADM pour participer au renforcement de capacite\u0301s des maires pour nous permettre, de manie\u0300re ge\u0301ne\u0301rale, de pouvoir e\u0302tre en mesure de concevoir et d\u2019e\u0301laborer des projets de de\u0301veloppement dans la production de ressources\u00a0\u00bb, explique M. Ba. Il souligne que l&rsquo;ADM va les accompagner dans la mobilisation de ressources innovantes et plus particulie\u0300rement des ressources du Fonds du climat et d&rsquo;autres guichets de financement verts qui existent.<\/p>\n<p>Le Dr Mahmout Diop, DG de l\u2019ADM, constate que le financement des municipalite\u0301s \u00ab\u00a0n\u2019est pas vraiment au maximum pour la mobilisation des ressources\u00a0\u00bb. Ainsi, l&rsquo;ADM, dans ses missions d\u2019accompagnement et d\u2019encadrement aux municipalite\u0301s, a signe\u0301 cette convention avec l&rsquo;AMS. \u00ab\u00a0Les besoins des municipalite\u0301s sont e\u0301normes alors que les disponibilite\u0301s financie\u0300res sont tre\u0300s faibles par rapport au financement du fonds d\u2019investissement. C\u2018est pourquoi nous avons estime\u0301 que le recours a\u0300 la coope\u0301ration de\u0301centralise\u0301e peut e\u0302tre une opportunite\u0301 de financement des municipalite\u0301s et des villes. Nous pensons que le ministe\u0300re des Collectivite\u0301s locales a une direction en charge de cette coope\u0301ration de\u0301centralise\u0301e et nous pensons que cette alliance tripartite AMS, ADM et DIRCOD va faire un grand bond pour la mobilisation des ressources et le de\u0301veloppement des capacite\u0301s et des compe\u0301tences en matie\u0300re de ressources de la coope\u0301ration de\u0301centralise\u0301e\u00a0\u00bb.<\/p>\n<p>La DIRCOD, qui a pour mission d\u2019appuyer, de conseiller et d\u2019encadrer les collectivite\u0301s territoriales en matie\u0300re de promotion de la coope\u0301ration de\u0301centralise\u0301e, viendra en appui. \u00ab\u00a0Nous allons ensemble identifier les opportunite\u0301s de coope\u0301ration et pourquoi pas de\u0301velopper des projets de coope\u0301ration de\u0301centralise\u0301e\u00a0\u00bb, souligne Pape Ngor Thiaw directeur de la DIRCOD.<\/p>\n<p><strong>Pour plus d&rsquo;informations et d&rsquo;analyses sur la <span style=\"color: #ff6600\">Senegal<\/span>, suivez <span style=\"color: #ff6600\">Africa-Press<span style=\"color: #ff6600\"><\/span><\/strong><\/p>\n","protected":false},"excerpt":{"rendered":"<p>Africa-Press &#8211; Senegal. L\u2019Agence de de\u0301veloppement municipal (ADM), la Direction de la coope\u0301ration de\u0301centralise\u0301e (DIRCOD) et l&rsquo;Association des maires du Se\u0301ne\u0301gal (AMS) ont signe\u0301 une convention tripartite, ce lundi 27 janvier 2025, permettant aux collectivite\u0301s territoriales d&rsquo;e\u0302tre plus autonomes. Le maire de Diob, par ailleurs pre\u0301sident de l\u2019AMS, Omar Ba, soutient que les collectivite\u0301s territoriales [&hellip;]<\/p>\n","protected":false},"author":82,"featured_media":65074,"comment_status":"open","ping_status":"closed","sticky":false,"template":"","format":"standard","meta":{"footnotes":""},"categories":[2,20,10],"tags":[5211,5212,44],"class_list":["post-65075","post","type-post","status-publish","format-standard","has-post-thumbnail","hentry","category-politique","category-top-nouvelles","category-toutes-les-actualites","tag-adm-ams-dircod","tag-convention-tripartite","tag-senegal-2"],"yoast_head":"<!-- This site is optimized with the Yoast SEO Premium plugin v26.1 (Yoast SEO v27.0) - https:\/\/yoast.com\/product\/yoast-seo-premium-wordpress\/ -->\n<title>Convention Tripartite ADM-AMS-DIRCOD : les Collectivit\u00e9s Territoriales R\u00e9clament leur Autonomie - Senegal<\/title>\n<meta name=\"robots\" content=\"index, follow, max-snippet:-1, max-image-preview:large, max-video-preview:-1\" \/>\n<link rel=\"canonical\" href=\"https:\/\/www.africa-press.net\/senegal\/politique\/convention-tripartite-adm-ams-dircod-les-collectivites-territoriales-reclament-leur-autonomie\" \/>\n<meta property=\"og:locale\" content=\"fr_FR\" \/>\n<meta property=\"og:type\" content=\"article\" \/>\n<meta property=\"og:title\" content=\"Convention Tripartite ADM-AMS-DIRCOD : les Collectivit\u00e9s Territoriales R\u00e9clament leur Autonomie\" \/>\n<meta property=\"og:description\" content=\"Africa-Press &#8211; Senegal. L\u2019Agence de de\u0301veloppement municipal (ADM), la Direction de la coope\u0301ration de\u0301centralise\u0301e (DIRCOD) et l&rsquo;Association des maires du Se\u0301ne\u0301gal (AMS) ont signe\u0301 une convention tripartite, ce lundi 27 janvier 2025, permettant aux collectivite\u0301s territoriales d&rsquo;e\u0302tre plus autonomes. Le maire de Diob, par ailleurs pre\u0301sident de l\u2019AMS, Omar Ba, soutient que les collectivite\u0301s territoriales [&hellip;]\" \/>\n<meta property=\"og:url\" content=\"https:\/\/www.africa-press.net\/senegal\/politique\/convention-tripartite-adm-ams-dircod-les-collectivites-territoriales-reclament-leur-autonomie\" \/>\n<meta property=\"og:site_name\" content=\"Senegal\" \/>\n<meta property=\"article:published_time\" content=\"2025-01-27T14:00:00+00:00\" \/>\n<meta name=\"author\" content=\"cfeditorfr\" \/>\n<meta name=\"twitter:card\" content=\"summary_large_image\" \/>\n<meta name=\"twitter:label1\" content=\"\u00c9crit par\" \/>\n\t<meta name=\"twitter:data1\" content=\"cfeditorfr\" \/>\n\t<meta name=\"twitter:label2\" content=\"Dur\u00e9e de lecture estim\u00e9e\" \/>\n\t<meta name=\"twitter:data2\" content=\"3 minutes\" \/>\n<script type=\"application\/ld+json\" class=\"yoast-schema-graph\">{\"@context\":\"https:\/\/schema.org\",\"@graph\":[{\"@type\":\"Article\",\"@id\":\"https:\/\/www.africa-press.net\/senegal\/politique\/convention-tripartite-adm-ams-dircod-les-collectivites-territoriales-reclament-leur-autonomie#article\",\"isPartOf\":{\"@id\":\"https:\/\/www.africa-press.net\/senegal\/politique\/convention-tripartite-adm-ams-dircod-les-collectivites-territoriales-reclament-leur-autonomie\"},\"author\":{\"name\":\"cfeditorfr\",\"@id\":\"https:\/\/www.africa-press.net\/senegal\/#\/schema\/person\/2b1cf3cd81a31e3cd26889ca66d677f1\"},\"headline\":\"Convention Tripartite ADM-AMS-DIRCOD : les Collectivit\u00e9s Territoriales R\u00e9clament leur Autonomie\",\"datePublished\":\"2025-01-27T14:00:00+00:00\",\"mainEntityOfPage\":{\"@id\":\"https:\/\/www.africa-press.net\/senegal\/politique\/convention-tripartite-adm-ams-dircod-les-collectivites-territoriales-reclament-leur-autonomie\"},\"wordCount\":522,\"commentCount\":0,\"image\":{\"@id\":\"https:\/\/www.africa-press.net\/senegal\/politique\/convention-tripartite-adm-ams-dircod-les-collectivites-territoriales-reclament-leur-autonomie#primaryimage\"},\"thumbnailUrl\":\"https:\/\/static.africa-press.net\/senegal\/sites\/13\/2025\/01\/sm_1738063439.413909.jpg\",\"keywords\":[\"ADM AMS DIRCOD\",\"Convention tripartite\",\"Senegal\"],\"articleSection\":[\"Politique\",\"Top Nouvelles\",\"Toutes les actualit\u00e9s\"],\"inLanguage\":\"fr-FR\",\"potentialAction\":[{\"@type\":\"CommentAction\",\"name\":\"Comment\",\"target\":[\"https:\/\/www.africa-press.net\/senegal\/politique\/convention-tripartite-adm-ams-dircod-les-collectivites-territoriales-reclament-leur-autonomie#respond\"]}]},{\"@type\":\"WebPage\",\"@id\":\"https:\/\/www.africa-press.net\/senegal\/politique\/convention-tripartite-adm-ams-dircod-les-collectivites-territoriales-reclament-leur-autonomie\",\"url\":\"https:\/\/www.africa-press.net\/senegal\/politique\/convention-tripartite-adm-ams-dircod-les-collectivites-territoriales-reclament-leur-autonomie\",\"name\":\"Convention Tripartite ADM-AMS-DIRCOD : les Collectivit\u00e9s Territoriales R\u00e9clament leur Autonomie - Senegal\",\"isPartOf\":{\"@id\":\"https:\/\/www.africa-press.net\/senegal\/#website\"},\"primaryImageOfPage\":{\"@id\":\"https:\/\/www.africa-press.net\/senegal\/politique\/convention-tripartite-adm-ams-dircod-les-collectivites-territoriales-reclament-leur-autonomie#primaryimage\"},\"image\":{\"@id\":\"https:\/\/www.africa-press.net\/senegal\/politique\/convention-tripartite-adm-ams-dircod-les-collectivites-territoriales-reclament-leur-autonomie#primaryimage\"},\"thumbnailUrl\":\"https:\/\/static.africa-press.net\/senegal\/sites\/13\/2025\/01\/sm_1738063439.413909.jpg\",\"datePublished\":\"2025-01-27T14:00:00+00:00\",\"author\":{\"@id\":\"https:\/\/www.africa-press.net\/senegal\/#\/schema\/person\/2b1cf3cd81a31e3cd26889ca66d677f1\"},\"breadcrumb\":{\"@id\":\"https:\/\/www.africa-press.net\/senegal\/politique\/convention-tripartite-adm-ams-dircod-les-collectivites-territoriales-reclament-leur-autonomie#breadcrumb\"},\"inLanguage\":\"fr-FR\",\"potentialAction\":[{\"@type\":\"ReadAction\",\"target\":[\"https:\/\/www.africa-press.net\/senegal\/politique\/convention-tripartite-adm-ams-dircod-les-collectivites-territoriales-reclament-leur-autonomie\"]}]},{\"@type\":\"ImageObject\",\"inLanguage\":\"fr-FR\",\"@id\":\"https:\/\/www.africa-press.net\/senegal\/politique\/convention-tripartite-adm-ams-dircod-les-collectivites-territoriales-reclament-leur-autonomie#primaryimage\",\"url\":\"https:\/\/static.africa-press.net\/senegal\/sites\/13\/2025\/01\/sm_1738063439.413909.jpg\",\"contentUrl\":\"https:\/\/static.africa-press.net\/senegal\/sites\/13\/2025\/01\/sm_1738063439.413909.jpg\",\"width\":1151,\"height\":555,\"caption\":\"Convention Tripartite ADM-AMS-DIRCOD : les Collectivit\u00e9s Territoriales R\u00e9clament leur Autonomie\"},{\"@type\":\"BreadcrumbList\",\"@id\":\"https:\/\/www.africa-press.net\/senegal\/politique\/convention-tripartite-adm-ams-dircod-les-collectivites-territoriales-reclament-leur-autonomie#breadcrumb\",\"itemListElement\":[{\"@type\":\"ListItem\",\"position\":1,\"name\":\"Accueil\",\"item\":\"https:\/\/www.africa-press.net\/senegal\/\"},{\"@type\":\"ListItem\",\"position\":2,\"name\":\"Convention Tripartite ADM-AMS-DIRCOD : les Collectivit\u00e9s Territoriales R\u00e9clament leur Autonomie\"}]},{\"@type\":\"WebSite\",\"@id\":\"https:\/\/www.africa-press.net\/senegal\/#website\",\"url\":\"https:\/\/www.africa-press.net\/senegal\/\",\"name\":\"Africa Press | Senegal | Homepage\",\"description\":\"Just another Africa News Agency Sites site\",\"potentialAction\":[{\"@type\":\"SearchAction\",\"target\":{\"@type\":\"EntryPoint\",\"urlTemplate\":\"https:\/\/www.africa-press.net\/senegal\/?s={search_term_string}\"},\"query-input\":{\"@type\":\"PropertyValueSpecification\",\"valueRequired\":true,\"valueName\":\"search_term_string\"}}],\"inLanguage\":\"fr-FR\"},{\"@type\":\"Person\",\"@id\":\"https:\/\/www.africa-press.net\/senegal\/#\/schema\/person\/2b1cf3cd81a31e3cd26889ca66d677f1\",\"name\":\"cfeditorfr\",\"url\":\"https:\/\/www.africa-press.net\/senegal\/author\/cfeditorfr\"}]}<\/script>\n<!-- \/ Yoast SEO Premium plugin. -->","yoast_head_json":{"title":"Convention Tripartite ADM-AMS-DIRCOD : les Collectivit\u00e9s Territoriales R\u00e9clament leur Autonomie - Senegal","robots":{"index":"index","follow":"follow","max-snippet":"max-snippet:-1","max-image-preview":"max-image-preview:large","max-video-preview":"max-video-preview:-1"},"canonical":"https:\/\/www.africa-press.net\/senegal\/politique\/convention-tripartite-adm-ams-dircod-les-collectivites-territoriales-reclament-leur-autonomie","og_locale":"fr_FR","og_type":"article","og_title":"Convention Tripartite ADM-AMS-DIRCOD : les Collectivit\u00e9s Territoriales R\u00e9clament leur Autonomie","og_description":"Africa-Press &#8211; Senegal. L\u2019Agence de de\u0301veloppement municipal (ADM), la Direction de la coope\u0301ration de\u0301centralise\u0301e (DIRCOD) et l&rsquo;Association des maires du Se\u0301ne\u0301gal (AMS) ont signe\u0301 une convention tripartite, ce lundi 27 janvier 2025, permettant aux collectivite\u0301s territoriales d&rsquo;e\u0302tre plus autonomes. Le maire de Diob, par ailleurs pre\u0301sident de l\u2019AMS, Omar Ba, soutient que les collectivite\u0301s territoriales [&hellip;]","og_url":"https:\/\/www.africa-press.net\/senegal\/politique\/convention-tripartite-adm-ams-dircod-les-collectivites-territoriales-reclament-leur-autonomie","og_site_name":"Senegal","article_published_time":"2025-01-27T14:00:00+00:00","author":"cfeditorfr","twitter_card":"summary_large_image","twitter_misc":{"\u00c9crit par":"cfeditorfr","Dur\u00e9e de lecture estim\u00e9e":"3 minutes"},"schema":{"@context":"https:\/\/schema.org","@graph":[{"@type":"Article","@id":"https:\/\/www.africa-press.net\/senegal\/politique\/convention-tripartite-adm-ams-dircod-les-collectivites-territoriales-reclament-leur-autonomie#article","isPartOf":{"@id":"https:\/\/www.africa-press.net\/senegal\/politique\/convention-tripartite-adm-ams-dircod-les-collectivites-territoriales-reclament-leur-autonomie"},"author":{"name":"cfeditorfr","@id":"https:\/\/www.africa-press.net\/senegal\/#\/schema\/person\/2b1cf3cd81a31e3cd26889ca66d677f1"},"headline":"Convention Tripartite ADM-AMS-DIRCOD : les Collectivit\u00e9s Territoriales R\u00e9clament leur Autonomie","datePublished":"2025-01-27T14:00:00+00:00","mainEntityOfPage":{"@id":"https:\/\/www.africa-press.net\/senegal\/politique\/convention-tripartite-adm-ams-dircod-les-collectivites-territoriales-reclament-leur-autonomie"},"wordCount":522,"commentCount":0,"image":{"@id":"https:\/\/www.africa-press.net\/senegal\/politique\/convention-tripartite-adm-ams-dircod-les-collectivites-territoriales-reclament-leur-autonomie#primaryimage"},"thumbnailUrl":"https:\/\/static.africa-press.net\/senegal\/sites\/13\/2025\/01\/sm_1738063439.413909.jpg","keywords":["ADM AMS DIRCOD","Convention tripartite","Senegal"],"articleSection":["Politique","Top Nouvelles","Toutes les actualit\u00e9s"],"inLanguage":"fr-FR","potentialAction":[{"@type":"CommentAction","name":"Comment","target":["https:\/\/www.africa-press.net\/senegal\/politique\/convention-tripartite-adm-ams-dircod-les-collectivites-territoriales-reclament-leur-autonomie#respond"]}]},{"@type":"WebPage","@id":"https:\/\/www.africa-press.net\/senegal\/politique\/convention-tripartite-adm-ams-dircod-les-collectivites-territoriales-reclament-leur-autonomie","url":"https:\/\/www.africa-press.net\/senegal\/politique\/convention-tripartite-adm-ams-dircod-les-collectivites-territoriales-reclament-leur-autonomie","name":"Convention Tripartite ADM-AMS-DIRCOD : les Collectivit\u00e9s Territoriales R\u00e9clament leur Autonomie - Senegal","isPartOf":{"@id":"https:\/\/www.africa-press.net\/senegal\/#website"},"primaryImageOfPage":{"@id":"https:\/\/www.africa-press.net\/senegal\/politique\/convention-tripartite-adm-ams-dircod-les-collectivites-territoriales-reclament-leur-autonomie#primaryimage"},"image":{"@id":"https:\/\/www.africa-press.net\/senegal\/politique\/convention-tripartite-adm-ams-dircod-les-collectivites-territoriales-reclament-leur-autonomie#primaryimage"},"thumbnailUrl":"https:\/\/static.africa-press.net\/senegal\/sites\/13\/2025\/01\/sm_1738063439.413909.jpg","datePublished":"2025-01-27T14:00:00+00:00","author":{"@id":"https:\/\/www.africa-press.net\/senegal\/#\/schema\/person\/2b1cf3cd81a31e3cd26889ca66d677f1"},"breadcrumb":{"@id":"https:\/\/www.africa-press.net\/senegal\/politique\/convention-tripartite-adm-ams-dircod-les-collectivites-territoriales-reclament-leur-autonomie#breadcrumb"},"inLanguage":"fr-FR","potentialAction":[{"@type":"ReadAction","target":["https:\/\/www.africa-press.net\/senegal\/politique\/convention-tripartite-adm-ams-dircod-les-collectivites-territoriales-reclament-leur-autonomie"]}]},{"@type":"ImageObject","inLanguage":"fr-FR","@id":"https:\/\/www.africa-press.net\/senegal\/politique\/convention-tripartite-adm-ams-dircod-les-collectivites-territoriales-reclament-leur-autonomie#primaryimage","url":"https:\/\/static.africa-press.net\/senegal\/sites\/13\/2025\/01\/sm_1738063439.413909.jpg","contentUrl":"https:\/\/static.africa-press.net\/senegal\/sites\/13\/2025\/01\/sm_1738063439.413909.jpg","width":1151,"height":555,"caption":"Convention Tripartite ADM-AMS-DIRCOD : les Collectivit\u00e9s Territoriales R\u00e9clament leur Autonomie"},{"@type":"BreadcrumbList","@id":"https:\/\/www.africa-press.net\/senegal\/politique\/convention-tripartite-adm-ams-dircod-les-collectivites-territoriales-reclament-leur-autonomie#breadcrumb","itemListElement":[{"@type":"ListItem","position":1,"name":"Accueil","item":"https:\/\/www.africa-press.net\/senegal\/"},{"@type":"ListItem","position":2,"name":"Convention Tripartite ADM-AMS-DIRCOD : les Collectivit\u00e9s Territoriales R\u00e9clament leur Autonomie"}]},{"@type":"WebSite","@id":"https:\/\/www.africa-press.net\/senegal\/#website","url":"https:\/\/www.africa-press.net\/senegal\/","name":"Africa Press | Senegal | Homepage","description":"Just another Africa News Agency Sites site","potentialAction":[{"@type":"SearchAction","target":{"@type":"EntryPoint","urlTemplate":"https:\/\/www.africa-press.net\/senegal\/?s={search_term_string}"},"query-input":{"@type":"PropertyValueSpecification","valueRequired":true,"valueName":"search_term_string"}}],"inLanguage":"fr-FR"},{"@type":"Person","@id":"https:\/\/www.africa-press.net\/senegal\/#\/schema\/person\/2b1cf3cd81a31e3cd26889ca66d677f1","name":"cfeditorfr","url":"https:\/\/www.africa-press.net\/senegal\/author\/cfeditorfr"}]}},"_links":{"self":[{"href":"https:\/\/www.africa-press.net\/senegal\/wp-json\/wp\/v2\/posts\/65075","targetHints":{"allow":["GET"]}}],"collection":[{"href":"https:\/\/www.africa-press.net\/senegal\/wp-json\/wp\/v2\/posts"}],"about":[{"href":"https:\/\/www.africa-press.net\/senegal\/wp-json\/wp\/v2\/types\/post"}],"author":[{"embeddable":true,"href":"https:\/\/www.africa-press.net\/senegal\/wp-json\/wp\/v2\/users\/82"}],"replies":[{"embeddable":true,"href":"https:\/\/www.africa-press.net\/senegal\/wp-json\/wp\/v2\/comments?post=65075"}],"version-history":[{"count":0,"href":"https:\/\/www.africa-press.net\/senegal\/wp-json\/wp\/v2\/posts\/65075\/revisions"}],"wp:featuredmedia":[{"embeddable":true,"href":"https:\/\/www.africa-press.net\/senegal\/wp-json\/wp\/v2\/media\/65074"}],"wp:attachment":[{"href":"https:\/\/www.africa-press.net\/senegal\/wp-json\/wp\/v2\/media?parent=65075"}],"wp:term":[{"taxonomy":"category","embeddable":true,"href":"https:\/\/www.africa-press.net\/senegal\/wp-json\/wp\/v2\/categories?post=65075"},{"taxonomy":"post_tag","embeddable":true,"href":"https:\/\/www.africa-press.net\/senegal\/wp-json\/wp\/v2\/tags?post=65075"}],"curies":[{"name":"wp","href":"https:\/\/api.w.org\/{rel}","templated":true}]}}