{"id":65079,"date":"2025-01-28T14:00:00","date_gmt":"2025-01-28T14:00:00","guid":{"rendered":"https:\/\/www.africa-press.net\/senegal\/politique\/celebration-de-la-sortie-de-laes-de-la-cedeao-les-manifestants-reclament-lelevation-du-capitaine-ibrahim-traore-au-grade-de-general"},"modified":"2025-01-28T14:00:00","modified_gmt":"2025-01-28T14:00:00","slug":"celebration-de-la-sortie-de-laes-de-la-cedeao-les-manifestants-reclament-lelevation-du-capitaine-ibrahim-traore-au-grade-de-general","status":"publish","type":"post","link":"https:\/\/www.africa-press.net\/senegal\/politique\/celebration-de-la-sortie-de-laes-de-la-cedeao-les-manifestants-reclament-lelevation-du-capitaine-ibrahim-traore-au-grade-de-general","title":{"rendered":"C\u00e9l\u00e9bration de la Sortie de L\u2019Aes de la CEDEAO : les Manifestants R\u00e9clament L\u2019\u00e9l\u00e9vation du Capitaine Ibrahim Traor\u00e9 au Grade de G\u00e9n\u00e9ral"},"content":{"rendered":"<p><span style=\"color: #ff6600\"><strong>Africa-Press &#8211; Senegal. <\/strong><\/span>Ce 28 janvier 2025 marque l\u2019An 1 du retrait des pays de la Confe\u0301de\u0301ration des Etats du Sahel de la CEDEAO. L\u2019e\u0301ve\u0300nement est ce\u0301le\u0301bre\u0301 simultane\u0301ment dans les 3 pays l\u2019espace que sont le Burkina, le Mali et le Niger. A Ouagadougou, dans la capitale burkinabe\u0300, une monte\u0301e des couleurs des trois pays et celle de la confe\u0301de\u0301ration au ministe\u0300re des Affaires e\u0301trange\u0300res a constitue\u0301e la premie\u0300re activite\u0301 de la ce\u0301le\u0301bration to\u0302t ce matin du 28 janvier.<\/p>\n<p>De nombreux manifestants se sont par la suite mobilise\u0301s a\u0300 la Place de la Nation pour exprimer leur joie quant a\u0300 la de\u0301sunion de l\u2019AES d\u2019avec la CEDAEO. Sur des pancartes ve\u0301hiculant des messages de soutien aux Chefs d&rsquo;Etat de l&rsquo;AES et hostiles a\u0300 la CEDEAO, on pouvait lire, entre autre: \u00ab\u00a0La mort de la CEDEAO\u00a0\u00bb, \u00ab\u00a0vive l&rsquo;AES\u00a0\u00bb peut-on lire sur ces pancartes. Certains ont me\u0302me transporte\u0301 sur les lieux \u00ab le cercueil \u00bb, de la CEDEAO pour acter l\u2019enterrement de\u0301finitif de cette institution qui e\u0301tait depuis \u00ab moribonde \u00bb. Les jeunes de l\u2019AES ont aussi re\u0301clame\u0301 la nomination du capitaine Ibrahim Traore\u0301 au grade de ge\u0301ne\u0301ral. \u00abEn ce jour historique ou\u0300 nous ce\u0301le\u0301brons la sortie officielle du Burkina Faso, du Mali et du Niger de la CEDEAO, nous, jeunes de l\u2019AES, re\u0301clamons la nomination du pre\u0301sident du Faso, le capitaine Ibrahim Traore\u0301, au grade de ge\u0301ne\u0301ral. Il le me\u0301rite. Ses actions sur le terrain sont louables et sa de\u0301termination est sans faille\u00bb, a de\u0301clare\u0301 Ismae\u0308l Sawadogo, pre\u0301sident du Conseil national des jeunes de l\u2019AES.<\/p>\n<p>Le Premier Ministre, Rimtalba Jean Emmanuel Oue\u0301draogo dont la pre\u0301sence a\u0300 la manifestation a e\u0301te\u0301 vivement salue\u0301e, a appele\u0301 a\u0300 la mobilisation et a\u0300 l\u2019engagement total a\u0300 poursuivre le combat contre l\u2019impe\u0301rialisme.<\/p>\n<p><strong>Pour plus d&rsquo;informations et d&rsquo;analyses sur la <span style=\"color: #ff6600\">Senegal<\/span>, suivez <span style=\"color: #ff6600\">Africa-Press<span style=\"color: #ff6600\"><\/span><\/strong><\/p>\n","protected":false},"excerpt":{"rendered":"<p>Africa-Press &#8211; Senegal. Ce 28 janvier 2025 marque l\u2019An 1 du retrait des pays de la Confe\u0301de\u0301ration des Etats du Sahel de la CEDEAO. L\u2019e\u0301ve\u0300nement est ce\u0301le\u0301bre\u0301 simultane\u0301ment dans les 3 pays l\u2019espace que sont le Burkina, le Mali et le Niger. A Ouagadougou, dans la capitale burkinabe\u0300, une monte\u0301e des couleurs des trois pays [&hellip;]<\/p>\n","protected":false},"author":82,"featured_media":65078,"comment_status":"open","ping_status":"closed","sticky":false,"template":"","format":"standard","meta":{"footnotes":""},"categories":[2,10],"tags":[44],"class_list":["post-65079","post","type-post","status-publish","format-standard","has-post-thumbnail","hentry","category-politique","category-toutes-les-actualites","tag-senegal-2"],"yoast_head":"<!-- This site is optimized with the Yoast SEO Premium plugin v26.1 (Yoast SEO v27.0) - https:\/\/yoast.com\/product\/yoast-seo-premium-wordpress\/ -->\n<title>C\u00e9l\u00e9bration de la Sortie de L\u2019Aes de la CEDEAO : les Manifestants R\u00e9clament L\u2019\u00e9l\u00e9vation du Capitaine Ibrahim Traor\u00e9 au Grade de G\u00e9n\u00e9ral - Senegal<\/title>\n<meta name=\"robots\" content=\"index, follow, max-snippet:-1, max-image-preview:large, max-video-preview:-1\" \/>\n<link rel=\"canonical\" href=\"https:\/\/www.africa-press.net\/senegal\/politique\/celebration-de-la-sortie-de-laes-de-la-cedeao-les-manifestants-reclament-lelevation-du-capitaine-ibrahim-traore-au-grade-de-general\" \/>\n<meta property=\"og:locale\" content=\"fr_FR\" \/>\n<meta property=\"og:type\" content=\"article\" \/>\n<meta property=\"og:title\" content=\"C\u00e9l\u00e9bration de la Sortie de L\u2019Aes de la CEDEAO : les Manifestants R\u00e9clament L\u2019\u00e9l\u00e9vation du Capitaine Ibrahim Traor\u00e9 au Grade de G\u00e9n\u00e9ral\" \/>\n<meta property=\"og:description\" content=\"Africa-Press &#8211; Senegal. Ce 28 janvier 2025 marque l\u2019An 1 du retrait des pays de la Confe\u0301de\u0301ration des Etats du Sahel de la CEDEAO. L\u2019e\u0301ve\u0300nement est ce\u0301le\u0301bre\u0301 simultane\u0301ment dans les 3 pays l\u2019espace que sont le Burkina, le Mali et le Niger. A Ouagadougou, dans la capitale burkinabe\u0300, une monte\u0301e des couleurs des trois pays [&hellip;]\" \/>\n<meta property=\"og:url\" content=\"https:\/\/www.africa-press.net\/senegal\/politique\/celebration-de-la-sortie-de-laes-de-la-cedeao-les-manifestants-reclament-lelevation-du-capitaine-ibrahim-traore-au-grade-de-general\" \/>\n<meta property=\"og:site_name\" content=\"Senegal\" \/>\n<meta property=\"article:published_time\" content=\"2025-01-28T14:00:00+00:00\" \/>\n<meta name=\"author\" content=\"cfeditorfr\" \/>\n<meta name=\"twitter:card\" content=\"summary_large_image\" \/>\n<meta name=\"twitter:label1\" content=\"\u00c9crit par\" \/>\n\t<meta name=\"twitter:data1\" content=\"cfeditorfr\" \/>\n\t<meta name=\"twitter:label2\" content=\"Dur\u00e9e de lecture estim\u00e9e\" \/>\n\t<meta name=\"twitter:data2\" content=\"2 minutes\" \/>\n<script type=\"application\/ld+json\" class=\"yoast-schema-graph\">{\"@context\":\"https:\/\/schema.org\",\"@graph\":[{\"@type\":\"Article\",\"@id\":\"https:\/\/www.africa-press.net\/senegal\/politique\/celebration-de-la-sortie-de-laes-de-la-cedeao-les-manifestants-reclament-lelevation-du-capitaine-ibrahim-traore-au-grade-de-general#article\",\"isPartOf\":{\"@id\":\"https:\/\/www.africa-press.net\/senegal\/politique\/celebration-de-la-sortie-de-laes-de-la-cedeao-les-manifestants-reclament-lelevation-du-capitaine-ibrahim-traore-au-grade-de-general\"},\"author\":{\"name\":\"cfeditorfr\",\"@id\":\"https:\/\/www.africa-press.net\/senegal\/#\/schema\/person\/2b1cf3cd81a31e3cd26889ca66d677f1\"},\"headline\":\"C\u00e9l\u00e9bration de la Sortie de L\u2019Aes de la CEDEAO : les Manifestants R\u00e9clament L\u2019\u00e9l\u00e9vation du Capitaine Ibrahim Traor\u00e9 au Grade de G\u00e9n\u00e9ral\",\"datePublished\":\"2025-01-28T14:00:00+00:00\",\"mainEntityOfPage\":{\"@id\":\"https:\/\/www.africa-press.net\/senegal\/politique\/celebration-de-la-sortie-de-laes-de-la-cedeao-les-manifestants-reclament-lelevation-du-capitaine-ibrahim-traore-au-grade-de-general\"},\"wordCount\":375,\"commentCount\":0,\"image\":{\"@id\":\"https:\/\/www.africa-press.net\/senegal\/politique\/celebration-de-la-sortie-de-laes-de-la-cedeao-les-manifestants-reclament-lelevation-du-capitaine-ibrahim-traore-au-grade-de-general#primaryimage\"},\"thumbnailUrl\":\"https:\/\/static.africa-press.net\/senegal\/sites\/13\/2025\/01\/sm_1738133082.924005.jpg\",\"keywords\":[\"Senegal\"],\"articleSection\":[\"Politique\",\"Toutes les actualit\u00e9s\"],\"inLanguage\":\"fr-FR\",\"potentialAction\":[{\"@type\":\"CommentAction\",\"name\":\"Comment\",\"target\":[\"https:\/\/www.africa-press.net\/senegal\/politique\/celebration-de-la-sortie-de-laes-de-la-cedeao-les-manifestants-reclament-lelevation-du-capitaine-ibrahim-traore-au-grade-de-general#respond\"]}]},{\"@type\":\"WebPage\",\"@id\":\"https:\/\/www.africa-press.net\/senegal\/politique\/celebration-de-la-sortie-de-laes-de-la-cedeao-les-manifestants-reclament-lelevation-du-capitaine-ibrahim-traore-au-grade-de-general\",\"url\":\"https:\/\/www.africa-press.net\/senegal\/politique\/celebration-de-la-sortie-de-laes-de-la-cedeao-les-manifestants-reclament-lelevation-du-capitaine-ibrahim-traore-au-grade-de-general\",\"name\":\"C\u00e9l\u00e9bration de la Sortie de L\u2019Aes de la CEDEAO : les Manifestants R\u00e9clament L\u2019\u00e9l\u00e9vation du Capitaine Ibrahim Traor\u00e9 au Grade de G\u00e9n\u00e9ral - Senegal\",\"isPartOf\":{\"@id\":\"https:\/\/www.africa-press.net\/senegal\/#website\"},\"primaryImageOfPage\":{\"@id\":\"https:\/\/www.africa-press.net\/senegal\/politique\/celebration-de-la-sortie-de-laes-de-la-cedeao-les-manifestants-reclament-lelevation-du-capitaine-ibrahim-traore-au-grade-de-general#primaryimage\"},\"image\":{\"@id\":\"https:\/\/www.africa-press.net\/senegal\/politique\/celebration-de-la-sortie-de-laes-de-la-cedeao-les-manifestants-reclament-lelevation-du-capitaine-ibrahim-traore-au-grade-de-general#primaryimage\"},\"thumbnailUrl\":\"https:\/\/static.africa-press.net\/senegal\/sites\/13\/2025\/01\/sm_1738133082.924005.jpg\",\"datePublished\":\"2025-01-28T14:00:00+00:00\",\"author\":{\"@id\":\"https:\/\/www.africa-press.net\/senegal\/#\/schema\/person\/2b1cf3cd81a31e3cd26889ca66d677f1\"},\"breadcrumb\":{\"@id\":\"https:\/\/www.africa-press.net\/senegal\/politique\/celebration-de-la-sortie-de-laes-de-la-cedeao-les-manifestants-reclament-lelevation-du-capitaine-ibrahim-traore-au-grade-de-general#breadcrumb\"},\"inLanguage\":\"fr-FR\",\"potentialAction\":[{\"@type\":\"ReadAction\",\"target\":[\"https:\/\/www.africa-press.net\/senegal\/politique\/celebration-de-la-sortie-de-laes-de-la-cedeao-les-manifestants-reclament-lelevation-du-capitaine-ibrahim-traore-au-grade-de-general\"]}]},{\"@type\":\"ImageObject\",\"inLanguage\":\"fr-FR\",\"@id\":\"https:\/\/www.africa-press.net\/senegal\/politique\/celebration-de-la-sortie-de-laes-de-la-cedeao-les-manifestants-reclament-lelevation-du-capitaine-ibrahim-traore-au-grade-de-general#primaryimage\",\"url\":\"https:\/\/static.africa-press.net\/senegal\/sites\/13\/2025\/01\/sm_1738133082.924005.jpg\",\"contentUrl\":\"https:\/\/static.africa-press.net\/senegal\/sites\/13\/2025\/01\/sm_1738133082.924005.jpg\",\"width\":1280,\"height\":720,\"caption\":\"C\u00e9l\u00e9bration de la Sortie de L\u2019Aes de la CEDEAO : les Manifestants R\u00e9clament L\u2019\u00e9l\u00e9vation du Capitaine Ibrahim Traor\u00e9 au Grade de G\u00e9n\u00e9ral\"},{\"@type\":\"BreadcrumbList\",\"@id\":\"https:\/\/www.africa-press.net\/senegal\/politique\/celebration-de-la-sortie-de-laes-de-la-cedeao-les-manifestants-reclament-lelevation-du-capitaine-ibrahim-traore-au-grade-de-general#breadcrumb\",\"itemListElement\":[{\"@type\":\"ListItem\",\"position\":1,\"name\":\"Accueil\",\"item\":\"https:\/\/www.africa-press.net\/senegal\/\"},{\"@type\":\"ListItem\",\"position\":2,\"name\":\"C\u00e9l\u00e9bration de la Sortie de L\u2019Aes de la CEDEAO : les Manifestants R\u00e9clament L\u2019\u00e9l\u00e9vation du Capitaine Ibrahim Traor\u00e9 au Grade de G\u00e9n\u00e9ral\"}]},{\"@type\":\"WebSite\",\"@id\":\"https:\/\/www.africa-press.net\/senegal\/#website\",\"url\":\"https:\/\/www.africa-press.net\/senegal\/\",\"name\":\"Africa Press | Senegal | Homepage\",\"description\":\"Just another Africa News Agency Sites site\",\"potentialAction\":[{\"@type\":\"SearchAction\",\"target\":{\"@type\":\"EntryPoint\",\"urlTemplate\":\"https:\/\/www.africa-press.net\/senegal\/?s={search_term_string}\"},\"query-input\":{\"@type\":\"PropertyValueSpecification\",\"valueRequired\":true,\"valueName\":\"search_term_string\"}}],\"inLanguage\":\"fr-FR\"},{\"@type\":\"Person\",\"@id\":\"https:\/\/www.africa-press.net\/senegal\/#\/schema\/person\/2b1cf3cd81a31e3cd26889ca66d677f1\",\"name\":\"cfeditorfr\",\"url\":\"https:\/\/www.africa-press.net\/senegal\/author\/cfeditorfr\"}]}<\/script>\n<!-- \/ Yoast SEO Premium plugin. -->","yoast_head_json":{"title":"C\u00e9l\u00e9bration de la Sortie de L\u2019Aes de la CEDEAO : les Manifestants R\u00e9clament L\u2019\u00e9l\u00e9vation du Capitaine Ibrahim Traor\u00e9 au Grade de G\u00e9n\u00e9ral - Senegal","robots":{"index":"index","follow":"follow","max-snippet":"max-snippet:-1","max-image-preview":"max-image-preview:large","max-video-preview":"max-video-preview:-1"},"canonical":"https:\/\/www.africa-press.net\/senegal\/politique\/celebration-de-la-sortie-de-laes-de-la-cedeao-les-manifestants-reclament-lelevation-du-capitaine-ibrahim-traore-au-grade-de-general","og_locale":"fr_FR","og_type":"article","og_title":"C\u00e9l\u00e9bration de la Sortie de L\u2019Aes de la CEDEAO : les Manifestants R\u00e9clament L\u2019\u00e9l\u00e9vation du Capitaine Ibrahim Traor\u00e9 au Grade de G\u00e9n\u00e9ral","og_description":"Africa-Press &#8211; Senegal. Ce 28 janvier 2025 marque l\u2019An 1 du retrait des pays de la Confe\u0301de\u0301ration des Etats du Sahel de la CEDEAO. L\u2019e\u0301ve\u0300nement est ce\u0301le\u0301bre\u0301 simultane\u0301ment dans les 3 pays l\u2019espace que sont le Burkina, le Mali et le Niger. A Ouagadougou, dans la capitale burkinabe\u0300, une monte\u0301e des couleurs des trois pays [&hellip;]","og_url":"https:\/\/www.africa-press.net\/senegal\/politique\/celebration-de-la-sortie-de-laes-de-la-cedeao-les-manifestants-reclament-lelevation-du-capitaine-ibrahim-traore-au-grade-de-general","og_site_name":"Senegal","article_published_time":"2025-01-28T14:00:00+00:00","author":"cfeditorfr","twitter_card":"summary_large_image","twitter_misc":{"\u00c9crit par":"cfeditorfr","Dur\u00e9e de lecture estim\u00e9e":"2 minutes"},"schema":{"@context":"https:\/\/schema.org","@graph":[{"@type":"Article","@id":"https:\/\/www.africa-press.net\/senegal\/politique\/celebration-de-la-sortie-de-laes-de-la-cedeao-les-manifestants-reclament-lelevation-du-capitaine-ibrahim-traore-au-grade-de-general#article","isPartOf":{"@id":"https:\/\/www.africa-press.net\/senegal\/politique\/celebration-de-la-sortie-de-laes-de-la-cedeao-les-manifestants-reclament-lelevation-du-capitaine-ibrahim-traore-au-grade-de-general"},"author":{"name":"cfeditorfr","@id":"https:\/\/www.africa-press.net\/senegal\/#\/schema\/person\/2b1cf3cd81a31e3cd26889ca66d677f1"},"headline":"C\u00e9l\u00e9bration de la Sortie de L\u2019Aes de la CEDEAO : les Manifestants R\u00e9clament L\u2019\u00e9l\u00e9vation du Capitaine Ibrahim Traor\u00e9 au Grade de G\u00e9n\u00e9ral","datePublished":"2025-01-28T14:00:00+00:00","mainEntityOfPage":{"@id":"https:\/\/www.africa-press.net\/senegal\/politique\/celebration-de-la-sortie-de-laes-de-la-cedeao-les-manifestants-reclament-lelevation-du-capitaine-ibrahim-traore-au-grade-de-general"},"wordCount":375,"commentCount":0,"image":{"@id":"https:\/\/www.africa-press.net\/senegal\/politique\/celebration-de-la-sortie-de-laes-de-la-cedeao-les-manifestants-reclament-lelevation-du-capitaine-ibrahim-traore-au-grade-de-general#primaryimage"},"thumbnailUrl":"https:\/\/static.africa-press.net\/senegal\/sites\/13\/2025\/01\/sm_1738133082.924005.jpg","keywords":["Senegal"],"articleSection":["Politique","Toutes les actualit\u00e9s"],"inLanguage":"fr-FR","potentialAction":[{"@type":"CommentAction","name":"Comment","target":["https:\/\/www.africa-press.net\/senegal\/politique\/celebration-de-la-sortie-de-laes-de-la-cedeao-les-manifestants-reclament-lelevation-du-capitaine-ibrahim-traore-au-grade-de-general#respond"]}]},{"@type":"WebPage","@id":"https:\/\/www.africa-press.net\/senegal\/politique\/celebration-de-la-sortie-de-laes-de-la-cedeao-les-manifestants-reclament-lelevation-du-capitaine-ibrahim-traore-au-grade-de-general","url":"https:\/\/www.africa-press.net\/senegal\/politique\/celebration-de-la-sortie-de-laes-de-la-cedeao-les-manifestants-reclament-lelevation-du-capitaine-ibrahim-traore-au-grade-de-general","name":"C\u00e9l\u00e9bration de la Sortie de L\u2019Aes de la CEDEAO : les Manifestants R\u00e9clament L\u2019\u00e9l\u00e9vation du Capitaine Ibrahim Traor\u00e9 au Grade de G\u00e9n\u00e9ral - Senegal","isPartOf":{"@id":"https:\/\/www.africa-press.net\/senegal\/#website"},"primaryImageOfPage":{"@id":"https:\/\/www.africa-press.net\/senegal\/politique\/celebration-de-la-sortie-de-laes-de-la-cedeao-les-manifestants-reclament-lelevation-du-capitaine-ibrahim-traore-au-grade-de-general#primaryimage"},"image":{"@id":"https:\/\/www.africa-press.net\/senegal\/politique\/celebration-de-la-sortie-de-laes-de-la-cedeao-les-manifestants-reclament-lelevation-du-capitaine-ibrahim-traore-au-grade-de-general#primaryimage"},"thumbnailUrl":"https:\/\/static.africa-press.net\/senegal\/sites\/13\/2025\/01\/sm_1738133082.924005.jpg","datePublished":"2025-01-28T14:00:00+00:00","author":{"@id":"https:\/\/www.africa-press.net\/senegal\/#\/schema\/person\/2b1cf3cd81a31e3cd26889ca66d677f1"},"breadcrumb":{"@id":"https:\/\/www.africa-press.net\/senegal\/politique\/celebration-de-la-sortie-de-laes-de-la-cedeao-les-manifestants-reclament-lelevation-du-capitaine-ibrahim-traore-au-grade-de-general#breadcrumb"},"inLanguage":"fr-FR","potentialAction":[{"@type":"ReadAction","target":["https:\/\/www.africa-press.net\/senegal\/politique\/celebration-de-la-sortie-de-laes-de-la-cedeao-les-manifestants-reclament-lelevation-du-capitaine-ibrahim-traore-au-grade-de-general"]}]},{"@type":"ImageObject","inLanguage":"fr-FR","@id":"https:\/\/www.africa-press.net\/senegal\/politique\/celebration-de-la-sortie-de-laes-de-la-cedeao-les-manifestants-reclament-lelevation-du-capitaine-ibrahim-traore-au-grade-de-general#primaryimage","url":"https:\/\/static.africa-press.net\/senegal\/sites\/13\/2025\/01\/sm_1738133082.924005.jpg","contentUrl":"https:\/\/static.africa-press.net\/senegal\/sites\/13\/2025\/01\/sm_1738133082.924005.jpg","width":1280,"height":720,"caption":"C\u00e9l\u00e9bration de la Sortie de L\u2019Aes de la CEDEAO : les Manifestants R\u00e9clament L\u2019\u00e9l\u00e9vation du Capitaine Ibrahim Traor\u00e9 au Grade de G\u00e9n\u00e9ral"},{"@type":"BreadcrumbList","@id":"https:\/\/www.africa-press.net\/senegal\/politique\/celebration-de-la-sortie-de-laes-de-la-cedeao-les-manifestants-reclament-lelevation-du-capitaine-ibrahim-traore-au-grade-de-general#breadcrumb","itemListElement":[{"@type":"ListItem","position":1,"name":"Accueil","item":"https:\/\/www.africa-press.net\/senegal\/"},{"@type":"ListItem","position":2,"name":"C\u00e9l\u00e9bration de la Sortie de L\u2019Aes de la CEDEAO : les Manifestants R\u00e9clament L\u2019\u00e9l\u00e9vation du Capitaine Ibrahim Traor\u00e9 au Grade de G\u00e9n\u00e9ral"}]},{"@type":"WebSite","@id":"https:\/\/www.africa-press.net\/senegal\/#website","url":"https:\/\/www.africa-press.net\/senegal\/","name":"Africa Press | Senegal | Homepage","description":"Just another Africa News Agency Sites site","potentialAction":[{"@type":"SearchAction","target":{"@type":"EntryPoint","urlTemplate":"https:\/\/www.africa-press.net\/senegal\/?s={search_term_string}"},"query-input":{"@type":"PropertyValueSpecification","valueRequired":true,"valueName":"search_term_string"}}],"inLanguage":"fr-FR"},{"@type":"Person","@id":"https:\/\/www.africa-press.net\/senegal\/#\/schema\/person\/2b1cf3cd81a31e3cd26889ca66d677f1","name":"cfeditorfr","url":"https:\/\/www.africa-press.net\/senegal\/author\/cfeditorfr"}]}},"_links":{"self":[{"href":"https:\/\/www.africa-press.net\/senegal\/wp-json\/wp\/v2\/posts\/65079","targetHints":{"allow":["GET"]}}],"collection":[{"href":"https:\/\/www.africa-press.net\/senegal\/wp-json\/wp\/v2\/posts"}],"about":[{"href":"https:\/\/www.africa-press.net\/senegal\/wp-json\/wp\/v2\/types\/post"}],"author":[{"embeddable":true,"href":"https:\/\/www.africa-press.net\/senegal\/wp-json\/wp\/v2\/users\/82"}],"replies":[{"embeddable":true,"href":"https:\/\/www.africa-press.net\/senegal\/wp-json\/wp\/v2\/comments?post=65079"}],"version-history":[{"count":0,"href":"https:\/\/www.africa-press.net\/senegal\/wp-json\/wp\/v2\/posts\/65079\/revisions"}],"wp:featuredmedia":[{"embeddable":true,"href":"https:\/\/www.africa-press.net\/senegal\/wp-json\/wp\/v2\/media\/65078"}],"wp:attachment":[{"href":"https:\/\/www.africa-press.net\/senegal\/wp-json\/wp\/v2\/media?parent=65079"}],"wp:term":[{"taxonomy":"category","embeddable":true,"href":"https:\/\/www.africa-press.net\/senegal\/wp-json\/wp\/v2\/categories?post=65079"},{"taxonomy":"post_tag","embeddable":true,"href":"https:\/\/www.africa-press.net\/senegal\/wp-json\/wp\/v2\/tags?post=65079"}],"curies":[{"name":"wp","href":"https:\/\/api.w.org\/{rel}","templated":true}]}}