{"id":65081,"date":"2025-01-28T13:00:00","date_gmt":"2025-01-28T13:00:00","guid":{"rendered":"https:\/\/www.africa-press.net\/senegal\/politique\/beac-bceao-les-gouverneurs-yvon-sana-bangui-et-jean-claude-kassi-brou-reaffirment-leur-ambition-de-redynamiser-les-relations-de-cooperation-entre-les-deux-institutions"},"modified":"2025-01-28T13:00:00","modified_gmt":"2025-01-28T13:00:00","slug":"beac-bceao-les-gouverneurs-yvon-sana-bangui-et-jean-claude-kassi-brou-reaffirment-leur-ambition-de-redynamiser-les-relations-de-cooperation-entre-les-deux-institutions","status":"publish","type":"post","link":"https:\/\/www.africa-press.net\/senegal\/politique\/beac-bceao-les-gouverneurs-yvon-sana-bangui-et-jean-claude-kassi-brou-reaffirment-leur-ambition-de-redynamiser-les-relations-de-cooperation-entre-les-deux-institutions","title":{"rendered":"BEAC-BCEAO: les Gouverneurs Yvon Sana Bangui et Jean-Claude Kassi Brou R\u00e9affirment leur Ambition de Redynamiser les Relations de Coop\u00e9ration entre les Deux Institutions"},"content":{"rendered":"<p><span style=\"color: #ff6600\"><strong>Africa-Press &#8211; Senegal. <\/strong><\/span>La rencontre bilate\u0301rale entre les gouverneurs de la BEAC et de la BCEAO s&rsquo;est tenue au sie\u0300ge de la Banque des E\u0301tats de l&rsquo;Afrique centrale (BEAC) a\u0300 Yaounde\u0301, la capitale du Cameroun, le lundi 26 janvier 2025. La visite de travail du gouverneur de la Banque centrale des E\u0301tats de l&rsquo;Afrique de l&rsquo;Ouest (BCEAO) \u00ab\u00a0s&rsquo;inscrit dans le cadre de la mise en \u0153uvre de l&rsquo;Accord de coope\u0301ration entre la BCEAO et la BEAC signe\u0301 en novembre 2008 a\u0300 Dakar, et qui vise a\u0300 renforcer la synergie d&rsquo;actions, au regard des de\u0301fis communs.\u00a0\u00bb<\/p>\n<p>\u00ab\u00a0Notre rencontre de ce jour vient donner corps a\u0300 une ambition commune de redynamisation des relations de coope\u0301ration entre la BCEAO et la BEAC, en vue de les renforcer. Cette vision a e\u0301te\u0301 re\u0301affirme\u0301e en avril 2024 lors de notre rencontre en marge des re\u0301unions de printemps des Institutions de Bretton Woods, au cours de laquelle nous avons e\u0301change\u0301 sur les enjeux et de\u0301fis communs pour nos deux institutions et sur l\u2019importance d\u2019une meilleure coordination de nos actions pour soutenir le de\u0301veloppement des e\u0301conomies de nos deux zones. Spontane\u0301ment le Gouverneur Sana Bangui s\u2019est propose\u0301 d\u2019accueillir la premie\u0300re rencontre, qui marquerait le point de de\u0301part du renouveau de cette coope\u0301ration\u00a0\u00bb, a de\u0301clare\u0301 le Gouverneur de la BCEAO, Jean-Claude Kassi Brou dans son allocution.<\/p>\n<p>Les gouverneurs Yvon Sana Bangui et Jean-Claude Kassi Brou ont adopte\u0301, a\u0300 l&rsquo;issue de leur rencontre bilate\u0301rale, \u00ab\u00a0un plan d&rsquo;action conjoint ciblant des domaines d&rsquo;inte\u0301re\u0302t communs et des axes prioritaires de coope\u0301ration entre les deux banques centrales pour les anne\u0301es 2025 et 2026.\u00a0\u00bb<\/p>\n<p>Le plan d&rsquo;action adopte\u0301 concerne notamment les domaines de la transformation digitale et l&rsquo;inclusion financie\u0300re, de l&rsquo;innovation, la cyberse\u0301curite\u0301 et les syste\u0300mes d&rsquo;information, la surveillance, la modernisation et l&rsquo; interconnexion des syste\u0300mes et moyens de paiement, et les relations financie\u0300res exte\u0301rieures.<\/p>\n<p>Ainsi, les gouverneurs Yvon Sana Bangui et Jean-Claude Kassi Brou re\u0301affirment leur volonte\u0301 commune d&rsquo;impulser une nouvelle dynamique a\u0300 la coope\u0301ration entre les deux banques centrales pour promouvoir la stabilite\u0301 mone\u0301taire et financie\u0300re dans la Communaute\u0301 Economique et Mone\u0301taire de l&rsquo;Afrique Centrale (CEMAC) et l&rsquo;Union Economique et Mone\u0301taire Ouest-Africaine (UEMOA).<\/p>\n<p>La coope\u0301ration entre la BCEAO et la BEAC va permettre \u00ab\u00a0de contribuer a\u0300 une plus grande inte\u0301gration mone\u0301taire et financie\u0300re dans le cadre de l&rsquo;Association des Banques Centrales Africaines (ABCA).\u00a0\u00bb \u00ab\u00a0(&#8230;.) En notre qualite\u0301 de banques centrales d\u2019unions mone\u0301taires, regroupant des pays en de\u0301veloppement, nous devons constamment \u0153uvrer a\u0300 une bonne coordination entre la politique mone\u0301taire et les politiques budge\u0301taires conduites par nos Etats membres. Nous devons agir pour mettre en \u0153uvre des politiques mone\u0301taires approprie\u0301es qui pre\u0301servent nos e\u0301quilibres interne et externe, au regard de nos re\u0301gimes de change qui, faut-il le rappeler, ont des similarite\u0301s\u00a0\u00bb, a souligne\u0301 le gouverneur Jean-Claude Kassi Brou.<\/p>\n<p>C&rsquo;est en novembre 2008 a\u0300 Dakar que l\u2019accord de coope\u0301ration entre les deux banques centrales a e\u0301te\u0301 scelle\u0301. Il s&rsquo;agissait de ba\u0302tir \u00ab\u00a0une relation solide, fonde\u0301e sur le partage d\u2019expe\u0301riences, l\u2019assistance re\u0301ciproque et l&rsquo;harmonisation de nos positions sur des enjeux internationaux\u00a0\u00bb.<\/p>\n<p><strong>Pour plus d&rsquo;informations et d&rsquo;analyses sur la <span style=\"color: #ff6600\">Senegal<\/span>, suivez <span style=\"color: #ff6600\">Africa-Press<span style=\"color: #ff6600\"><\/span><\/strong><\/p>\n","protected":false},"excerpt":{"rendered":"<p>Africa-Press &#8211; Senegal. La rencontre bilate\u0301rale entre les gouverneurs de la BEAC et de la BCEAO s&rsquo;est tenue au sie\u0300ge de la Banque des E\u0301tats de l&rsquo;Afrique centrale (BEAC) a\u0300 Yaounde\u0301, la capitale du Cameroun, le lundi 26 janvier 2025. La visite de travail du gouverneur de la Banque centrale des E\u0301tats de l&rsquo;Afrique de [&hellip;]<\/p>\n","protected":false},"author":82,"featured_media":65080,"comment_status":"open","ping_status":"closed","sticky":false,"template":"","format":"standard","meta":{"footnotes":""},"categories":[3,2,10],"tags":[44],"class_list":["post-65081","post","type-post","status-publish","format-standard","has-post-thumbnail","hentry","category-economie","category-politique","category-toutes-les-actualites","tag-senegal-2"],"yoast_head":"<!-- This site is optimized with the Yoast SEO Premium plugin v26.1 (Yoast SEO v27.0) - https:\/\/yoast.com\/product\/yoast-seo-premium-wordpress\/ -->\n<title>BEAC-BCEAO: les Gouverneurs Yvon Sana Bangui et Jean-Claude Kassi Brou R\u00e9affirment leur Ambition de Redynamiser les Relations de Coop\u00e9ration entre les Deux Institutions - Senegal<\/title>\n<meta name=\"robots\" content=\"index, follow, max-snippet:-1, max-image-preview:large, max-video-preview:-1\" \/>\n<link rel=\"canonical\" href=\"https:\/\/www.africa-press.net\/senegal\/politique\/beac-bceao-les-gouverneurs-yvon-sana-bangui-et-jean-claude-kassi-brou-reaffirment-leur-ambition-de-redynamiser-les-relations-de-cooperation-entre-les-deux-institutions\" \/>\n<meta property=\"og:locale\" content=\"fr_FR\" \/>\n<meta property=\"og:type\" content=\"article\" \/>\n<meta property=\"og:title\" content=\"BEAC-BCEAO: les Gouverneurs Yvon Sana Bangui et Jean-Claude Kassi Brou R\u00e9affirment leur Ambition de Redynamiser les Relations de Coop\u00e9ration entre les Deux Institutions\" \/>\n<meta property=\"og:description\" content=\"Africa-Press &#8211; Senegal. La rencontre bilate\u0301rale entre les gouverneurs de la BEAC et de la BCEAO s&rsquo;est tenue au sie\u0300ge de la Banque des E\u0301tats de l&rsquo;Afrique centrale (BEAC) a\u0300 Yaounde\u0301, la capitale du Cameroun, le lundi 26 janvier 2025. La visite de travail du gouverneur de la Banque centrale des E\u0301tats de l&rsquo;Afrique de [&hellip;]\" \/>\n<meta property=\"og:url\" content=\"https:\/\/www.africa-press.net\/senegal\/politique\/beac-bceao-les-gouverneurs-yvon-sana-bangui-et-jean-claude-kassi-brou-reaffirment-leur-ambition-de-redynamiser-les-relations-de-cooperation-entre-les-deux-institutions\" \/>\n<meta property=\"og:site_name\" content=\"Senegal\" \/>\n<meta property=\"article:published_time\" content=\"2025-01-28T13:00:00+00:00\" \/>\n<meta name=\"author\" content=\"cfeditorfr\" \/>\n<meta name=\"twitter:card\" content=\"summary_large_image\" \/>\n<meta name=\"twitter:label1\" content=\"\u00c9crit par\" \/>\n\t<meta name=\"twitter:data1\" content=\"cfeditorfr\" \/>\n\t<meta name=\"twitter:label2\" content=\"Dur\u00e9e de lecture estim\u00e9e\" \/>\n\t<meta name=\"twitter:data2\" content=\"3 minutes\" \/>\n<script type=\"application\/ld+json\" class=\"yoast-schema-graph\">{\"@context\":\"https:\/\/schema.org\",\"@graph\":[{\"@type\":\"Article\",\"@id\":\"https:\/\/www.africa-press.net\/senegal\/politique\/beac-bceao-les-gouverneurs-yvon-sana-bangui-et-jean-claude-kassi-brou-reaffirment-leur-ambition-de-redynamiser-les-relations-de-cooperation-entre-les-deux-institutions#article\",\"isPartOf\":{\"@id\":\"https:\/\/www.africa-press.net\/senegal\/politique\/beac-bceao-les-gouverneurs-yvon-sana-bangui-et-jean-claude-kassi-brou-reaffirment-leur-ambition-de-redynamiser-les-relations-de-cooperation-entre-les-deux-institutions\"},\"author\":{\"name\":\"cfeditorfr\",\"@id\":\"https:\/\/www.africa-press.net\/senegal\/#\/schema\/person\/2b1cf3cd81a31e3cd26889ca66d677f1\"},\"headline\":\"BEAC-BCEAO: les Gouverneurs Yvon Sana Bangui et Jean-Claude Kassi Brou R\u00e9affirment leur Ambition de Redynamiser les Relations de Coop\u00e9ration entre les Deux Institutions\",\"datePublished\":\"2025-01-28T13:00:00+00:00\",\"mainEntityOfPage\":{\"@id\":\"https:\/\/www.africa-press.net\/senegal\/politique\/beac-bceao-les-gouverneurs-yvon-sana-bangui-et-jean-claude-kassi-brou-reaffirment-leur-ambition-de-redynamiser-les-relations-de-cooperation-entre-les-deux-institutions\"},\"wordCount\":612,\"commentCount\":0,\"image\":{\"@id\":\"https:\/\/www.africa-press.net\/senegal\/politique\/beac-bceao-les-gouverneurs-yvon-sana-bangui-et-jean-claude-kassi-brou-reaffirment-leur-ambition-de-redynamiser-les-relations-de-cooperation-entre-les-deux-institutions#primaryimage\"},\"thumbnailUrl\":\"https:\/\/static.africa-press.net\/senegal\/sites\/13\/2025\/01\/sm_1738133185.844207.jpg\",\"keywords\":[\"Senegal\"],\"articleSection\":[\"\u00c9conomie\",\"Politique\",\"Toutes les actualit\u00e9s\"],\"inLanguage\":\"fr-FR\",\"potentialAction\":[{\"@type\":\"CommentAction\",\"name\":\"Comment\",\"target\":[\"https:\/\/www.africa-press.net\/senegal\/politique\/beac-bceao-les-gouverneurs-yvon-sana-bangui-et-jean-claude-kassi-brou-reaffirment-leur-ambition-de-redynamiser-les-relations-de-cooperation-entre-les-deux-institutions#respond\"]}]},{\"@type\":\"WebPage\",\"@id\":\"https:\/\/www.africa-press.net\/senegal\/politique\/beac-bceao-les-gouverneurs-yvon-sana-bangui-et-jean-claude-kassi-brou-reaffirment-leur-ambition-de-redynamiser-les-relations-de-cooperation-entre-les-deux-institutions\",\"url\":\"https:\/\/www.africa-press.net\/senegal\/politique\/beac-bceao-les-gouverneurs-yvon-sana-bangui-et-jean-claude-kassi-brou-reaffirment-leur-ambition-de-redynamiser-les-relations-de-cooperation-entre-les-deux-institutions\",\"name\":\"BEAC-BCEAO: les Gouverneurs Yvon Sana Bangui et Jean-Claude Kassi Brou R\u00e9affirment leur Ambition de Redynamiser les Relations de Coop\u00e9ration entre les Deux Institutions - Senegal\",\"isPartOf\":{\"@id\":\"https:\/\/www.africa-press.net\/senegal\/#website\"},\"primaryImageOfPage\":{\"@id\":\"https:\/\/www.africa-press.net\/senegal\/politique\/beac-bceao-les-gouverneurs-yvon-sana-bangui-et-jean-claude-kassi-brou-reaffirment-leur-ambition-de-redynamiser-les-relations-de-cooperation-entre-les-deux-institutions#primaryimage\"},\"image\":{\"@id\":\"https:\/\/www.africa-press.net\/senegal\/politique\/beac-bceao-les-gouverneurs-yvon-sana-bangui-et-jean-claude-kassi-brou-reaffirment-leur-ambition-de-redynamiser-les-relations-de-cooperation-entre-les-deux-institutions#primaryimage\"},\"thumbnailUrl\":\"https:\/\/static.africa-press.net\/senegal\/sites\/13\/2025\/01\/sm_1738133185.844207.jpg\",\"datePublished\":\"2025-01-28T13:00:00+00:00\",\"author\":{\"@id\":\"https:\/\/www.africa-press.net\/senegal\/#\/schema\/person\/2b1cf3cd81a31e3cd26889ca66d677f1\"},\"breadcrumb\":{\"@id\":\"https:\/\/www.africa-press.net\/senegal\/politique\/beac-bceao-les-gouverneurs-yvon-sana-bangui-et-jean-claude-kassi-brou-reaffirment-leur-ambition-de-redynamiser-les-relations-de-cooperation-entre-les-deux-institutions#breadcrumb\"},\"inLanguage\":\"fr-FR\",\"potentialAction\":[{\"@type\":\"ReadAction\",\"target\":[\"https:\/\/www.africa-press.net\/senegal\/politique\/beac-bceao-les-gouverneurs-yvon-sana-bangui-et-jean-claude-kassi-brou-reaffirment-leur-ambition-de-redynamiser-les-relations-de-cooperation-entre-les-deux-institutions\"]}]},{\"@type\":\"ImageObject\",\"inLanguage\":\"fr-FR\",\"@id\":\"https:\/\/www.africa-press.net\/senegal\/politique\/beac-bceao-les-gouverneurs-yvon-sana-bangui-et-jean-claude-kassi-brou-reaffirment-leur-ambition-de-redynamiser-les-relations-de-cooperation-entre-les-deux-institutions#primaryimage\",\"url\":\"https:\/\/static.africa-press.net\/senegal\/sites\/13\/2025\/01\/sm_1738133185.844207.jpg\",\"contentUrl\":\"https:\/\/static.africa-press.net\/senegal\/sites\/13\/2025\/01\/sm_1738133185.844207.jpg\",\"width\":1280,\"height\":720,\"caption\":\"BEAC-BCEAO: les Gouverneurs Yvon Sana Bangui et Jean-Claude Kassi Brou R\u00e9affirment leur Ambition de Redynamiser les Relations de Coop\u00e9ration entre les Deux Institutions\"},{\"@type\":\"BreadcrumbList\",\"@id\":\"https:\/\/www.africa-press.net\/senegal\/politique\/beac-bceao-les-gouverneurs-yvon-sana-bangui-et-jean-claude-kassi-brou-reaffirment-leur-ambition-de-redynamiser-les-relations-de-cooperation-entre-les-deux-institutions#breadcrumb\",\"itemListElement\":[{\"@type\":\"ListItem\",\"position\":1,\"name\":\"Accueil\",\"item\":\"https:\/\/www.africa-press.net\/senegal\/\"},{\"@type\":\"ListItem\",\"position\":2,\"name\":\"BEAC-BCEAO: les Gouverneurs Yvon Sana Bangui et Jean-Claude Kassi Brou R\u00e9affirment leur Ambition de Redynamiser les Relations de Coop\u00e9ration entre les Deux Institutions\"}]},{\"@type\":\"WebSite\",\"@id\":\"https:\/\/www.africa-press.net\/senegal\/#website\",\"url\":\"https:\/\/www.africa-press.net\/senegal\/\",\"name\":\"Africa Press | Senegal | Homepage\",\"description\":\"Just another Africa News Agency Sites site\",\"potentialAction\":[{\"@type\":\"SearchAction\",\"target\":{\"@type\":\"EntryPoint\",\"urlTemplate\":\"https:\/\/www.africa-press.net\/senegal\/?s={search_term_string}\"},\"query-input\":{\"@type\":\"PropertyValueSpecification\",\"valueRequired\":true,\"valueName\":\"search_term_string\"}}],\"inLanguage\":\"fr-FR\"},{\"@type\":\"Person\",\"@id\":\"https:\/\/www.africa-press.net\/senegal\/#\/schema\/person\/2b1cf3cd81a31e3cd26889ca66d677f1\",\"name\":\"cfeditorfr\",\"url\":\"https:\/\/www.africa-press.net\/senegal\/author\/cfeditorfr\"}]}<\/script>\n<!-- \/ Yoast SEO Premium plugin. -->","yoast_head_json":{"title":"BEAC-BCEAO: les Gouverneurs Yvon Sana Bangui et Jean-Claude Kassi Brou R\u00e9affirment leur Ambition de Redynamiser les Relations de Coop\u00e9ration entre les Deux Institutions - Senegal","robots":{"index":"index","follow":"follow","max-snippet":"max-snippet:-1","max-image-preview":"max-image-preview:large","max-video-preview":"max-video-preview:-1"},"canonical":"https:\/\/www.africa-press.net\/senegal\/politique\/beac-bceao-les-gouverneurs-yvon-sana-bangui-et-jean-claude-kassi-brou-reaffirment-leur-ambition-de-redynamiser-les-relations-de-cooperation-entre-les-deux-institutions","og_locale":"fr_FR","og_type":"article","og_title":"BEAC-BCEAO: les Gouverneurs Yvon Sana Bangui et Jean-Claude Kassi Brou R\u00e9affirment leur Ambition de Redynamiser les Relations de Coop\u00e9ration entre les Deux Institutions","og_description":"Africa-Press &#8211; Senegal. La rencontre bilate\u0301rale entre les gouverneurs de la BEAC et de la BCEAO s&rsquo;est tenue au sie\u0300ge de la Banque des E\u0301tats de l&rsquo;Afrique centrale (BEAC) a\u0300 Yaounde\u0301, la capitale du Cameroun, le lundi 26 janvier 2025. La visite de travail du gouverneur de la Banque centrale des E\u0301tats de l&rsquo;Afrique de [&hellip;]","og_url":"https:\/\/www.africa-press.net\/senegal\/politique\/beac-bceao-les-gouverneurs-yvon-sana-bangui-et-jean-claude-kassi-brou-reaffirment-leur-ambition-de-redynamiser-les-relations-de-cooperation-entre-les-deux-institutions","og_site_name":"Senegal","article_published_time":"2025-01-28T13:00:00+00:00","author":"cfeditorfr","twitter_card":"summary_large_image","twitter_misc":{"\u00c9crit par":"cfeditorfr","Dur\u00e9e de lecture estim\u00e9e":"3 minutes"},"schema":{"@context":"https:\/\/schema.org","@graph":[{"@type":"Article","@id":"https:\/\/www.africa-press.net\/senegal\/politique\/beac-bceao-les-gouverneurs-yvon-sana-bangui-et-jean-claude-kassi-brou-reaffirment-leur-ambition-de-redynamiser-les-relations-de-cooperation-entre-les-deux-institutions#article","isPartOf":{"@id":"https:\/\/www.africa-press.net\/senegal\/politique\/beac-bceao-les-gouverneurs-yvon-sana-bangui-et-jean-claude-kassi-brou-reaffirment-leur-ambition-de-redynamiser-les-relations-de-cooperation-entre-les-deux-institutions"},"author":{"name":"cfeditorfr","@id":"https:\/\/www.africa-press.net\/senegal\/#\/schema\/person\/2b1cf3cd81a31e3cd26889ca66d677f1"},"headline":"BEAC-BCEAO: les Gouverneurs Yvon Sana Bangui et Jean-Claude Kassi Brou R\u00e9affirment leur Ambition de Redynamiser les Relations de Coop\u00e9ration entre les Deux Institutions","datePublished":"2025-01-28T13:00:00+00:00","mainEntityOfPage":{"@id":"https:\/\/www.africa-press.net\/senegal\/politique\/beac-bceao-les-gouverneurs-yvon-sana-bangui-et-jean-claude-kassi-brou-reaffirment-leur-ambition-de-redynamiser-les-relations-de-cooperation-entre-les-deux-institutions"},"wordCount":612,"commentCount":0,"image":{"@id":"https:\/\/www.africa-press.net\/senegal\/politique\/beac-bceao-les-gouverneurs-yvon-sana-bangui-et-jean-claude-kassi-brou-reaffirment-leur-ambition-de-redynamiser-les-relations-de-cooperation-entre-les-deux-institutions#primaryimage"},"thumbnailUrl":"https:\/\/static.africa-press.net\/senegal\/sites\/13\/2025\/01\/sm_1738133185.844207.jpg","keywords":["Senegal"],"articleSection":["\u00c9conomie","Politique","Toutes les actualit\u00e9s"],"inLanguage":"fr-FR","potentialAction":[{"@type":"CommentAction","name":"Comment","target":["https:\/\/www.africa-press.net\/senegal\/politique\/beac-bceao-les-gouverneurs-yvon-sana-bangui-et-jean-claude-kassi-brou-reaffirment-leur-ambition-de-redynamiser-les-relations-de-cooperation-entre-les-deux-institutions#respond"]}]},{"@type":"WebPage","@id":"https:\/\/www.africa-press.net\/senegal\/politique\/beac-bceao-les-gouverneurs-yvon-sana-bangui-et-jean-claude-kassi-brou-reaffirment-leur-ambition-de-redynamiser-les-relations-de-cooperation-entre-les-deux-institutions","url":"https:\/\/www.africa-press.net\/senegal\/politique\/beac-bceao-les-gouverneurs-yvon-sana-bangui-et-jean-claude-kassi-brou-reaffirment-leur-ambition-de-redynamiser-les-relations-de-cooperation-entre-les-deux-institutions","name":"BEAC-BCEAO: les Gouverneurs Yvon Sana Bangui et Jean-Claude Kassi Brou R\u00e9affirment leur Ambition de Redynamiser les Relations de Coop\u00e9ration entre les Deux Institutions - Senegal","isPartOf":{"@id":"https:\/\/www.africa-press.net\/senegal\/#website"},"primaryImageOfPage":{"@id":"https:\/\/www.africa-press.net\/senegal\/politique\/beac-bceao-les-gouverneurs-yvon-sana-bangui-et-jean-claude-kassi-brou-reaffirment-leur-ambition-de-redynamiser-les-relations-de-cooperation-entre-les-deux-institutions#primaryimage"},"image":{"@id":"https:\/\/www.africa-press.net\/senegal\/politique\/beac-bceao-les-gouverneurs-yvon-sana-bangui-et-jean-claude-kassi-brou-reaffirment-leur-ambition-de-redynamiser-les-relations-de-cooperation-entre-les-deux-institutions#primaryimage"},"thumbnailUrl":"https:\/\/static.africa-press.net\/senegal\/sites\/13\/2025\/01\/sm_1738133185.844207.jpg","datePublished":"2025-01-28T13:00:00+00:00","author":{"@id":"https:\/\/www.africa-press.net\/senegal\/#\/schema\/person\/2b1cf3cd81a31e3cd26889ca66d677f1"},"breadcrumb":{"@id":"https:\/\/www.africa-press.net\/senegal\/politique\/beac-bceao-les-gouverneurs-yvon-sana-bangui-et-jean-claude-kassi-brou-reaffirment-leur-ambition-de-redynamiser-les-relations-de-cooperation-entre-les-deux-institutions#breadcrumb"},"inLanguage":"fr-FR","potentialAction":[{"@type":"ReadAction","target":["https:\/\/www.africa-press.net\/senegal\/politique\/beac-bceao-les-gouverneurs-yvon-sana-bangui-et-jean-claude-kassi-brou-reaffirment-leur-ambition-de-redynamiser-les-relations-de-cooperation-entre-les-deux-institutions"]}]},{"@type":"ImageObject","inLanguage":"fr-FR","@id":"https:\/\/www.africa-press.net\/senegal\/politique\/beac-bceao-les-gouverneurs-yvon-sana-bangui-et-jean-claude-kassi-brou-reaffirment-leur-ambition-de-redynamiser-les-relations-de-cooperation-entre-les-deux-institutions#primaryimage","url":"https:\/\/static.africa-press.net\/senegal\/sites\/13\/2025\/01\/sm_1738133185.844207.jpg","contentUrl":"https:\/\/static.africa-press.net\/senegal\/sites\/13\/2025\/01\/sm_1738133185.844207.jpg","width":1280,"height":720,"caption":"BEAC-BCEAO: les Gouverneurs Yvon Sana Bangui et Jean-Claude Kassi Brou R\u00e9affirment leur Ambition de Redynamiser les Relations de Coop\u00e9ration entre les Deux Institutions"},{"@type":"BreadcrumbList","@id":"https:\/\/www.africa-press.net\/senegal\/politique\/beac-bceao-les-gouverneurs-yvon-sana-bangui-et-jean-claude-kassi-brou-reaffirment-leur-ambition-de-redynamiser-les-relations-de-cooperation-entre-les-deux-institutions#breadcrumb","itemListElement":[{"@type":"ListItem","position":1,"name":"Accueil","item":"https:\/\/www.africa-press.net\/senegal\/"},{"@type":"ListItem","position":2,"name":"BEAC-BCEAO: les Gouverneurs Yvon Sana Bangui et Jean-Claude Kassi Brou R\u00e9affirment leur Ambition de Redynamiser les Relations de Coop\u00e9ration entre les Deux Institutions"}]},{"@type":"WebSite","@id":"https:\/\/www.africa-press.net\/senegal\/#website","url":"https:\/\/www.africa-press.net\/senegal\/","name":"Africa Press | Senegal | Homepage","description":"Just another Africa News Agency Sites site","potentialAction":[{"@type":"SearchAction","target":{"@type":"EntryPoint","urlTemplate":"https:\/\/www.africa-press.net\/senegal\/?s={search_term_string}"},"query-input":{"@type":"PropertyValueSpecification","valueRequired":true,"valueName":"search_term_string"}}],"inLanguage":"fr-FR"},{"@type":"Person","@id":"https:\/\/www.africa-press.net\/senegal\/#\/schema\/person\/2b1cf3cd81a31e3cd26889ca66d677f1","name":"cfeditorfr","url":"https:\/\/www.africa-press.net\/senegal\/author\/cfeditorfr"}]}},"_links":{"self":[{"href":"https:\/\/www.africa-press.net\/senegal\/wp-json\/wp\/v2\/posts\/65081","targetHints":{"allow":["GET"]}}],"collection":[{"href":"https:\/\/www.africa-press.net\/senegal\/wp-json\/wp\/v2\/posts"}],"about":[{"href":"https:\/\/www.africa-press.net\/senegal\/wp-json\/wp\/v2\/types\/post"}],"author":[{"embeddable":true,"href":"https:\/\/www.africa-press.net\/senegal\/wp-json\/wp\/v2\/users\/82"}],"replies":[{"embeddable":true,"href":"https:\/\/www.africa-press.net\/senegal\/wp-json\/wp\/v2\/comments?post=65081"}],"version-history":[{"count":0,"href":"https:\/\/www.africa-press.net\/senegal\/wp-json\/wp\/v2\/posts\/65081\/revisions"}],"wp:featuredmedia":[{"embeddable":true,"href":"https:\/\/www.africa-press.net\/senegal\/wp-json\/wp\/v2\/media\/65080"}],"wp:attachment":[{"href":"https:\/\/www.africa-press.net\/senegal\/wp-json\/wp\/v2\/media?parent=65081"}],"wp:term":[{"taxonomy":"category","embeddable":true,"href":"https:\/\/www.africa-press.net\/senegal\/wp-json\/wp\/v2\/categories?post=65081"},{"taxonomy":"post_tag","embeddable":true,"href":"https:\/\/www.africa-press.net\/senegal\/wp-json\/wp\/v2\/tags?post=65081"}],"curies":[{"name":"wp","href":"https:\/\/api.w.org\/{rel}","templated":true}]}}