{"id":65085,"date":"2025-01-28T14:00:00","date_gmt":"2025-01-28T14:00:00","guid":{"rendered":"https:\/\/www.africa-press.net\/senegal\/politique\/dialogue-annuel-entre-le-senegal-et-lunion-europeenne-un-partenariat-equilibre-pour-renforcer-les-liens"},"modified":"2025-01-28T14:00:00","modified_gmt":"2025-01-28T14:00:00","slug":"dialogue-annuel-entre-le-senegal-et-lunion-europeenne-un-partenariat-equilibre-pour-renforcer-les-liens","status":"publish","type":"post","link":"https:\/\/www.africa-press.net\/senegal\/politique\/dialogue-annuel-entre-le-senegal-et-lunion-europeenne-un-partenariat-equilibre-pour-renforcer-les-liens","title":{"rendered":"Dialogue Annuel entre le S\u00e9n\u00e9gal et L\u2019Union Europ\u00e9enne: un Partenariat \u201c\u00e9quilibr\u00e9\u201d pour Renforcer les Liens"},"content":{"rendered":"<p><span style=\"color: #ff6600\"><strong>Africa-Press &#8211; Senegal. <\/strong><\/span>Pour Yassine Fall, ce dialogue est un moyen essentiel pour e\u0301changer sur des questions strate\u0301giques telles que le de\u0301veloppement durable, la gouvernance, l&rsquo;engagement africain et la migration. \u00ab\u00a0Cette re\u0301union est l\u2019occasion de poser les bases d\u2019un partenariat gagnant-gagnant qui prend en compte nos priorite\u0301s\u00a0\u00bb, a affirme\u0301 la ministre. Elle a e\u0301galement pre\u0301cise\u0301 que le Se\u0301ne\u0301gal souhaite e\u0301tablir des partenariats e\u0301quilibre\u0301s qui profitent a\u0300 la fois a\u0300 son e\u0301conomie et a\u0300 celle de ses partenaires, en mettant l&rsquo;accent sur la cre\u0301ation d&#8217;emplois et l&rsquo;e\u0301change de technologies.<\/p>\n<p>Pour sa part, Jean-Marc Pisani, a rappele\u0301 l&rsquo;importance de ce partenariat pour l&rsquo;Union europe\u0301enne. \u00ab\u00a0L\u2019UE est le premier partenaire e\u0301conomique du Se\u0301ne\u0301gal et continue de soutenir le pays dans sa trajectoire de de\u0301veloppement\u00a0\u00bb, a-t-il explique\u0301. Et d\u2019ajouter: \u201cavec un investissement substantiel de 328 milliards de FCFA alloue\u0301s au de\u0301veloppement pour la pe\u0301riode 2021-2027, l&rsquo;Union europe\u0301enne vise a\u0300 amplifier l&rsquo;impact de ses aides par un effet de levier d&rsquo;environ 980 milliards de FCFA\u201d. Les discussions ont e\u0301galement mis en e\u0301vidence la priorite\u0301 donne\u0301e a\u0300 la jeunesse et a\u0300 l&rsquo;ame\u0301lioration des conditions de vie des Se\u0301ne\u0301galais, aligne\u0301es sur les objectifs de la vision Se\u0301ne\u0301gal 2050&Prime;, qui pro\u0302ne une croissance inclusive et durable.<\/p>\n<p>Selon M. Pisani, \u00ab\u00a0le partenariat repose sur des actions concre\u0300tes visant a\u0300 renforcer la compe\u0301titivite\u0301 de l&rsquo;e\u0301conomie se\u0301ne\u0301galaise et a\u0300 ame\u0301liorer la qualite\u0301 du capital humain.\u00a0\u00bb Il faut noter dans la me\u0302me dynamique que la rencontre a permis de re\u0301affirmer la volonte\u0301 commune de collaborer pour un de\u0301veloppement endoge\u0300ne et durable. \u201cCe dialogue re\u0301gulier se poursuivra tout au long de l&rsquo;anne\u0301e, c\u2019est une preuve de la solidite\u0301 des relations entre le Se\u0301ne\u0301gal et l&rsquo;Union europe\u0301enne\u201d. Les deux parties restent de\u0301termine\u0301es a\u0300 travailler ensemble pour un avenir prospe\u0300re, solidaire et respectueux de l&rsquo;environnement, au service des ge\u0301ne\u0301rations futures.<\/p>\n<p><strong>Pour plus d&rsquo;informations et d&rsquo;analyses sur la <span style=\"color: #ff6600\">Senegal<\/span>, suivez <span style=\"color: #ff6600\">Africa-Press<span style=\"color: #ff6600\"><\/span><\/strong><\/p>\n","protected":false},"excerpt":{"rendered":"<p>Africa-Press &#8211; Senegal. Pour Yassine Fall, ce dialogue est un moyen essentiel pour e\u0301changer sur des questions strate\u0301giques telles que le de\u0301veloppement durable, la gouvernance, l&rsquo;engagement africain et la migration. \u00ab\u00a0Cette re\u0301union est l\u2019occasion de poser les bases d\u2019un partenariat gagnant-gagnant qui prend en compte nos priorite\u0301s\u00a0\u00bb, a affirme\u0301 la ministre. Elle a e\u0301galement pre\u0301cise\u0301 [&hellip;]<\/p>\n","protected":false},"author":82,"featured_media":65084,"comment_status":"open","ping_status":"closed","sticky":false,"template":"","format":"standard","meta":{"footnotes":""},"categories":[2,20,10],"tags":[5217,1239,5216,44,4764],"class_list":["post-65085","post","type-post","status-publish","format-standard","has-post-thumbnail","hentry","category-politique","category-top-nouvelles","category-toutes-les-actualites","tag-dialogue-annuel","tag-partenariat","tag-renforcer-les-liens","tag-senegal-2","tag-union-europeenne-3"],"yoast_head":"<!-- This site is optimized with the Yoast SEO Premium plugin v26.1 (Yoast SEO v27.0) - https:\/\/yoast.com\/product\/yoast-seo-premium-wordpress\/ -->\n<title>Dialogue Annuel entre le S\u00e9n\u00e9gal et L\u2019Union Europ\u00e9enne: un Partenariat \u201c\u00e9quilibr\u00e9\u201d pour Renforcer les Liens - Senegal<\/title>\n<meta name=\"robots\" content=\"index, follow, max-snippet:-1, max-image-preview:large, max-video-preview:-1\" \/>\n<link rel=\"canonical\" href=\"https:\/\/www.africa-press.net\/senegal\/politique\/dialogue-annuel-entre-le-senegal-et-lunion-europeenne-un-partenariat-equilibre-pour-renforcer-les-liens\" \/>\n<meta property=\"og:locale\" content=\"fr_FR\" \/>\n<meta property=\"og:type\" content=\"article\" \/>\n<meta property=\"og:title\" content=\"Dialogue Annuel entre le S\u00e9n\u00e9gal et L\u2019Union Europ\u00e9enne: un Partenariat \u201c\u00e9quilibr\u00e9\u201d pour Renforcer les Liens\" \/>\n<meta property=\"og:description\" content=\"Africa-Press &#8211; Senegal. Pour Yassine Fall, ce dialogue est un moyen essentiel pour e\u0301changer sur des questions strate\u0301giques telles que le de\u0301veloppement durable, la gouvernance, l&rsquo;engagement africain et la migration. \u00ab\u00a0Cette re\u0301union est l\u2019occasion de poser les bases d\u2019un partenariat gagnant-gagnant qui prend en compte nos priorite\u0301s\u00a0\u00bb, a affirme\u0301 la ministre. Elle a e\u0301galement pre\u0301cise\u0301 [&hellip;]\" \/>\n<meta property=\"og:url\" content=\"https:\/\/www.africa-press.net\/senegal\/politique\/dialogue-annuel-entre-le-senegal-et-lunion-europeenne-un-partenariat-equilibre-pour-renforcer-les-liens\" \/>\n<meta property=\"og:site_name\" content=\"Senegal\" \/>\n<meta property=\"article:published_time\" content=\"2025-01-28T14:00:00+00:00\" \/>\n<meta name=\"author\" content=\"cfeditorfr\" \/>\n<meta name=\"twitter:card\" content=\"summary_large_image\" \/>\n<meta name=\"twitter:label1\" content=\"\u00c9crit par\" \/>\n\t<meta name=\"twitter:data1\" content=\"cfeditorfr\" \/>\n\t<meta name=\"twitter:label2\" content=\"Dur\u00e9e de lecture estim\u00e9e\" \/>\n\t<meta name=\"twitter:data2\" content=\"2 minutes\" \/>\n<script type=\"application\/ld+json\" class=\"yoast-schema-graph\">{\"@context\":\"https:\/\/schema.org\",\"@graph\":[{\"@type\":\"Article\",\"@id\":\"https:\/\/www.africa-press.net\/senegal\/politique\/dialogue-annuel-entre-le-senegal-et-lunion-europeenne-un-partenariat-equilibre-pour-renforcer-les-liens#article\",\"isPartOf\":{\"@id\":\"https:\/\/www.africa-press.net\/senegal\/politique\/dialogue-annuel-entre-le-senegal-et-lunion-europeenne-un-partenariat-equilibre-pour-renforcer-les-liens\"},\"author\":{\"name\":\"cfeditorfr\",\"@id\":\"https:\/\/www.africa-press.net\/senegal\/#\/schema\/person\/2b1cf3cd81a31e3cd26889ca66d677f1\"},\"headline\":\"Dialogue Annuel entre le S\u00e9n\u00e9gal et L\u2019Union Europ\u00e9enne: un Partenariat \u201c\u00e9quilibr\u00e9\u201d pour Renforcer les Liens\",\"datePublished\":\"2025-01-28T14:00:00+00:00\",\"mainEntityOfPage\":{\"@id\":\"https:\/\/www.africa-press.net\/senegal\/politique\/dialogue-annuel-entre-le-senegal-et-lunion-europeenne-un-partenariat-equilibre-pour-renforcer-les-liens\"},\"wordCount\":396,\"commentCount\":0,\"image\":{\"@id\":\"https:\/\/www.africa-press.net\/senegal\/politique\/dialogue-annuel-entre-le-senegal-et-lunion-europeenne-un-partenariat-equilibre-pour-renforcer-les-liens#primaryimage\"},\"thumbnailUrl\":\"https:\/\/static.africa-press.net\/senegal\/sites\/13\/2025\/01\/sm_1738135160.273851.jpg\",\"keywords\":[\"Dialogue annuel\",\"Partenariat\",\"Renforcer les liens\",\"Senegal\",\"union europeenne\"],\"articleSection\":[\"Politique\",\"Top Nouvelles\",\"Toutes les actualit\u00e9s\"],\"inLanguage\":\"fr-FR\",\"potentialAction\":[{\"@type\":\"CommentAction\",\"name\":\"Comment\",\"target\":[\"https:\/\/www.africa-press.net\/senegal\/politique\/dialogue-annuel-entre-le-senegal-et-lunion-europeenne-un-partenariat-equilibre-pour-renforcer-les-liens#respond\"]}]},{\"@type\":\"WebPage\",\"@id\":\"https:\/\/www.africa-press.net\/senegal\/politique\/dialogue-annuel-entre-le-senegal-et-lunion-europeenne-un-partenariat-equilibre-pour-renforcer-les-liens\",\"url\":\"https:\/\/www.africa-press.net\/senegal\/politique\/dialogue-annuel-entre-le-senegal-et-lunion-europeenne-un-partenariat-equilibre-pour-renforcer-les-liens\",\"name\":\"Dialogue Annuel entre le S\u00e9n\u00e9gal et L\u2019Union Europ\u00e9enne: un Partenariat \u201c\u00e9quilibr\u00e9\u201d pour Renforcer les Liens - Senegal\",\"isPartOf\":{\"@id\":\"https:\/\/www.africa-press.net\/senegal\/#website\"},\"primaryImageOfPage\":{\"@id\":\"https:\/\/www.africa-press.net\/senegal\/politique\/dialogue-annuel-entre-le-senegal-et-lunion-europeenne-un-partenariat-equilibre-pour-renforcer-les-liens#primaryimage\"},\"image\":{\"@id\":\"https:\/\/www.africa-press.net\/senegal\/politique\/dialogue-annuel-entre-le-senegal-et-lunion-europeenne-un-partenariat-equilibre-pour-renforcer-les-liens#primaryimage\"},\"thumbnailUrl\":\"https:\/\/static.africa-press.net\/senegal\/sites\/13\/2025\/01\/sm_1738135160.273851.jpg\",\"datePublished\":\"2025-01-28T14:00:00+00:00\",\"author\":{\"@id\":\"https:\/\/www.africa-press.net\/senegal\/#\/schema\/person\/2b1cf3cd81a31e3cd26889ca66d677f1\"},\"breadcrumb\":{\"@id\":\"https:\/\/www.africa-press.net\/senegal\/politique\/dialogue-annuel-entre-le-senegal-et-lunion-europeenne-un-partenariat-equilibre-pour-renforcer-les-liens#breadcrumb\"},\"inLanguage\":\"fr-FR\",\"potentialAction\":[{\"@type\":\"ReadAction\",\"target\":[\"https:\/\/www.africa-press.net\/senegal\/politique\/dialogue-annuel-entre-le-senegal-et-lunion-europeenne-un-partenariat-equilibre-pour-renforcer-les-liens\"]}]},{\"@type\":\"ImageObject\",\"inLanguage\":\"fr-FR\",\"@id\":\"https:\/\/www.africa-press.net\/senegal\/politique\/dialogue-annuel-entre-le-senegal-et-lunion-europeenne-un-partenariat-equilibre-pour-renforcer-les-liens#primaryimage\",\"url\":\"https:\/\/static.africa-press.net\/senegal\/sites\/13\/2025\/01\/sm_1738135160.273851.jpg\",\"contentUrl\":\"https:\/\/static.africa-press.net\/senegal\/sites\/13\/2025\/01\/sm_1738135160.273851.jpg\",\"width\":1297,\"height\":582,\"caption\":\"Dialogue Annuel entre le S\u00e9n\u00e9gal et L\u2019Union Europ\u00e9enne: un Partenariat \u201c\u00e9quilibr\u00e9\u201d pour Renforcer les Liens\"},{\"@type\":\"BreadcrumbList\",\"@id\":\"https:\/\/www.africa-press.net\/senegal\/politique\/dialogue-annuel-entre-le-senegal-et-lunion-europeenne-un-partenariat-equilibre-pour-renforcer-les-liens#breadcrumb\",\"itemListElement\":[{\"@type\":\"ListItem\",\"position\":1,\"name\":\"Accueil\",\"item\":\"https:\/\/www.africa-press.net\/senegal\/\"},{\"@type\":\"ListItem\",\"position\":2,\"name\":\"Dialogue Annuel entre le S\u00e9n\u00e9gal et L\u2019Union Europ\u00e9enne: un Partenariat \u201c\u00e9quilibr\u00e9\u201d pour Renforcer les Liens\"}]},{\"@type\":\"WebSite\",\"@id\":\"https:\/\/www.africa-press.net\/senegal\/#website\",\"url\":\"https:\/\/www.africa-press.net\/senegal\/\",\"name\":\"Africa Press | Senegal | Homepage\",\"description\":\"Just another Africa News Agency Sites site\",\"potentialAction\":[{\"@type\":\"SearchAction\",\"target\":{\"@type\":\"EntryPoint\",\"urlTemplate\":\"https:\/\/www.africa-press.net\/senegal\/?s={search_term_string}\"},\"query-input\":{\"@type\":\"PropertyValueSpecification\",\"valueRequired\":true,\"valueName\":\"search_term_string\"}}],\"inLanguage\":\"fr-FR\"},{\"@type\":\"Person\",\"@id\":\"https:\/\/www.africa-press.net\/senegal\/#\/schema\/person\/2b1cf3cd81a31e3cd26889ca66d677f1\",\"name\":\"cfeditorfr\",\"url\":\"https:\/\/www.africa-press.net\/senegal\/author\/cfeditorfr\"}]}<\/script>\n<!-- \/ Yoast SEO Premium plugin. -->","yoast_head_json":{"title":"Dialogue Annuel entre le S\u00e9n\u00e9gal et L\u2019Union Europ\u00e9enne: un Partenariat \u201c\u00e9quilibr\u00e9\u201d pour Renforcer les Liens - Senegal","robots":{"index":"index","follow":"follow","max-snippet":"max-snippet:-1","max-image-preview":"max-image-preview:large","max-video-preview":"max-video-preview:-1"},"canonical":"https:\/\/www.africa-press.net\/senegal\/politique\/dialogue-annuel-entre-le-senegal-et-lunion-europeenne-un-partenariat-equilibre-pour-renforcer-les-liens","og_locale":"fr_FR","og_type":"article","og_title":"Dialogue Annuel entre le S\u00e9n\u00e9gal et L\u2019Union Europ\u00e9enne: un Partenariat \u201c\u00e9quilibr\u00e9\u201d pour Renforcer les Liens","og_description":"Africa-Press &#8211; Senegal. Pour Yassine Fall, ce dialogue est un moyen essentiel pour e\u0301changer sur des questions strate\u0301giques telles que le de\u0301veloppement durable, la gouvernance, l&rsquo;engagement africain et la migration. \u00ab\u00a0Cette re\u0301union est l\u2019occasion de poser les bases d\u2019un partenariat gagnant-gagnant qui prend en compte nos priorite\u0301s\u00a0\u00bb, a affirme\u0301 la ministre. Elle a e\u0301galement pre\u0301cise\u0301 [&hellip;]","og_url":"https:\/\/www.africa-press.net\/senegal\/politique\/dialogue-annuel-entre-le-senegal-et-lunion-europeenne-un-partenariat-equilibre-pour-renforcer-les-liens","og_site_name":"Senegal","article_published_time":"2025-01-28T14:00:00+00:00","author":"cfeditorfr","twitter_card":"summary_large_image","twitter_misc":{"\u00c9crit par":"cfeditorfr","Dur\u00e9e de lecture estim\u00e9e":"2 minutes"},"schema":{"@context":"https:\/\/schema.org","@graph":[{"@type":"Article","@id":"https:\/\/www.africa-press.net\/senegal\/politique\/dialogue-annuel-entre-le-senegal-et-lunion-europeenne-un-partenariat-equilibre-pour-renforcer-les-liens#article","isPartOf":{"@id":"https:\/\/www.africa-press.net\/senegal\/politique\/dialogue-annuel-entre-le-senegal-et-lunion-europeenne-un-partenariat-equilibre-pour-renforcer-les-liens"},"author":{"name":"cfeditorfr","@id":"https:\/\/www.africa-press.net\/senegal\/#\/schema\/person\/2b1cf3cd81a31e3cd26889ca66d677f1"},"headline":"Dialogue Annuel entre le S\u00e9n\u00e9gal et L\u2019Union Europ\u00e9enne: un Partenariat \u201c\u00e9quilibr\u00e9\u201d pour Renforcer les Liens","datePublished":"2025-01-28T14:00:00+00:00","mainEntityOfPage":{"@id":"https:\/\/www.africa-press.net\/senegal\/politique\/dialogue-annuel-entre-le-senegal-et-lunion-europeenne-un-partenariat-equilibre-pour-renforcer-les-liens"},"wordCount":396,"commentCount":0,"image":{"@id":"https:\/\/www.africa-press.net\/senegal\/politique\/dialogue-annuel-entre-le-senegal-et-lunion-europeenne-un-partenariat-equilibre-pour-renforcer-les-liens#primaryimage"},"thumbnailUrl":"https:\/\/static.africa-press.net\/senegal\/sites\/13\/2025\/01\/sm_1738135160.273851.jpg","keywords":["Dialogue annuel","Partenariat","Renforcer les liens","Senegal","union europeenne"],"articleSection":["Politique","Top Nouvelles","Toutes les actualit\u00e9s"],"inLanguage":"fr-FR","potentialAction":[{"@type":"CommentAction","name":"Comment","target":["https:\/\/www.africa-press.net\/senegal\/politique\/dialogue-annuel-entre-le-senegal-et-lunion-europeenne-un-partenariat-equilibre-pour-renforcer-les-liens#respond"]}]},{"@type":"WebPage","@id":"https:\/\/www.africa-press.net\/senegal\/politique\/dialogue-annuel-entre-le-senegal-et-lunion-europeenne-un-partenariat-equilibre-pour-renforcer-les-liens","url":"https:\/\/www.africa-press.net\/senegal\/politique\/dialogue-annuel-entre-le-senegal-et-lunion-europeenne-un-partenariat-equilibre-pour-renforcer-les-liens","name":"Dialogue Annuel entre le S\u00e9n\u00e9gal et L\u2019Union Europ\u00e9enne: un Partenariat \u201c\u00e9quilibr\u00e9\u201d pour Renforcer les Liens - Senegal","isPartOf":{"@id":"https:\/\/www.africa-press.net\/senegal\/#website"},"primaryImageOfPage":{"@id":"https:\/\/www.africa-press.net\/senegal\/politique\/dialogue-annuel-entre-le-senegal-et-lunion-europeenne-un-partenariat-equilibre-pour-renforcer-les-liens#primaryimage"},"image":{"@id":"https:\/\/www.africa-press.net\/senegal\/politique\/dialogue-annuel-entre-le-senegal-et-lunion-europeenne-un-partenariat-equilibre-pour-renforcer-les-liens#primaryimage"},"thumbnailUrl":"https:\/\/static.africa-press.net\/senegal\/sites\/13\/2025\/01\/sm_1738135160.273851.jpg","datePublished":"2025-01-28T14:00:00+00:00","author":{"@id":"https:\/\/www.africa-press.net\/senegal\/#\/schema\/person\/2b1cf3cd81a31e3cd26889ca66d677f1"},"breadcrumb":{"@id":"https:\/\/www.africa-press.net\/senegal\/politique\/dialogue-annuel-entre-le-senegal-et-lunion-europeenne-un-partenariat-equilibre-pour-renforcer-les-liens#breadcrumb"},"inLanguage":"fr-FR","potentialAction":[{"@type":"ReadAction","target":["https:\/\/www.africa-press.net\/senegal\/politique\/dialogue-annuel-entre-le-senegal-et-lunion-europeenne-un-partenariat-equilibre-pour-renforcer-les-liens"]}]},{"@type":"ImageObject","inLanguage":"fr-FR","@id":"https:\/\/www.africa-press.net\/senegal\/politique\/dialogue-annuel-entre-le-senegal-et-lunion-europeenne-un-partenariat-equilibre-pour-renforcer-les-liens#primaryimage","url":"https:\/\/static.africa-press.net\/senegal\/sites\/13\/2025\/01\/sm_1738135160.273851.jpg","contentUrl":"https:\/\/static.africa-press.net\/senegal\/sites\/13\/2025\/01\/sm_1738135160.273851.jpg","width":1297,"height":582,"caption":"Dialogue Annuel entre le S\u00e9n\u00e9gal et L\u2019Union Europ\u00e9enne: un Partenariat \u201c\u00e9quilibr\u00e9\u201d pour Renforcer les Liens"},{"@type":"BreadcrumbList","@id":"https:\/\/www.africa-press.net\/senegal\/politique\/dialogue-annuel-entre-le-senegal-et-lunion-europeenne-un-partenariat-equilibre-pour-renforcer-les-liens#breadcrumb","itemListElement":[{"@type":"ListItem","position":1,"name":"Accueil","item":"https:\/\/www.africa-press.net\/senegal\/"},{"@type":"ListItem","position":2,"name":"Dialogue Annuel entre le S\u00e9n\u00e9gal et L\u2019Union Europ\u00e9enne: un Partenariat \u201c\u00e9quilibr\u00e9\u201d pour Renforcer les Liens"}]},{"@type":"WebSite","@id":"https:\/\/www.africa-press.net\/senegal\/#website","url":"https:\/\/www.africa-press.net\/senegal\/","name":"Africa Press | Senegal | Homepage","description":"Just another Africa News Agency Sites site","potentialAction":[{"@type":"SearchAction","target":{"@type":"EntryPoint","urlTemplate":"https:\/\/www.africa-press.net\/senegal\/?s={search_term_string}"},"query-input":{"@type":"PropertyValueSpecification","valueRequired":true,"valueName":"search_term_string"}}],"inLanguage":"fr-FR"},{"@type":"Person","@id":"https:\/\/www.africa-press.net\/senegal\/#\/schema\/person\/2b1cf3cd81a31e3cd26889ca66d677f1","name":"cfeditorfr","url":"https:\/\/www.africa-press.net\/senegal\/author\/cfeditorfr"}]}},"_links":{"self":[{"href":"https:\/\/www.africa-press.net\/senegal\/wp-json\/wp\/v2\/posts\/65085","targetHints":{"allow":["GET"]}}],"collection":[{"href":"https:\/\/www.africa-press.net\/senegal\/wp-json\/wp\/v2\/posts"}],"about":[{"href":"https:\/\/www.africa-press.net\/senegal\/wp-json\/wp\/v2\/types\/post"}],"author":[{"embeddable":true,"href":"https:\/\/www.africa-press.net\/senegal\/wp-json\/wp\/v2\/users\/82"}],"replies":[{"embeddable":true,"href":"https:\/\/www.africa-press.net\/senegal\/wp-json\/wp\/v2\/comments?post=65085"}],"version-history":[{"count":0,"href":"https:\/\/www.africa-press.net\/senegal\/wp-json\/wp\/v2\/posts\/65085\/revisions"}],"wp:featuredmedia":[{"embeddable":true,"href":"https:\/\/www.africa-press.net\/senegal\/wp-json\/wp\/v2\/media\/65084"}],"wp:attachment":[{"href":"https:\/\/www.africa-press.net\/senegal\/wp-json\/wp\/v2\/media?parent=65085"}],"wp:term":[{"taxonomy":"category","embeddable":true,"href":"https:\/\/www.africa-press.net\/senegal\/wp-json\/wp\/v2\/categories?post=65085"},{"taxonomy":"post_tag","embeddable":true,"href":"https:\/\/www.africa-press.net\/senegal\/wp-json\/wp\/v2\/tags?post=65085"}],"curies":[{"name":"wp","href":"https:\/\/api.w.org\/{rel}","templated":true}]}}