{"id":65089,"date":"2025-01-27T22:15:50","date_gmt":"2025-01-27T22:15:50","guid":{"rendered":"https:\/\/www.africa-press.net\/senegal\/politique\/clement-pitroipa-quitte-le-faso-foot-pour-les-setif"},"modified":"2025-05-05T00:56:14","modified_gmt":"2025-05-05T00:56:14","slug":"clement-pitroipa-quitte-le-faso-foot-pour-les-setif","status":"publish","type":"post","link":"https:\/\/www.africa-press.net\/senegal\/sports\/clement-pitroipa-quitte-le-faso-foot-pour-les-setif","title":{"rendered":"Cl\u00e9ment Pitroipa Quitte le Faso Foot pour L\u2019Es S\u00e9tif"},"content":{"rendered":"<p><span style=\"color: #ff6600\"><strong>Africa-Press &#8211; Senegal. <\/strong><\/span>Apre\u0300s deux belles saisons au Burkina, Cle\u0301ment Pitroipa quitte l\u2019AS Douanes et de\u0301pose ses valises en Alge\u0301rie.<\/p>\n<p>Le championnat burkinabe\u0300 de Ligue 1 perd l\u2019un de ses plus talentueux meneurs de jeu. Cle\u0301ment Pitroipa, pie\u0300ce mai\u0302tresse des Gabelous de l\u2019AS Douanes, a officialise\u0301 son de\u0301part pour l\u2019Entente Sportive de Se\u0301tif.<\/p>\n<p>L\u2019international burkinabe\u0300 s\u2019est engage\u0301 pour un contrat de deux ans et demi avec le club alge\u0301rien. Cependant, les conditions financie\u0300res et les de\u0301tails de ce transfert n\u2019ont pas e\u0301te\u0301 rendus publics.<\/p>\n<p>Ce de\u0301part repre\u0301sente une perte importante pour la Ligue 1 burkinabe\u0300, mais e\u0301galement une belle opportunite\u0301 pour Pitroipa de franchir un cap et d\u2019e\u0301voluer dans un championnat plus compe\u0301titif.<\/p>\n<p>Le joueur, connu pour sa vision du jeu et sa mai\u0302trise technique, sera attendu pour faire briller son talent sur la sce\u0300ne alge\u0301rienne.<\/p>\n<p><strong>Pour plus d&rsquo;informations et d&rsquo;analyses sur la <span style=\"color: #ff6600\">Senegal<\/span>, suivez <span style=\"color: #ff6600\">Africa-Press<\/span><\/strong><\/p>\n","protected":false},"excerpt":{"rendered":"<p>Africa-Press &#8211; Senegal. Apre\u0300s deux belles saisons au Burkina, Cle\u0301ment Pitroipa quitte l\u2019AS Douanes et de\u0301pose ses valises en Alge\u0301rie. Le championnat burkinabe\u0300 de Ligue 1 perd l\u2019un de ses plus talentueux meneurs de jeu. Cle\u0301ment Pitroipa, pie\u0300ce mai\u0302tresse des Gabelous de l\u2019AS Douanes, a officialise\u0301 son de\u0301part pour l\u2019Entente Sportive de Se\u0301tif. L\u2019international burkinabe\u0300 [&hellip;]<\/p>\n","protected":false},"author":82,"featured_media":65088,"comment_status":"open","ping_status":"closed","sticky":false,"template":"","format":"standard","meta":{"footnotes":""},"categories":[6,10],"tags":[44],"class_list":["post-65089","post","type-post","status-publish","format-standard","has-post-thumbnail","hentry","category-sports","category-toutes-les-actualites","tag-senegal-2"],"yoast_head":"<!-- This site is optimized with the Yoast SEO Premium plugin v26.1 (Yoast SEO v27.0) - https:\/\/yoast.com\/product\/yoast-seo-premium-wordpress\/ -->\n<title>Cl\u00e9ment Pitroipa Quitte le Faso Foot pour L\u2019Es S\u00e9tif - Senegal<\/title>\n<meta name=\"description\" content=\"Apre\u0300s deux belles saisons au Burkina, Cle\u0301ment Pitroipa quitte l\u2019AS Douanes et de\u0301pose ses valises en Alge\u0301rie. Le cha ...\" \/>\n<meta name=\"robots\" content=\"index, follow, max-snippet:-1, max-image-preview:large, max-video-preview:-1\" \/>\n<link rel=\"canonical\" href=\"https:\/\/www.africa-press.net\/senegal\/sports\/clement-pitroipa-quitte-le-faso-foot-pour-les-setif\" \/>\n<meta property=\"og:locale\" content=\"fr_FR\" \/>\n<meta property=\"og:type\" content=\"article\" \/>\n<meta property=\"og:title\" content=\"Cl\u00e9ment Pitroipa Quitte le Faso Foot pour L\u2019Es S\u00e9tif\" \/>\n<meta property=\"og:description\" content=\"Apre\u0300s deux belles saisons au Burkina, Cle\u0301ment Pitroipa quitte l\u2019AS Douanes et de\u0301pose ses valises en Alge\u0301rie. Le cha ...\" \/>\n<meta property=\"og:url\" content=\"https:\/\/www.africa-press.net\/senegal\/sports\/clement-pitroipa-quitte-le-faso-foot-pour-les-setif\" \/>\n<meta property=\"og:site_name\" content=\"Senegal\" \/>\n<meta property=\"article:published_time\" content=\"2025-01-27T22:15:50+00:00\" \/>\n<meta property=\"article:modified_time\" content=\"2025-05-05T00:56:14+00:00\" \/>\n<meta property=\"og:image\" content=\"https:\/\/static.africa-press.net\/senegal\/sites\/13\/2025\/01\/sm_1738095306.629785.jpg\" \/>\n\t<meta property=\"og:image:width\" content=\"1379\" \/>\n\t<meta property=\"og:image:height\" content=\"1034\" \/>\n\t<meta property=\"og:image:type\" content=\"image\/jpeg\" \/>\n<meta name=\"author\" content=\"cfeditorfr\" \/>\n<meta name=\"twitter:card\" content=\"summary_large_image\" \/>\n<meta name=\"twitter:label1\" content=\"\u00c9crit par\" \/>\n\t<meta name=\"twitter:data1\" content=\"cfeditorfr\" \/>\n\t<meta name=\"twitter:label2\" content=\"Dur\u00e9e de lecture estim\u00e9e\" \/>\n\t<meta name=\"twitter:data2\" content=\"1 minute\" \/>\n<script type=\"application\/ld+json\" class=\"yoast-schema-graph\">{\"@context\":\"https:\/\/schema.org\",\"@graph\":[{\"@type\":\"Article\",\"@id\":\"https:\/\/www.africa-press.net\/senegal\/sports\/clement-pitroipa-quitte-le-faso-foot-pour-les-setif#article\",\"isPartOf\":{\"@id\":\"https:\/\/www.africa-press.net\/senegal\/sports\/clement-pitroipa-quitte-le-faso-foot-pour-les-setif\"},\"author\":{\"name\":\"cfeditorfr\",\"@id\":\"https:\/\/www.africa-press.net\/senegal\/#\/schema\/person\/2b1cf3cd81a31e3cd26889ca66d677f1\"},\"headline\":\"Cl\u00e9ment Pitroipa Quitte le Faso Foot pour L\u2019Es S\u00e9tif\",\"datePublished\":\"2025-01-27T22:15:50+00:00\",\"dateModified\":\"2025-05-05T00:56:14+00:00\",\"mainEntityOfPage\":{\"@id\":\"https:\/\/www.africa-press.net\/senegal\/sports\/clement-pitroipa-quitte-le-faso-foot-pour-les-setif\"},\"wordCount\":187,\"commentCount\":0,\"image\":{\"@id\":\"https:\/\/www.africa-press.net\/senegal\/sports\/clement-pitroipa-quitte-le-faso-foot-pour-les-setif#primaryimage\"},\"thumbnailUrl\":\"https:\/\/static.africa-press.net\/senegal\/sites\/13\/2025\/01\/sm_1738095306.629785.jpg\",\"keywords\":[\"Senegal\"],\"articleSection\":[\"Sports\",\"Toutes les actualit\u00e9s\"],\"inLanguage\":\"fr-FR\",\"potentialAction\":[{\"@type\":\"CommentAction\",\"name\":\"Comment\",\"target\":[\"https:\/\/www.africa-press.net\/senegal\/sports\/clement-pitroipa-quitte-le-faso-foot-pour-les-setif#respond\"]}]},{\"@type\":\"WebPage\",\"@id\":\"https:\/\/www.africa-press.net\/senegal\/sports\/clement-pitroipa-quitte-le-faso-foot-pour-les-setif\",\"url\":\"https:\/\/www.africa-press.net\/senegal\/sports\/clement-pitroipa-quitte-le-faso-foot-pour-les-setif\",\"name\":\"Cl\u00e9ment Pitroipa Quitte le Faso Foot pour L\u2019Es S\u00e9tif - Senegal\",\"isPartOf\":{\"@id\":\"https:\/\/www.africa-press.net\/senegal\/#website\"},\"primaryImageOfPage\":{\"@id\":\"https:\/\/www.africa-press.net\/senegal\/sports\/clement-pitroipa-quitte-le-faso-foot-pour-les-setif#primaryimage\"},\"image\":{\"@id\":\"https:\/\/www.africa-press.net\/senegal\/sports\/clement-pitroipa-quitte-le-faso-foot-pour-les-setif#primaryimage\"},\"thumbnailUrl\":\"https:\/\/static.africa-press.net\/senegal\/sites\/13\/2025\/01\/sm_1738095306.629785.jpg\",\"datePublished\":\"2025-01-27T22:15:50+00:00\",\"dateModified\":\"2025-05-05T00:56:14+00:00\",\"author\":{\"@id\":\"https:\/\/www.africa-press.net\/senegal\/#\/schema\/person\/2b1cf3cd81a31e3cd26889ca66d677f1\"},\"description\":\"Apre\u0300s deux belles saisons au Burkina, Cle\u0301ment Pitroipa quitte l\u2019AS Douanes et de\u0301pose ses valises en Alge\u0301rie. Le cha ...\",\"breadcrumb\":{\"@id\":\"https:\/\/www.africa-press.net\/senegal\/sports\/clement-pitroipa-quitte-le-faso-foot-pour-les-setif#breadcrumb\"},\"inLanguage\":\"fr-FR\",\"potentialAction\":[{\"@type\":\"ReadAction\",\"target\":[\"https:\/\/www.africa-press.net\/senegal\/sports\/clement-pitroipa-quitte-le-faso-foot-pour-les-setif\"]}]},{\"@type\":\"ImageObject\",\"inLanguage\":\"fr-FR\",\"@id\":\"https:\/\/www.africa-press.net\/senegal\/sports\/clement-pitroipa-quitte-le-faso-foot-pour-les-setif#primaryimage\",\"url\":\"https:\/\/static.africa-press.net\/senegal\/sites\/13\/2025\/01\/sm_1738095306.629785.jpg\",\"contentUrl\":\"https:\/\/static.africa-press.net\/senegal\/sites\/13\/2025\/01\/sm_1738095306.629785.jpg\",\"width\":1379,\"height\":1034,\"caption\":\"Cl\u00e9ment Pitroipa Quitte le Faso Foot pour L\u2019Es S\u00e9tif\"},{\"@type\":\"BreadcrumbList\",\"@id\":\"https:\/\/www.africa-press.net\/senegal\/sports\/clement-pitroipa-quitte-le-faso-foot-pour-les-setif#breadcrumb\",\"itemListElement\":[{\"@type\":\"ListItem\",\"position\":1,\"name\":\"Accueil\",\"item\":\"https:\/\/www.africa-press.net\/senegal\/\"},{\"@type\":\"ListItem\",\"position\":2,\"name\":\"Cl\u00e9ment Pitroipa Quitte le Faso Foot pour L\u2019Es S\u00e9tif\"}]},{\"@type\":\"WebSite\",\"@id\":\"https:\/\/www.africa-press.net\/senegal\/#website\",\"url\":\"https:\/\/www.africa-press.net\/senegal\/\",\"name\":\"Africa Press | Senegal | Homepage\",\"description\":\"Just another Africa News Agency Sites site\",\"potentialAction\":[{\"@type\":\"SearchAction\",\"target\":{\"@type\":\"EntryPoint\",\"urlTemplate\":\"https:\/\/www.africa-press.net\/senegal\/?s={search_term_string}\"},\"query-input\":{\"@type\":\"PropertyValueSpecification\",\"valueRequired\":true,\"valueName\":\"search_term_string\"}}],\"inLanguage\":\"fr-FR\"},{\"@type\":\"Person\",\"@id\":\"https:\/\/www.africa-press.net\/senegal\/#\/schema\/person\/2b1cf3cd81a31e3cd26889ca66d677f1\",\"name\":\"cfeditorfr\",\"url\":\"https:\/\/www.africa-press.net\/senegal\/author\/cfeditorfr\"}]}<\/script>\n<!-- \/ Yoast SEO Premium plugin. -->","yoast_head_json":{"title":"Cl\u00e9ment Pitroipa Quitte le Faso Foot pour L\u2019Es S\u00e9tif - Senegal","description":"Apre\u0300s deux belles saisons au Burkina, Cle\u0301ment Pitroipa quitte l\u2019AS Douanes et de\u0301pose ses valises en Alge\u0301rie. Le cha ...","robots":{"index":"index","follow":"follow","max-snippet":"max-snippet:-1","max-image-preview":"max-image-preview:large","max-video-preview":"max-video-preview:-1"},"canonical":"https:\/\/www.africa-press.net\/senegal\/sports\/clement-pitroipa-quitte-le-faso-foot-pour-les-setif","og_locale":"fr_FR","og_type":"article","og_title":"Cl\u00e9ment Pitroipa Quitte le Faso Foot pour L\u2019Es S\u00e9tif","og_description":"Apre\u0300s deux belles saisons au Burkina, Cle\u0301ment Pitroipa quitte l\u2019AS Douanes et de\u0301pose ses valises en Alge\u0301rie. Le cha ...","og_url":"https:\/\/www.africa-press.net\/senegal\/sports\/clement-pitroipa-quitte-le-faso-foot-pour-les-setif","og_site_name":"Senegal","article_published_time":"2025-01-27T22:15:50+00:00","article_modified_time":"2025-05-05T00:56:14+00:00","og_image":[{"width":1379,"height":1034,"url":"https:\/\/static.africa-press.net\/senegal\/sites\/13\/2025\/01\/sm_1738095306.629785.jpg","type":"image\/jpeg"}],"author":"cfeditorfr","twitter_card":"summary_large_image","twitter_misc":{"\u00c9crit par":"cfeditorfr","Dur\u00e9e de lecture estim\u00e9e":"1 minute"},"schema":{"@context":"https:\/\/schema.org","@graph":[{"@type":"Article","@id":"https:\/\/www.africa-press.net\/senegal\/sports\/clement-pitroipa-quitte-le-faso-foot-pour-les-setif#article","isPartOf":{"@id":"https:\/\/www.africa-press.net\/senegal\/sports\/clement-pitroipa-quitte-le-faso-foot-pour-les-setif"},"author":{"name":"cfeditorfr","@id":"https:\/\/www.africa-press.net\/senegal\/#\/schema\/person\/2b1cf3cd81a31e3cd26889ca66d677f1"},"headline":"Cl\u00e9ment Pitroipa Quitte le Faso Foot pour L\u2019Es S\u00e9tif","datePublished":"2025-01-27T22:15:50+00:00","dateModified":"2025-05-05T00:56:14+00:00","mainEntityOfPage":{"@id":"https:\/\/www.africa-press.net\/senegal\/sports\/clement-pitroipa-quitte-le-faso-foot-pour-les-setif"},"wordCount":187,"commentCount":0,"image":{"@id":"https:\/\/www.africa-press.net\/senegal\/sports\/clement-pitroipa-quitte-le-faso-foot-pour-les-setif#primaryimage"},"thumbnailUrl":"https:\/\/static.africa-press.net\/senegal\/sites\/13\/2025\/01\/sm_1738095306.629785.jpg","keywords":["Senegal"],"articleSection":["Sports","Toutes les actualit\u00e9s"],"inLanguage":"fr-FR","potentialAction":[{"@type":"CommentAction","name":"Comment","target":["https:\/\/www.africa-press.net\/senegal\/sports\/clement-pitroipa-quitte-le-faso-foot-pour-les-setif#respond"]}]},{"@type":"WebPage","@id":"https:\/\/www.africa-press.net\/senegal\/sports\/clement-pitroipa-quitte-le-faso-foot-pour-les-setif","url":"https:\/\/www.africa-press.net\/senegal\/sports\/clement-pitroipa-quitte-le-faso-foot-pour-les-setif","name":"Cl\u00e9ment Pitroipa Quitte le Faso Foot pour L\u2019Es S\u00e9tif - Senegal","isPartOf":{"@id":"https:\/\/www.africa-press.net\/senegal\/#website"},"primaryImageOfPage":{"@id":"https:\/\/www.africa-press.net\/senegal\/sports\/clement-pitroipa-quitte-le-faso-foot-pour-les-setif#primaryimage"},"image":{"@id":"https:\/\/www.africa-press.net\/senegal\/sports\/clement-pitroipa-quitte-le-faso-foot-pour-les-setif#primaryimage"},"thumbnailUrl":"https:\/\/static.africa-press.net\/senegal\/sites\/13\/2025\/01\/sm_1738095306.629785.jpg","datePublished":"2025-01-27T22:15:50+00:00","dateModified":"2025-05-05T00:56:14+00:00","author":{"@id":"https:\/\/www.africa-press.net\/senegal\/#\/schema\/person\/2b1cf3cd81a31e3cd26889ca66d677f1"},"description":"Apre\u0300s deux belles saisons au Burkina, Cle\u0301ment Pitroipa quitte l\u2019AS Douanes et de\u0301pose ses valises en Alge\u0301rie. Le cha ...","breadcrumb":{"@id":"https:\/\/www.africa-press.net\/senegal\/sports\/clement-pitroipa-quitte-le-faso-foot-pour-les-setif#breadcrumb"},"inLanguage":"fr-FR","potentialAction":[{"@type":"ReadAction","target":["https:\/\/www.africa-press.net\/senegal\/sports\/clement-pitroipa-quitte-le-faso-foot-pour-les-setif"]}]},{"@type":"ImageObject","inLanguage":"fr-FR","@id":"https:\/\/www.africa-press.net\/senegal\/sports\/clement-pitroipa-quitte-le-faso-foot-pour-les-setif#primaryimage","url":"https:\/\/static.africa-press.net\/senegal\/sites\/13\/2025\/01\/sm_1738095306.629785.jpg","contentUrl":"https:\/\/static.africa-press.net\/senegal\/sites\/13\/2025\/01\/sm_1738095306.629785.jpg","width":1379,"height":1034,"caption":"Cl\u00e9ment Pitroipa Quitte le Faso Foot pour L\u2019Es S\u00e9tif"},{"@type":"BreadcrumbList","@id":"https:\/\/www.africa-press.net\/senegal\/sports\/clement-pitroipa-quitte-le-faso-foot-pour-les-setif#breadcrumb","itemListElement":[{"@type":"ListItem","position":1,"name":"Accueil","item":"https:\/\/www.africa-press.net\/senegal\/"},{"@type":"ListItem","position":2,"name":"Cl\u00e9ment Pitroipa Quitte le Faso Foot pour L\u2019Es S\u00e9tif"}]},{"@type":"WebSite","@id":"https:\/\/www.africa-press.net\/senegal\/#website","url":"https:\/\/www.africa-press.net\/senegal\/","name":"Africa Press | Senegal | Homepage","description":"Just another Africa News Agency Sites site","potentialAction":[{"@type":"SearchAction","target":{"@type":"EntryPoint","urlTemplate":"https:\/\/www.africa-press.net\/senegal\/?s={search_term_string}"},"query-input":{"@type":"PropertyValueSpecification","valueRequired":true,"valueName":"search_term_string"}}],"inLanguage":"fr-FR"},{"@type":"Person","@id":"https:\/\/www.africa-press.net\/senegal\/#\/schema\/person\/2b1cf3cd81a31e3cd26889ca66d677f1","name":"cfeditorfr","url":"https:\/\/www.africa-press.net\/senegal\/author\/cfeditorfr"}]}},"_links":{"self":[{"href":"https:\/\/www.africa-press.net\/senegal\/wp-json\/wp\/v2\/posts\/65089","targetHints":{"allow":["GET"]}}],"collection":[{"href":"https:\/\/www.africa-press.net\/senegal\/wp-json\/wp\/v2\/posts"}],"about":[{"href":"https:\/\/www.africa-press.net\/senegal\/wp-json\/wp\/v2\/types\/post"}],"author":[{"embeddable":true,"href":"https:\/\/www.africa-press.net\/senegal\/wp-json\/wp\/v2\/users\/82"}],"replies":[{"embeddable":true,"href":"https:\/\/www.africa-press.net\/senegal\/wp-json\/wp\/v2\/comments?post=65089"}],"version-history":[{"count":0,"href":"https:\/\/www.africa-press.net\/senegal\/wp-json\/wp\/v2\/posts\/65089\/revisions"}],"wp:featuredmedia":[{"embeddable":true,"href":"https:\/\/www.africa-press.net\/senegal\/wp-json\/wp\/v2\/media\/65088"}],"wp:attachment":[{"href":"https:\/\/www.africa-press.net\/senegal\/wp-json\/wp\/v2\/media?parent=65089"}],"wp:term":[{"taxonomy":"category","embeddable":true,"href":"https:\/\/www.africa-press.net\/senegal\/wp-json\/wp\/v2\/categories?post=65089"},{"taxonomy":"post_tag","embeddable":true,"href":"https:\/\/www.africa-press.net\/senegal\/wp-json\/wp\/v2\/tags?post=65089"}],"curies":[{"name":"wp","href":"https:\/\/api.w.org\/{rel}","templated":true}]}}