{"id":65091,"date":"2025-01-27T22:16:33","date_gmt":"2025-01-27T22:16:33","guid":{"rendered":"https:\/\/www.africa-press.net\/senegal\/politique\/gift-orban-linsatiable-buteur-renait-a-hoffenheim-video"},"modified":"2025-05-05T00:58:18","modified_gmt":"2025-05-05T00:58:18","slug":"gift-orban-linsatiable-buteur-renait-a-hoffenheim-video","status":"publish","type":"post","link":"https:\/\/www.africa-press.net\/senegal\/sports\/gift-orban-linsatiable-buteur-renait-a-hoffenheim-video","title":{"rendered":"Gift Orban : L\u2019Insatiable Buteur Rena\u00eet \u00e0 Hoffenheim (Vid\u00e9o)"},"content":{"rendered":"<p><span style=\"color: #ff6600\"><strong>Africa-Press &#8211; Senegal. <\/strong><\/span>Ce dimanche en Bundesliga, Gift Orban a marque\u0301 son premier but sous les couleurs de son nouveau club, Hoffenheim.<\/p>\n<p>Orban a quitte\u0301 l\u2019OL apre\u0300s des soucis avec son employeur et n\u2019a pas perdu de temps a\u0300 Hoffenheim. L\u2019international nige\u0301rian a commence\u0301 a\u0300 s\u2019inte\u0301grer et cela s\u2019est fait voir ce dimanche.<\/p>\n<p>Lors de ce qui a e\u0301te\u0301 son 3e match avec Hoffenheim, Orban a marque\u0301 un but. C\u2019e\u0301tait son premier avec l\u2019e\u0301quipe allemande. Le de\u0301but probable d\u2019une longue se\u0301rie de re\u0301alisations du serial buteur.<\/p>\n<p><strong>Pour plus d&rsquo;informations et d&rsquo;analyses sur la <span style=\"color: #ff6600\">Senegal<\/span>, suivez <span style=\"color: #ff6600\">Africa-Press<\/span><\/strong><\/p>\n","protected":false},"excerpt":{"rendered":"<p>Africa-Press &#8211; Senegal. Ce dimanche en Bundesliga, Gift Orban a marque\u0301 son premier but sous les couleurs de son nouveau club, Hoffenheim. Orban a quitte\u0301 l\u2019OL apre\u0300s des soucis avec son employeur et n\u2019a pas perdu de temps a\u0300 Hoffenheim. L\u2019international nige\u0301rian a commence\u0301 a\u0300 s\u2019inte\u0301grer et cela s\u2019est fait voir ce dimanche. Lors de [&hellip;]<\/p>\n","protected":false},"author":82,"featured_media":65090,"comment_status":"open","ping_status":"closed","sticky":false,"template":"","format":"standard","meta":{"footnotes":""},"categories":[6,10],"tags":[44],"class_list":["post-65091","post","type-post","status-publish","format-standard","has-post-thumbnail","hentry","category-sports","category-toutes-les-actualites","tag-senegal-2"],"yoast_head":"<!-- This site is optimized with the Yoast SEO Premium plugin v26.1 (Yoast SEO v27.0) - https:\/\/yoast.com\/product\/yoast-seo-premium-wordpress\/ -->\n<title>Gift Orban : L\u2019Insatiable Buteur Rena\u00eet \u00e0 Hoffenheim (Vid\u00e9o) - Senegal<\/title>\n<meta name=\"description\" content=\"Ce dimanche en Bundesliga, Gift Orban a marque\u0301 son premier but sous les couleurs de son nouveau club, Hoffenheim. Orba ...\" \/>\n<meta name=\"robots\" content=\"index, follow, max-snippet:-1, max-image-preview:large, max-video-preview:-1\" \/>\n<link rel=\"canonical\" href=\"https:\/\/www.africa-press.net\/senegal\/sports\/gift-orban-linsatiable-buteur-renait-a-hoffenheim-video\" \/>\n<meta property=\"og:locale\" content=\"fr_FR\" \/>\n<meta property=\"og:type\" content=\"article\" \/>\n<meta property=\"og:title\" content=\"Gift Orban : L\u2019Insatiable Buteur Rena\u00eet \u00e0 Hoffenheim (Vid\u00e9o)\" \/>\n<meta property=\"og:description\" content=\"Ce dimanche en Bundesliga, Gift Orban a marque\u0301 son premier but sous les couleurs de son nouveau club, Hoffenheim. Orba ...\" \/>\n<meta property=\"og:url\" content=\"https:\/\/www.africa-press.net\/senegal\/sports\/gift-orban-linsatiable-buteur-renait-a-hoffenheim-video\" \/>\n<meta property=\"og:site_name\" content=\"Senegal\" \/>\n<meta property=\"article:published_time\" content=\"2025-01-27T22:16:33+00:00\" \/>\n<meta property=\"article:modified_time\" content=\"2025-05-05T00:58:18+00:00\" \/>\n<meta property=\"og:image\" content=\"https:\/\/static.africa-press.net\/senegal\/sites\/13\/2025\/01\/sm_1738095407.746404.jpg\" \/>\n\t<meta property=\"og:image:width\" content=\"900\" \/>\n\t<meta property=\"og:image:height\" content=\"564\" \/>\n\t<meta property=\"og:image:type\" content=\"image\/jpeg\" \/>\n<meta name=\"author\" content=\"cfeditorfr\" \/>\n<meta name=\"twitter:card\" content=\"summary_large_image\" \/>\n<meta name=\"twitter:label1\" content=\"\u00c9crit par\" \/>\n\t<meta name=\"twitter:data1\" content=\"cfeditorfr\" \/>\n\t<meta name=\"twitter:label2\" content=\"Dur\u00e9e de lecture estim\u00e9e\" \/>\n\t<meta name=\"twitter:data2\" content=\"1 minute\" \/>\n<script type=\"application\/ld+json\" class=\"yoast-schema-graph\">{\"@context\":\"https:\/\/schema.org\",\"@graph\":[{\"@type\":\"Article\",\"@id\":\"https:\/\/www.africa-press.net\/senegal\/sports\/gift-orban-linsatiable-buteur-renait-a-hoffenheim-video#article\",\"isPartOf\":{\"@id\":\"https:\/\/www.africa-press.net\/senegal\/sports\/gift-orban-linsatiable-buteur-renait-a-hoffenheim-video\"},\"author\":{\"name\":\"cfeditorfr\",\"@id\":\"https:\/\/www.africa-press.net\/senegal\/#\/schema\/person\/2b1cf3cd81a31e3cd26889ca66d677f1\"},\"headline\":\"Gift Orban : L\u2019Insatiable Buteur Rena\u00eet \u00e0 Hoffenheim (Vid\u00e9o)\",\"datePublished\":\"2025-01-27T22:16:33+00:00\",\"dateModified\":\"2025-05-05T00:58:18+00:00\",\"mainEntityOfPage\":{\"@id\":\"https:\/\/www.africa-press.net\/senegal\/sports\/gift-orban-linsatiable-buteur-renait-a-hoffenheim-video\"},\"wordCount\":125,\"commentCount\":0,\"image\":{\"@id\":\"https:\/\/www.africa-press.net\/senegal\/sports\/gift-orban-linsatiable-buteur-renait-a-hoffenheim-video#primaryimage\"},\"thumbnailUrl\":\"https:\/\/static.africa-press.net\/senegal\/sites\/13\/2025\/01\/sm_1738095407.746404.jpg\",\"keywords\":[\"Senegal\"],\"articleSection\":[\"Sports\",\"Toutes les actualit\u00e9s\"],\"inLanguage\":\"fr-FR\",\"potentialAction\":[{\"@type\":\"CommentAction\",\"name\":\"Comment\",\"target\":[\"https:\/\/www.africa-press.net\/senegal\/sports\/gift-orban-linsatiable-buteur-renait-a-hoffenheim-video#respond\"]}]},{\"@type\":\"WebPage\",\"@id\":\"https:\/\/www.africa-press.net\/senegal\/sports\/gift-orban-linsatiable-buteur-renait-a-hoffenheim-video\",\"url\":\"https:\/\/www.africa-press.net\/senegal\/sports\/gift-orban-linsatiable-buteur-renait-a-hoffenheim-video\",\"name\":\"Gift Orban : L\u2019Insatiable Buteur Rena\u00eet \u00e0 Hoffenheim (Vid\u00e9o) - Senegal\",\"isPartOf\":{\"@id\":\"https:\/\/www.africa-press.net\/senegal\/#website\"},\"primaryImageOfPage\":{\"@id\":\"https:\/\/www.africa-press.net\/senegal\/sports\/gift-orban-linsatiable-buteur-renait-a-hoffenheim-video#primaryimage\"},\"image\":{\"@id\":\"https:\/\/www.africa-press.net\/senegal\/sports\/gift-orban-linsatiable-buteur-renait-a-hoffenheim-video#primaryimage\"},\"thumbnailUrl\":\"https:\/\/static.africa-press.net\/senegal\/sites\/13\/2025\/01\/sm_1738095407.746404.jpg\",\"datePublished\":\"2025-01-27T22:16:33+00:00\",\"dateModified\":\"2025-05-05T00:58:18+00:00\",\"author\":{\"@id\":\"https:\/\/www.africa-press.net\/senegal\/#\/schema\/person\/2b1cf3cd81a31e3cd26889ca66d677f1\"},\"description\":\"Ce dimanche en Bundesliga, Gift Orban a marque\u0301 son premier but sous les couleurs de son nouveau club, Hoffenheim. Orba ...\",\"breadcrumb\":{\"@id\":\"https:\/\/www.africa-press.net\/senegal\/sports\/gift-orban-linsatiable-buteur-renait-a-hoffenheim-video#breadcrumb\"},\"inLanguage\":\"fr-FR\",\"potentialAction\":[{\"@type\":\"ReadAction\",\"target\":[\"https:\/\/www.africa-press.net\/senegal\/sports\/gift-orban-linsatiable-buteur-renait-a-hoffenheim-video\"]}]},{\"@type\":\"ImageObject\",\"inLanguage\":\"fr-FR\",\"@id\":\"https:\/\/www.africa-press.net\/senegal\/sports\/gift-orban-linsatiable-buteur-renait-a-hoffenheim-video#primaryimage\",\"url\":\"https:\/\/static.africa-press.net\/senegal\/sites\/13\/2025\/01\/sm_1738095407.746404.jpg\",\"contentUrl\":\"https:\/\/static.africa-press.net\/senegal\/sites\/13\/2025\/01\/sm_1738095407.746404.jpg\",\"width\":900,\"height\":564,\"caption\":\"Gift Orban : L\u2019Insatiable Buteur Rena\u00eet \u00e0 Hoffenheim (Vid\u00e9o)\"},{\"@type\":\"BreadcrumbList\",\"@id\":\"https:\/\/www.africa-press.net\/senegal\/sports\/gift-orban-linsatiable-buteur-renait-a-hoffenheim-video#breadcrumb\",\"itemListElement\":[{\"@type\":\"ListItem\",\"position\":1,\"name\":\"Accueil\",\"item\":\"https:\/\/www.africa-press.net\/senegal\/\"},{\"@type\":\"ListItem\",\"position\":2,\"name\":\"Gift Orban : L\u2019Insatiable Buteur Rena\u00eet \u00e0 Hoffenheim (Vid\u00e9o)\"}]},{\"@type\":\"WebSite\",\"@id\":\"https:\/\/www.africa-press.net\/senegal\/#website\",\"url\":\"https:\/\/www.africa-press.net\/senegal\/\",\"name\":\"Africa Press | Senegal | Homepage\",\"description\":\"Just another Africa News Agency Sites site\",\"potentialAction\":[{\"@type\":\"SearchAction\",\"target\":{\"@type\":\"EntryPoint\",\"urlTemplate\":\"https:\/\/www.africa-press.net\/senegal\/?s={search_term_string}\"},\"query-input\":{\"@type\":\"PropertyValueSpecification\",\"valueRequired\":true,\"valueName\":\"search_term_string\"}}],\"inLanguage\":\"fr-FR\"},{\"@type\":\"Person\",\"@id\":\"https:\/\/www.africa-press.net\/senegal\/#\/schema\/person\/2b1cf3cd81a31e3cd26889ca66d677f1\",\"name\":\"cfeditorfr\",\"url\":\"https:\/\/www.africa-press.net\/senegal\/author\/cfeditorfr\"}]}<\/script>\n<!-- \/ Yoast SEO Premium plugin. -->","yoast_head_json":{"title":"Gift Orban : L\u2019Insatiable Buteur Rena\u00eet \u00e0 Hoffenheim (Vid\u00e9o) - Senegal","description":"Ce dimanche en Bundesliga, Gift Orban a marque\u0301 son premier but sous les couleurs de son nouveau club, Hoffenheim. Orba ...","robots":{"index":"index","follow":"follow","max-snippet":"max-snippet:-1","max-image-preview":"max-image-preview:large","max-video-preview":"max-video-preview:-1"},"canonical":"https:\/\/www.africa-press.net\/senegal\/sports\/gift-orban-linsatiable-buteur-renait-a-hoffenheim-video","og_locale":"fr_FR","og_type":"article","og_title":"Gift Orban : L\u2019Insatiable Buteur Rena\u00eet \u00e0 Hoffenheim (Vid\u00e9o)","og_description":"Ce dimanche en Bundesliga, Gift Orban a marque\u0301 son premier but sous les couleurs de son nouveau club, Hoffenheim. Orba ...","og_url":"https:\/\/www.africa-press.net\/senegal\/sports\/gift-orban-linsatiable-buteur-renait-a-hoffenheim-video","og_site_name":"Senegal","article_published_time":"2025-01-27T22:16:33+00:00","article_modified_time":"2025-05-05T00:58:18+00:00","og_image":[{"width":900,"height":564,"url":"https:\/\/static.africa-press.net\/senegal\/sites\/13\/2025\/01\/sm_1738095407.746404.jpg","type":"image\/jpeg"}],"author":"cfeditorfr","twitter_card":"summary_large_image","twitter_misc":{"\u00c9crit par":"cfeditorfr","Dur\u00e9e de lecture estim\u00e9e":"1 minute"},"schema":{"@context":"https:\/\/schema.org","@graph":[{"@type":"Article","@id":"https:\/\/www.africa-press.net\/senegal\/sports\/gift-orban-linsatiable-buteur-renait-a-hoffenheim-video#article","isPartOf":{"@id":"https:\/\/www.africa-press.net\/senegal\/sports\/gift-orban-linsatiable-buteur-renait-a-hoffenheim-video"},"author":{"name":"cfeditorfr","@id":"https:\/\/www.africa-press.net\/senegal\/#\/schema\/person\/2b1cf3cd81a31e3cd26889ca66d677f1"},"headline":"Gift Orban : L\u2019Insatiable Buteur Rena\u00eet \u00e0 Hoffenheim (Vid\u00e9o)","datePublished":"2025-01-27T22:16:33+00:00","dateModified":"2025-05-05T00:58:18+00:00","mainEntityOfPage":{"@id":"https:\/\/www.africa-press.net\/senegal\/sports\/gift-orban-linsatiable-buteur-renait-a-hoffenheim-video"},"wordCount":125,"commentCount":0,"image":{"@id":"https:\/\/www.africa-press.net\/senegal\/sports\/gift-orban-linsatiable-buteur-renait-a-hoffenheim-video#primaryimage"},"thumbnailUrl":"https:\/\/static.africa-press.net\/senegal\/sites\/13\/2025\/01\/sm_1738095407.746404.jpg","keywords":["Senegal"],"articleSection":["Sports","Toutes les actualit\u00e9s"],"inLanguage":"fr-FR","potentialAction":[{"@type":"CommentAction","name":"Comment","target":["https:\/\/www.africa-press.net\/senegal\/sports\/gift-orban-linsatiable-buteur-renait-a-hoffenheim-video#respond"]}]},{"@type":"WebPage","@id":"https:\/\/www.africa-press.net\/senegal\/sports\/gift-orban-linsatiable-buteur-renait-a-hoffenheim-video","url":"https:\/\/www.africa-press.net\/senegal\/sports\/gift-orban-linsatiable-buteur-renait-a-hoffenheim-video","name":"Gift Orban : L\u2019Insatiable Buteur Rena\u00eet \u00e0 Hoffenheim (Vid\u00e9o) - Senegal","isPartOf":{"@id":"https:\/\/www.africa-press.net\/senegal\/#website"},"primaryImageOfPage":{"@id":"https:\/\/www.africa-press.net\/senegal\/sports\/gift-orban-linsatiable-buteur-renait-a-hoffenheim-video#primaryimage"},"image":{"@id":"https:\/\/www.africa-press.net\/senegal\/sports\/gift-orban-linsatiable-buteur-renait-a-hoffenheim-video#primaryimage"},"thumbnailUrl":"https:\/\/static.africa-press.net\/senegal\/sites\/13\/2025\/01\/sm_1738095407.746404.jpg","datePublished":"2025-01-27T22:16:33+00:00","dateModified":"2025-05-05T00:58:18+00:00","author":{"@id":"https:\/\/www.africa-press.net\/senegal\/#\/schema\/person\/2b1cf3cd81a31e3cd26889ca66d677f1"},"description":"Ce dimanche en Bundesliga, Gift Orban a marque\u0301 son premier but sous les couleurs de son nouveau club, Hoffenheim. Orba ...","breadcrumb":{"@id":"https:\/\/www.africa-press.net\/senegal\/sports\/gift-orban-linsatiable-buteur-renait-a-hoffenheim-video#breadcrumb"},"inLanguage":"fr-FR","potentialAction":[{"@type":"ReadAction","target":["https:\/\/www.africa-press.net\/senegal\/sports\/gift-orban-linsatiable-buteur-renait-a-hoffenheim-video"]}]},{"@type":"ImageObject","inLanguage":"fr-FR","@id":"https:\/\/www.africa-press.net\/senegal\/sports\/gift-orban-linsatiable-buteur-renait-a-hoffenheim-video#primaryimage","url":"https:\/\/static.africa-press.net\/senegal\/sites\/13\/2025\/01\/sm_1738095407.746404.jpg","contentUrl":"https:\/\/static.africa-press.net\/senegal\/sites\/13\/2025\/01\/sm_1738095407.746404.jpg","width":900,"height":564,"caption":"Gift Orban : L\u2019Insatiable Buteur Rena\u00eet \u00e0 Hoffenheim (Vid\u00e9o)"},{"@type":"BreadcrumbList","@id":"https:\/\/www.africa-press.net\/senegal\/sports\/gift-orban-linsatiable-buteur-renait-a-hoffenheim-video#breadcrumb","itemListElement":[{"@type":"ListItem","position":1,"name":"Accueil","item":"https:\/\/www.africa-press.net\/senegal\/"},{"@type":"ListItem","position":2,"name":"Gift Orban : L\u2019Insatiable Buteur Rena\u00eet \u00e0 Hoffenheim (Vid\u00e9o)"}]},{"@type":"WebSite","@id":"https:\/\/www.africa-press.net\/senegal\/#website","url":"https:\/\/www.africa-press.net\/senegal\/","name":"Africa Press | Senegal | Homepage","description":"Just another Africa News Agency Sites site","potentialAction":[{"@type":"SearchAction","target":{"@type":"EntryPoint","urlTemplate":"https:\/\/www.africa-press.net\/senegal\/?s={search_term_string}"},"query-input":{"@type":"PropertyValueSpecification","valueRequired":true,"valueName":"search_term_string"}}],"inLanguage":"fr-FR"},{"@type":"Person","@id":"https:\/\/www.africa-press.net\/senegal\/#\/schema\/person\/2b1cf3cd81a31e3cd26889ca66d677f1","name":"cfeditorfr","url":"https:\/\/www.africa-press.net\/senegal\/author\/cfeditorfr"}]}},"_links":{"self":[{"href":"https:\/\/www.africa-press.net\/senegal\/wp-json\/wp\/v2\/posts\/65091","targetHints":{"allow":["GET"]}}],"collection":[{"href":"https:\/\/www.africa-press.net\/senegal\/wp-json\/wp\/v2\/posts"}],"about":[{"href":"https:\/\/www.africa-press.net\/senegal\/wp-json\/wp\/v2\/types\/post"}],"author":[{"embeddable":true,"href":"https:\/\/www.africa-press.net\/senegal\/wp-json\/wp\/v2\/users\/82"}],"replies":[{"embeddable":true,"href":"https:\/\/www.africa-press.net\/senegal\/wp-json\/wp\/v2\/comments?post=65091"}],"version-history":[{"count":0,"href":"https:\/\/www.africa-press.net\/senegal\/wp-json\/wp\/v2\/posts\/65091\/revisions"}],"wp:featuredmedia":[{"embeddable":true,"href":"https:\/\/www.africa-press.net\/senegal\/wp-json\/wp\/v2\/media\/65090"}],"wp:attachment":[{"href":"https:\/\/www.africa-press.net\/senegal\/wp-json\/wp\/v2\/media?parent=65091"}],"wp:term":[{"taxonomy":"category","embeddable":true,"href":"https:\/\/www.africa-press.net\/senegal\/wp-json\/wp\/v2\/categories?post=65091"},{"taxonomy":"post_tag","embeddable":true,"href":"https:\/\/www.africa-press.net\/senegal\/wp-json\/wp\/v2\/tags?post=65091"}],"curies":[{"name":"wp","href":"https:\/\/api.w.org\/{rel}","templated":true}]}}