{"id":65099,"date":"2025-01-27T22:19:22","date_gmt":"2025-01-27T22:19:22","guid":{"rendered":"https:\/\/www.africa-press.net\/senegal\/politique\/can-2025-maroc-comores-en-match-douverture-le-21-decembre"},"modified":"2025-05-05T01:06:40","modified_gmt":"2025-05-05T01:06:40","slug":"can-2025-maroc-comores-en-match-douverture-le-21-decembre","status":"publish","type":"post","link":"https:\/\/www.africa-press.net\/senegal\/sports\/can-2025-maroc-comores-en-match-douverture-le-21-decembre","title":{"rendered":"CAN 2025 : Maroc \u2013 Comores en Match D\u2019Ouverture le 21 D\u00e9cembre !"},"content":{"rendered":"<p><span style=\"color: #ff6600\"><strong>Africa-Press &#8211; Senegal. <\/strong><\/span>On connait l\u2019affiche du premier match de la CAN 2025. Elle vient d\u2019e\u0302tre re\u0301ve\u0301le\u0301 a\u0300 la faveur du tirage au sort de la compe\u0301tition qui se tient actuellement a\u0300 Rabat.<\/p>\n<p>Cette rencontre d\u2019ouverture opposera le pays organisateur, le Maroc, aux Comores dans le groupe A. Ce sera le 21 de\u0301cembre 2025.<\/p>\n<p>Le Maroc, souvent cite\u0301 parmi les grands favoris de cette e\u0301dition, aura a\u0300 c\u0153ur de de\u0301montrer sa force devant son public et d\u2019entamer la compe\u0301tition avec une victoire retentissante. Quant aux Comores, qui ne cessent de surprendre sur la sce\u0300ne africaine, elles auront a\u0300 c\u0153ur de prouver qu\u2019elles me\u0301ritent ve\u0301ritablement leur place parmi les meilleures nations du continent.<\/p>\n<p>Avec 24 e\u0301quipes engage\u0301es, cette 35e e\u0301dition de la Coupe d\u2019Afrique des Nations s\u2019annonce riche en e\u0301motions, ou\u0300 chaque se\u0301lection luttera pour de\u0301crocher le prestigieux trophe\u0301e continental.<\/p>\n<p><strong>Pour plus d&rsquo;informations et d&rsquo;analyses sur la <span style=\"color: #ff6600\">Senegal<\/span>, suivez <span style=\"color: #ff6600\">Africa-Press<\/span><\/strong><\/p>\n","protected":false},"excerpt":{"rendered":"<p>Africa-Press &#8211; Senegal. On connait l\u2019affiche du premier match de la CAN 2025. Elle vient d\u2019e\u0302tre re\u0301ve\u0301le\u0301 a\u0300 la faveur du tirage au sort de la compe\u0301tition qui se tient actuellement a\u0300 Rabat. Cette rencontre d\u2019ouverture opposera le pays organisateur, le Maroc, aux Comores dans le groupe A. Ce sera le 21 de\u0301cembre 2025. Le [&hellip;]<\/p>\n","protected":false},"author":82,"featured_media":65098,"comment_status":"open","ping_status":"closed","sticky":false,"template":"","format":"standard","meta":{"footnotes":""},"categories":[6,10],"tags":[44],"class_list":["post-65099","post","type-post","status-publish","format-standard","has-post-thumbnail","hentry","category-sports","category-toutes-les-actualites","tag-senegal-2"],"yoast_head":"<!-- This site is optimized with the Yoast SEO Premium plugin v26.1 (Yoast SEO v27.0) - https:\/\/yoast.com\/product\/yoast-seo-premium-wordpress\/ -->\n<title>CAN 2025 : Maroc \u2013 Comores en Match D\u2019Ouverture le 21 D\u00e9cembre ! - Senegal<\/title>\n<meta name=\"description\" content=\"On connait l\u2019affiche du premier match de la CAN 2025. Elle vient d\u2019e\u0302tre re\u0301ve\u0301le\u0301 a\u0300 la faveur du tirage au sort de la ...\" \/>\n<meta name=\"robots\" content=\"index, follow, max-snippet:-1, max-image-preview:large, max-video-preview:-1\" \/>\n<link rel=\"canonical\" href=\"https:\/\/www.africa-press.net\/senegal\/sports\/can-2025-maroc-comores-en-match-douverture-le-21-decembre\" \/>\n<meta property=\"og:locale\" content=\"fr_FR\" \/>\n<meta property=\"og:type\" content=\"article\" \/>\n<meta property=\"og:title\" content=\"CAN 2025 : Maroc \u2013 Comores en Match D\u2019Ouverture le 21 D\u00e9cembre !\" \/>\n<meta property=\"og:description\" content=\"On connait l\u2019affiche du premier match de la CAN 2025. Elle vient d\u2019e\u0302tre re\u0301ve\u0301le\u0301 a\u0300 la faveur du tirage au sort de la ...\" \/>\n<meta property=\"og:url\" content=\"https:\/\/www.africa-press.net\/senegal\/sports\/can-2025-maroc-comores-en-match-douverture-le-21-decembre\" \/>\n<meta property=\"og:site_name\" content=\"Senegal\" \/>\n<meta property=\"article:published_time\" content=\"2025-01-27T22:19:22+00:00\" \/>\n<meta property=\"article:modified_time\" content=\"2025-05-05T01:06:40+00:00\" \/>\n<meta property=\"og:image\" content=\"https:\/\/static.africa-press.net\/senegal\/sites\/13\/2025\/01\/sm_1738095783.340995.jpg\" \/>\n\t<meta property=\"og:image:width\" content=\"1280\" \/>\n\t<meta property=\"og:image:height\" content=\"909\" \/>\n\t<meta property=\"og:image:type\" content=\"image\/jpeg\" \/>\n<meta name=\"author\" content=\"cfeditorfr\" \/>\n<meta name=\"twitter:card\" content=\"summary_large_image\" \/>\n<meta name=\"twitter:label1\" content=\"\u00c9crit par\" \/>\n\t<meta name=\"twitter:data1\" content=\"cfeditorfr\" \/>\n\t<meta name=\"twitter:label2\" content=\"Dur\u00e9e de lecture estim\u00e9e\" \/>\n\t<meta name=\"twitter:data2\" content=\"1 minute\" \/>\n<script type=\"application\/ld+json\" class=\"yoast-schema-graph\">{\"@context\":\"https:\/\/schema.org\",\"@graph\":[{\"@type\":\"Article\",\"@id\":\"https:\/\/www.africa-press.net\/senegal\/sports\/can-2025-maroc-comores-en-match-douverture-le-21-decembre#article\",\"isPartOf\":{\"@id\":\"https:\/\/www.africa-press.net\/senegal\/sports\/can-2025-maroc-comores-en-match-douverture-le-21-decembre\"},\"author\":{\"name\":\"cfeditorfr\",\"@id\":\"https:\/\/www.africa-press.net\/senegal\/#\/schema\/person\/2b1cf3cd81a31e3cd26889ca66d677f1\"},\"headline\":\"CAN 2025 : Maroc \u2013 Comores en Match D\u2019Ouverture le 21 D\u00e9cembre !\",\"datePublished\":\"2025-01-27T22:19:22+00:00\",\"dateModified\":\"2025-05-05T01:06:40+00:00\",\"mainEntityOfPage\":{\"@id\":\"https:\/\/www.africa-press.net\/senegal\/sports\/can-2025-maroc-comores-en-match-douverture-le-21-decembre\"},\"wordCount\":184,\"commentCount\":0,\"image\":{\"@id\":\"https:\/\/www.africa-press.net\/senegal\/sports\/can-2025-maroc-comores-en-match-douverture-le-21-decembre#primaryimage\"},\"thumbnailUrl\":\"https:\/\/static.africa-press.net\/senegal\/sites\/13\/2025\/01\/sm_1738095783.340995.jpg\",\"keywords\":[\"Senegal\"],\"articleSection\":[\"Sports\",\"Toutes les actualit\u00e9s\"],\"inLanguage\":\"fr-FR\",\"potentialAction\":[{\"@type\":\"CommentAction\",\"name\":\"Comment\",\"target\":[\"https:\/\/www.africa-press.net\/senegal\/sports\/can-2025-maroc-comores-en-match-douverture-le-21-decembre#respond\"]}]},{\"@type\":\"WebPage\",\"@id\":\"https:\/\/www.africa-press.net\/senegal\/sports\/can-2025-maroc-comores-en-match-douverture-le-21-decembre\",\"url\":\"https:\/\/www.africa-press.net\/senegal\/sports\/can-2025-maroc-comores-en-match-douverture-le-21-decembre\",\"name\":\"CAN 2025 : Maroc \u2013 Comores en Match D\u2019Ouverture le 21 D\u00e9cembre ! - Senegal\",\"isPartOf\":{\"@id\":\"https:\/\/www.africa-press.net\/senegal\/#website\"},\"primaryImageOfPage\":{\"@id\":\"https:\/\/www.africa-press.net\/senegal\/sports\/can-2025-maroc-comores-en-match-douverture-le-21-decembre#primaryimage\"},\"image\":{\"@id\":\"https:\/\/www.africa-press.net\/senegal\/sports\/can-2025-maroc-comores-en-match-douverture-le-21-decembre#primaryimage\"},\"thumbnailUrl\":\"https:\/\/static.africa-press.net\/senegal\/sites\/13\/2025\/01\/sm_1738095783.340995.jpg\",\"datePublished\":\"2025-01-27T22:19:22+00:00\",\"dateModified\":\"2025-05-05T01:06:40+00:00\",\"author\":{\"@id\":\"https:\/\/www.africa-press.net\/senegal\/#\/schema\/person\/2b1cf3cd81a31e3cd26889ca66d677f1\"},\"description\":\"On connait l\u2019affiche du premier match de la CAN 2025. Elle vient d\u2019e\u0302tre re\u0301ve\u0301le\u0301 a\u0300 la faveur du tirage au sort de la ...\",\"breadcrumb\":{\"@id\":\"https:\/\/www.africa-press.net\/senegal\/sports\/can-2025-maroc-comores-en-match-douverture-le-21-decembre#breadcrumb\"},\"inLanguage\":\"fr-FR\",\"potentialAction\":[{\"@type\":\"ReadAction\",\"target\":[\"https:\/\/www.africa-press.net\/senegal\/sports\/can-2025-maroc-comores-en-match-douverture-le-21-decembre\"]}]},{\"@type\":\"ImageObject\",\"inLanguage\":\"fr-FR\",\"@id\":\"https:\/\/www.africa-press.net\/senegal\/sports\/can-2025-maroc-comores-en-match-douverture-le-21-decembre#primaryimage\",\"url\":\"https:\/\/static.africa-press.net\/senegal\/sites\/13\/2025\/01\/sm_1738095783.340995.jpg\",\"contentUrl\":\"https:\/\/static.africa-press.net\/senegal\/sites\/13\/2025\/01\/sm_1738095783.340995.jpg\",\"width\":1280,\"height\":909,\"caption\":\"CAN 2025 : Maroc \u2013 Comores en Match D\u2019Ouverture le 21 D\u00e9cembre !\"},{\"@type\":\"BreadcrumbList\",\"@id\":\"https:\/\/www.africa-press.net\/senegal\/sports\/can-2025-maroc-comores-en-match-douverture-le-21-decembre#breadcrumb\",\"itemListElement\":[{\"@type\":\"ListItem\",\"position\":1,\"name\":\"Accueil\",\"item\":\"https:\/\/www.africa-press.net\/senegal\/\"},{\"@type\":\"ListItem\",\"position\":2,\"name\":\"CAN 2025 : Maroc \u2013 Comores en Match D\u2019Ouverture le 21 D\u00e9cembre !\"}]},{\"@type\":\"WebSite\",\"@id\":\"https:\/\/www.africa-press.net\/senegal\/#website\",\"url\":\"https:\/\/www.africa-press.net\/senegal\/\",\"name\":\"Africa Press | Senegal | Homepage\",\"description\":\"Just another Africa News Agency Sites site\",\"potentialAction\":[{\"@type\":\"SearchAction\",\"target\":{\"@type\":\"EntryPoint\",\"urlTemplate\":\"https:\/\/www.africa-press.net\/senegal\/?s={search_term_string}\"},\"query-input\":{\"@type\":\"PropertyValueSpecification\",\"valueRequired\":true,\"valueName\":\"search_term_string\"}}],\"inLanguage\":\"fr-FR\"},{\"@type\":\"Person\",\"@id\":\"https:\/\/www.africa-press.net\/senegal\/#\/schema\/person\/2b1cf3cd81a31e3cd26889ca66d677f1\",\"name\":\"cfeditorfr\",\"url\":\"https:\/\/www.africa-press.net\/senegal\/author\/cfeditorfr\"}]}<\/script>\n<!-- \/ Yoast SEO Premium plugin. -->","yoast_head_json":{"title":"CAN 2025 : Maroc \u2013 Comores en Match D\u2019Ouverture le 21 D\u00e9cembre ! - Senegal","description":"On connait l\u2019affiche du premier match de la CAN 2025. Elle vient d\u2019e\u0302tre re\u0301ve\u0301le\u0301 a\u0300 la faveur du tirage au sort de la ...","robots":{"index":"index","follow":"follow","max-snippet":"max-snippet:-1","max-image-preview":"max-image-preview:large","max-video-preview":"max-video-preview:-1"},"canonical":"https:\/\/www.africa-press.net\/senegal\/sports\/can-2025-maroc-comores-en-match-douverture-le-21-decembre","og_locale":"fr_FR","og_type":"article","og_title":"CAN 2025 : Maroc \u2013 Comores en Match D\u2019Ouverture le 21 D\u00e9cembre !","og_description":"On connait l\u2019affiche du premier match de la CAN 2025. Elle vient d\u2019e\u0302tre re\u0301ve\u0301le\u0301 a\u0300 la faveur du tirage au sort de la ...","og_url":"https:\/\/www.africa-press.net\/senegal\/sports\/can-2025-maroc-comores-en-match-douverture-le-21-decembre","og_site_name":"Senegal","article_published_time":"2025-01-27T22:19:22+00:00","article_modified_time":"2025-05-05T01:06:40+00:00","og_image":[{"width":1280,"height":909,"url":"https:\/\/static.africa-press.net\/senegal\/sites\/13\/2025\/01\/sm_1738095783.340995.jpg","type":"image\/jpeg"}],"author":"cfeditorfr","twitter_card":"summary_large_image","twitter_misc":{"\u00c9crit par":"cfeditorfr","Dur\u00e9e de lecture estim\u00e9e":"1 minute"},"schema":{"@context":"https:\/\/schema.org","@graph":[{"@type":"Article","@id":"https:\/\/www.africa-press.net\/senegal\/sports\/can-2025-maroc-comores-en-match-douverture-le-21-decembre#article","isPartOf":{"@id":"https:\/\/www.africa-press.net\/senegal\/sports\/can-2025-maroc-comores-en-match-douverture-le-21-decembre"},"author":{"name":"cfeditorfr","@id":"https:\/\/www.africa-press.net\/senegal\/#\/schema\/person\/2b1cf3cd81a31e3cd26889ca66d677f1"},"headline":"CAN 2025 : Maroc \u2013 Comores en Match D\u2019Ouverture le 21 D\u00e9cembre !","datePublished":"2025-01-27T22:19:22+00:00","dateModified":"2025-05-05T01:06:40+00:00","mainEntityOfPage":{"@id":"https:\/\/www.africa-press.net\/senegal\/sports\/can-2025-maroc-comores-en-match-douverture-le-21-decembre"},"wordCount":184,"commentCount":0,"image":{"@id":"https:\/\/www.africa-press.net\/senegal\/sports\/can-2025-maroc-comores-en-match-douverture-le-21-decembre#primaryimage"},"thumbnailUrl":"https:\/\/static.africa-press.net\/senegal\/sites\/13\/2025\/01\/sm_1738095783.340995.jpg","keywords":["Senegal"],"articleSection":["Sports","Toutes les actualit\u00e9s"],"inLanguage":"fr-FR","potentialAction":[{"@type":"CommentAction","name":"Comment","target":["https:\/\/www.africa-press.net\/senegal\/sports\/can-2025-maroc-comores-en-match-douverture-le-21-decembre#respond"]}]},{"@type":"WebPage","@id":"https:\/\/www.africa-press.net\/senegal\/sports\/can-2025-maroc-comores-en-match-douverture-le-21-decembre","url":"https:\/\/www.africa-press.net\/senegal\/sports\/can-2025-maroc-comores-en-match-douverture-le-21-decembre","name":"CAN 2025 : Maroc \u2013 Comores en Match D\u2019Ouverture le 21 D\u00e9cembre ! - Senegal","isPartOf":{"@id":"https:\/\/www.africa-press.net\/senegal\/#website"},"primaryImageOfPage":{"@id":"https:\/\/www.africa-press.net\/senegal\/sports\/can-2025-maroc-comores-en-match-douverture-le-21-decembre#primaryimage"},"image":{"@id":"https:\/\/www.africa-press.net\/senegal\/sports\/can-2025-maroc-comores-en-match-douverture-le-21-decembre#primaryimage"},"thumbnailUrl":"https:\/\/static.africa-press.net\/senegal\/sites\/13\/2025\/01\/sm_1738095783.340995.jpg","datePublished":"2025-01-27T22:19:22+00:00","dateModified":"2025-05-05T01:06:40+00:00","author":{"@id":"https:\/\/www.africa-press.net\/senegal\/#\/schema\/person\/2b1cf3cd81a31e3cd26889ca66d677f1"},"description":"On connait l\u2019affiche du premier match de la CAN 2025. Elle vient d\u2019e\u0302tre re\u0301ve\u0301le\u0301 a\u0300 la faveur du tirage au sort de la ...","breadcrumb":{"@id":"https:\/\/www.africa-press.net\/senegal\/sports\/can-2025-maroc-comores-en-match-douverture-le-21-decembre#breadcrumb"},"inLanguage":"fr-FR","potentialAction":[{"@type":"ReadAction","target":["https:\/\/www.africa-press.net\/senegal\/sports\/can-2025-maroc-comores-en-match-douverture-le-21-decembre"]}]},{"@type":"ImageObject","inLanguage":"fr-FR","@id":"https:\/\/www.africa-press.net\/senegal\/sports\/can-2025-maroc-comores-en-match-douverture-le-21-decembre#primaryimage","url":"https:\/\/static.africa-press.net\/senegal\/sites\/13\/2025\/01\/sm_1738095783.340995.jpg","contentUrl":"https:\/\/static.africa-press.net\/senegal\/sites\/13\/2025\/01\/sm_1738095783.340995.jpg","width":1280,"height":909,"caption":"CAN 2025 : Maroc \u2013 Comores en Match D\u2019Ouverture le 21 D\u00e9cembre !"},{"@type":"BreadcrumbList","@id":"https:\/\/www.africa-press.net\/senegal\/sports\/can-2025-maroc-comores-en-match-douverture-le-21-decembre#breadcrumb","itemListElement":[{"@type":"ListItem","position":1,"name":"Accueil","item":"https:\/\/www.africa-press.net\/senegal\/"},{"@type":"ListItem","position":2,"name":"CAN 2025 : Maroc \u2013 Comores en Match D\u2019Ouverture le 21 D\u00e9cembre !"}]},{"@type":"WebSite","@id":"https:\/\/www.africa-press.net\/senegal\/#website","url":"https:\/\/www.africa-press.net\/senegal\/","name":"Africa Press | Senegal | Homepage","description":"Just another Africa News Agency Sites site","potentialAction":[{"@type":"SearchAction","target":{"@type":"EntryPoint","urlTemplate":"https:\/\/www.africa-press.net\/senegal\/?s={search_term_string}"},"query-input":{"@type":"PropertyValueSpecification","valueRequired":true,"valueName":"search_term_string"}}],"inLanguage":"fr-FR"},{"@type":"Person","@id":"https:\/\/www.africa-press.net\/senegal\/#\/schema\/person\/2b1cf3cd81a31e3cd26889ca66d677f1","name":"cfeditorfr","url":"https:\/\/www.africa-press.net\/senegal\/author\/cfeditorfr"}]}},"_links":{"self":[{"href":"https:\/\/www.africa-press.net\/senegal\/wp-json\/wp\/v2\/posts\/65099","targetHints":{"allow":["GET"]}}],"collection":[{"href":"https:\/\/www.africa-press.net\/senegal\/wp-json\/wp\/v2\/posts"}],"about":[{"href":"https:\/\/www.africa-press.net\/senegal\/wp-json\/wp\/v2\/types\/post"}],"author":[{"embeddable":true,"href":"https:\/\/www.africa-press.net\/senegal\/wp-json\/wp\/v2\/users\/82"}],"replies":[{"embeddable":true,"href":"https:\/\/www.africa-press.net\/senegal\/wp-json\/wp\/v2\/comments?post=65099"}],"version-history":[{"count":0,"href":"https:\/\/www.africa-press.net\/senegal\/wp-json\/wp\/v2\/posts\/65099\/revisions"}],"wp:featuredmedia":[{"embeddable":true,"href":"https:\/\/www.africa-press.net\/senegal\/wp-json\/wp\/v2\/media\/65098"}],"wp:attachment":[{"href":"https:\/\/www.africa-press.net\/senegal\/wp-json\/wp\/v2\/media?parent=65099"}],"wp:term":[{"taxonomy":"category","embeddable":true,"href":"https:\/\/www.africa-press.net\/senegal\/wp-json\/wp\/v2\/categories?post=65099"},{"taxonomy":"post_tag","embeddable":true,"href":"https:\/\/www.africa-press.net\/senegal\/wp-json\/wp\/v2\/tags?post=65099"}],"curies":[{"name":"wp","href":"https:\/\/api.w.org\/{rel}","templated":true}]}}