{"id":65107,"date":"2025-01-28T22:22:59","date_gmt":"2025-01-28T22:22:59","guid":{"rendered":"https:\/\/www.africa-press.net\/senegal\/politique\/emerse-fae-entraineur-cote-divoire-on-doit-garder-notre-grinta"},"modified":"2025-05-05T01:14:57","modified_gmt":"2025-05-05T01:14:57","slug":"emerse-fae-entraineur-cote-divoire-on-doit-garder-notre-grinta","status":"publish","type":"post","link":"https:\/\/www.africa-press.net\/senegal\/sports\/emerse-fae-entraineur-cote-divoire-on-doit-garder-notre-grinta","title":{"rendered":"Emerse Fae (Entra\u00eeneur C\u00f4te D\u2019Ivoire) : \u00ab on Doit Garder Notre Grinta \u00bb"},"content":{"rendered":"<p><span style=\"color: #ff6600\"><strong>Africa-Press &#8211; Senegal. <\/strong><\/span>En marge du tirage au sort de la CAN 2025, Emerse Fae, le se\u0301lectionneur de la Co\u0302te d\u2019Ivoire s\u2019est prononce\u0301 sur le challenge qui attend son e\u0301quipe.<\/p>\n<p>Champions en titre, les E\u0301le\u0301phants savent qu\u2019ils seront tre\u0300s attendus. Au micro de Dounia Mesli, leur entrai\u0302neur a e\u0301voque\u0301 la dynamique dans laquelle son e\u0301quipe doit aborder cette compe\u0301tition.<\/p>\n<p>\u00ab Le Maroc, demi-finaliste de Coupe du Monde, joue chez lui et vise la victoire. Mais nous, on doit garder notre grinta et notre fight spirit, sinon on ne passera me\u0302me pas le 1er tour. Toutes les e\u0301quipes progressent, me\u0302me le Mozambique en Chapeau 4 est redoutable. On remet notre titre en jeu avec envie et e\u0301nergie \u00bb<\/p>\n<p>Interroge\u0301 sur l\u2019effectif des E\u0301le\u0301phants et la place des jeunes talents, le se\u0301lectionneur ivoirien s\u2019est voulu clair.<\/p>\n<p>\u00ab On a encore du temps avant novembre: jeunes talents a\u0300 e\u0301merger , joueurs confirme\u0301s a\u0300 conforter leur place. Avec le mercato et de nouveaux de\u0301fis, la concurrence saine nous pousse a\u0300 avancer. En novembre, on fera le bilan et on prendra les meilleurs pour atteindre notre objectif !\u201d<\/p>\n<p><strong>Pour plus d&rsquo;informations et d&rsquo;analyses sur la <span style=\"color: #ff6600\">Senegal<\/span>, suivez <span style=\"color: #ff6600\">Africa-Press<\/span><\/strong><\/p>\n","protected":false},"excerpt":{"rendered":"<p>Africa-Press &#8211; Senegal. En marge du tirage au sort de la CAN 2025, Emerse Fae, le se\u0301lectionneur de la Co\u0302te d\u2019Ivoire s\u2019est prononce\u0301 sur le challenge qui attend son e\u0301quipe. Champions en titre, les E\u0301le\u0301phants savent qu\u2019ils seront tre\u0300s attendus. Au micro de Dounia Mesli, leur entrai\u0302neur a e\u0301voque\u0301 la dynamique dans laquelle son e\u0301quipe [&hellip;]<\/p>\n","protected":false},"author":82,"featured_media":65106,"comment_status":"open","ping_status":"closed","sticky":false,"template":"","format":"standard","meta":{"footnotes":""},"categories":[6,10],"tags":[44],"class_list":["post-65107","post","type-post","status-publish","format-standard","has-post-thumbnail","hentry","category-sports","category-toutes-les-actualites","tag-senegal-2"],"yoast_head":"<!-- This site is optimized with the Yoast SEO Premium plugin v26.1 (Yoast SEO v27.0) - https:\/\/yoast.com\/product\/yoast-seo-premium-wordpress\/ -->\n<title>Emerse Fae (Entra\u00eeneur C\u00f4te D\u2019Ivoire) : \u00ab on Doit Garder Notre Grinta \u00bb - Senegal<\/title>\n<meta name=\"description\" content=\"En marge du tirage au sort de la CAN 2025, Emerse Fae, le se\u0301lectionneur de la Co\u0302te d\u2019Ivoire s\u2019est prononce\u0301 sur le cha ...\" \/>\n<meta name=\"robots\" content=\"index, follow, max-snippet:-1, max-image-preview:large, max-video-preview:-1\" \/>\n<link rel=\"canonical\" href=\"https:\/\/www.africa-press.net\/senegal\/sports\/emerse-fae-entraineur-cote-divoire-on-doit-garder-notre-grinta\" \/>\n<meta property=\"og:locale\" content=\"fr_FR\" \/>\n<meta property=\"og:type\" content=\"article\" \/>\n<meta property=\"og:title\" content=\"Emerse Fae (Entra\u00eeneur C\u00f4te D\u2019Ivoire) : \u00ab on Doit Garder Notre Grinta \u00bb\" \/>\n<meta property=\"og:description\" content=\"En marge du tirage au sort de la CAN 2025, Emerse Fae, le se\u0301lectionneur de la Co\u0302te d\u2019Ivoire s\u2019est prononce\u0301 sur le cha ...\" \/>\n<meta property=\"og:url\" content=\"https:\/\/www.africa-press.net\/senegal\/sports\/emerse-fae-entraineur-cote-divoire-on-doit-garder-notre-grinta\" \/>\n<meta property=\"og:site_name\" content=\"Senegal\" \/>\n<meta property=\"article:published_time\" content=\"2025-01-28T22:22:59+00:00\" \/>\n<meta property=\"article:modified_time\" content=\"2025-05-05T01:14:57+00:00\" \/>\n<meta property=\"og:image\" content=\"https:\/\/static.africa-press.net\/senegal\/sites\/13\/2025\/01\/sm_1738096191.849838.jpg\" \/>\n\t<meta property=\"og:image:width\" content=\"1200\" \/>\n\t<meta property=\"og:image:height\" content=\"680\" \/>\n\t<meta property=\"og:image:type\" content=\"image\/jpeg\" \/>\n<meta name=\"author\" content=\"cfeditorfr\" \/>\n<meta name=\"twitter:card\" content=\"summary_large_image\" \/>\n<meta name=\"twitter:label1\" content=\"\u00c9crit par\" \/>\n\t<meta name=\"twitter:data1\" content=\"cfeditorfr\" \/>\n\t<meta name=\"twitter:label2\" content=\"Dur\u00e9e de lecture estim\u00e9e\" \/>\n\t<meta name=\"twitter:data2\" content=\"1 minute\" \/>\n<script type=\"application\/ld+json\" class=\"yoast-schema-graph\">{\"@context\":\"https:\/\/schema.org\",\"@graph\":[{\"@type\":\"Article\",\"@id\":\"https:\/\/www.africa-press.net\/senegal\/sports\/emerse-fae-entraineur-cote-divoire-on-doit-garder-notre-grinta#article\",\"isPartOf\":{\"@id\":\"https:\/\/www.africa-press.net\/senegal\/sports\/emerse-fae-entraineur-cote-divoire-on-doit-garder-notre-grinta\"},\"author\":{\"name\":\"cfeditorfr\",\"@id\":\"https:\/\/www.africa-press.net\/senegal\/#\/schema\/person\/2b1cf3cd81a31e3cd26889ca66d677f1\"},\"headline\":\"Emerse Fae (Entra\u00eeneur C\u00f4te D\u2019Ivoire) : \u00ab on Doit Garder Notre Grinta \u00bb\",\"datePublished\":\"2025-01-28T22:22:59+00:00\",\"dateModified\":\"2025-05-05T01:14:57+00:00\",\"mainEntityOfPage\":{\"@id\":\"https:\/\/www.africa-press.net\/senegal\/sports\/emerse-fae-entraineur-cote-divoire-on-doit-garder-notre-grinta\"},\"wordCount\":226,\"commentCount\":0,\"image\":{\"@id\":\"https:\/\/www.africa-press.net\/senegal\/sports\/emerse-fae-entraineur-cote-divoire-on-doit-garder-notre-grinta#primaryimage\"},\"thumbnailUrl\":\"https:\/\/static.africa-press.net\/senegal\/sites\/13\/2025\/01\/sm_1738096191.849838.jpg\",\"keywords\":[\"Senegal\"],\"articleSection\":[\"Sports\",\"Toutes les actualit\u00e9s\"],\"inLanguage\":\"fr-FR\",\"potentialAction\":[{\"@type\":\"CommentAction\",\"name\":\"Comment\",\"target\":[\"https:\/\/www.africa-press.net\/senegal\/sports\/emerse-fae-entraineur-cote-divoire-on-doit-garder-notre-grinta#respond\"]}]},{\"@type\":\"WebPage\",\"@id\":\"https:\/\/www.africa-press.net\/senegal\/sports\/emerse-fae-entraineur-cote-divoire-on-doit-garder-notre-grinta\",\"url\":\"https:\/\/www.africa-press.net\/senegal\/sports\/emerse-fae-entraineur-cote-divoire-on-doit-garder-notre-grinta\",\"name\":\"Emerse Fae (Entra\u00eeneur C\u00f4te D\u2019Ivoire) : \u00ab on Doit Garder Notre Grinta \u00bb - Senegal\",\"isPartOf\":{\"@id\":\"https:\/\/www.africa-press.net\/senegal\/#website\"},\"primaryImageOfPage\":{\"@id\":\"https:\/\/www.africa-press.net\/senegal\/sports\/emerse-fae-entraineur-cote-divoire-on-doit-garder-notre-grinta#primaryimage\"},\"image\":{\"@id\":\"https:\/\/www.africa-press.net\/senegal\/sports\/emerse-fae-entraineur-cote-divoire-on-doit-garder-notre-grinta#primaryimage\"},\"thumbnailUrl\":\"https:\/\/static.africa-press.net\/senegal\/sites\/13\/2025\/01\/sm_1738096191.849838.jpg\",\"datePublished\":\"2025-01-28T22:22:59+00:00\",\"dateModified\":\"2025-05-05T01:14:57+00:00\",\"author\":{\"@id\":\"https:\/\/www.africa-press.net\/senegal\/#\/schema\/person\/2b1cf3cd81a31e3cd26889ca66d677f1\"},\"description\":\"En marge du tirage au sort de la CAN 2025, Emerse Fae, le se\u0301lectionneur de la Co\u0302te d\u2019Ivoire s\u2019est prononce\u0301 sur le cha ...\",\"breadcrumb\":{\"@id\":\"https:\/\/www.africa-press.net\/senegal\/sports\/emerse-fae-entraineur-cote-divoire-on-doit-garder-notre-grinta#breadcrumb\"},\"inLanguage\":\"fr-FR\",\"potentialAction\":[{\"@type\":\"ReadAction\",\"target\":[\"https:\/\/www.africa-press.net\/senegal\/sports\/emerse-fae-entraineur-cote-divoire-on-doit-garder-notre-grinta\"]}]},{\"@type\":\"ImageObject\",\"inLanguage\":\"fr-FR\",\"@id\":\"https:\/\/www.africa-press.net\/senegal\/sports\/emerse-fae-entraineur-cote-divoire-on-doit-garder-notre-grinta#primaryimage\",\"url\":\"https:\/\/static.africa-press.net\/senegal\/sites\/13\/2025\/01\/sm_1738096191.849838.jpg\",\"contentUrl\":\"https:\/\/static.africa-press.net\/senegal\/sites\/13\/2025\/01\/sm_1738096191.849838.jpg\",\"width\":1200,\"height\":680,\"caption\":\"Emerse Fae (Entra\u00eeneur C\u00f4te D\u2019Ivoire) : \u00ab on Doit Garder Notre Grinta \u00bb\"},{\"@type\":\"BreadcrumbList\",\"@id\":\"https:\/\/www.africa-press.net\/senegal\/sports\/emerse-fae-entraineur-cote-divoire-on-doit-garder-notre-grinta#breadcrumb\",\"itemListElement\":[{\"@type\":\"ListItem\",\"position\":1,\"name\":\"Accueil\",\"item\":\"https:\/\/www.africa-press.net\/senegal\/\"},{\"@type\":\"ListItem\",\"position\":2,\"name\":\"Emerse Fae (Entra\u00eeneur C\u00f4te D\u2019Ivoire) : \u00ab on Doit Garder Notre Grinta \u00bb\"}]},{\"@type\":\"WebSite\",\"@id\":\"https:\/\/www.africa-press.net\/senegal\/#website\",\"url\":\"https:\/\/www.africa-press.net\/senegal\/\",\"name\":\"Africa Press | Senegal | Homepage\",\"description\":\"Just another Africa News Agency Sites site\",\"potentialAction\":[{\"@type\":\"SearchAction\",\"target\":{\"@type\":\"EntryPoint\",\"urlTemplate\":\"https:\/\/www.africa-press.net\/senegal\/?s={search_term_string}\"},\"query-input\":{\"@type\":\"PropertyValueSpecification\",\"valueRequired\":true,\"valueName\":\"search_term_string\"}}],\"inLanguage\":\"fr-FR\"},{\"@type\":\"Person\",\"@id\":\"https:\/\/www.africa-press.net\/senegal\/#\/schema\/person\/2b1cf3cd81a31e3cd26889ca66d677f1\",\"name\":\"cfeditorfr\",\"url\":\"https:\/\/www.africa-press.net\/senegal\/author\/cfeditorfr\"}]}<\/script>\n<!-- \/ Yoast SEO Premium plugin. -->","yoast_head_json":{"title":"Emerse Fae (Entra\u00eeneur C\u00f4te D\u2019Ivoire) : \u00ab on Doit Garder Notre Grinta \u00bb - Senegal","description":"En marge du tirage au sort de la CAN 2025, Emerse Fae, le se\u0301lectionneur de la Co\u0302te d\u2019Ivoire s\u2019est prononce\u0301 sur le cha ...","robots":{"index":"index","follow":"follow","max-snippet":"max-snippet:-1","max-image-preview":"max-image-preview:large","max-video-preview":"max-video-preview:-1"},"canonical":"https:\/\/www.africa-press.net\/senegal\/sports\/emerse-fae-entraineur-cote-divoire-on-doit-garder-notre-grinta","og_locale":"fr_FR","og_type":"article","og_title":"Emerse Fae (Entra\u00eeneur C\u00f4te D\u2019Ivoire) : \u00ab on Doit Garder Notre Grinta \u00bb","og_description":"En marge du tirage au sort de la CAN 2025, Emerse Fae, le se\u0301lectionneur de la Co\u0302te d\u2019Ivoire s\u2019est prononce\u0301 sur le cha ...","og_url":"https:\/\/www.africa-press.net\/senegal\/sports\/emerse-fae-entraineur-cote-divoire-on-doit-garder-notre-grinta","og_site_name":"Senegal","article_published_time":"2025-01-28T22:22:59+00:00","article_modified_time":"2025-05-05T01:14:57+00:00","og_image":[{"width":1200,"height":680,"url":"https:\/\/static.africa-press.net\/senegal\/sites\/13\/2025\/01\/sm_1738096191.849838.jpg","type":"image\/jpeg"}],"author":"cfeditorfr","twitter_card":"summary_large_image","twitter_misc":{"\u00c9crit par":"cfeditorfr","Dur\u00e9e de lecture estim\u00e9e":"1 minute"},"schema":{"@context":"https:\/\/schema.org","@graph":[{"@type":"Article","@id":"https:\/\/www.africa-press.net\/senegal\/sports\/emerse-fae-entraineur-cote-divoire-on-doit-garder-notre-grinta#article","isPartOf":{"@id":"https:\/\/www.africa-press.net\/senegal\/sports\/emerse-fae-entraineur-cote-divoire-on-doit-garder-notre-grinta"},"author":{"name":"cfeditorfr","@id":"https:\/\/www.africa-press.net\/senegal\/#\/schema\/person\/2b1cf3cd81a31e3cd26889ca66d677f1"},"headline":"Emerse Fae (Entra\u00eeneur C\u00f4te D\u2019Ivoire) : \u00ab on Doit Garder Notre Grinta \u00bb","datePublished":"2025-01-28T22:22:59+00:00","dateModified":"2025-05-05T01:14:57+00:00","mainEntityOfPage":{"@id":"https:\/\/www.africa-press.net\/senegal\/sports\/emerse-fae-entraineur-cote-divoire-on-doit-garder-notre-grinta"},"wordCount":226,"commentCount":0,"image":{"@id":"https:\/\/www.africa-press.net\/senegal\/sports\/emerse-fae-entraineur-cote-divoire-on-doit-garder-notre-grinta#primaryimage"},"thumbnailUrl":"https:\/\/static.africa-press.net\/senegal\/sites\/13\/2025\/01\/sm_1738096191.849838.jpg","keywords":["Senegal"],"articleSection":["Sports","Toutes les actualit\u00e9s"],"inLanguage":"fr-FR","potentialAction":[{"@type":"CommentAction","name":"Comment","target":["https:\/\/www.africa-press.net\/senegal\/sports\/emerse-fae-entraineur-cote-divoire-on-doit-garder-notre-grinta#respond"]}]},{"@type":"WebPage","@id":"https:\/\/www.africa-press.net\/senegal\/sports\/emerse-fae-entraineur-cote-divoire-on-doit-garder-notre-grinta","url":"https:\/\/www.africa-press.net\/senegal\/sports\/emerse-fae-entraineur-cote-divoire-on-doit-garder-notre-grinta","name":"Emerse Fae (Entra\u00eeneur C\u00f4te D\u2019Ivoire) : \u00ab on Doit Garder Notre Grinta \u00bb - Senegal","isPartOf":{"@id":"https:\/\/www.africa-press.net\/senegal\/#website"},"primaryImageOfPage":{"@id":"https:\/\/www.africa-press.net\/senegal\/sports\/emerse-fae-entraineur-cote-divoire-on-doit-garder-notre-grinta#primaryimage"},"image":{"@id":"https:\/\/www.africa-press.net\/senegal\/sports\/emerse-fae-entraineur-cote-divoire-on-doit-garder-notre-grinta#primaryimage"},"thumbnailUrl":"https:\/\/static.africa-press.net\/senegal\/sites\/13\/2025\/01\/sm_1738096191.849838.jpg","datePublished":"2025-01-28T22:22:59+00:00","dateModified":"2025-05-05T01:14:57+00:00","author":{"@id":"https:\/\/www.africa-press.net\/senegal\/#\/schema\/person\/2b1cf3cd81a31e3cd26889ca66d677f1"},"description":"En marge du tirage au sort de la CAN 2025, Emerse Fae, le se\u0301lectionneur de la Co\u0302te d\u2019Ivoire s\u2019est prononce\u0301 sur le cha ...","breadcrumb":{"@id":"https:\/\/www.africa-press.net\/senegal\/sports\/emerse-fae-entraineur-cote-divoire-on-doit-garder-notre-grinta#breadcrumb"},"inLanguage":"fr-FR","potentialAction":[{"@type":"ReadAction","target":["https:\/\/www.africa-press.net\/senegal\/sports\/emerse-fae-entraineur-cote-divoire-on-doit-garder-notre-grinta"]}]},{"@type":"ImageObject","inLanguage":"fr-FR","@id":"https:\/\/www.africa-press.net\/senegal\/sports\/emerse-fae-entraineur-cote-divoire-on-doit-garder-notre-grinta#primaryimage","url":"https:\/\/static.africa-press.net\/senegal\/sites\/13\/2025\/01\/sm_1738096191.849838.jpg","contentUrl":"https:\/\/static.africa-press.net\/senegal\/sites\/13\/2025\/01\/sm_1738096191.849838.jpg","width":1200,"height":680,"caption":"Emerse Fae (Entra\u00eeneur C\u00f4te D\u2019Ivoire) : \u00ab on Doit Garder Notre Grinta \u00bb"},{"@type":"BreadcrumbList","@id":"https:\/\/www.africa-press.net\/senegal\/sports\/emerse-fae-entraineur-cote-divoire-on-doit-garder-notre-grinta#breadcrumb","itemListElement":[{"@type":"ListItem","position":1,"name":"Accueil","item":"https:\/\/www.africa-press.net\/senegal\/"},{"@type":"ListItem","position":2,"name":"Emerse Fae (Entra\u00eeneur C\u00f4te D\u2019Ivoire) : \u00ab on Doit Garder Notre Grinta \u00bb"}]},{"@type":"WebSite","@id":"https:\/\/www.africa-press.net\/senegal\/#website","url":"https:\/\/www.africa-press.net\/senegal\/","name":"Africa Press | Senegal | Homepage","description":"Just another Africa News Agency Sites site","potentialAction":[{"@type":"SearchAction","target":{"@type":"EntryPoint","urlTemplate":"https:\/\/www.africa-press.net\/senegal\/?s={search_term_string}"},"query-input":{"@type":"PropertyValueSpecification","valueRequired":true,"valueName":"search_term_string"}}],"inLanguage":"fr-FR"},{"@type":"Person","@id":"https:\/\/www.africa-press.net\/senegal\/#\/schema\/person\/2b1cf3cd81a31e3cd26889ca66d677f1","name":"cfeditorfr","url":"https:\/\/www.africa-press.net\/senegal\/author\/cfeditorfr"}]}},"_links":{"self":[{"href":"https:\/\/www.africa-press.net\/senegal\/wp-json\/wp\/v2\/posts\/65107","targetHints":{"allow":["GET"]}}],"collection":[{"href":"https:\/\/www.africa-press.net\/senegal\/wp-json\/wp\/v2\/posts"}],"about":[{"href":"https:\/\/www.africa-press.net\/senegal\/wp-json\/wp\/v2\/types\/post"}],"author":[{"embeddable":true,"href":"https:\/\/www.africa-press.net\/senegal\/wp-json\/wp\/v2\/users\/82"}],"replies":[{"embeddable":true,"href":"https:\/\/www.africa-press.net\/senegal\/wp-json\/wp\/v2\/comments?post=65107"}],"version-history":[{"count":0,"href":"https:\/\/www.africa-press.net\/senegal\/wp-json\/wp\/v2\/posts\/65107\/revisions"}],"wp:featuredmedia":[{"embeddable":true,"href":"https:\/\/www.africa-press.net\/senegal\/wp-json\/wp\/v2\/media\/65106"}],"wp:attachment":[{"href":"https:\/\/www.africa-press.net\/senegal\/wp-json\/wp\/v2\/media?parent=65107"}],"wp:term":[{"taxonomy":"category","embeddable":true,"href":"https:\/\/www.africa-press.net\/senegal\/wp-json\/wp\/v2\/categories?post=65107"},{"taxonomy":"post_tag","embeddable":true,"href":"https:\/\/www.africa-press.net\/senegal\/wp-json\/wp\/v2\/tags?post=65107"}],"curies":[{"name":"wp","href":"https:\/\/api.w.org\/{rel}","templated":true}]}}