{"id":65109,"date":"2025-01-28T22:24:34","date_gmt":"2025-01-28T22:24:34","guid":{"rendered":"https:\/\/www.africa-press.net\/senegal\/politique\/valence-apres-sadiq-une-autre-star-nigeriane-atterrit"},"modified":"2025-05-05T01:17:05","modified_gmt":"2025-05-05T01:17:05","slug":"valence-apres-sadiq-une-autre-star-nigeriane-atterrit","status":"publish","type":"post","link":"https:\/\/www.africa-press.net\/senegal\/sports\/valence-apres-sadiq-une-autre-star-nigeriane-atterrit","title":{"rendered":"Valence : Apr\u00e8s Sadiq, une Autre Star Nig\u00e9riane Atterrit"},"content":{"rendered":"<p><span style=\"color: #ff6600\"><strong>Africa-Press &#8211; Senegal. <\/strong><\/span>L\u2019e\u0301quipe fe\u0301minine de Valence annonce la signature officielle de l\u2019attaquant nige\u0301riane, Ezekiel Motunrayo.<\/p>\n<p>L\u2019e\u0301quipe masculine de Valence a attire\u0301 la signature en pre\u0302t d\u2019Umar Sadiq cet hiver. La version fe\u0301minine a maintenant annonce\u0301 une autre star de nationalite\u0301 nige\u0301riane.<\/p>\n<p>Motunrayo a e\u0301te\u0301 annonce\u0301 ce lundi comme nouvelle recrue de l\u2019e\u0301quipe fe\u0301minine de Valence. L\u2019ancienne joueuse des Naija Ratels et Rivers Angeles au Nigeria vient la\u0300 de faire un pas de ge\u0301ant dans sa carrie\u0300re.<\/p>\n<p>\u00ab Le Valencia CF Femenino a conclu un accord avec l\u2019attaquante internationale nige\u0301riane Ezekiel Motunrayo, 21 ans, pour porter le maillot noir et blanc jusqu\u2019au 30 juin 2026 \u00bb, lit-on dans le communique\u0301 officiel.<\/p>\n<p><strong>Pour plus d&rsquo;informations et d&rsquo;analyses sur la <span style=\"color: #ff6600\">Senegal<\/span>, suivez <span style=\"color: #ff6600\">Africa-Press<\/span><\/strong><\/p>\n","protected":false},"excerpt":{"rendered":"<p>Africa-Press &#8211; Senegal. L\u2019e\u0301quipe fe\u0301minine de Valence annonce la signature officielle de l\u2019attaquant nige\u0301riane, Ezekiel Motunrayo. L\u2019e\u0301quipe masculine de Valence a attire\u0301 la signature en pre\u0302t d\u2019Umar Sadiq cet hiver. La version fe\u0301minine a maintenant annonce\u0301 une autre star de nationalite\u0301 nige\u0301riane. Motunrayo a e\u0301te\u0301 annonce\u0301 ce lundi comme nouvelle recrue de l\u2019e\u0301quipe fe\u0301minine de [&hellip;]<\/p>\n","protected":false},"author":82,"featured_media":65108,"comment_status":"open","ping_status":"closed","sticky":false,"template":"","format":"standard","meta":{"footnotes":""},"categories":[6,10],"tags":[44],"class_list":["post-65109","post","type-post","status-publish","format-standard","has-post-thumbnail","hentry","category-sports","category-toutes-les-actualites","tag-senegal-2"],"yoast_head":"<!-- This site is optimized with the Yoast SEO Premium plugin v26.1 (Yoast SEO v27.0) - https:\/\/yoast.com\/product\/yoast-seo-premium-wordpress\/ -->\n<title>Valence : Apr\u00e8s Sadiq, une Autre Star Nig\u00e9riane Atterrit - Senegal<\/title>\n<meta name=\"description\" content=\"L\u2019e\u0301quipe fe\u0301minine de Valence annonce la signature officielle de l\u2019attaquant nige\u0301riane, Ezekiel Motunrayo. L\u2019e\u0301quipe ...\" \/>\n<meta name=\"robots\" content=\"index, follow, max-snippet:-1, max-image-preview:large, max-video-preview:-1\" \/>\n<link rel=\"canonical\" href=\"https:\/\/www.africa-press.net\/senegal\/sports\/valence-apres-sadiq-une-autre-star-nigeriane-atterrit\" \/>\n<meta property=\"og:locale\" content=\"fr_FR\" \/>\n<meta property=\"og:type\" content=\"article\" \/>\n<meta property=\"og:title\" content=\"Valence : Apr\u00e8s Sadiq, une Autre Star Nig\u00e9riane Atterrit\" \/>\n<meta property=\"og:description\" content=\"L\u2019e\u0301quipe fe\u0301minine de Valence annonce la signature officielle de l\u2019attaquant nige\u0301riane, Ezekiel Motunrayo. L\u2019e\u0301quipe ...\" \/>\n<meta property=\"og:url\" content=\"https:\/\/www.africa-press.net\/senegal\/sports\/valence-apres-sadiq-une-autre-star-nigeriane-atterrit\" \/>\n<meta property=\"og:site_name\" content=\"Senegal\" \/>\n<meta property=\"article:published_time\" content=\"2025-01-28T22:24:34+00:00\" \/>\n<meta property=\"article:modified_time\" content=\"2025-05-05T01:17:05+00:00\" \/>\n<meta property=\"og:image\" content=\"https:\/\/static.africa-press.net\/senegal\/sites\/13\/2025\/01\/sm_1738096282.518437.jpg\" \/>\n\t<meta property=\"og:image:width\" content=\"1728\" \/>\n\t<meta property=\"og:image:height\" content=\"1101\" \/>\n\t<meta property=\"og:image:type\" content=\"image\/jpeg\" \/>\n<meta name=\"author\" content=\"cfeditorfr\" \/>\n<meta name=\"twitter:card\" content=\"summary_large_image\" \/>\n<meta name=\"twitter:label1\" content=\"\u00c9crit par\" \/>\n\t<meta name=\"twitter:data1\" content=\"cfeditorfr\" \/>\n\t<meta name=\"twitter:label2\" content=\"Dur\u00e9e de lecture estim\u00e9e\" \/>\n\t<meta name=\"twitter:data2\" content=\"1 minute\" \/>\n<script type=\"application\/ld+json\" class=\"yoast-schema-graph\">{\"@context\":\"https:\/\/schema.org\",\"@graph\":[{\"@type\":\"Article\",\"@id\":\"https:\/\/www.africa-press.net\/senegal\/sports\/valence-apres-sadiq-une-autre-star-nigeriane-atterrit#article\",\"isPartOf\":{\"@id\":\"https:\/\/www.africa-press.net\/senegal\/sports\/valence-apres-sadiq-une-autre-star-nigeriane-atterrit\"},\"author\":{\"name\":\"cfeditorfr\",\"@id\":\"https:\/\/www.africa-press.net\/senegal\/#\/schema\/person\/2b1cf3cd81a31e3cd26889ca66d677f1\"},\"headline\":\"Valence : Apr\u00e8s Sadiq, une Autre Star Nig\u00e9riane Atterrit\",\"datePublished\":\"2025-01-28T22:24:34+00:00\",\"dateModified\":\"2025-05-05T01:17:05+00:00\",\"mainEntityOfPage\":{\"@id\":\"https:\/\/www.africa-press.net\/senegal\/sports\/valence-apres-sadiq-une-autre-star-nigeriane-atterrit\"},\"wordCount\":149,\"commentCount\":0,\"image\":{\"@id\":\"https:\/\/www.africa-press.net\/senegal\/sports\/valence-apres-sadiq-une-autre-star-nigeriane-atterrit#primaryimage\"},\"thumbnailUrl\":\"https:\/\/static.africa-press.net\/senegal\/sites\/13\/2025\/01\/sm_1738096282.518437.jpg\",\"keywords\":[\"Senegal\"],\"articleSection\":[\"Sports\",\"Toutes les actualit\u00e9s\"],\"inLanguage\":\"fr-FR\",\"potentialAction\":[{\"@type\":\"CommentAction\",\"name\":\"Comment\",\"target\":[\"https:\/\/www.africa-press.net\/senegal\/sports\/valence-apres-sadiq-une-autre-star-nigeriane-atterrit#respond\"]}]},{\"@type\":\"WebPage\",\"@id\":\"https:\/\/www.africa-press.net\/senegal\/sports\/valence-apres-sadiq-une-autre-star-nigeriane-atterrit\",\"url\":\"https:\/\/www.africa-press.net\/senegal\/sports\/valence-apres-sadiq-une-autre-star-nigeriane-atterrit\",\"name\":\"Valence : Apr\u00e8s Sadiq, une Autre Star Nig\u00e9riane Atterrit - Senegal\",\"isPartOf\":{\"@id\":\"https:\/\/www.africa-press.net\/senegal\/#website\"},\"primaryImageOfPage\":{\"@id\":\"https:\/\/www.africa-press.net\/senegal\/sports\/valence-apres-sadiq-une-autre-star-nigeriane-atterrit#primaryimage\"},\"image\":{\"@id\":\"https:\/\/www.africa-press.net\/senegal\/sports\/valence-apres-sadiq-une-autre-star-nigeriane-atterrit#primaryimage\"},\"thumbnailUrl\":\"https:\/\/static.africa-press.net\/senegal\/sites\/13\/2025\/01\/sm_1738096282.518437.jpg\",\"datePublished\":\"2025-01-28T22:24:34+00:00\",\"dateModified\":\"2025-05-05T01:17:05+00:00\",\"author\":{\"@id\":\"https:\/\/www.africa-press.net\/senegal\/#\/schema\/person\/2b1cf3cd81a31e3cd26889ca66d677f1\"},\"description\":\"L\u2019e\u0301quipe fe\u0301minine de Valence annonce la signature officielle de l\u2019attaquant nige\u0301riane, Ezekiel Motunrayo. L\u2019e\u0301quipe ...\",\"breadcrumb\":{\"@id\":\"https:\/\/www.africa-press.net\/senegal\/sports\/valence-apres-sadiq-une-autre-star-nigeriane-atterrit#breadcrumb\"},\"inLanguage\":\"fr-FR\",\"potentialAction\":[{\"@type\":\"ReadAction\",\"target\":[\"https:\/\/www.africa-press.net\/senegal\/sports\/valence-apres-sadiq-une-autre-star-nigeriane-atterrit\"]}]},{\"@type\":\"ImageObject\",\"inLanguage\":\"fr-FR\",\"@id\":\"https:\/\/www.africa-press.net\/senegal\/sports\/valence-apres-sadiq-une-autre-star-nigeriane-atterrit#primaryimage\",\"url\":\"https:\/\/static.africa-press.net\/senegal\/sites\/13\/2025\/01\/sm_1738096282.518437.jpg\",\"contentUrl\":\"https:\/\/static.africa-press.net\/senegal\/sites\/13\/2025\/01\/sm_1738096282.518437.jpg\",\"width\":1728,\"height\":1101,\"caption\":\"Valence : Apr\u00e8s Sadiq, une Autre Star Nig\u00e9riane Atterrit\"},{\"@type\":\"BreadcrumbList\",\"@id\":\"https:\/\/www.africa-press.net\/senegal\/sports\/valence-apres-sadiq-une-autre-star-nigeriane-atterrit#breadcrumb\",\"itemListElement\":[{\"@type\":\"ListItem\",\"position\":1,\"name\":\"Accueil\",\"item\":\"https:\/\/www.africa-press.net\/senegal\/\"},{\"@type\":\"ListItem\",\"position\":2,\"name\":\"Valence : Apr\u00e8s Sadiq, une Autre Star Nig\u00e9riane Atterrit\"}]},{\"@type\":\"WebSite\",\"@id\":\"https:\/\/www.africa-press.net\/senegal\/#website\",\"url\":\"https:\/\/www.africa-press.net\/senegal\/\",\"name\":\"Africa Press | Senegal | Homepage\",\"description\":\"Just another Africa News Agency Sites site\",\"potentialAction\":[{\"@type\":\"SearchAction\",\"target\":{\"@type\":\"EntryPoint\",\"urlTemplate\":\"https:\/\/www.africa-press.net\/senegal\/?s={search_term_string}\"},\"query-input\":{\"@type\":\"PropertyValueSpecification\",\"valueRequired\":true,\"valueName\":\"search_term_string\"}}],\"inLanguage\":\"fr-FR\"},{\"@type\":\"Person\",\"@id\":\"https:\/\/www.africa-press.net\/senegal\/#\/schema\/person\/2b1cf3cd81a31e3cd26889ca66d677f1\",\"name\":\"cfeditorfr\",\"url\":\"https:\/\/www.africa-press.net\/senegal\/author\/cfeditorfr\"}]}<\/script>\n<!-- \/ Yoast SEO Premium plugin. -->","yoast_head_json":{"title":"Valence : Apr\u00e8s Sadiq, une Autre Star Nig\u00e9riane Atterrit - Senegal","description":"L\u2019e\u0301quipe fe\u0301minine de Valence annonce la signature officielle de l\u2019attaquant nige\u0301riane, Ezekiel Motunrayo. L\u2019e\u0301quipe ...","robots":{"index":"index","follow":"follow","max-snippet":"max-snippet:-1","max-image-preview":"max-image-preview:large","max-video-preview":"max-video-preview:-1"},"canonical":"https:\/\/www.africa-press.net\/senegal\/sports\/valence-apres-sadiq-une-autre-star-nigeriane-atterrit","og_locale":"fr_FR","og_type":"article","og_title":"Valence : Apr\u00e8s Sadiq, une Autre Star Nig\u00e9riane Atterrit","og_description":"L\u2019e\u0301quipe fe\u0301minine de Valence annonce la signature officielle de l\u2019attaquant nige\u0301riane, Ezekiel Motunrayo. L\u2019e\u0301quipe ...","og_url":"https:\/\/www.africa-press.net\/senegal\/sports\/valence-apres-sadiq-une-autre-star-nigeriane-atterrit","og_site_name":"Senegal","article_published_time":"2025-01-28T22:24:34+00:00","article_modified_time":"2025-05-05T01:17:05+00:00","og_image":[{"width":1728,"height":1101,"url":"https:\/\/static.africa-press.net\/senegal\/sites\/13\/2025\/01\/sm_1738096282.518437.jpg","type":"image\/jpeg"}],"author":"cfeditorfr","twitter_card":"summary_large_image","twitter_misc":{"\u00c9crit par":"cfeditorfr","Dur\u00e9e de lecture estim\u00e9e":"1 minute"},"schema":{"@context":"https:\/\/schema.org","@graph":[{"@type":"Article","@id":"https:\/\/www.africa-press.net\/senegal\/sports\/valence-apres-sadiq-une-autre-star-nigeriane-atterrit#article","isPartOf":{"@id":"https:\/\/www.africa-press.net\/senegal\/sports\/valence-apres-sadiq-une-autre-star-nigeriane-atterrit"},"author":{"name":"cfeditorfr","@id":"https:\/\/www.africa-press.net\/senegal\/#\/schema\/person\/2b1cf3cd81a31e3cd26889ca66d677f1"},"headline":"Valence : Apr\u00e8s Sadiq, une Autre Star Nig\u00e9riane Atterrit","datePublished":"2025-01-28T22:24:34+00:00","dateModified":"2025-05-05T01:17:05+00:00","mainEntityOfPage":{"@id":"https:\/\/www.africa-press.net\/senegal\/sports\/valence-apres-sadiq-une-autre-star-nigeriane-atterrit"},"wordCount":149,"commentCount":0,"image":{"@id":"https:\/\/www.africa-press.net\/senegal\/sports\/valence-apres-sadiq-une-autre-star-nigeriane-atterrit#primaryimage"},"thumbnailUrl":"https:\/\/static.africa-press.net\/senegal\/sites\/13\/2025\/01\/sm_1738096282.518437.jpg","keywords":["Senegal"],"articleSection":["Sports","Toutes les actualit\u00e9s"],"inLanguage":"fr-FR","potentialAction":[{"@type":"CommentAction","name":"Comment","target":["https:\/\/www.africa-press.net\/senegal\/sports\/valence-apres-sadiq-une-autre-star-nigeriane-atterrit#respond"]}]},{"@type":"WebPage","@id":"https:\/\/www.africa-press.net\/senegal\/sports\/valence-apres-sadiq-une-autre-star-nigeriane-atterrit","url":"https:\/\/www.africa-press.net\/senegal\/sports\/valence-apres-sadiq-une-autre-star-nigeriane-atterrit","name":"Valence : Apr\u00e8s Sadiq, une Autre Star Nig\u00e9riane Atterrit - Senegal","isPartOf":{"@id":"https:\/\/www.africa-press.net\/senegal\/#website"},"primaryImageOfPage":{"@id":"https:\/\/www.africa-press.net\/senegal\/sports\/valence-apres-sadiq-une-autre-star-nigeriane-atterrit#primaryimage"},"image":{"@id":"https:\/\/www.africa-press.net\/senegal\/sports\/valence-apres-sadiq-une-autre-star-nigeriane-atterrit#primaryimage"},"thumbnailUrl":"https:\/\/static.africa-press.net\/senegal\/sites\/13\/2025\/01\/sm_1738096282.518437.jpg","datePublished":"2025-01-28T22:24:34+00:00","dateModified":"2025-05-05T01:17:05+00:00","author":{"@id":"https:\/\/www.africa-press.net\/senegal\/#\/schema\/person\/2b1cf3cd81a31e3cd26889ca66d677f1"},"description":"L\u2019e\u0301quipe fe\u0301minine de Valence annonce la signature officielle de l\u2019attaquant nige\u0301riane, Ezekiel Motunrayo. L\u2019e\u0301quipe ...","breadcrumb":{"@id":"https:\/\/www.africa-press.net\/senegal\/sports\/valence-apres-sadiq-une-autre-star-nigeriane-atterrit#breadcrumb"},"inLanguage":"fr-FR","potentialAction":[{"@type":"ReadAction","target":["https:\/\/www.africa-press.net\/senegal\/sports\/valence-apres-sadiq-une-autre-star-nigeriane-atterrit"]}]},{"@type":"ImageObject","inLanguage":"fr-FR","@id":"https:\/\/www.africa-press.net\/senegal\/sports\/valence-apres-sadiq-une-autre-star-nigeriane-atterrit#primaryimage","url":"https:\/\/static.africa-press.net\/senegal\/sites\/13\/2025\/01\/sm_1738096282.518437.jpg","contentUrl":"https:\/\/static.africa-press.net\/senegal\/sites\/13\/2025\/01\/sm_1738096282.518437.jpg","width":1728,"height":1101,"caption":"Valence : Apr\u00e8s Sadiq, une Autre Star Nig\u00e9riane Atterrit"},{"@type":"BreadcrumbList","@id":"https:\/\/www.africa-press.net\/senegal\/sports\/valence-apres-sadiq-une-autre-star-nigeriane-atterrit#breadcrumb","itemListElement":[{"@type":"ListItem","position":1,"name":"Accueil","item":"https:\/\/www.africa-press.net\/senegal\/"},{"@type":"ListItem","position":2,"name":"Valence : Apr\u00e8s Sadiq, une Autre Star Nig\u00e9riane Atterrit"}]},{"@type":"WebSite","@id":"https:\/\/www.africa-press.net\/senegal\/#website","url":"https:\/\/www.africa-press.net\/senegal\/","name":"Africa Press | Senegal | Homepage","description":"Just another Africa News Agency Sites site","potentialAction":[{"@type":"SearchAction","target":{"@type":"EntryPoint","urlTemplate":"https:\/\/www.africa-press.net\/senegal\/?s={search_term_string}"},"query-input":{"@type":"PropertyValueSpecification","valueRequired":true,"valueName":"search_term_string"}}],"inLanguage":"fr-FR"},{"@type":"Person","@id":"https:\/\/www.africa-press.net\/senegal\/#\/schema\/person\/2b1cf3cd81a31e3cd26889ca66d677f1","name":"cfeditorfr","url":"https:\/\/www.africa-press.net\/senegal\/author\/cfeditorfr"}]}},"_links":{"self":[{"href":"https:\/\/www.africa-press.net\/senegal\/wp-json\/wp\/v2\/posts\/65109","targetHints":{"allow":["GET"]}}],"collection":[{"href":"https:\/\/www.africa-press.net\/senegal\/wp-json\/wp\/v2\/posts"}],"about":[{"href":"https:\/\/www.africa-press.net\/senegal\/wp-json\/wp\/v2\/types\/post"}],"author":[{"embeddable":true,"href":"https:\/\/www.africa-press.net\/senegal\/wp-json\/wp\/v2\/users\/82"}],"replies":[{"embeddable":true,"href":"https:\/\/www.africa-press.net\/senegal\/wp-json\/wp\/v2\/comments?post=65109"}],"version-history":[{"count":0,"href":"https:\/\/www.africa-press.net\/senegal\/wp-json\/wp\/v2\/posts\/65109\/revisions"}],"wp:featuredmedia":[{"embeddable":true,"href":"https:\/\/www.africa-press.net\/senegal\/wp-json\/wp\/v2\/media\/65108"}],"wp:attachment":[{"href":"https:\/\/www.africa-press.net\/senegal\/wp-json\/wp\/v2\/media?parent=65109"}],"wp:term":[{"taxonomy":"category","embeddable":true,"href":"https:\/\/www.africa-press.net\/senegal\/wp-json\/wp\/v2\/categories?post=65109"},{"taxonomy":"post_tag","embeddable":true,"href":"https:\/\/www.africa-press.net\/senegal\/wp-json\/wp\/v2\/tags?post=65109"}],"curies":[{"name":"wp","href":"https:\/\/api.w.org\/{rel}","templated":true}]}}