{"id":65113,"date":"2025-01-28T22:25:54","date_gmt":"2025-01-28T22:25:54","guid":{"rendered":"https:\/\/www.africa-press.net\/senegal\/politique\/arsenal-fait-volte-face-pour-thomas-partey"},"modified":"2025-05-05T01:21:16","modified_gmt":"2025-05-05T01:21:16","slug":"arsenal-fait-volte-face-pour-thomas-partey","status":"publish","type":"post","link":"https:\/\/www.africa-press.net\/senegal\/sports\/arsenal-fait-volte-face-pour-thomas-partey","title":{"rendered":"Arsenal Fait Volte-Face pour Thomas Partey"},"content":{"rendered":"<p><span style=\"color: #ff6600\"><strong>Africa-Press &#8211; Senegal. <\/strong><\/span>Arsenal semble avoir fait machine arrie\u0300re pour prolonger Thomas Partey, le contrat actuel du milieu de terrain ghane\u0301en devant expirer a\u0300 la fin de la saison.<\/p>\n<p>Au cours des premie\u0300res anne\u0301es de sa carrie\u0300re a\u0300 Arsenal, le milieu de terrain a eu du mal a\u0300 rester en forme, manquant souvent de longues pe\u0301riodes de matchs en raison de blessures. Les fans e\u0301taient frustre\u0301s de voir un joueur de son calibre passer plus de temps a\u0300 l\u2019infirmerie que sur le terrain.<\/p>\n<p>Cependant, depuis la saison dernie\u0300re, Partey a re\u0301ussi a\u0300 renverser la situation, faisant preuve d\u2019une remarquable re\u0301gularite\u0301 dans sa condition physique et ses performances. Cela a surpris les fans comme les employeurs du Ghane\u0301en.<\/p>\n<p>Des rumeurs re\u0301ve\u0300lent maintenant que Arsenal envisage de faire machine arrie\u0300re. On re\u0301ve\u0300le qu\u2019une prolongation d\u2019un an est en passe d\u2019e\u0302tre offerte a\u0300 Partey.<\/p>\n<p>En fin de compte, si Partey continue a\u0300 re\u0301aliser de bonnes performances et a\u0300 ne pas e\u0302tre blesse\u0301, il a toutes les chances de de\u0301crocher une prolongation. Le Black Star dispose aussi de pre\u0301tendants, surtout aux E\u0301mirats Arabes Unis.<\/p>\n<p><strong>Pour plus d&rsquo;informations et d&rsquo;analyses sur la <span style=\"color: #ff6600\">Senegal<\/span>, suivez <span style=\"color: #ff6600\">Africa-Press<\/span><\/strong><\/p>\n","protected":false},"excerpt":{"rendered":"<p>Africa-Press &#8211; Senegal. Arsenal semble avoir fait machine arrie\u0300re pour prolonger Thomas Partey, le contrat actuel du milieu de terrain ghane\u0301en devant expirer a\u0300 la fin de la saison. Au cours des premie\u0300res anne\u0301es de sa carrie\u0300re a\u0300 Arsenal, le milieu de terrain a eu du mal a\u0300 rester en forme, manquant souvent de longues [&hellip;]<\/p>\n","protected":false},"author":82,"featured_media":65112,"comment_status":"open","ping_status":"closed","sticky":false,"template":"","format":"standard","meta":{"footnotes":""},"categories":[6,10],"tags":[44],"class_list":["post-65113","post","type-post","status-publish","format-standard","has-post-thumbnail","hentry","category-sports","category-toutes-les-actualites","tag-senegal-2"],"yoast_head":"<!-- This site is optimized with the Yoast SEO Premium plugin v26.1 (Yoast SEO v27.0) - https:\/\/yoast.com\/product\/yoast-seo-premium-wordpress\/ -->\n<title>Arsenal Fait Volte-Face pour Thomas Partey - Senegal<\/title>\n<meta name=\"description\" content=\"Arsenal semble avoir fait machine arrie\u0300re pour prolonger Thomas Partey, le contrat actuel du milieu de terrain ghane\u0301en ...\" \/>\n<meta name=\"robots\" content=\"index, follow, max-snippet:-1, max-image-preview:large, max-video-preview:-1\" \/>\n<link rel=\"canonical\" href=\"https:\/\/www.africa-press.net\/senegal\/sports\/arsenal-fait-volte-face-pour-thomas-partey\" \/>\n<meta property=\"og:locale\" content=\"fr_FR\" \/>\n<meta property=\"og:type\" content=\"article\" \/>\n<meta property=\"og:title\" content=\"Arsenal Fait Volte-Face pour Thomas Partey\" \/>\n<meta property=\"og:description\" content=\"Arsenal semble avoir fait machine arrie\u0300re pour prolonger Thomas Partey, le contrat actuel du milieu de terrain ghane\u0301en ...\" \/>\n<meta property=\"og:url\" content=\"https:\/\/www.africa-press.net\/senegal\/sports\/arsenal-fait-volte-face-pour-thomas-partey\" \/>\n<meta property=\"og:site_name\" content=\"Senegal\" \/>\n<meta property=\"article:published_time\" content=\"2025-01-28T22:25:54+00:00\" \/>\n<meta property=\"article:modified_time\" content=\"2025-05-05T01:21:16+00:00\" \/>\n<meta property=\"og:image\" content=\"https:\/\/static.africa-press.net\/senegal\/sites\/13\/2025\/01\/sm_1738096480.376807.jpg\" \/>\n\t<meta property=\"og:image:width\" content=\"900\" \/>\n\t<meta property=\"og:image:height\" content=\"601\" \/>\n\t<meta property=\"og:image:type\" content=\"image\/jpeg\" \/>\n<meta name=\"author\" content=\"cfeditorfr\" \/>\n<meta name=\"twitter:card\" content=\"summary_large_image\" \/>\n<meta name=\"twitter:label1\" content=\"\u00c9crit par\" \/>\n\t<meta name=\"twitter:data1\" content=\"cfeditorfr\" \/>\n\t<meta name=\"twitter:label2\" content=\"Dur\u00e9e de lecture estim\u00e9e\" \/>\n\t<meta name=\"twitter:data2\" content=\"1 minute\" \/>\n<script type=\"application\/ld+json\" class=\"yoast-schema-graph\">{\"@context\":\"https:\/\/schema.org\",\"@graph\":[{\"@type\":\"Article\",\"@id\":\"https:\/\/www.africa-press.net\/senegal\/sports\/arsenal-fait-volte-face-pour-thomas-partey#article\",\"isPartOf\":{\"@id\":\"https:\/\/www.africa-press.net\/senegal\/sports\/arsenal-fait-volte-face-pour-thomas-partey\"},\"author\":{\"name\":\"cfeditorfr\",\"@id\":\"https:\/\/www.africa-press.net\/senegal\/#\/schema\/person\/2b1cf3cd81a31e3cd26889ca66d677f1\"},\"headline\":\"Arsenal Fait Volte-Face pour Thomas Partey\",\"datePublished\":\"2025-01-28T22:25:54+00:00\",\"dateModified\":\"2025-05-05T01:21:16+00:00\",\"mainEntityOfPage\":{\"@id\":\"https:\/\/www.africa-press.net\/senegal\/sports\/arsenal-fait-volte-face-pour-thomas-partey\"},\"wordCount\":226,\"commentCount\":0,\"image\":{\"@id\":\"https:\/\/www.africa-press.net\/senegal\/sports\/arsenal-fait-volte-face-pour-thomas-partey#primaryimage\"},\"thumbnailUrl\":\"https:\/\/static.africa-press.net\/senegal\/sites\/13\/2025\/01\/sm_1738096480.376807.jpg\",\"keywords\":[\"Senegal\"],\"articleSection\":[\"Sports\",\"Toutes les actualit\u00e9s\"],\"inLanguage\":\"fr-FR\",\"potentialAction\":[{\"@type\":\"CommentAction\",\"name\":\"Comment\",\"target\":[\"https:\/\/www.africa-press.net\/senegal\/sports\/arsenal-fait-volte-face-pour-thomas-partey#respond\"]}]},{\"@type\":\"WebPage\",\"@id\":\"https:\/\/www.africa-press.net\/senegal\/sports\/arsenal-fait-volte-face-pour-thomas-partey\",\"url\":\"https:\/\/www.africa-press.net\/senegal\/sports\/arsenal-fait-volte-face-pour-thomas-partey\",\"name\":\"Arsenal Fait Volte-Face pour Thomas Partey - Senegal\",\"isPartOf\":{\"@id\":\"https:\/\/www.africa-press.net\/senegal\/#website\"},\"primaryImageOfPage\":{\"@id\":\"https:\/\/www.africa-press.net\/senegal\/sports\/arsenal-fait-volte-face-pour-thomas-partey#primaryimage\"},\"image\":{\"@id\":\"https:\/\/www.africa-press.net\/senegal\/sports\/arsenal-fait-volte-face-pour-thomas-partey#primaryimage\"},\"thumbnailUrl\":\"https:\/\/static.africa-press.net\/senegal\/sites\/13\/2025\/01\/sm_1738096480.376807.jpg\",\"datePublished\":\"2025-01-28T22:25:54+00:00\",\"dateModified\":\"2025-05-05T01:21:16+00:00\",\"author\":{\"@id\":\"https:\/\/www.africa-press.net\/senegal\/#\/schema\/person\/2b1cf3cd81a31e3cd26889ca66d677f1\"},\"description\":\"Arsenal semble avoir fait machine arrie\u0300re pour prolonger Thomas Partey, le contrat actuel du milieu de terrain ghane\u0301en ...\",\"breadcrumb\":{\"@id\":\"https:\/\/www.africa-press.net\/senegal\/sports\/arsenal-fait-volte-face-pour-thomas-partey#breadcrumb\"},\"inLanguage\":\"fr-FR\",\"potentialAction\":[{\"@type\":\"ReadAction\",\"target\":[\"https:\/\/www.africa-press.net\/senegal\/sports\/arsenal-fait-volte-face-pour-thomas-partey\"]}]},{\"@type\":\"ImageObject\",\"inLanguage\":\"fr-FR\",\"@id\":\"https:\/\/www.africa-press.net\/senegal\/sports\/arsenal-fait-volte-face-pour-thomas-partey#primaryimage\",\"url\":\"https:\/\/static.africa-press.net\/senegal\/sites\/13\/2025\/01\/sm_1738096480.376807.jpg\",\"contentUrl\":\"https:\/\/static.africa-press.net\/senegal\/sites\/13\/2025\/01\/sm_1738096480.376807.jpg\",\"width\":900,\"height\":601,\"caption\":\"Arsenal Fait Volte-Face pour Thomas Partey\"},{\"@type\":\"BreadcrumbList\",\"@id\":\"https:\/\/www.africa-press.net\/senegal\/sports\/arsenal-fait-volte-face-pour-thomas-partey#breadcrumb\",\"itemListElement\":[{\"@type\":\"ListItem\",\"position\":1,\"name\":\"Accueil\",\"item\":\"https:\/\/www.africa-press.net\/senegal\/\"},{\"@type\":\"ListItem\",\"position\":2,\"name\":\"Arsenal Fait Volte-Face pour Thomas Partey\"}]},{\"@type\":\"WebSite\",\"@id\":\"https:\/\/www.africa-press.net\/senegal\/#website\",\"url\":\"https:\/\/www.africa-press.net\/senegal\/\",\"name\":\"Africa Press | Senegal | Homepage\",\"description\":\"Just another Africa News Agency Sites site\",\"potentialAction\":[{\"@type\":\"SearchAction\",\"target\":{\"@type\":\"EntryPoint\",\"urlTemplate\":\"https:\/\/www.africa-press.net\/senegal\/?s={search_term_string}\"},\"query-input\":{\"@type\":\"PropertyValueSpecification\",\"valueRequired\":true,\"valueName\":\"search_term_string\"}}],\"inLanguage\":\"fr-FR\"},{\"@type\":\"Person\",\"@id\":\"https:\/\/www.africa-press.net\/senegal\/#\/schema\/person\/2b1cf3cd81a31e3cd26889ca66d677f1\",\"name\":\"cfeditorfr\",\"url\":\"https:\/\/www.africa-press.net\/senegal\/author\/cfeditorfr\"}]}<\/script>\n<!-- \/ Yoast SEO Premium plugin. -->","yoast_head_json":{"title":"Arsenal Fait Volte-Face pour Thomas Partey - Senegal","description":"Arsenal semble avoir fait machine arrie\u0300re pour prolonger Thomas Partey, le contrat actuel du milieu de terrain ghane\u0301en ...","robots":{"index":"index","follow":"follow","max-snippet":"max-snippet:-1","max-image-preview":"max-image-preview:large","max-video-preview":"max-video-preview:-1"},"canonical":"https:\/\/www.africa-press.net\/senegal\/sports\/arsenal-fait-volte-face-pour-thomas-partey","og_locale":"fr_FR","og_type":"article","og_title":"Arsenal Fait Volte-Face pour Thomas Partey","og_description":"Arsenal semble avoir fait machine arrie\u0300re pour prolonger Thomas Partey, le contrat actuel du milieu de terrain ghane\u0301en ...","og_url":"https:\/\/www.africa-press.net\/senegal\/sports\/arsenal-fait-volte-face-pour-thomas-partey","og_site_name":"Senegal","article_published_time":"2025-01-28T22:25:54+00:00","article_modified_time":"2025-05-05T01:21:16+00:00","og_image":[{"width":900,"height":601,"url":"https:\/\/static.africa-press.net\/senegal\/sites\/13\/2025\/01\/sm_1738096480.376807.jpg","type":"image\/jpeg"}],"author":"cfeditorfr","twitter_card":"summary_large_image","twitter_misc":{"\u00c9crit par":"cfeditorfr","Dur\u00e9e de lecture estim\u00e9e":"1 minute"},"schema":{"@context":"https:\/\/schema.org","@graph":[{"@type":"Article","@id":"https:\/\/www.africa-press.net\/senegal\/sports\/arsenal-fait-volte-face-pour-thomas-partey#article","isPartOf":{"@id":"https:\/\/www.africa-press.net\/senegal\/sports\/arsenal-fait-volte-face-pour-thomas-partey"},"author":{"name":"cfeditorfr","@id":"https:\/\/www.africa-press.net\/senegal\/#\/schema\/person\/2b1cf3cd81a31e3cd26889ca66d677f1"},"headline":"Arsenal Fait Volte-Face pour Thomas Partey","datePublished":"2025-01-28T22:25:54+00:00","dateModified":"2025-05-05T01:21:16+00:00","mainEntityOfPage":{"@id":"https:\/\/www.africa-press.net\/senegal\/sports\/arsenal-fait-volte-face-pour-thomas-partey"},"wordCount":226,"commentCount":0,"image":{"@id":"https:\/\/www.africa-press.net\/senegal\/sports\/arsenal-fait-volte-face-pour-thomas-partey#primaryimage"},"thumbnailUrl":"https:\/\/static.africa-press.net\/senegal\/sites\/13\/2025\/01\/sm_1738096480.376807.jpg","keywords":["Senegal"],"articleSection":["Sports","Toutes les actualit\u00e9s"],"inLanguage":"fr-FR","potentialAction":[{"@type":"CommentAction","name":"Comment","target":["https:\/\/www.africa-press.net\/senegal\/sports\/arsenal-fait-volte-face-pour-thomas-partey#respond"]}]},{"@type":"WebPage","@id":"https:\/\/www.africa-press.net\/senegal\/sports\/arsenal-fait-volte-face-pour-thomas-partey","url":"https:\/\/www.africa-press.net\/senegal\/sports\/arsenal-fait-volte-face-pour-thomas-partey","name":"Arsenal Fait Volte-Face pour Thomas Partey - Senegal","isPartOf":{"@id":"https:\/\/www.africa-press.net\/senegal\/#website"},"primaryImageOfPage":{"@id":"https:\/\/www.africa-press.net\/senegal\/sports\/arsenal-fait-volte-face-pour-thomas-partey#primaryimage"},"image":{"@id":"https:\/\/www.africa-press.net\/senegal\/sports\/arsenal-fait-volte-face-pour-thomas-partey#primaryimage"},"thumbnailUrl":"https:\/\/static.africa-press.net\/senegal\/sites\/13\/2025\/01\/sm_1738096480.376807.jpg","datePublished":"2025-01-28T22:25:54+00:00","dateModified":"2025-05-05T01:21:16+00:00","author":{"@id":"https:\/\/www.africa-press.net\/senegal\/#\/schema\/person\/2b1cf3cd81a31e3cd26889ca66d677f1"},"description":"Arsenal semble avoir fait machine arrie\u0300re pour prolonger Thomas Partey, le contrat actuel du milieu de terrain ghane\u0301en ...","breadcrumb":{"@id":"https:\/\/www.africa-press.net\/senegal\/sports\/arsenal-fait-volte-face-pour-thomas-partey#breadcrumb"},"inLanguage":"fr-FR","potentialAction":[{"@type":"ReadAction","target":["https:\/\/www.africa-press.net\/senegal\/sports\/arsenal-fait-volte-face-pour-thomas-partey"]}]},{"@type":"ImageObject","inLanguage":"fr-FR","@id":"https:\/\/www.africa-press.net\/senegal\/sports\/arsenal-fait-volte-face-pour-thomas-partey#primaryimage","url":"https:\/\/static.africa-press.net\/senegal\/sites\/13\/2025\/01\/sm_1738096480.376807.jpg","contentUrl":"https:\/\/static.africa-press.net\/senegal\/sites\/13\/2025\/01\/sm_1738096480.376807.jpg","width":900,"height":601,"caption":"Arsenal Fait Volte-Face pour Thomas Partey"},{"@type":"BreadcrumbList","@id":"https:\/\/www.africa-press.net\/senegal\/sports\/arsenal-fait-volte-face-pour-thomas-partey#breadcrumb","itemListElement":[{"@type":"ListItem","position":1,"name":"Accueil","item":"https:\/\/www.africa-press.net\/senegal\/"},{"@type":"ListItem","position":2,"name":"Arsenal Fait Volte-Face pour Thomas Partey"}]},{"@type":"WebSite","@id":"https:\/\/www.africa-press.net\/senegal\/#website","url":"https:\/\/www.africa-press.net\/senegal\/","name":"Africa Press | Senegal | Homepage","description":"Just another Africa News Agency Sites site","potentialAction":[{"@type":"SearchAction","target":{"@type":"EntryPoint","urlTemplate":"https:\/\/www.africa-press.net\/senegal\/?s={search_term_string}"},"query-input":{"@type":"PropertyValueSpecification","valueRequired":true,"valueName":"search_term_string"}}],"inLanguage":"fr-FR"},{"@type":"Person","@id":"https:\/\/www.africa-press.net\/senegal\/#\/schema\/person\/2b1cf3cd81a31e3cd26889ca66d677f1","name":"cfeditorfr","url":"https:\/\/www.africa-press.net\/senegal\/author\/cfeditorfr"}]}},"_links":{"self":[{"href":"https:\/\/www.africa-press.net\/senegal\/wp-json\/wp\/v2\/posts\/65113","targetHints":{"allow":["GET"]}}],"collection":[{"href":"https:\/\/www.africa-press.net\/senegal\/wp-json\/wp\/v2\/posts"}],"about":[{"href":"https:\/\/www.africa-press.net\/senegal\/wp-json\/wp\/v2\/types\/post"}],"author":[{"embeddable":true,"href":"https:\/\/www.africa-press.net\/senegal\/wp-json\/wp\/v2\/users\/82"}],"replies":[{"embeddable":true,"href":"https:\/\/www.africa-press.net\/senegal\/wp-json\/wp\/v2\/comments?post=65113"}],"version-history":[{"count":0,"href":"https:\/\/www.africa-press.net\/senegal\/wp-json\/wp\/v2\/posts\/65113\/revisions"}],"wp:featuredmedia":[{"embeddable":true,"href":"https:\/\/www.africa-press.net\/senegal\/wp-json\/wp\/v2\/media\/65112"}],"wp:attachment":[{"href":"https:\/\/www.africa-press.net\/senegal\/wp-json\/wp\/v2\/media?parent=65113"}],"wp:term":[{"taxonomy":"category","embeddable":true,"href":"https:\/\/www.africa-press.net\/senegal\/wp-json\/wp\/v2\/categories?post=65113"},{"taxonomy":"post_tag","embeddable":true,"href":"https:\/\/www.africa-press.net\/senegal\/wp-json\/wp\/v2\/tags?post=65113"}],"curies":[{"name":"wp","href":"https:\/\/api.w.org\/{rel}","templated":true}]}}