{"id":65125,"date":"2025-01-29T14:00:00","date_gmt":"2025-01-29T14:00:00","guid":{"rendered":"https:\/\/www.africa-press.net\/senegal\/politique\/la-cedeao-maintient-ouvertes-les-portes-du-dialogue-malgre-le-retrait-des-pays-de-laes"},"modified":"2025-01-29T14:00:00","modified_gmt":"2025-01-29T14:00:00","slug":"la-cedeao-maintient-ouvertes-les-portes-du-dialogue-malgre-le-retrait-des-pays-de-laes","status":"publish","type":"post","link":"https:\/\/www.africa-press.net\/senegal\/politique\/la-cedeao-maintient-ouvertes-les-portes-du-dialogue-malgre-le-retrait-des-pays-de-laes","title":{"rendered":"La CEDEAO Maintient Ouvertes les Portes du Dialogue Malgr\u00e9 le Retrait des Pays de L\u2019Aes"},"content":{"rendered":"<p><span style=\"color: #ff6600\"><strong>Africa-Press &#8211; Senegal. <\/strong><\/span>Le retrait du Burkina Faso, du Mali et du Niger de la Communaute\u0301 e\u0301conomique des E\u0301tats de l&rsquo;Afrique de l&rsquo;Ouest (CEDEAO) prend officiellement effet a\u0300 compter de ce 29 janvier 2025. Toutefois, dans un esprit de solidarite\u0301 re\u0301gionale et dans l&rsquo;inte\u0301re\u0302t supe\u0301rieur des populations, la Confe\u0301rence des Chefs d\u2019E\u0301tat et de gouvernement a re\u0301affirme\u0301 sa volonte\u0301 de maintenir ouvertes les voies du dialogue, selon un communique\u0301 consulte\u0301 par Abidjan.net.<\/p>\n<p>Ce document indique que les autorite\u0301s compe\u0301tentes, tant a\u0300 l&rsquo;inte\u0301rieur qu&rsquo;a\u0300 l&rsquo;exte\u0301rieur des E\u0301tats membres de la CEDEAO, ont rec\u0327u pour instruction de veiller a\u0300 l\u2019application de quatre mesures essentielles. Il s&rsquo;agit de reconnai\u0302tre jusqu&rsquo;a\u0300 nouvel ordre les passeports et cartes d&rsquo;identite\u0301 nationaux portant le logo de la CEDEAO de\u0301tenus par les citoyens du Burkina Faso, de la Re\u0301publique du Mali et de la Re\u0301publique du Niger ; de continuer a\u0300 accorder aux biens et services provenant des trois pays concerne\u0301s le traitement pre\u0301vu par le Sche\u0301ma de libe\u0301ralisation des e\u0301changes (SLEC) et la Politique d&rsquo;investissement de la CEDEAO ; de permettre aux citoyens des pays concerne\u0301s de continuer a\u0300 jouir, jusqu&rsquo;a\u0300 nouvel ordre, du droit de circulation, de re\u0301sidence et d&rsquo;e\u0301tablissement sans visa, conforme\u0301ment aux protocoles de la CEDEAO en la matie\u0300re et enfin d&rsquo;apporter aux fonctionnaires de la CEDEAO des trois pays, un soutien et une coope\u0301ration sans faille dans le cadre de leurs missions pour la Communaute\u0301.<\/p>\n<p>\u00ab Ces dispositions restent en vigueur jusqu&rsquo;a\u0300 l\u2019adoption par la Confe\u0301rence des Chefs d&rsquo;E\u0301tat et de gouvernement de la CEDEAO des modalite\u0301s comple\u0300tes re\u0301gissant nos futures relations avec ces trois pays \u00bb, pre\u0301cise la note officielle.<\/p>\n<p>Par ailleurs, la Commission de la CEDEAO a mis en place une structure de\u0301die\u0301e pour faciliter les discussions avec les autorite\u0301s du Burkina Faso, du Mali et du Niger en vue de de\u0301finir un cadre de collaboration post-retrait. \u00ab Ce message est essentiel pour e\u0301viter toute confusion et minimiser les perturbations dans la vie quotidienne et les activite\u0301s e\u0301conomiques de nos populations pendant cette pe\u0301riode de transition \u00bb, conclut le communique\u0301.<\/p>\n<p><strong>Pour plus d&rsquo;informations et d&rsquo;analyses sur la <span style=\"color: #ff6600\">Senegal<\/span>, suivez <span style=\"color: #ff6600\">Africa-Press<span style=\"color: #ff6600\"><\/span><\/strong><\/p>\n","protected":false},"excerpt":{"rendered":"<p>Africa-Press &#8211; Senegal. Le retrait du Burkina Faso, du Mali et du Niger de la Communaute\u0301 e\u0301conomique des E\u0301tats de l&rsquo;Afrique de l&rsquo;Ouest (CEDEAO) prend officiellement effet a\u0300 compter de ce 29 janvier 2025. Toutefois, dans un esprit de solidarite\u0301 re\u0301gionale et dans l&rsquo;inte\u0301re\u0302t supe\u0301rieur des populations, la Confe\u0301rence des Chefs d\u2019E\u0301tat et de gouvernement [&hellip;]<\/p>\n","protected":false},"author":82,"featured_media":65124,"comment_status":"open","ping_status":"closed","sticky":false,"template":"","format":"standard","meta":{"footnotes":""},"categories":[2,10],"tags":[44],"class_list":["post-65125","post","type-post","status-publish","format-standard","has-post-thumbnail","hentry","category-politique","category-toutes-les-actualites","tag-senegal-2"],"yoast_head":"<!-- This site is optimized with the Yoast SEO Premium plugin v26.1 (Yoast SEO v27.0) - https:\/\/yoast.com\/product\/yoast-seo-premium-wordpress\/ -->\n<title>La CEDEAO Maintient Ouvertes les Portes du Dialogue Malgr\u00e9 le Retrait des Pays de L\u2019Aes - Senegal<\/title>\n<meta name=\"robots\" content=\"index, follow, max-snippet:-1, max-image-preview:large, max-video-preview:-1\" \/>\n<link rel=\"canonical\" href=\"https:\/\/www.africa-press.net\/senegal\/politique\/la-cedeao-maintient-ouvertes-les-portes-du-dialogue-malgre-le-retrait-des-pays-de-laes\" \/>\n<meta property=\"og:locale\" content=\"fr_FR\" \/>\n<meta property=\"og:type\" content=\"article\" \/>\n<meta property=\"og:title\" content=\"La CEDEAO Maintient Ouvertes les Portes du Dialogue Malgr\u00e9 le Retrait des Pays de L\u2019Aes\" \/>\n<meta property=\"og:description\" content=\"Africa-Press &#8211; Senegal. Le retrait du Burkina Faso, du Mali et du Niger de la Communaute\u0301 e\u0301conomique des E\u0301tats de l&rsquo;Afrique de l&rsquo;Ouest (CEDEAO) prend officiellement effet a\u0300 compter de ce 29 janvier 2025. Toutefois, dans un esprit de solidarite\u0301 re\u0301gionale et dans l&rsquo;inte\u0301re\u0302t supe\u0301rieur des populations, la Confe\u0301rence des Chefs d\u2019E\u0301tat et de gouvernement [&hellip;]\" \/>\n<meta property=\"og:url\" content=\"https:\/\/www.africa-press.net\/senegal\/politique\/la-cedeao-maintient-ouvertes-les-portes-du-dialogue-malgre-le-retrait-des-pays-de-laes\" \/>\n<meta property=\"og:site_name\" content=\"Senegal\" \/>\n<meta property=\"article:published_time\" content=\"2025-01-29T14:00:00+00:00\" \/>\n<meta name=\"author\" content=\"cfeditorfr\" \/>\n<meta name=\"twitter:card\" content=\"summary_large_image\" \/>\n<meta name=\"twitter:label1\" content=\"\u00c9crit par\" \/>\n\t<meta name=\"twitter:data1\" content=\"cfeditorfr\" \/>\n\t<meta name=\"twitter:label2\" content=\"Dur\u00e9e de lecture estim\u00e9e\" \/>\n\t<meta name=\"twitter:data2\" content=\"2 minutes\" \/>\n<script type=\"application\/ld+json\" class=\"yoast-schema-graph\">{\"@context\":\"https:\/\/schema.org\",\"@graph\":[{\"@type\":\"Article\",\"@id\":\"https:\/\/www.africa-press.net\/senegal\/politique\/la-cedeao-maintient-ouvertes-les-portes-du-dialogue-malgre-le-retrait-des-pays-de-laes#article\",\"isPartOf\":{\"@id\":\"https:\/\/www.africa-press.net\/senegal\/politique\/la-cedeao-maintient-ouvertes-les-portes-du-dialogue-malgre-le-retrait-des-pays-de-laes\"},\"author\":{\"name\":\"cfeditorfr\",\"@id\":\"https:\/\/www.africa-press.net\/senegal\/#\/schema\/person\/2b1cf3cd81a31e3cd26889ca66d677f1\"},\"headline\":\"La CEDEAO Maintient Ouvertes les Portes du Dialogue Malgr\u00e9 le Retrait des Pays de L\u2019Aes\",\"datePublished\":\"2025-01-29T14:00:00+00:00\",\"mainEntityOfPage\":{\"@id\":\"https:\/\/www.africa-press.net\/senegal\/politique\/la-cedeao-maintient-ouvertes-les-portes-du-dialogue-malgre-le-retrait-des-pays-de-laes\"},\"wordCount\":422,\"commentCount\":0,\"image\":{\"@id\":\"https:\/\/www.africa-press.net\/senegal\/politique\/la-cedeao-maintient-ouvertes-les-portes-du-dialogue-malgre-le-retrait-des-pays-de-laes#primaryimage\"},\"thumbnailUrl\":\"https:\/\/static.africa-press.net\/senegal\/sites\/13\/2025\/01\/sm_1738233532.723355.jpg\",\"keywords\":[\"Senegal\"],\"articleSection\":[\"Politique\",\"Toutes les actualit\u00e9s\"],\"inLanguage\":\"fr-FR\",\"potentialAction\":[{\"@type\":\"CommentAction\",\"name\":\"Comment\",\"target\":[\"https:\/\/www.africa-press.net\/senegal\/politique\/la-cedeao-maintient-ouvertes-les-portes-du-dialogue-malgre-le-retrait-des-pays-de-laes#respond\"]}]},{\"@type\":\"WebPage\",\"@id\":\"https:\/\/www.africa-press.net\/senegal\/politique\/la-cedeao-maintient-ouvertes-les-portes-du-dialogue-malgre-le-retrait-des-pays-de-laes\",\"url\":\"https:\/\/www.africa-press.net\/senegal\/politique\/la-cedeao-maintient-ouvertes-les-portes-du-dialogue-malgre-le-retrait-des-pays-de-laes\",\"name\":\"La CEDEAO Maintient Ouvertes les Portes du Dialogue Malgr\u00e9 le Retrait des Pays de L\u2019Aes - Senegal\",\"isPartOf\":{\"@id\":\"https:\/\/www.africa-press.net\/senegal\/#website\"},\"primaryImageOfPage\":{\"@id\":\"https:\/\/www.africa-press.net\/senegal\/politique\/la-cedeao-maintient-ouvertes-les-portes-du-dialogue-malgre-le-retrait-des-pays-de-laes#primaryimage\"},\"image\":{\"@id\":\"https:\/\/www.africa-press.net\/senegal\/politique\/la-cedeao-maintient-ouvertes-les-portes-du-dialogue-malgre-le-retrait-des-pays-de-laes#primaryimage\"},\"thumbnailUrl\":\"https:\/\/static.africa-press.net\/senegal\/sites\/13\/2025\/01\/sm_1738233532.723355.jpg\",\"datePublished\":\"2025-01-29T14:00:00+00:00\",\"author\":{\"@id\":\"https:\/\/www.africa-press.net\/senegal\/#\/schema\/person\/2b1cf3cd81a31e3cd26889ca66d677f1\"},\"breadcrumb\":{\"@id\":\"https:\/\/www.africa-press.net\/senegal\/politique\/la-cedeao-maintient-ouvertes-les-portes-du-dialogue-malgre-le-retrait-des-pays-de-laes#breadcrumb\"},\"inLanguage\":\"fr-FR\",\"potentialAction\":[{\"@type\":\"ReadAction\",\"target\":[\"https:\/\/www.africa-press.net\/senegal\/politique\/la-cedeao-maintient-ouvertes-les-portes-du-dialogue-malgre-le-retrait-des-pays-de-laes\"]}]},{\"@type\":\"ImageObject\",\"inLanguage\":\"fr-FR\",\"@id\":\"https:\/\/www.africa-press.net\/senegal\/politique\/la-cedeao-maintient-ouvertes-les-portes-du-dialogue-malgre-le-retrait-des-pays-de-laes#primaryimage\",\"url\":\"https:\/\/static.africa-press.net\/senegal\/sites\/13\/2025\/01\/sm_1738233532.723355.jpg\",\"contentUrl\":\"https:\/\/static.africa-press.net\/senegal\/sites\/13\/2025\/01\/sm_1738233532.723355.jpg\",\"width\":720,\"height\":333,\"caption\":\"La CEDEAO Maintient Ouvertes les Portes du Dialogue Malgr\u00e9 le Retrait des Pays de L\u2019Aes\"},{\"@type\":\"BreadcrumbList\",\"@id\":\"https:\/\/www.africa-press.net\/senegal\/politique\/la-cedeao-maintient-ouvertes-les-portes-du-dialogue-malgre-le-retrait-des-pays-de-laes#breadcrumb\",\"itemListElement\":[{\"@type\":\"ListItem\",\"position\":1,\"name\":\"Accueil\",\"item\":\"https:\/\/www.africa-press.net\/senegal\/\"},{\"@type\":\"ListItem\",\"position\":2,\"name\":\"La CEDEAO Maintient Ouvertes les Portes du Dialogue Malgr\u00e9 le Retrait des Pays de L\u2019Aes\"}]},{\"@type\":\"WebSite\",\"@id\":\"https:\/\/www.africa-press.net\/senegal\/#website\",\"url\":\"https:\/\/www.africa-press.net\/senegal\/\",\"name\":\"Africa Press | Senegal | Homepage\",\"description\":\"Just another Africa News Agency Sites site\",\"potentialAction\":[{\"@type\":\"SearchAction\",\"target\":{\"@type\":\"EntryPoint\",\"urlTemplate\":\"https:\/\/www.africa-press.net\/senegal\/?s={search_term_string}\"},\"query-input\":{\"@type\":\"PropertyValueSpecification\",\"valueRequired\":true,\"valueName\":\"search_term_string\"}}],\"inLanguage\":\"fr-FR\"},{\"@type\":\"Person\",\"@id\":\"https:\/\/www.africa-press.net\/senegal\/#\/schema\/person\/2b1cf3cd81a31e3cd26889ca66d677f1\",\"name\":\"cfeditorfr\",\"url\":\"https:\/\/www.africa-press.net\/senegal\/author\/cfeditorfr\"}]}<\/script>\n<!-- \/ Yoast SEO Premium plugin. -->","yoast_head_json":{"title":"La CEDEAO Maintient Ouvertes les Portes du Dialogue Malgr\u00e9 le Retrait des Pays de L\u2019Aes - Senegal","robots":{"index":"index","follow":"follow","max-snippet":"max-snippet:-1","max-image-preview":"max-image-preview:large","max-video-preview":"max-video-preview:-1"},"canonical":"https:\/\/www.africa-press.net\/senegal\/politique\/la-cedeao-maintient-ouvertes-les-portes-du-dialogue-malgre-le-retrait-des-pays-de-laes","og_locale":"fr_FR","og_type":"article","og_title":"La CEDEAO Maintient Ouvertes les Portes du Dialogue Malgr\u00e9 le Retrait des Pays de L\u2019Aes","og_description":"Africa-Press &#8211; Senegal. Le retrait du Burkina Faso, du Mali et du Niger de la Communaute\u0301 e\u0301conomique des E\u0301tats de l&rsquo;Afrique de l&rsquo;Ouest (CEDEAO) prend officiellement effet a\u0300 compter de ce 29 janvier 2025. Toutefois, dans un esprit de solidarite\u0301 re\u0301gionale et dans l&rsquo;inte\u0301re\u0302t supe\u0301rieur des populations, la Confe\u0301rence des Chefs d\u2019E\u0301tat et de gouvernement [&hellip;]","og_url":"https:\/\/www.africa-press.net\/senegal\/politique\/la-cedeao-maintient-ouvertes-les-portes-du-dialogue-malgre-le-retrait-des-pays-de-laes","og_site_name":"Senegal","article_published_time":"2025-01-29T14:00:00+00:00","author":"cfeditorfr","twitter_card":"summary_large_image","twitter_misc":{"\u00c9crit par":"cfeditorfr","Dur\u00e9e de lecture estim\u00e9e":"2 minutes"},"schema":{"@context":"https:\/\/schema.org","@graph":[{"@type":"Article","@id":"https:\/\/www.africa-press.net\/senegal\/politique\/la-cedeao-maintient-ouvertes-les-portes-du-dialogue-malgre-le-retrait-des-pays-de-laes#article","isPartOf":{"@id":"https:\/\/www.africa-press.net\/senegal\/politique\/la-cedeao-maintient-ouvertes-les-portes-du-dialogue-malgre-le-retrait-des-pays-de-laes"},"author":{"name":"cfeditorfr","@id":"https:\/\/www.africa-press.net\/senegal\/#\/schema\/person\/2b1cf3cd81a31e3cd26889ca66d677f1"},"headline":"La CEDEAO Maintient Ouvertes les Portes du Dialogue Malgr\u00e9 le Retrait des Pays de L\u2019Aes","datePublished":"2025-01-29T14:00:00+00:00","mainEntityOfPage":{"@id":"https:\/\/www.africa-press.net\/senegal\/politique\/la-cedeao-maintient-ouvertes-les-portes-du-dialogue-malgre-le-retrait-des-pays-de-laes"},"wordCount":422,"commentCount":0,"image":{"@id":"https:\/\/www.africa-press.net\/senegal\/politique\/la-cedeao-maintient-ouvertes-les-portes-du-dialogue-malgre-le-retrait-des-pays-de-laes#primaryimage"},"thumbnailUrl":"https:\/\/static.africa-press.net\/senegal\/sites\/13\/2025\/01\/sm_1738233532.723355.jpg","keywords":["Senegal"],"articleSection":["Politique","Toutes les actualit\u00e9s"],"inLanguage":"fr-FR","potentialAction":[{"@type":"CommentAction","name":"Comment","target":["https:\/\/www.africa-press.net\/senegal\/politique\/la-cedeao-maintient-ouvertes-les-portes-du-dialogue-malgre-le-retrait-des-pays-de-laes#respond"]}]},{"@type":"WebPage","@id":"https:\/\/www.africa-press.net\/senegal\/politique\/la-cedeao-maintient-ouvertes-les-portes-du-dialogue-malgre-le-retrait-des-pays-de-laes","url":"https:\/\/www.africa-press.net\/senegal\/politique\/la-cedeao-maintient-ouvertes-les-portes-du-dialogue-malgre-le-retrait-des-pays-de-laes","name":"La CEDEAO Maintient Ouvertes les Portes du Dialogue Malgr\u00e9 le Retrait des Pays de L\u2019Aes - Senegal","isPartOf":{"@id":"https:\/\/www.africa-press.net\/senegal\/#website"},"primaryImageOfPage":{"@id":"https:\/\/www.africa-press.net\/senegal\/politique\/la-cedeao-maintient-ouvertes-les-portes-du-dialogue-malgre-le-retrait-des-pays-de-laes#primaryimage"},"image":{"@id":"https:\/\/www.africa-press.net\/senegal\/politique\/la-cedeao-maintient-ouvertes-les-portes-du-dialogue-malgre-le-retrait-des-pays-de-laes#primaryimage"},"thumbnailUrl":"https:\/\/static.africa-press.net\/senegal\/sites\/13\/2025\/01\/sm_1738233532.723355.jpg","datePublished":"2025-01-29T14:00:00+00:00","author":{"@id":"https:\/\/www.africa-press.net\/senegal\/#\/schema\/person\/2b1cf3cd81a31e3cd26889ca66d677f1"},"breadcrumb":{"@id":"https:\/\/www.africa-press.net\/senegal\/politique\/la-cedeao-maintient-ouvertes-les-portes-du-dialogue-malgre-le-retrait-des-pays-de-laes#breadcrumb"},"inLanguage":"fr-FR","potentialAction":[{"@type":"ReadAction","target":["https:\/\/www.africa-press.net\/senegal\/politique\/la-cedeao-maintient-ouvertes-les-portes-du-dialogue-malgre-le-retrait-des-pays-de-laes"]}]},{"@type":"ImageObject","inLanguage":"fr-FR","@id":"https:\/\/www.africa-press.net\/senegal\/politique\/la-cedeao-maintient-ouvertes-les-portes-du-dialogue-malgre-le-retrait-des-pays-de-laes#primaryimage","url":"https:\/\/static.africa-press.net\/senegal\/sites\/13\/2025\/01\/sm_1738233532.723355.jpg","contentUrl":"https:\/\/static.africa-press.net\/senegal\/sites\/13\/2025\/01\/sm_1738233532.723355.jpg","width":720,"height":333,"caption":"La CEDEAO Maintient Ouvertes les Portes du Dialogue Malgr\u00e9 le Retrait des Pays de L\u2019Aes"},{"@type":"BreadcrumbList","@id":"https:\/\/www.africa-press.net\/senegal\/politique\/la-cedeao-maintient-ouvertes-les-portes-du-dialogue-malgre-le-retrait-des-pays-de-laes#breadcrumb","itemListElement":[{"@type":"ListItem","position":1,"name":"Accueil","item":"https:\/\/www.africa-press.net\/senegal\/"},{"@type":"ListItem","position":2,"name":"La CEDEAO Maintient Ouvertes les Portes du Dialogue Malgr\u00e9 le Retrait des Pays de L\u2019Aes"}]},{"@type":"WebSite","@id":"https:\/\/www.africa-press.net\/senegal\/#website","url":"https:\/\/www.africa-press.net\/senegal\/","name":"Africa Press | Senegal | Homepage","description":"Just another Africa News Agency Sites site","potentialAction":[{"@type":"SearchAction","target":{"@type":"EntryPoint","urlTemplate":"https:\/\/www.africa-press.net\/senegal\/?s={search_term_string}"},"query-input":{"@type":"PropertyValueSpecification","valueRequired":true,"valueName":"search_term_string"}}],"inLanguage":"fr-FR"},{"@type":"Person","@id":"https:\/\/www.africa-press.net\/senegal\/#\/schema\/person\/2b1cf3cd81a31e3cd26889ca66d677f1","name":"cfeditorfr","url":"https:\/\/www.africa-press.net\/senegal\/author\/cfeditorfr"}]}},"_links":{"self":[{"href":"https:\/\/www.africa-press.net\/senegal\/wp-json\/wp\/v2\/posts\/65125","targetHints":{"allow":["GET"]}}],"collection":[{"href":"https:\/\/www.africa-press.net\/senegal\/wp-json\/wp\/v2\/posts"}],"about":[{"href":"https:\/\/www.africa-press.net\/senegal\/wp-json\/wp\/v2\/types\/post"}],"author":[{"embeddable":true,"href":"https:\/\/www.africa-press.net\/senegal\/wp-json\/wp\/v2\/users\/82"}],"replies":[{"embeddable":true,"href":"https:\/\/www.africa-press.net\/senegal\/wp-json\/wp\/v2\/comments?post=65125"}],"version-history":[{"count":0,"href":"https:\/\/www.africa-press.net\/senegal\/wp-json\/wp\/v2\/posts\/65125\/revisions"}],"wp:featuredmedia":[{"embeddable":true,"href":"https:\/\/www.africa-press.net\/senegal\/wp-json\/wp\/v2\/media\/65124"}],"wp:attachment":[{"href":"https:\/\/www.africa-press.net\/senegal\/wp-json\/wp\/v2\/media?parent=65125"}],"wp:term":[{"taxonomy":"category","embeddable":true,"href":"https:\/\/www.africa-press.net\/senegal\/wp-json\/wp\/v2\/categories?post=65125"},{"taxonomy":"post_tag","embeddable":true,"href":"https:\/\/www.africa-press.net\/senegal\/wp-json\/wp\/v2\/tags?post=65125"}],"curies":[{"name":"wp","href":"https:\/\/api.w.org\/{rel}","templated":true}]}}