{"id":65137,"date":"2025-01-29T12:00:00","date_gmt":"2025-01-29T12:00:00","guid":{"rendered":"https:\/\/www.africa-press.net\/senegal\/politique\/lia-sapprete-a-revolutionner-le-monde-du-travail-sam-altman-promet-des-employes-virtuels-des-2025"},"modified":"2025-01-29T12:00:00","modified_gmt":"2025-01-29T12:00:00","slug":"lia-sapprete-a-revolutionner-le-monde-du-travail-sam-altman-promet-des-employes-virtuels-des-2025","status":"publish","type":"post","link":"https:\/\/www.africa-press.net\/senegal\/toutes-les-actualites\/lia-sapprete-a-revolutionner-le-monde-du-travail-sam-altman-promet-des-employes-virtuels-des-2025","title":{"rendered":"L\u2019IA S\u2019appr\u00eate \u00e0 R\u00e9volutionner le Monde du Travail : Sam Altman Promet des \u00ab Employ\u00e9s Virtuels \u00bb D\u00e8s 2025"},"content":{"rendered":"<p><span style=\"color: #ff6600\"><strong>Africa-Press &#8211; Senegal. <\/strong><\/span>L\u2019intelligence artificielle est sur le point de bouleverser en profondeur le monde du travail. C\u2019est en tout cas la pre\u0301diction de Sam Altman, le fondateur d\u2019OpenAI, qui a annonce\u0301 que des \u00ab employe\u0301s virtuels \u00bb pourraient faire leur entre\u0301e dans les entreprises de\u0300s cette anne\u0301e.<\/p>\n<p>Dans un article de blog publie\u0301 re\u0301cemment, Altman a re\u0301ve\u0301le\u0301 qu\u2019OpenAI travaillait sur un agent IA baptise\u0301 \u00ab Operator \u00bb, capable d\u2019exe\u0301cuter des ta\u0302ches varie\u0301es pour un utilisateur, comme e\u0301crire du code ou re\u0301server un voyage. Cette annonce intervient alors que d\u2019autres acteurs majeurs de l\u2019IA, tels que Microsoft et Anthropic, ont de\u0301ja\u0300 de\u0301veloppe\u0301 des outils similaires.<\/p>\n<p><b>Une re\u0301volution a\u0300 porte\u0301e de main<\/b><\/p>\n<p>Cette e\u0301volution technologique pourrait avoir un impact conside\u0301rable sur la productivite\u0301 des entreprises. Selon une e\u0301tude de McKinsey, d\u2019ici 2030, jusqu\u2019a\u0300 30% des ta\u0302ches actuellement re\u0301alise\u0301es par les humains pourraient e\u0302tre automatise\u0301es gra\u0302ce a\u0300 l\u2019IA.<\/p>\n<p>\u00ab Nous sommes la\u0300 pour un avenir radieux \u00bb, s\u2019enthousiasme Sam Altman. \u00ab Gra\u0302ce a\u0300 la superintelligence, nous pouvons faire tout autre chose. \u00bb Le patron d\u2019OpenAI estime que les outils d\u2019IA pourraient acce\u0301le\u0301rer conside\u0301rablement la de\u0301couverte scientifique et l\u2019innovation.<\/p>\n<p><b>Des de\u0301fis a\u0300 relever<\/b><br \/>\n<b>Si l\u2019arrive\u0301e de ces \u00ab employe\u0301s virtuels \u00bb est une promesse de progre\u0300s, elle soule\u0300ve e\u0301galement de nombreuses questions. Comment inte\u0301grer ces nouvelles technologies dans les entreprises ? Quels seront les impacts sur l\u2019emploi ? Comment garantir l\u2019e\u0301thique de ces outils ?<\/b><\/p>\n<p>Les gouvernements et les entreprises devront faire face a\u0300 ces de\u0301fis pour tirer pleinement parti du potentiel de l\u2019IA tout en minimisant les risques.<\/p>\n<p><b>Conclusion<\/b><\/p>\n<p>L\u2019anne\u0301e 2025 s\u2019annonce comme une anne\u0301e charnie\u0300re pour l\u2019intelligence artificielle. Avec l\u2019arrive\u0301e imminente des premiers agents IA, le monde du travail est sur le point de connai\u0302tre une transformation profonde. Il est essentiel d\u2019anticiper ces changements et de mettre en place les mesures ne\u0301cessaires pour en tirer le meilleur parti.<\/p>\n<p><strong>Pour plus d&rsquo;informations et d&rsquo;analyses sur la <span style=\"color: #ff6600\">Senegal<\/span>, suivez <span style=\"color: #ff6600\">Africa-Press<span style=\"color: #ff6600\"><\/span><\/strong><\/p>\n","protected":false},"excerpt":{"rendered":"<p>Africa-Press &#8211; Senegal. L\u2019intelligence artificielle est sur le point de bouleverser en profondeur le monde du travail. C\u2019est en tout cas la pre\u0301diction de Sam Altman, le fondateur d\u2019OpenAI, qui a annonce\u0301 que des \u00ab employe\u0301s virtuels \u00bb pourraient faire leur entre\u0301e dans les entreprises de\u0300s cette anne\u0301e. Dans un article de blog publie\u0301 re\u0301cemment, [&hellip;]<\/p>\n","protected":false},"author":82,"featured_media":65136,"comment_status":"open","ping_status":"closed","sticky":false,"template":"","format":"standard","meta":{"footnotes":""},"categories":[22,10],"tags":[44],"class_list":["post-65137","post","type-post","status-publish","format-standard","has-post-thumbnail","hentry","category-divers","category-toutes-les-actualites","tag-senegal-2"],"yoast_head":"<!-- This site is optimized with the Yoast SEO Premium plugin v26.1 (Yoast SEO v27.0) - https:\/\/yoast.com\/product\/yoast-seo-premium-wordpress\/ -->\n<title>L\u2019IA S\u2019appr\u00eate \u00e0 R\u00e9volutionner le Monde du Travail : Sam Altman Promet des \u00ab Employ\u00e9s Virtuels \u00bb D\u00e8s 2025 - Senegal<\/title>\n<meta name=\"robots\" content=\"index, follow, max-snippet:-1, max-image-preview:large, max-video-preview:-1\" \/>\n<link rel=\"canonical\" href=\"https:\/\/www.africa-press.net\/senegal\/politique\/lia-sapprete-a-revolutionner-le-monde-du-travail-sam-altman-promet-des-employes-virtuels-des-2025\" \/>\n<meta property=\"og:locale\" content=\"fr_FR\" \/>\n<meta property=\"og:type\" content=\"article\" \/>\n<meta property=\"og:title\" content=\"L\u2019IA S\u2019appr\u00eate \u00e0 R\u00e9volutionner le Monde du Travail : Sam Altman Promet des \u00ab Employ\u00e9s Virtuels \u00bb D\u00e8s 2025\" \/>\n<meta property=\"og:description\" content=\"Africa-Press &#8211; Senegal. L\u2019intelligence artificielle est sur le point de bouleverser en profondeur le monde du travail. C\u2019est en tout cas la pre\u0301diction de Sam Altman, le fondateur d\u2019OpenAI, qui a annonce\u0301 que des \u00ab employe\u0301s virtuels \u00bb pourraient faire leur entre\u0301e dans les entreprises de\u0300s cette anne\u0301e. Dans un article de blog publie\u0301 re\u0301cemment, [&hellip;]\" \/>\n<meta property=\"og:url\" content=\"https:\/\/www.africa-press.net\/senegal\/politique\/lia-sapprete-a-revolutionner-le-monde-du-travail-sam-altman-promet-des-employes-virtuels-des-2025\" \/>\n<meta property=\"og:site_name\" content=\"Senegal\" \/>\n<meta property=\"article:published_time\" content=\"2025-01-29T12:00:00+00:00\" \/>\n<meta name=\"author\" content=\"cfeditorfr\" \/>\n<meta name=\"twitter:card\" content=\"summary_large_image\" \/>\n<meta name=\"twitter:label1\" content=\"\u00c9crit par\" \/>\n\t<meta name=\"twitter:data1\" content=\"cfeditorfr\" \/>\n\t<meta name=\"twitter:label2\" content=\"Dur\u00e9e de lecture estim\u00e9e\" \/>\n\t<meta name=\"twitter:data2\" content=\"2 minutes\" \/>\n<script type=\"application\/ld+json\" class=\"yoast-schema-graph\">{\"@context\":\"https:\/\/schema.org\",\"@graph\":[{\"@type\":\"Article\",\"@id\":\"https:\/\/www.africa-press.net\/senegal\/politique\/lia-sapprete-a-revolutionner-le-monde-du-travail-sam-altman-promet-des-employes-virtuels-des-2025#article\",\"isPartOf\":{\"@id\":\"https:\/\/www.africa-press.net\/senegal\/politique\/lia-sapprete-a-revolutionner-le-monde-du-travail-sam-altman-promet-des-employes-virtuels-des-2025\"},\"author\":{\"name\":\"cfeditorfr\",\"@id\":\"https:\/\/www.africa-press.net\/senegal\/#\/schema\/person\/2b1cf3cd81a31e3cd26889ca66d677f1\"},\"headline\":\"L\u2019IA S\u2019appr\u00eate \u00e0 R\u00e9volutionner le Monde du Travail : Sam Altman Promet des \u00ab Employ\u00e9s Virtuels \u00bb D\u00e8s 2025\",\"datePublished\":\"2025-01-29T12:00:00+00:00\",\"mainEntityOfPage\":{\"@id\":\"https:\/\/www.africa-press.net\/senegal\/politique\/lia-sapprete-a-revolutionner-le-monde-du-travail-sam-altman-promet-des-employes-virtuels-des-2025\"},\"wordCount\":392,\"commentCount\":0,\"image\":{\"@id\":\"https:\/\/www.africa-press.net\/senegal\/politique\/lia-sapprete-a-revolutionner-le-monde-du-travail-sam-altman-promet-des-employes-virtuels-des-2025#primaryimage\"},\"thumbnailUrl\":\"https:\/\/static.africa-press.net\/senegal\/sites\/13\/2025\/01\/sm_1738237040.779643.jpg\",\"keywords\":[\"Senegal\"],\"articleSection\":[\"Divers\",\"Toutes les actualit\u00e9s\"],\"inLanguage\":\"fr-FR\",\"potentialAction\":[{\"@type\":\"CommentAction\",\"name\":\"Comment\",\"target\":[\"https:\/\/www.africa-press.net\/senegal\/politique\/lia-sapprete-a-revolutionner-le-monde-du-travail-sam-altman-promet-des-employes-virtuels-des-2025#respond\"]}]},{\"@type\":\"WebPage\",\"@id\":\"https:\/\/www.africa-press.net\/senegal\/politique\/lia-sapprete-a-revolutionner-le-monde-du-travail-sam-altman-promet-des-employes-virtuels-des-2025\",\"url\":\"https:\/\/www.africa-press.net\/senegal\/politique\/lia-sapprete-a-revolutionner-le-monde-du-travail-sam-altman-promet-des-employes-virtuels-des-2025\",\"name\":\"L\u2019IA S\u2019appr\u00eate \u00e0 R\u00e9volutionner le Monde du Travail : Sam Altman Promet des \u00ab Employ\u00e9s Virtuels \u00bb D\u00e8s 2025 - Senegal\",\"isPartOf\":{\"@id\":\"https:\/\/www.africa-press.net\/senegal\/#website\"},\"primaryImageOfPage\":{\"@id\":\"https:\/\/www.africa-press.net\/senegal\/politique\/lia-sapprete-a-revolutionner-le-monde-du-travail-sam-altman-promet-des-employes-virtuels-des-2025#primaryimage\"},\"image\":{\"@id\":\"https:\/\/www.africa-press.net\/senegal\/politique\/lia-sapprete-a-revolutionner-le-monde-du-travail-sam-altman-promet-des-employes-virtuels-des-2025#primaryimage\"},\"thumbnailUrl\":\"https:\/\/static.africa-press.net\/senegal\/sites\/13\/2025\/01\/sm_1738237040.779643.jpg\",\"datePublished\":\"2025-01-29T12:00:00+00:00\",\"author\":{\"@id\":\"https:\/\/www.africa-press.net\/senegal\/#\/schema\/person\/2b1cf3cd81a31e3cd26889ca66d677f1\"},\"breadcrumb\":{\"@id\":\"https:\/\/www.africa-press.net\/senegal\/politique\/lia-sapprete-a-revolutionner-le-monde-du-travail-sam-altman-promet-des-employes-virtuels-des-2025#breadcrumb\"},\"inLanguage\":\"fr-FR\",\"potentialAction\":[{\"@type\":\"ReadAction\",\"target\":[\"https:\/\/www.africa-press.net\/senegal\/politique\/lia-sapprete-a-revolutionner-le-monde-du-travail-sam-altman-promet-des-employes-virtuels-des-2025\"]}]},{\"@type\":\"ImageObject\",\"inLanguage\":\"fr-FR\",\"@id\":\"https:\/\/www.africa-press.net\/senegal\/politique\/lia-sapprete-a-revolutionner-le-monde-du-travail-sam-altman-promet-des-employes-virtuels-des-2025#primaryimage\",\"url\":\"https:\/\/static.africa-press.net\/senegal\/sites\/13\/2025\/01\/sm_1738237040.779643.jpg\",\"contentUrl\":\"https:\/\/static.africa-press.net\/senegal\/sites\/13\/2025\/01\/sm_1738237040.779643.jpg\",\"width\":1024,\"height\":585,\"caption\":\"L\u2019IA S\u2019appr\u00eate \u00e0 R\u00e9volutionner le Monde du Travail : Sam Altman Promet des \u00ab Employ\u00e9s Virtuels \u00bb D\u00e8s 2025\"},{\"@type\":\"BreadcrumbList\",\"@id\":\"https:\/\/www.africa-press.net\/senegal\/politique\/lia-sapprete-a-revolutionner-le-monde-du-travail-sam-altman-promet-des-employes-virtuels-des-2025#breadcrumb\",\"itemListElement\":[{\"@type\":\"ListItem\",\"position\":1,\"name\":\"Accueil\",\"item\":\"https:\/\/www.africa-press.net\/senegal\/\"},{\"@type\":\"ListItem\",\"position\":2,\"name\":\"L\u2019IA S\u2019appr\u00eate \u00e0 R\u00e9volutionner le Monde du Travail : Sam Altman Promet des \u00ab Employ\u00e9s Virtuels \u00bb D\u00e8s 2025\"}]},{\"@type\":\"WebSite\",\"@id\":\"https:\/\/www.africa-press.net\/senegal\/#website\",\"url\":\"https:\/\/www.africa-press.net\/senegal\/\",\"name\":\"Africa Press | Senegal | Homepage\",\"description\":\"Just another Africa News Agency Sites site\",\"potentialAction\":[{\"@type\":\"SearchAction\",\"target\":{\"@type\":\"EntryPoint\",\"urlTemplate\":\"https:\/\/www.africa-press.net\/senegal\/?s={search_term_string}\"},\"query-input\":{\"@type\":\"PropertyValueSpecification\",\"valueRequired\":true,\"valueName\":\"search_term_string\"}}],\"inLanguage\":\"fr-FR\"},{\"@type\":\"Person\",\"@id\":\"https:\/\/www.africa-press.net\/senegal\/#\/schema\/person\/2b1cf3cd81a31e3cd26889ca66d677f1\",\"name\":\"cfeditorfr\",\"url\":\"https:\/\/www.africa-press.net\/senegal\/author\/cfeditorfr\"}]}<\/script>\n<!-- \/ Yoast SEO Premium plugin. -->","yoast_head_json":{"title":"L\u2019IA S\u2019appr\u00eate \u00e0 R\u00e9volutionner le Monde du Travail : Sam Altman Promet des \u00ab Employ\u00e9s Virtuels \u00bb D\u00e8s 2025 - Senegal","robots":{"index":"index","follow":"follow","max-snippet":"max-snippet:-1","max-image-preview":"max-image-preview:large","max-video-preview":"max-video-preview:-1"},"canonical":"https:\/\/www.africa-press.net\/senegal\/politique\/lia-sapprete-a-revolutionner-le-monde-du-travail-sam-altman-promet-des-employes-virtuels-des-2025","og_locale":"fr_FR","og_type":"article","og_title":"L\u2019IA S\u2019appr\u00eate \u00e0 R\u00e9volutionner le Monde du Travail : Sam Altman Promet des \u00ab Employ\u00e9s Virtuels \u00bb D\u00e8s 2025","og_description":"Africa-Press &#8211; Senegal. L\u2019intelligence artificielle est sur le point de bouleverser en profondeur le monde du travail. C\u2019est en tout cas la pre\u0301diction de Sam Altman, le fondateur d\u2019OpenAI, qui a annonce\u0301 que des \u00ab employe\u0301s virtuels \u00bb pourraient faire leur entre\u0301e dans les entreprises de\u0300s cette anne\u0301e. Dans un article de blog publie\u0301 re\u0301cemment, [&hellip;]","og_url":"https:\/\/www.africa-press.net\/senegal\/politique\/lia-sapprete-a-revolutionner-le-monde-du-travail-sam-altman-promet-des-employes-virtuels-des-2025","og_site_name":"Senegal","article_published_time":"2025-01-29T12:00:00+00:00","author":"cfeditorfr","twitter_card":"summary_large_image","twitter_misc":{"\u00c9crit par":"cfeditorfr","Dur\u00e9e de lecture estim\u00e9e":"2 minutes"},"schema":{"@context":"https:\/\/schema.org","@graph":[{"@type":"Article","@id":"https:\/\/www.africa-press.net\/senegal\/politique\/lia-sapprete-a-revolutionner-le-monde-du-travail-sam-altman-promet-des-employes-virtuels-des-2025#article","isPartOf":{"@id":"https:\/\/www.africa-press.net\/senegal\/politique\/lia-sapprete-a-revolutionner-le-monde-du-travail-sam-altman-promet-des-employes-virtuels-des-2025"},"author":{"name":"cfeditorfr","@id":"https:\/\/www.africa-press.net\/senegal\/#\/schema\/person\/2b1cf3cd81a31e3cd26889ca66d677f1"},"headline":"L\u2019IA S\u2019appr\u00eate \u00e0 R\u00e9volutionner le Monde du Travail : Sam Altman Promet des \u00ab Employ\u00e9s Virtuels \u00bb D\u00e8s 2025","datePublished":"2025-01-29T12:00:00+00:00","mainEntityOfPage":{"@id":"https:\/\/www.africa-press.net\/senegal\/politique\/lia-sapprete-a-revolutionner-le-monde-du-travail-sam-altman-promet-des-employes-virtuels-des-2025"},"wordCount":392,"commentCount":0,"image":{"@id":"https:\/\/www.africa-press.net\/senegal\/politique\/lia-sapprete-a-revolutionner-le-monde-du-travail-sam-altman-promet-des-employes-virtuels-des-2025#primaryimage"},"thumbnailUrl":"https:\/\/static.africa-press.net\/senegal\/sites\/13\/2025\/01\/sm_1738237040.779643.jpg","keywords":["Senegal"],"articleSection":["Divers","Toutes les actualit\u00e9s"],"inLanguage":"fr-FR","potentialAction":[{"@type":"CommentAction","name":"Comment","target":["https:\/\/www.africa-press.net\/senegal\/politique\/lia-sapprete-a-revolutionner-le-monde-du-travail-sam-altman-promet-des-employes-virtuels-des-2025#respond"]}]},{"@type":"WebPage","@id":"https:\/\/www.africa-press.net\/senegal\/politique\/lia-sapprete-a-revolutionner-le-monde-du-travail-sam-altman-promet-des-employes-virtuels-des-2025","url":"https:\/\/www.africa-press.net\/senegal\/politique\/lia-sapprete-a-revolutionner-le-monde-du-travail-sam-altman-promet-des-employes-virtuels-des-2025","name":"L\u2019IA S\u2019appr\u00eate \u00e0 R\u00e9volutionner le Monde du Travail : Sam Altman Promet des \u00ab Employ\u00e9s Virtuels \u00bb D\u00e8s 2025 - Senegal","isPartOf":{"@id":"https:\/\/www.africa-press.net\/senegal\/#website"},"primaryImageOfPage":{"@id":"https:\/\/www.africa-press.net\/senegal\/politique\/lia-sapprete-a-revolutionner-le-monde-du-travail-sam-altman-promet-des-employes-virtuels-des-2025#primaryimage"},"image":{"@id":"https:\/\/www.africa-press.net\/senegal\/politique\/lia-sapprete-a-revolutionner-le-monde-du-travail-sam-altman-promet-des-employes-virtuels-des-2025#primaryimage"},"thumbnailUrl":"https:\/\/static.africa-press.net\/senegal\/sites\/13\/2025\/01\/sm_1738237040.779643.jpg","datePublished":"2025-01-29T12:00:00+00:00","author":{"@id":"https:\/\/www.africa-press.net\/senegal\/#\/schema\/person\/2b1cf3cd81a31e3cd26889ca66d677f1"},"breadcrumb":{"@id":"https:\/\/www.africa-press.net\/senegal\/politique\/lia-sapprete-a-revolutionner-le-monde-du-travail-sam-altman-promet-des-employes-virtuels-des-2025#breadcrumb"},"inLanguage":"fr-FR","potentialAction":[{"@type":"ReadAction","target":["https:\/\/www.africa-press.net\/senegal\/politique\/lia-sapprete-a-revolutionner-le-monde-du-travail-sam-altman-promet-des-employes-virtuels-des-2025"]}]},{"@type":"ImageObject","inLanguage":"fr-FR","@id":"https:\/\/www.africa-press.net\/senegal\/politique\/lia-sapprete-a-revolutionner-le-monde-du-travail-sam-altman-promet-des-employes-virtuels-des-2025#primaryimage","url":"https:\/\/static.africa-press.net\/senegal\/sites\/13\/2025\/01\/sm_1738237040.779643.jpg","contentUrl":"https:\/\/static.africa-press.net\/senegal\/sites\/13\/2025\/01\/sm_1738237040.779643.jpg","width":1024,"height":585,"caption":"L\u2019IA S\u2019appr\u00eate \u00e0 R\u00e9volutionner le Monde du Travail : Sam Altman Promet des \u00ab Employ\u00e9s Virtuels \u00bb D\u00e8s 2025"},{"@type":"BreadcrumbList","@id":"https:\/\/www.africa-press.net\/senegal\/politique\/lia-sapprete-a-revolutionner-le-monde-du-travail-sam-altman-promet-des-employes-virtuels-des-2025#breadcrumb","itemListElement":[{"@type":"ListItem","position":1,"name":"Accueil","item":"https:\/\/www.africa-press.net\/senegal\/"},{"@type":"ListItem","position":2,"name":"L\u2019IA S\u2019appr\u00eate \u00e0 R\u00e9volutionner le Monde du Travail : Sam Altman Promet des \u00ab Employ\u00e9s Virtuels \u00bb D\u00e8s 2025"}]},{"@type":"WebSite","@id":"https:\/\/www.africa-press.net\/senegal\/#website","url":"https:\/\/www.africa-press.net\/senegal\/","name":"Africa Press | Senegal | Homepage","description":"Just another Africa News Agency Sites site","potentialAction":[{"@type":"SearchAction","target":{"@type":"EntryPoint","urlTemplate":"https:\/\/www.africa-press.net\/senegal\/?s={search_term_string}"},"query-input":{"@type":"PropertyValueSpecification","valueRequired":true,"valueName":"search_term_string"}}],"inLanguage":"fr-FR"},{"@type":"Person","@id":"https:\/\/www.africa-press.net\/senegal\/#\/schema\/person\/2b1cf3cd81a31e3cd26889ca66d677f1","name":"cfeditorfr","url":"https:\/\/www.africa-press.net\/senegal\/author\/cfeditorfr"}]}},"_links":{"self":[{"href":"https:\/\/www.africa-press.net\/senegal\/wp-json\/wp\/v2\/posts\/65137","targetHints":{"allow":["GET"]}}],"collection":[{"href":"https:\/\/www.africa-press.net\/senegal\/wp-json\/wp\/v2\/posts"}],"about":[{"href":"https:\/\/www.africa-press.net\/senegal\/wp-json\/wp\/v2\/types\/post"}],"author":[{"embeddable":true,"href":"https:\/\/www.africa-press.net\/senegal\/wp-json\/wp\/v2\/users\/82"}],"replies":[{"embeddable":true,"href":"https:\/\/www.africa-press.net\/senegal\/wp-json\/wp\/v2\/comments?post=65137"}],"version-history":[{"count":0,"href":"https:\/\/www.africa-press.net\/senegal\/wp-json\/wp\/v2\/posts\/65137\/revisions"}],"wp:featuredmedia":[{"embeddable":true,"href":"https:\/\/www.africa-press.net\/senegal\/wp-json\/wp\/v2\/media\/65136"}],"wp:attachment":[{"href":"https:\/\/www.africa-press.net\/senegal\/wp-json\/wp\/v2\/media?parent=65137"}],"wp:term":[{"taxonomy":"category","embeddable":true,"href":"https:\/\/www.africa-press.net\/senegal\/wp-json\/wp\/v2\/categories?post=65137"},{"taxonomy":"post_tag","embeddable":true,"href":"https:\/\/www.africa-press.net\/senegal\/wp-json\/wp\/v2\/tags?post=65137"}],"curies":[{"name":"wp","href":"https:\/\/api.w.org\/{rel}","templated":true}]}}