{"id":65149,"date":"2025-01-29T12:00:00","date_gmt":"2025-01-29T12:00:00","guid":{"rendered":"https:\/\/www.africa-press.net\/senegal\/politique\/depuis-plus-de-120-ans-les-chercheurs-navaient-pas-vu-cette-espece-de-lapin-vivante"},"modified":"2025-01-29T12:00:00","modified_gmt":"2025-01-29T12:00:00","slug":"depuis-plus-de-120-ans-les-chercheurs-navaient-pas-vu-cette-espece-de-lapin-vivante","status":"publish","type":"post","link":"https:\/\/www.africa-press.net\/senegal\/toutes-les-actualites\/depuis-plus-de-120-ans-les-chercheurs-navaient-pas-vu-cette-espece-de-lapin-vivante","title":{"rendered":"Depuis Plus de 120 Ans, les Chercheurs N\u2019Avaient pas Vu cette Esp\u00e8ce de Lapin Vivante"},"content":{"rendered":"<p><span style=\"color: #ff6600\"><strong>Africa-Press &#8211; Senegal. <\/strong><\/span>Il y a des disparitions qui n\u2019en sont pas vraiment. Par exemple, le lapin d\u2019Ame\u0301rique Sylvilagus insonus se cachait des scientifiques depuis plus de 120 ans. Mais les habitants de la Sierra Madre del Sur, une chai\u0302ne de montagne situe\u0301e au Mexique, voyaient re\u0301gulie\u0300rement le petit mammife\u0300re, qui repre\u0301sente me\u0302me une source de nourriture pour cette communaute\u0301. Encore fallait-il que le dialogue se noue entre les diffe\u0301rents acteurs de cette histoire. C\u2019est maintenant chose faite et ce lapin, reconnaissable notamment a\u0300 sa queue noire, a officiellement e\u0301te\u0301 rede\u0301couvert.<\/p>\n<p>C\u2019est a\u0300 l\u2019e\u0301cologue Jose\u0301 Alberto Almaza\u0301n-Catala\u0301n que l\u2019on doit cette rede\u0301couverte. Apre\u0300s avoir monte\u0301 une expe\u0301dition, il a visite\u0301 dix zones de l\u2019Etat du Guerrero durant cinq anne\u0301es. En 2020, il a interroge\u0301 des chasseurs de la re\u0301gion du Filo Mayor qui ont donne\u0301 a\u0300 l\u2019e\u0301quipe de recherche plusieurs lapins qu\u2019ils avaient capture\u0301s ! Un don assez ahurissant quand on pense que la communaute\u0301 scientifique se basait sur seulement quatre spe\u0301cimens avant le de\u0301but de l\u2019expe\u0301dition. L\u2019un d\u2019eux e\u0301tait une peau de Sylvilagus insonus donne\u0301e en 1998 par des chasseurs a\u0300 la communaute\u0301 scientifique. Lors de cette expe\u0301dition, ses membres ont vu, de leurs propres yeux, des lapins Sylvilagus insonus sur le bord des routes. En tout, l\u2019animal a e\u0301te\u0301 trouve\u0301 dans sept zones sur les dix e\u0301tudie\u0301es.<\/p>\n<p><b>Percer les secrets de cette espe\u0300ce pour mieux la prote\u0301ger<\/b><\/p>\n<p>Dans un communique\u0301 publie\u0301 le 23 janvier 2025 par l\u2019organisation Re:wild, qui s\u2019est spe\u0301cialise\u0301e dans la rede\u0301couverte d\u2019espe\u0300ces, les chercheurs de l\u2019expe\u0301dition l\u2019assurent: \u00ab Tous les membres de la communaute\u0301 locale interroge\u0301s au sujet de l\u2019espe\u0300ce ont exprime\u0301 leur volonte\u0301 d\u2019aider a\u0300 prote\u0301ger le lapin si les scientifiques de\u0301terminent que des menaces telles que le braconnage et la chasse de subsistance pourraient entrai\u0302ner un de\u0301clin de la population \u00bb.<\/p>\n<p>Si l\u2019espe\u0300ce se trouve dans une re\u0301serve naturelle, il n\u2019existe cependant aucune mesure pour sa conservation. Ce lapin ne se retrouve que dans une zone restreinte, dans les fore\u0302ts de conife\u0300res de la Sierra Madre del Sur. \u00ab Nous devons encore en savoir plus sur l\u2019histoire naturelle de cette espe\u0300ce, notamment sur ce qu\u2019elle fait entre janvier et juin, qui correspond a\u0300 sa saison de reproduction et a\u0300 laquelle on a enregistre\u0301 le plus grand nombre de spe\u0301cimens \u00bb, explique Jose\u0301 Alberto Almaza\u0301n-Catala\u0301n.<\/p>\n<p><b>Une \u00ab queue de coton \u00bb noire et courte<\/b><\/p>\n<p>Sylvilagus insonus prend le nom anglais de \u00ab Omiltemi cottontail rabbit \u00bb. Si on peut traduire \u00ab cotton tail \u00bb par \u00ab queue de coton \u00bb, l\u2019animal n\u2019a cependant pas une queue blanche en forme de pompon. Il a me\u0302me une queue courte et noire, ce qui le diffe\u0301rencie des autres espe\u0300ces (il est aussi particulie\u0300rement petit, comme ses oreilles).<\/p>\n<p>\u00ab La description originale de l\u2019espe\u0300ce par la science occidentale et plusieurs lapins \u2018Omiltemi cottontail rabbit\u2019 collecte\u0301s par Edward William Nelson en 1904 ne pre\u0301sentent pas non plus de taches blanches ni de queue blanche, mais a\u0300 un moment donne\u0301 au cours des de\u0301cennies suivantes, le mot \u2018cottontail\u2019 a e\u0301te\u0301 inclus dans le nom commun de l\u2019espe\u0300ce \u00bb, relate le communique\u0301.<\/p>\n<p>Cette espe\u0300ce est la 13e rede\u0301couverte gra\u0302ce au programme de Re:wild, qui soutient les scientifiques dans leur que\u0302te.<\/p>\n<p><strong>Pour plus d&rsquo;informations et d&rsquo;analyses sur la <span style=\"color: #ff6600\">Senegal<\/span>, suivez <span style=\"color: #ff6600\">Africa-Press<span style=\"color: #ff6600\"><\/span><\/strong><\/p>\n","protected":false},"excerpt":{"rendered":"<p>Africa-Press &#8211; Senegal. Il y a des disparitions qui n\u2019en sont pas vraiment. Par exemple, le lapin d\u2019Ame\u0301rique Sylvilagus insonus se cachait des scientifiques depuis plus de 120 ans. Mais les habitants de la Sierra Madre del Sur, une chai\u0302ne de montagne situe\u0301e au Mexique, voyaient re\u0301gulie\u0300rement le petit mammife\u0300re, qui repre\u0301sente me\u0302me une source [&hellip;]<\/p>\n","protected":false},"author":82,"featured_media":65148,"comment_status":"open","ping_status":"closed","sticky":false,"template":"","format":"standard","meta":{"footnotes":""},"categories":[22,10],"tags":[44],"class_list":["post-65149","post","type-post","status-publish","format-standard","has-post-thumbnail","hentry","category-divers","category-toutes-les-actualites","tag-senegal-2"],"yoast_head":"<!-- This site is optimized with the Yoast SEO Premium plugin v26.1 (Yoast SEO v27.0) - https:\/\/yoast.com\/product\/yoast-seo-premium-wordpress\/ -->\n<title>Depuis Plus de 120 Ans, les Chercheurs N\u2019Avaient pas Vu cette Esp\u00e8ce de Lapin Vivante - Senegal<\/title>\n<meta name=\"robots\" content=\"index, follow, max-snippet:-1, max-image-preview:large, max-video-preview:-1\" \/>\n<link rel=\"canonical\" href=\"https:\/\/www.africa-press.net\/senegal\/politique\/depuis-plus-de-120-ans-les-chercheurs-navaient-pas-vu-cette-espece-de-lapin-vivante\" \/>\n<meta property=\"og:locale\" content=\"fr_FR\" \/>\n<meta property=\"og:type\" content=\"article\" \/>\n<meta property=\"og:title\" content=\"Depuis Plus de 120 Ans, les Chercheurs N\u2019Avaient pas Vu cette Esp\u00e8ce de Lapin Vivante\" \/>\n<meta property=\"og:description\" content=\"Africa-Press &#8211; Senegal. Il y a des disparitions qui n\u2019en sont pas vraiment. Par exemple, le lapin d\u2019Ame\u0301rique Sylvilagus insonus se cachait des scientifiques depuis plus de 120 ans. Mais les habitants de la Sierra Madre del Sur, une chai\u0302ne de montagne situe\u0301e au Mexique, voyaient re\u0301gulie\u0300rement le petit mammife\u0300re, qui repre\u0301sente me\u0302me une source [&hellip;]\" \/>\n<meta property=\"og:url\" content=\"https:\/\/www.africa-press.net\/senegal\/politique\/depuis-plus-de-120-ans-les-chercheurs-navaient-pas-vu-cette-espece-de-lapin-vivante\" \/>\n<meta property=\"og:site_name\" content=\"Senegal\" \/>\n<meta property=\"article:published_time\" content=\"2025-01-29T12:00:00+00:00\" \/>\n<meta name=\"author\" content=\"cfeditorfr\" \/>\n<meta name=\"twitter:card\" content=\"summary_large_image\" \/>\n<meta name=\"twitter:label1\" content=\"\u00c9crit par\" \/>\n\t<meta name=\"twitter:data1\" content=\"cfeditorfr\" \/>\n\t<meta name=\"twitter:label2\" content=\"Dur\u00e9e de lecture estim\u00e9e\" \/>\n\t<meta name=\"twitter:data2\" content=\"3 minutes\" \/>\n<script type=\"application\/ld+json\" class=\"yoast-schema-graph\">{\"@context\":\"https:\/\/schema.org\",\"@graph\":[{\"@type\":\"Article\",\"@id\":\"https:\/\/www.africa-press.net\/senegal\/politique\/depuis-plus-de-120-ans-les-chercheurs-navaient-pas-vu-cette-espece-de-lapin-vivante#article\",\"isPartOf\":{\"@id\":\"https:\/\/www.africa-press.net\/senegal\/politique\/depuis-plus-de-120-ans-les-chercheurs-navaient-pas-vu-cette-espece-de-lapin-vivante\"},\"author\":{\"name\":\"cfeditorfr\",\"@id\":\"https:\/\/www.africa-press.net\/senegal\/#\/schema\/person\/2b1cf3cd81a31e3cd26889ca66d677f1\"},\"headline\":\"Depuis Plus de 120 Ans, les Chercheurs N\u2019Avaient pas Vu cette Esp\u00e8ce de Lapin Vivante\",\"datePublished\":\"2025-01-29T12:00:00+00:00\",\"mainEntityOfPage\":{\"@id\":\"https:\/\/www.africa-press.net\/senegal\/politique\/depuis-plus-de-120-ans-les-chercheurs-navaient-pas-vu-cette-espece-de-lapin-vivante\"},\"wordCount\":631,\"commentCount\":0,\"image\":{\"@id\":\"https:\/\/www.africa-press.net\/senegal\/politique\/depuis-plus-de-120-ans-les-chercheurs-navaient-pas-vu-cette-espece-de-lapin-vivante#primaryimage\"},\"thumbnailUrl\":\"https:\/\/static.africa-press.net\/senegal\/sites\/13\/2025\/01\/sm_1738237839.40341.jpg\",\"keywords\":[\"Senegal\"],\"articleSection\":[\"Divers\",\"Toutes les actualit\u00e9s\"],\"inLanguage\":\"fr-FR\",\"potentialAction\":[{\"@type\":\"CommentAction\",\"name\":\"Comment\",\"target\":[\"https:\/\/www.africa-press.net\/senegal\/politique\/depuis-plus-de-120-ans-les-chercheurs-navaient-pas-vu-cette-espece-de-lapin-vivante#respond\"]}]},{\"@type\":\"WebPage\",\"@id\":\"https:\/\/www.africa-press.net\/senegal\/politique\/depuis-plus-de-120-ans-les-chercheurs-navaient-pas-vu-cette-espece-de-lapin-vivante\",\"url\":\"https:\/\/www.africa-press.net\/senegal\/politique\/depuis-plus-de-120-ans-les-chercheurs-navaient-pas-vu-cette-espece-de-lapin-vivante\",\"name\":\"Depuis Plus de 120 Ans, les Chercheurs N\u2019Avaient pas Vu cette Esp\u00e8ce de Lapin Vivante - Senegal\",\"isPartOf\":{\"@id\":\"https:\/\/www.africa-press.net\/senegal\/#website\"},\"primaryImageOfPage\":{\"@id\":\"https:\/\/www.africa-press.net\/senegal\/politique\/depuis-plus-de-120-ans-les-chercheurs-navaient-pas-vu-cette-espece-de-lapin-vivante#primaryimage\"},\"image\":{\"@id\":\"https:\/\/www.africa-press.net\/senegal\/politique\/depuis-plus-de-120-ans-les-chercheurs-navaient-pas-vu-cette-espece-de-lapin-vivante#primaryimage\"},\"thumbnailUrl\":\"https:\/\/static.africa-press.net\/senegal\/sites\/13\/2025\/01\/sm_1738237839.40341.jpg\",\"datePublished\":\"2025-01-29T12:00:00+00:00\",\"author\":{\"@id\":\"https:\/\/www.africa-press.net\/senegal\/#\/schema\/person\/2b1cf3cd81a31e3cd26889ca66d677f1\"},\"breadcrumb\":{\"@id\":\"https:\/\/www.africa-press.net\/senegal\/politique\/depuis-plus-de-120-ans-les-chercheurs-navaient-pas-vu-cette-espece-de-lapin-vivante#breadcrumb\"},\"inLanguage\":\"fr-FR\",\"potentialAction\":[{\"@type\":\"ReadAction\",\"target\":[\"https:\/\/www.africa-press.net\/senegal\/politique\/depuis-plus-de-120-ans-les-chercheurs-navaient-pas-vu-cette-espece-de-lapin-vivante\"]}]},{\"@type\":\"ImageObject\",\"inLanguage\":\"fr-FR\",\"@id\":\"https:\/\/www.africa-press.net\/senegal\/politique\/depuis-plus-de-120-ans-les-chercheurs-navaient-pas-vu-cette-espece-de-lapin-vivante#primaryimage\",\"url\":\"https:\/\/static.africa-press.net\/senegal\/sites\/13\/2025\/01\/sm_1738237839.40341.jpg\",\"contentUrl\":\"https:\/\/static.africa-press.net\/senegal\/sites\/13\/2025\/01\/sm_1738237839.40341.jpg\",\"width\":1280,\"height\":720,\"caption\":\"Depuis Plus de 120 Ans, les Chercheurs N\u2019Avaient pas Vu cette Esp\u00e8ce de Lapin Vivante\"},{\"@type\":\"BreadcrumbList\",\"@id\":\"https:\/\/www.africa-press.net\/senegal\/politique\/depuis-plus-de-120-ans-les-chercheurs-navaient-pas-vu-cette-espece-de-lapin-vivante#breadcrumb\",\"itemListElement\":[{\"@type\":\"ListItem\",\"position\":1,\"name\":\"Accueil\",\"item\":\"https:\/\/www.africa-press.net\/senegal\/\"},{\"@type\":\"ListItem\",\"position\":2,\"name\":\"Depuis Plus de 120 Ans, les Chercheurs N\u2019Avaient pas Vu cette Esp\u00e8ce de Lapin Vivante\"}]},{\"@type\":\"WebSite\",\"@id\":\"https:\/\/www.africa-press.net\/senegal\/#website\",\"url\":\"https:\/\/www.africa-press.net\/senegal\/\",\"name\":\"Africa Press | Senegal | Homepage\",\"description\":\"Just another Africa News Agency Sites site\",\"potentialAction\":[{\"@type\":\"SearchAction\",\"target\":{\"@type\":\"EntryPoint\",\"urlTemplate\":\"https:\/\/www.africa-press.net\/senegal\/?s={search_term_string}\"},\"query-input\":{\"@type\":\"PropertyValueSpecification\",\"valueRequired\":true,\"valueName\":\"search_term_string\"}}],\"inLanguage\":\"fr-FR\"},{\"@type\":\"Person\",\"@id\":\"https:\/\/www.africa-press.net\/senegal\/#\/schema\/person\/2b1cf3cd81a31e3cd26889ca66d677f1\",\"name\":\"cfeditorfr\",\"url\":\"https:\/\/www.africa-press.net\/senegal\/author\/cfeditorfr\"}]}<\/script>\n<!-- \/ Yoast SEO Premium plugin. -->","yoast_head_json":{"title":"Depuis Plus de 120 Ans, les Chercheurs N\u2019Avaient pas Vu cette Esp\u00e8ce de Lapin Vivante - Senegal","robots":{"index":"index","follow":"follow","max-snippet":"max-snippet:-1","max-image-preview":"max-image-preview:large","max-video-preview":"max-video-preview:-1"},"canonical":"https:\/\/www.africa-press.net\/senegal\/politique\/depuis-plus-de-120-ans-les-chercheurs-navaient-pas-vu-cette-espece-de-lapin-vivante","og_locale":"fr_FR","og_type":"article","og_title":"Depuis Plus de 120 Ans, les Chercheurs N\u2019Avaient pas Vu cette Esp\u00e8ce de Lapin Vivante","og_description":"Africa-Press &#8211; Senegal. Il y a des disparitions qui n\u2019en sont pas vraiment. Par exemple, le lapin d\u2019Ame\u0301rique Sylvilagus insonus se cachait des scientifiques depuis plus de 120 ans. Mais les habitants de la Sierra Madre del Sur, une chai\u0302ne de montagne situe\u0301e au Mexique, voyaient re\u0301gulie\u0300rement le petit mammife\u0300re, qui repre\u0301sente me\u0302me une source [&hellip;]","og_url":"https:\/\/www.africa-press.net\/senegal\/politique\/depuis-plus-de-120-ans-les-chercheurs-navaient-pas-vu-cette-espece-de-lapin-vivante","og_site_name":"Senegal","article_published_time":"2025-01-29T12:00:00+00:00","author":"cfeditorfr","twitter_card":"summary_large_image","twitter_misc":{"\u00c9crit par":"cfeditorfr","Dur\u00e9e de lecture estim\u00e9e":"3 minutes"},"schema":{"@context":"https:\/\/schema.org","@graph":[{"@type":"Article","@id":"https:\/\/www.africa-press.net\/senegal\/politique\/depuis-plus-de-120-ans-les-chercheurs-navaient-pas-vu-cette-espece-de-lapin-vivante#article","isPartOf":{"@id":"https:\/\/www.africa-press.net\/senegal\/politique\/depuis-plus-de-120-ans-les-chercheurs-navaient-pas-vu-cette-espece-de-lapin-vivante"},"author":{"name":"cfeditorfr","@id":"https:\/\/www.africa-press.net\/senegal\/#\/schema\/person\/2b1cf3cd81a31e3cd26889ca66d677f1"},"headline":"Depuis Plus de 120 Ans, les Chercheurs N\u2019Avaient pas Vu cette Esp\u00e8ce de Lapin Vivante","datePublished":"2025-01-29T12:00:00+00:00","mainEntityOfPage":{"@id":"https:\/\/www.africa-press.net\/senegal\/politique\/depuis-plus-de-120-ans-les-chercheurs-navaient-pas-vu-cette-espece-de-lapin-vivante"},"wordCount":631,"commentCount":0,"image":{"@id":"https:\/\/www.africa-press.net\/senegal\/politique\/depuis-plus-de-120-ans-les-chercheurs-navaient-pas-vu-cette-espece-de-lapin-vivante#primaryimage"},"thumbnailUrl":"https:\/\/static.africa-press.net\/senegal\/sites\/13\/2025\/01\/sm_1738237839.40341.jpg","keywords":["Senegal"],"articleSection":["Divers","Toutes les actualit\u00e9s"],"inLanguage":"fr-FR","potentialAction":[{"@type":"CommentAction","name":"Comment","target":["https:\/\/www.africa-press.net\/senegal\/politique\/depuis-plus-de-120-ans-les-chercheurs-navaient-pas-vu-cette-espece-de-lapin-vivante#respond"]}]},{"@type":"WebPage","@id":"https:\/\/www.africa-press.net\/senegal\/politique\/depuis-plus-de-120-ans-les-chercheurs-navaient-pas-vu-cette-espece-de-lapin-vivante","url":"https:\/\/www.africa-press.net\/senegal\/politique\/depuis-plus-de-120-ans-les-chercheurs-navaient-pas-vu-cette-espece-de-lapin-vivante","name":"Depuis Plus de 120 Ans, les Chercheurs N\u2019Avaient pas Vu cette Esp\u00e8ce de Lapin Vivante - Senegal","isPartOf":{"@id":"https:\/\/www.africa-press.net\/senegal\/#website"},"primaryImageOfPage":{"@id":"https:\/\/www.africa-press.net\/senegal\/politique\/depuis-plus-de-120-ans-les-chercheurs-navaient-pas-vu-cette-espece-de-lapin-vivante#primaryimage"},"image":{"@id":"https:\/\/www.africa-press.net\/senegal\/politique\/depuis-plus-de-120-ans-les-chercheurs-navaient-pas-vu-cette-espece-de-lapin-vivante#primaryimage"},"thumbnailUrl":"https:\/\/static.africa-press.net\/senegal\/sites\/13\/2025\/01\/sm_1738237839.40341.jpg","datePublished":"2025-01-29T12:00:00+00:00","author":{"@id":"https:\/\/www.africa-press.net\/senegal\/#\/schema\/person\/2b1cf3cd81a31e3cd26889ca66d677f1"},"breadcrumb":{"@id":"https:\/\/www.africa-press.net\/senegal\/politique\/depuis-plus-de-120-ans-les-chercheurs-navaient-pas-vu-cette-espece-de-lapin-vivante#breadcrumb"},"inLanguage":"fr-FR","potentialAction":[{"@type":"ReadAction","target":["https:\/\/www.africa-press.net\/senegal\/politique\/depuis-plus-de-120-ans-les-chercheurs-navaient-pas-vu-cette-espece-de-lapin-vivante"]}]},{"@type":"ImageObject","inLanguage":"fr-FR","@id":"https:\/\/www.africa-press.net\/senegal\/politique\/depuis-plus-de-120-ans-les-chercheurs-navaient-pas-vu-cette-espece-de-lapin-vivante#primaryimage","url":"https:\/\/static.africa-press.net\/senegal\/sites\/13\/2025\/01\/sm_1738237839.40341.jpg","contentUrl":"https:\/\/static.africa-press.net\/senegal\/sites\/13\/2025\/01\/sm_1738237839.40341.jpg","width":1280,"height":720,"caption":"Depuis Plus de 120 Ans, les Chercheurs N\u2019Avaient pas Vu cette Esp\u00e8ce de Lapin Vivante"},{"@type":"BreadcrumbList","@id":"https:\/\/www.africa-press.net\/senegal\/politique\/depuis-plus-de-120-ans-les-chercheurs-navaient-pas-vu-cette-espece-de-lapin-vivante#breadcrumb","itemListElement":[{"@type":"ListItem","position":1,"name":"Accueil","item":"https:\/\/www.africa-press.net\/senegal\/"},{"@type":"ListItem","position":2,"name":"Depuis Plus de 120 Ans, les Chercheurs N\u2019Avaient pas Vu cette Esp\u00e8ce de Lapin Vivante"}]},{"@type":"WebSite","@id":"https:\/\/www.africa-press.net\/senegal\/#website","url":"https:\/\/www.africa-press.net\/senegal\/","name":"Africa Press | Senegal | Homepage","description":"Just another Africa News Agency Sites site","potentialAction":[{"@type":"SearchAction","target":{"@type":"EntryPoint","urlTemplate":"https:\/\/www.africa-press.net\/senegal\/?s={search_term_string}"},"query-input":{"@type":"PropertyValueSpecification","valueRequired":true,"valueName":"search_term_string"}}],"inLanguage":"fr-FR"},{"@type":"Person","@id":"https:\/\/www.africa-press.net\/senegal\/#\/schema\/person\/2b1cf3cd81a31e3cd26889ca66d677f1","name":"cfeditorfr","url":"https:\/\/www.africa-press.net\/senegal\/author\/cfeditorfr"}]}},"_links":{"self":[{"href":"https:\/\/www.africa-press.net\/senegal\/wp-json\/wp\/v2\/posts\/65149","targetHints":{"allow":["GET"]}}],"collection":[{"href":"https:\/\/www.africa-press.net\/senegal\/wp-json\/wp\/v2\/posts"}],"about":[{"href":"https:\/\/www.africa-press.net\/senegal\/wp-json\/wp\/v2\/types\/post"}],"author":[{"embeddable":true,"href":"https:\/\/www.africa-press.net\/senegal\/wp-json\/wp\/v2\/users\/82"}],"replies":[{"embeddable":true,"href":"https:\/\/www.africa-press.net\/senegal\/wp-json\/wp\/v2\/comments?post=65149"}],"version-history":[{"count":0,"href":"https:\/\/www.africa-press.net\/senegal\/wp-json\/wp\/v2\/posts\/65149\/revisions"}],"wp:featuredmedia":[{"embeddable":true,"href":"https:\/\/www.africa-press.net\/senegal\/wp-json\/wp\/v2\/media\/65148"}],"wp:attachment":[{"href":"https:\/\/www.africa-press.net\/senegal\/wp-json\/wp\/v2\/media?parent=65149"}],"wp:term":[{"taxonomy":"category","embeddable":true,"href":"https:\/\/www.africa-press.net\/senegal\/wp-json\/wp\/v2\/categories?post=65149"},{"taxonomy":"post_tag","embeddable":true,"href":"https:\/\/www.africa-press.net\/senegal\/wp-json\/wp\/v2\/tags?post=65149"}],"curies":[{"name":"wp","href":"https:\/\/api.w.org\/{rel}","templated":true}]}}