{"id":65164,"date":"2025-01-31T12:00:00","date_gmt":"2025-01-31T12:00:00","guid":{"rendered":"https:\/\/www.africa-press.net\/senegal\/politique\/lavenir-se-precise-pour-la-fusee-europeenne-ariane-6"},"modified":"2025-01-31T12:00:00","modified_gmt":"2025-01-31T12:00:00","slug":"lavenir-se-precise-pour-la-fusee-europeenne-ariane-6","status":"publish","type":"post","link":"https:\/\/www.africa-press.net\/senegal\/toutes-les-actualites\/lavenir-se-precise-pour-la-fusee-europeenne-ariane-6","title":{"rendered":"L\u2019Avenir se Pr\u00e9cise pour la Fus\u00e9e Europ\u00e9enne Ariane 6"},"content":{"rendered":"<p><span style=\"color: #ff6600\"><strong>Africa-Press &#8211; Senegal. <\/strong><\/span>L\u2019avenir se pre\u0301cise pour la fuse\u0301e Ariane 6 qui garantit a\u0300 l\u2019Europe son acce\u0300s a\u0300 l\u2019espace: Arianespace a fixe\u0301 mardi au 26 fe\u0301vrier son premier vol ope\u0301rationnel et a signe\u0301 des contrats avec la Commission europe\u0301enne pour des missions ulte\u0301rieures.<\/p>\n<p>D\u2019abord, fin de suspense concernant le premier tir commercial du programme europe\u0301en: initialement envisage\u0301 fin 2024 puis annonce\u0301 \u00ab entre mi-fe\u0301vrier et fin mars \u00bb, il aura lieu le 26 fe\u0301vrier a\u0300 16h24 GMT depuis Kourou, en Guyane franc\u0327aise, a annonce\u0301 Arianespace.<\/p>\n<p>Nouveau lanceur lourd europe\u0301en, Ariane 6 avait re\u0301alise\u0301 un vol inaugural en juillet 2024, marquant le retour d\u2019un acce\u0300s autonome a\u0300 l\u2019espace pour l\u2019Europe, malgre\u0301 l\u2019e\u0301chec de la rentre\u0301e atmosphe\u0301rique de l\u2019e\u0301tage supe\u0301rieur en fin de mission.<\/p>\n<p>Ce premier vol n\u2019emportait pas de satellites commerciaux, mais seulement une dizaine de micro-satellites d\u2019universite\u0301s.<\/p>\n<p>La premie\u0300re mission commerciale d\u2019Ariane 6 permettra elle le lancement d\u2019un satellite d\u2019observation militaire, CSO-3, qui sera place\u0301 en orbite a\u0300 800 km d\u2019altitude.<\/p>\n<p>Ce satellite est le troisie\u0300me et dernier d\u2019un programme commun a\u0300 plusieurs pays europe\u0301ens pilote\u0301 par la France, qui vise a\u0300 mettre en orbite une constellation de satellites de\u0301die\u0301s a\u0300 l\u2019observation de la Terre a\u0300 des fins de de\u0301fense et se\u0301curite\u0301.<\/p>\n<p>\u00ab Avec ce lancement au service de la de\u0301fense franc\u0327aise et des besoins capacitaires de plusieurs pays partenaires, Arianespace garantit a\u0300 la France et a\u0300 l\u2019Europe un acce\u0300s autonome a\u0300 l\u2019Espace, au be\u0301ne\u0301fice de l\u2019ensemble de nos concitoyens \u00bb, salue David Cavaillole\u0300s, nouveau pre\u0301sident exe\u0301cutif d\u2019Arianespace, cite\u0301 dans le communique\u0301 de la socie\u0301te\u0301.<\/p>\n<p>L\u2019enjeu pour les Europe\u0301ens est de continuer a\u0300 exister face au ge\u0301ant ame\u0301ricain SpaceX qui lance ses fuse\u0301es re\u0301utilisables Falcon 9 environ deux fois par semaine.<\/p>\n<p><b>\u2013 Deuxie\u0300me vol commercial en aou\u0302t \u2013<\/b><\/p>\n<p>Depuis le dernier vol d\u2019Ariane 5, en juillet 2023, les Europe\u0301ens ne pouvaient plus mettre en orbite de satellites par eux-me\u0302mes. Depuis l\u2019invasion de l\u2019Ukraine, ils n\u2019ont plus acce\u0300s au lanceur moyen russe Soyouz, tire\u0301 pendant dix ans depuis la Guyane. L\u2019autre fuse\u0301e europe\u0301enne le\u0301ge\u0300re, Vega-C, n\u2019a repris les vols qu\u2019en de\u0301cembre 2024 apre\u0300s avoir e\u0301te\u0301 cloue\u0301e au sol pendant deux ans apre\u0300s un accident ayant entrai\u0302ne\u0301 la perte de satellites.<\/p>\n<p>Confirmant l\u2019e\u0301claircie pour le spatial europe\u0301en, Arianespace a annonce\u0301 dans l\u2019apre\u0300s-midi la signature de plusieurs contrats avec la Commission europe\u0301enne, lors de la Confe\u0301rence spatiale europe\u0301enne a\u0300 Bruxelles.<\/p>\n<p>Le satellite Sentinel-1D du programme Copernicus d\u2019observation de la Terre de l\u2019Union europe\u0301enne sera ainsi place\u0301 en orbite \u00ab au second semestre 2025 \u00bb avec la version a\u0300 deux boosters d\u2019Ariane 6.<\/p>\n<p>Le lancement du satellite Metop-SG-A1 d\u2019Eumetsat, de\u0301ja\u0300 annonce\u0301 a\u0300 bord d\u2019Ariane 6, \u00ab est avance\u0301 a\u0300 aou\u0302t 2025 sur le deuxie\u0300me vol commercial d\u2019Ariane 6 \u00bb, ajoute Arianespace.<\/p>\n<p>\u00ab En re\u0301affirmant leur confiance en Ariane 6, nos partenaires europe\u0301ens renforcent l\u2019industrie spatiale et la souverainete\u0301 de l\u2019Europe \u00bb, s\u2019est fe\u0301licite\u0301 M. Cavaillole\u0300s.<\/p>\n<p>La Commission europe\u0301enne a e\u0301galement officialise\u0301 mardi l\u2019attribution a\u0300 Arianespace du lancement de deux premiers satellites de seconde ge\u0301ne\u0301ration pour la constellation Galileo, fleuron mondial de la navigation par satellite, qui fournit aux gouvernements, institutions et citoyens europe\u0301ens des services de ge\u0301olocalisation de haute pre\u0301cision.<\/p>\n<p>Ce sera la quatrie\u0300me mission du nouveau lanceur lourd europe\u0301en au profit de la constellation Galileo dont la date n\u2019a pas e\u0301te\u0301 annonce\u0301e.<\/p>\n<p>Les douze premiers satellites de seconde ge\u0301ne\u0301ration sont actuellement en pleine phase de production respectivement au sein de Thales Alenia Space et d\u2019Airbus Defence and Space, sous la direction de l\u2019ESA.<\/p>\n<p>\u00ab 2024 a e\u0301te\u0301 une anne\u0301e de\u0301cisive avec le retour en vol de Vega-C et le vol inaugural d\u2019Ariane 6. En re\u0301tablissant notre acce\u0300s autonome a\u0300 l\u2019espace, cela nous permet aussi de nous projeter apre\u0300s deux-trois ans de repli. 2025 sera donc l\u2019anne\u0301e de la remonte\u0301e en cadence, a\u0300 condition que la chai\u0302ne industrielle produisant les lanceurs, les propulseurs suive le rythme \u00bb, a souligne\u0301 lundi le directeur du Centre Spatial Guyanais Philippe Lier (Cnes).<\/p>\n<p>Il s\u2019attend e\u0301galement a\u0300 \u00ab une activite\u0301 tre\u0300s soutenue \u00bb du centre en 2026 avec 12 a\u0300 14 tirs pre\u0301vus, tous lanceurs confondus.<\/p>\n<p><strong>Pour plus d&rsquo;informations et d&rsquo;analyses sur la <span style=\"color: #ff6600\">Senegal<\/span>, suivez <span style=\"color: #ff6600\">Africa-Press<span style=\"color: #ff6600\"><\/span><\/strong><\/p>\n","protected":false},"excerpt":{"rendered":"<p>Africa-Press &#8211; Senegal. L\u2019avenir se pre\u0301cise pour la fuse\u0301e Ariane 6 qui garantit a\u0300 l\u2019Europe son acce\u0300s a\u0300 l\u2019espace: Arianespace a fixe\u0301 mardi au 26 fe\u0301vrier son premier vol ope\u0301rationnel et a signe\u0301 des contrats avec la Commission europe\u0301enne pour des missions ulte\u0301rieures. D\u2019abord, fin de suspense concernant le premier tir commercial du programme europe\u0301en: [&hellip;]<\/p>\n","protected":false},"author":82,"featured_media":65163,"comment_status":"open","ping_status":"closed","sticky":false,"template":"","format":"standard","meta":{"footnotes":""},"categories":[22,10],"tags":[44],"class_list":["post-65164","post","type-post","status-publish","format-standard","has-post-thumbnail","hentry","category-divers","category-toutes-les-actualites","tag-senegal-2"],"yoast_head":"<!-- This site is optimized with the Yoast SEO Premium plugin v26.1 (Yoast SEO v27.0) - https:\/\/yoast.com\/product\/yoast-seo-premium-wordpress\/ -->\n<title>L\u2019Avenir se Pr\u00e9cise pour la Fus\u00e9e Europ\u00e9enne Ariane 6 - Senegal<\/title>\n<meta name=\"robots\" content=\"index, follow, max-snippet:-1, max-image-preview:large, max-video-preview:-1\" \/>\n<link rel=\"canonical\" href=\"https:\/\/www.africa-press.net\/senegal\/politique\/lavenir-se-precise-pour-la-fusee-europeenne-ariane-6\" \/>\n<meta property=\"og:locale\" content=\"fr_FR\" \/>\n<meta property=\"og:type\" content=\"article\" \/>\n<meta property=\"og:title\" content=\"L\u2019Avenir se Pr\u00e9cise pour la Fus\u00e9e Europ\u00e9enne Ariane 6\" \/>\n<meta property=\"og:description\" content=\"Africa-Press &#8211; Senegal. L\u2019avenir se pre\u0301cise pour la fuse\u0301e Ariane 6 qui garantit a\u0300 l\u2019Europe son acce\u0300s a\u0300 l\u2019espace: Arianespace a fixe\u0301 mardi au 26 fe\u0301vrier son premier vol ope\u0301rationnel et a signe\u0301 des contrats avec la Commission europe\u0301enne pour des missions ulte\u0301rieures. D\u2019abord, fin de suspense concernant le premier tir commercial du programme europe\u0301en: [&hellip;]\" \/>\n<meta property=\"og:url\" content=\"https:\/\/www.africa-press.net\/senegal\/politique\/lavenir-se-precise-pour-la-fusee-europeenne-ariane-6\" \/>\n<meta property=\"og:site_name\" content=\"Senegal\" \/>\n<meta property=\"article:published_time\" content=\"2025-01-31T12:00:00+00:00\" \/>\n<meta name=\"author\" content=\"cfeditorfr\" \/>\n<meta name=\"twitter:card\" content=\"summary_large_image\" \/>\n<meta name=\"twitter:label1\" content=\"\u00c9crit par\" \/>\n\t<meta name=\"twitter:data1\" content=\"cfeditorfr\" \/>\n\t<meta name=\"twitter:label2\" content=\"Dur\u00e9e de lecture estim\u00e9e\" \/>\n\t<meta name=\"twitter:data2\" content=\"4 minutes\" \/>\n<script type=\"application\/ld+json\" class=\"yoast-schema-graph\">{\"@context\":\"https:\/\/schema.org\",\"@graph\":[{\"@type\":\"Article\",\"@id\":\"https:\/\/www.africa-press.net\/senegal\/politique\/lavenir-se-precise-pour-la-fusee-europeenne-ariane-6#article\",\"isPartOf\":{\"@id\":\"https:\/\/www.africa-press.net\/senegal\/politique\/lavenir-se-precise-pour-la-fusee-europeenne-ariane-6\"},\"author\":{\"name\":\"cfeditorfr\",\"@id\":\"https:\/\/www.africa-press.net\/senegal\/#\/schema\/person\/2b1cf3cd81a31e3cd26889ca66d677f1\"},\"headline\":\"L\u2019Avenir se Pr\u00e9cise pour la Fus\u00e9e Europ\u00e9enne Ariane 6\",\"datePublished\":\"2025-01-31T12:00:00+00:00\",\"mainEntityOfPage\":{\"@id\":\"https:\/\/www.africa-press.net\/senegal\/politique\/lavenir-se-precise-pour-la-fusee-europeenne-ariane-6\"},\"wordCount\":796,\"commentCount\":0,\"image\":{\"@id\":\"https:\/\/www.africa-press.net\/senegal\/politique\/lavenir-se-precise-pour-la-fusee-europeenne-ariane-6#primaryimage\"},\"thumbnailUrl\":\"https:\/\/static.africa-press.net\/senegal\/sites\/13\/2025\/01\/sm_1738396095.01455.jpg\",\"keywords\":[\"Senegal\"],\"articleSection\":[\"Divers\",\"Toutes les actualit\u00e9s\"],\"inLanguage\":\"fr-FR\",\"potentialAction\":[{\"@type\":\"CommentAction\",\"name\":\"Comment\",\"target\":[\"https:\/\/www.africa-press.net\/senegal\/politique\/lavenir-se-precise-pour-la-fusee-europeenne-ariane-6#respond\"]}]},{\"@type\":\"WebPage\",\"@id\":\"https:\/\/www.africa-press.net\/senegal\/politique\/lavenir-se-precise-pour-la-fusee-europeenne-ariane-6\",\"url\":\"https:\/\/www.africa-press.net\/senegal\/politique\/lavenir-se-precise-pour-la-fusee-europeenne-ariane-6\",\"name\":\"L\u2019Avenir se Pr\u00e9cise pour la Fus\u00e9e Europ\u00e9enne Ariane 6 - Senegal\",\"isPartOf\":{\"@id\":\"https:\/\/www.africa-press.net\/senegal\/#website\"},\"primaryImageOfPage\":{\"@id\":\"https:\/\/www.africa-press.net\/senegal\/politique\/lavenir-se-precise-pour-la-fusee-europeenne-ariane-6#primaryimage\"},\"image\":{\"@id\":\"https:\/\/www.africa-press.net\/senegal\/politique\/lavenir-se-precise-pour-la-fusee-europeenne-ariane-6#primaryimage\"},\"thumbnailUrl\":\"https:\/\/static.africa-press.net\/senegal\/sites\/13\/2025\/01\/sm_1738396095.01455.jpg\",\"datePublished\":\"2025-01-31T12:00:00+00:00\",\"author\":{\"@id\":\"https:\/\/www.africa-press.net\/senegal\/#\/schema\/person\/2b1cf3cd81a31e3cd26889ca66d677f1\"},\"breadcrumb\":{\"@id\":\"https:\/\/www.africa-press.net\/senegal\/politique\/lavenir-se-precise-pour-la-fusee-europeenne-ariane-6#breadcrumb\"},\"inLanguage\":\"fr-FR\",\"potentialAction\":[{\"@type\":\"ReadAction\",\"target\":[\"https:\/\/www.africa-press.net\/senegal\/politique\/lavenir-se-precise-pour-la-fusee-europeenne-ariane-6\"]}]},{\"@type\":\"ImageObject\",\"inLanguage\":\"fr-FR\",\"@id\":\"https:\/\/www.africa-press.net\/senegal\/politique\/lavenir-se-precise-pour-la-fusee-europeenne-ariane-6#primaryimage\",\"url\":\"https:\/\/static.africa-press.net\/senegal\/sites\/13\/2025\/01\/sm_1738396095.01455.jpg\",\"contentUrl\":\"https:\/\/static.africa-press.net\/senegal\/sites\/13\/2025\/01\/sm_1738396095.01455.jpg\",\"width\":1200,\"height\":900,\"caption\":\"L\u2019Avenir se Pr\u00e9cise pour la Fus\u00e9e Europ\u00e9enne Ariane 6\"},{\"@type\":\"BreadcrumbList\",\"@id\":\"https:\/\/www.africa-press.net\/senegal\/politique\/lavenir-se-precise-pour-la-fusee-europeenne-ariane-6#breadcrumb\",\"itemListElement\":[{\"@type\":\"ListItem\",\"position\":1,\"name\":\"Accueil\",\"item\":\"https:\/\/www.africa-press.net\/senegal\/\"},{\"@type\":\"ListItem\",\"position\":2,\"name\":\"L\u2019Avenir se Pr\u00e9cise pour la Fus\u00e9e Europ\u00e9enne Ariane 6\"}]},{\"@type\":\"WebSite\",\"@id\":\"https:\/\/www.africa-press.net\/senegal\/#website\",\"url\":\"https:\/\/www.africa-press.net\/senegal\/\",\"name\":\"Africa Press | Senegal | Homepage\",\"description\":\"Just another Africa News Agency Sites site\",\"potentialAction\":[{\"@type\":\"SearchAction\",\"target\":{\"@type\":\"EntryPoint\",\"urlTemplate\":\"https:\/\/www.africa-press.net\/senegal\/?s={search_term_string}\"},\"query-input\":{\"@type\":\"PropertyValueSpecification\",\"valueRequired\":true,\"valueName\":\"search_term_string\"}}],\"inLanguage\":\"fr-FR\"},{\"@type\":\"Person\",\"@id\":\"https:\/\/www.africa-press.net\/senegal\/#\/schema\/person\/2b1cf3cd81a31e3cd26889ca66d677f1\",\"name\":\"cfeditorfr\",\"url\":\"https:\/\/www.africa-press.net\/senegal\/author\/cfeditorfr\"}]}<\/script>\n<!-- \/ Yoast SEO Premium plugin. -->","yoast_head_json":{"title":"L\u2019Avenir se Pr\u00e9cise pour la Fus\u00e9e Europ\u00e9enne Ariane 6 - Senegal","robots":{"index":"index","follow":"follow","max-snippet":"max-snippet:-1","max-image-preview":"max-image-preview:large","max-video-preview":"max-video-preview:-1"},"canonical":"https:\/\/www.africa-press.net\/senegal\/politique\/lavenir-se-precise-pour-la-fusee-europeenne-ariane-6","og_locale":"fr_FR","og_type":"article","og_title":"L\u2019Avenir se Pr\u00e9cise pour la Fus\u00e9e Europ\u00e9enne Ariane 6","og_description":"Africa-Press &#8211; Senegal. L\u2019avenir se pre\u0301cise pour la fuse\u0301e Ariane 6 qui garantit a\u0300 l\u2019Europe son acce\u0300s a\u0300 l\u2019espace: Arianespace a fixe\u0301 mardi au 26 fe\u0301vrier son premier vol ope\u0301rationnel et a signe\u0301 des contrats avec la Commission europe\u0301enne pour des missions ulte\u0301rieures. D\u2019abord, fin de suspense concernant le premier tir commercial du programme europe\u0301en: [&hellip;]","og_url":"https:\/\/www.africa-press.net\/senegal\/politique\/lavenir-se-precise-pour-la-fusee-europeenne-ariane-6","og_site_name":"Senegal","article_published_time":"2025-01-31T12:00:00+00:00","author":"cfeditorfr","twitter_card":"summary_large_image","twitter_misc":{"\u00c9crit par":"cfeditorfr","Dur\u00e9e de lecture estim\u00e9e":"4 minutes"},"schema":{"@context":"https:\/\/schema.org","@graph":[{"@type":"Article","@id":"https:\/\/www.africa-press.net\/senegal\/politique\/lavenir-se-precise-pour-la-fusee-europeenne-ariane-6#article","isPartOf":{"@id":"https:\/\/www.africa-press.net\/senegal\/politique\/lavenir-se-precise-pour-la-fusee-europeenne-ariane-6"},"author":{"name":"cfeditorfr","@id":"https:\/\/www.africa-press.net\/senegal\/#\/schema\/person\/2b1cf3cd81a31e3cd26889ca66d677f1"},"headline":"L\u2019Avenir se Pr\u00e9cise pour la Fus\u00e9e Europ\u00e9enne Ariane 6","datePublished":"2025-01-31T12:00:00+00:00","mainEntityOfPage":{"@id":"https:\/\/www.africa-press.net\/senegal\/politique\/lavenir-se-precise-pour-la-fusee-europeenne-ariane-6"},"wordCount":796,"commentCount":0,"image":{"@id":"https:\/\/www.africa-press.net\/senegal\/politique\/lavenir-se-precise-pour-la-fusee-europeenne-ariane-6#primaryimage"},"thumbnailUrl":"https:\/\/static.africa-press.net\/senegal\/sites\/13\/2025\/01\/sm_1738396095.01455.jpg","keywords":["Senegal"],"articleSection":["Divers","Toutes les actualit\u00e9s"],"inLanguage":"fr-FR","potentialAction":[{"@type":"CommentAction","name":"Comment","target":["https:\/\/www.africa-press.net\/senegal\/politique\/lavenir-se-precise-pour-la-fusee-europeenne-ariane-6#respond"]}]},{"@type":"WebPage","@id":"https:\/\/www.africa-press.net\/senegal\/politique\/lavenir-se-precise-pour-la-fusee-europeenne-ariane-6","url":"https:\/\/www.africa-press.net\/senegal\/politique\/lavenir-se-precise-pour-la-fusee-europeenne-ariane-6","name":"L\u2019Avenir se Pr\u00e9cise pour la Fus\u00e9e Europ\u00e9enne Ariane 6 - Senegal","isPartOf":{"@id":"https:\/\/www.africa-press.net\/senegal\/#website"},"primaryImageOfPage":{"@id":"https:\/\/www.africa-press.net\/senegal\/politique\/lavenir-se-precise-pour-la-fusee-europeenne-ariane-6#primaryimage"},"image":{"@id":"https:\/\/www.africa-press.net\/senegal\/politique\/lavenir-se-precise-pour-la-fusee-europeenne-ariane-6#primaryimage"},"thumbnailUrl":"https:\/\/static.africa-press.net\/senegal\/sites\/13\/2025\/01\/sm_1738396095.01455.jpg","datePublished":"2025-01-31T12:00:00+00:00","author":{"@id":"https:\/\/www.africa-press.net\/senegal\/#\/schema\/person\/2b1cf3cd81a31e3cd26889ca66d677f1"},"breadcrumb":{"@id":"https:\/\/www.africa-press.net\/senegal\/politique\/lavenir-se-precise-pour-la-fusee-europeenne-ariane-6#breadcrumb"},"inLanguage":"fr-FR","potentialAction":[{"@type":"ReadAction","target":["https:\/\/www.africa-press.net\/senegal\/politique\/lavenir-se-precise-pour-la-fusee-europeenne-ariane-6"]}]},{"@type":"ImageObject","inLanguage":"fr-FR","@id":"https:\/\/www.africa-press.net\/senegal\/politique\/lavenir-se-precise-pour-la-fusee-europeenne-ariane-6#primaryimage","url":"https:\/\/static.africa-press.net\/senegal\/sites\/13\/2025\/01\/sm_1738396095.01455.jpg","contentUrl":"https:\/\/static.africa-press.net\/senegal\/sites\/13\/2025\/01\/sm_1738396095.01455.jpg","width":1200,"height":900,"caption":"L\u2019Avenir se Pr\u00e9cise pour la Fus\u00e9e Europ\u00e9enne Ariane 6"},{"@type":"BreadcrumbList","@id":"https:\/\/www.africa-press.net\/senegal\/politique\/lavenir-se-precise-pour-la-fusee-europeenne-ariane-6#breadcrumb","itemListElement":[{"@type":"ListItem","position":1,"name":"Accueil","item":"https:\/\/www.africa-press.net\/senegal\/"},{"@type":"ListItem","position":2,"name":"L\u2019Avenir se Pr\u00e9cise pour la Fus\u00e9e Europ\u00e9enne Ariane 6"}]},{"@type":"WebSite","@id":"https:\/\/www.africa-press.net\/senegal\/#website","url":"https:\/\/www.africa-press.net\/senegal\/","name":"Africa Press | Senegal | Homepage","description":"Just another Africa News Agency Sites site","potentialAction":[{"@type":"SearchAction","target":{"@type":"EntryPoint","urlTemplate":"https:\/\/www.africa-press.net\/senegal\/?s={search_term_string}"},"query-input":{"@type":"PropertyValueSpecification","valueRequired":true,"valueName":"search_term_string"}}],"inLanguage":"fr-FR"},{"@type":"Person","@id":"https:\/\/www.africa-press.net\/senegal\/#\/schema\/person\/2b1cf3cd81a31e3cd26889ca66d677f1","name":"cfeditorfr","url":"https:\/\/www.africa-press.net\/senegal\/author\/cfeditorfr"}]}},"_links":{"self":[{"href":"https:\/\/www.africa-press.net\/senegal\/wp-json\/wp\/v2\/posts\/65164","targetHints":{"allow":["GET"]}}],"collection":[{"href":"https:\/\/www.africa-press.net\/senegal\/wp-json\/wp\/v2\/posts"}],"about":[{"href":"https:\/\/www.africa-press.net\/senegal\/wp-json\/wp\/v2\/types\/post"}],"author":[{"embeddable":true,"href":"https:\/\/www.africa-press.net\/senegal\/wp-json\/wp\/v2\/users\/82"}],"replies":[{"embeddable":true,"href":"https:\/\/www.africa-press.net\/senegal\/wp-json\/wp\/v2\/comments?post=65164"}],"version-history":[{"count":0,"href":"https:\/\/www.africa-press.net\/senegal\/wp-json\/wp\/v2\/posts\/65164\/revisions"}],"wp:featuredmedia":[{"embeddable":true,"href":"https:\/\/www.africa-press.net\/senegal\/wp-json\/wp\/v2\/media\/65163"}],"wp:attachment":[{"href":"https:\/\/www.africa-press.net\/senegal\/wp-json\/wp\/v2\/media?parent=65164"}],"wp:term":[{"taxonomy":"category","embeddable":true,"href":"https:\/\/www.africa-press.net\/senegal\/wp-json\/wp\/v2\/categories?post=65164"},{"taxonomy":"post_tag","embeddable":true,"href":"https:\/\/www.africa-press.net\/senegal\/wp-json\/wp\/v2\/tags?post=65164"}],"curies":[{"name":"wp","href":"https:\/\/api.w.org\/{rel}","templated":true}]}}