{"id":65176,"date":"2025-01-31T23:49:43","date_gmt":"2025-01-31T23:49:43","guid":{"rendered":"https:\/\/www.africa-press.net\/senegal\/politique\/ayoub-el-kaabi-brille-avec-lolympiakos-en-europe"},"modified":"2025-05-05T01:37:09","modified_gmt":"2025-05-05T01:37:09","slug":"ayoub-el-kaabi-brille-avec-lolympiakos-en-europe","status":"publish","type":"post","link":"https:\/\/www.africa-press.net\/senegal\/sports\/ayoub-el-kaabi-brille-avec-lolympiakos-en-europe","title":{"rendered":"Ayoub El Kaabi Brille avec L\u2019Olympiakos en Europe"},"content":{"rendered":"<p><span style=\"color: #ff6600\"><strong>Africa-Press &#8211; Senegal. <\/strong><\/span>L\u2019international marocain Ayoub El Kaabi s\u2019est offert un joli cadeau avec l\u2019Olympiakos en Ligue Europa contre Qarabag.<\/p>\n<p>Ayoub El Kaabi continue d\u2019impressionner sur la sce\u0300ne europe\u0301enne avec l\u2019Olympiakos. L\u2019attaquant marocain s\u2019est montre\u0301 de\u0301cisif tout au long des compe\u0301titions continentales, affichant des statistiques impressionnantes: 10 buts en 17 matchs d\u2019Europa League, 2 buts en 4 rencontres de tours pre\u0301liminaires, et 11 re\u0301alisations en 9 matchs de Ligue Europa Confe\u0301rence. Avec une moyenne d\u2019un but toutes les 95 minutes, il s\u2019affirme comme l\u2019un des attaquants les plus redoutables de la saison.<\/p>\n<p>Lors du dernier match de la phase de groupes de la Ligue Europa 2026, El Kaabi a encore frappe\u0301 fort en inscrivant un double\u0301 (56e, 60e) face a\u0300 Qarabag. Il a permis a\u0300 l\u2019Olympiakos de s\u2019imposer (3-0)et de se\u0301curiser sa qualification pour les huitie\u0300mes de finale. Avec un total de 15 points, le club grec termine 7e au classement ge\u0301ne\u0301ral des phases de groupe et poursuit son aventure europe\u0301enne.<\/p>\n<p>L\u2019ancien buteur du Wydad et d\u2019Hatayspor confirme ainsi son efficacite\u0301 devant le but et sera un atout majeur pour l\u2019Olympiakos dans la suite de la compe\u0301tition.<\/p>\n<p><strong>Pour plus d&rsquo;informations et d&rsquo;analyses sur la <span style=\"color: #ff6600\">Senegal<\/span>, suivez <span style=\"color: #ff6600\">Africa-Press<\/span><\/strong><\/p>\n","protected":false},"excerpt":{"rendered":"<p>Africa-Press &#8211; Senegal. L\u2019international marocain Ayoub El Kaabi s\u2019est offert un joli cadeau avec l\u2019Olympiakos en Ligue Europa contre Qarabag. Ayoub El Kaabi continue d\u2019impressionner sur la sce\u0300ne europe\u0301enne avec l\u2019Olympiakos. L\u2019attaquant marocain s\u2019est montre\u0301 de\u0301cisif tout au long des compe\u0301titions continentales, affichant des statistiques impressionnantes: 10 buts en 17 matchs d\u2019Europa League, 2 buts [&hellip;]<\/p>\n","protected":false},"author":82,"featured_media":65175,"comment_status":"open","ping_status":"closed","sticky":false,"template":"","format":"standard","meta":{"footnotes":""},"categories":[6,10],"tags":[44],"class_list":["post-65176","post","type-post","status-publish","format-standard","has-post-thumbnail","hentry","category-sports","category-toutes-les-actualites","tag-senegal-2"],"yoast_head":"<!-- This site is optimized with the Yoast SEO Premium plugin v26.1 (Yoast SEO v27.0) - https:\/\/yoast.com\/product\/yoast-seo-premium-wordpress\/ -->\n<title>Ayoub El Kaabi Brille avec L\u2019Olympiakos en Europe - Senegal<\/title>\n<meta name=\"description\" content=\"L\u2019international marocain Ayoub El Kaabi s\u2019est offert un joli cadeau avec l\u2019Olympiakos en Ligue Europa contre Qarabag. A ...\" \/>\n<meta name=\"robots\" content=\"index, follow, max-snippet:-1, max-image-preview:large, max-video-preview:-1\" \/>\n<link rel=\"canonical\" href=\"https:\/\/www.africa-press.net\/senegal\/sports\/ayoub-el-kaabi-brille-avec-lolympiakos-en-europe\" \/>\n<meta property=\"og:locale\" content=\"fr_FR\" \/>\n<meta property=\"og:type\" content=\"article\" \/>\n<meta property=\"og:title\" content=\"Ayoub El Kaabi Brille avec L\u2019Olympiakos en Europe\" \/>\n<meta property=\"og:description\" content=\"L\u2019international marocain Ayoub El Kaabi s\u2019est offert un joli cadeau avec l\u2019Olympiakos en Ligue Europa contre Qarabag. A ...\" \/>\n<meta property=\"og:url\" content=\"https:\/\/www.africa-press.net\/senegal\/sports\/ayoub-el-kaabi-brille-avec-lolympiakos-en-europe\" \/>\n<meta property=\"og:site_name\" content=\"Senegal\" \/>\n<meta property=\"article:published_time\" content=\"2025-01-31T23:49:43+00:00\" \/>\n<meta property=\"article:modified_time\" content=\"2025-05-05T01:37:09+00:00\" \/>\n<meta property=\"og:image\" content=\"https:\/\/static.africa-press.net\/senegal\/sites\/13\/2025\/01\/sm_1738355070.465261.jpg\" \/>\n\t<meta property=\"og:image:width\" content=\"1728\" \/>\n\t<meta property=\"og:image:height\" content=\"1153\" \/>\n\t<meta property=\"og:image:type\" content=\"image\/jpeg\" \/>\n<meta name=\"author\" content=\"cfeditorfr\" \/>\n<meta name=\"twitter:card\" content=\"summary_large_image\" \/>\n<meta name=\"twitter:label1\" content=\"\u00c9crit par\" \/>\n\t<meta name=\"twitter:data1\" content=\"cfeditorfr\" \/>\n\t<meta name=\"twitter:label2\" content=\"Dur\u00e9e de lecture estim\u00e9e\" \/>\n\t<meta name=\"twitter:data2\" content=\"2 minutes\" \/>\n<script type=\"application\/ld+json\" class=\"yoast-schema-graph\">{\"@context\":\"https:\/\/schema.org\",\"@graph\":[{\"@type\":\"Article\",\"@id\":\"https:\/\/www.africa-press.net\/senegal\/sports\/ayoub-el-kaabi-brille-avec-lolympiakos-en-europe#article\",\"isPartOf\":{\"@id\":\"https:\/\/www.africa-press.net\/senegal\/sports\/ayoub-el-kaabi-brille-avec-lolympiakos-en-europe\"},\"author\":{\"name\":\"cfeditorfr\",\"@id\":\"https:\/\/www.africa-press.net\/senegal\/#\/schema\/person\/2b1cf3cd81a31e3cd26889ca66d677f1\"},\"headline\":\"Ayoub El Kaabi Brille avec L\u2019Olympiakos en Europe\",\"datePublished\":\"2025-01-31T23:49:43+00:00\",\"dateModified\":\"2025-05-05T01:37:09+00:00\",\"mainEntityOfPage\":{\"@id\":\"https:\/\/www.africa-press.net\/senegal\/sports\/ayoub-el-kaabi-brille-avec-lolympiakos-en-europe\"},\"wordCount\":229,\"commentCount\":0,\"image\":{\"@id\":\"https:\/\/www.africa-press.net\/senegal\/sports\/ayoub-el-kaabi-brille-avec-lolympiakos-en-europe#primaryimage\"},\"thumbnailUrl\":\"https:\/\/static.africa-press.net\/senegal\/sites\/13\/2025\/01\/sm_1738355070.465261.jpg\",\"keywords\":[\"Senegal\"],\"articleSection\":[\"Sports\",\"Toutes les actualit\u00e9s\"],\"inLanguage\":\"fr-FR\",\"potentialAction\":[{\"@type\":\"CommentAction\",\"name\":\"Comment\",\"target\":[\"https:\/\/www.africa-press.net\/senegal\/sports\/ayoub-el-kaabi-brille-avec-lolympiakos-en-europe#respond\"]}]},{\"@type\":\"WebPage\",\"@id\":\"https:\/\/www.africa-press.net\/senegal\/sports\/ayoub-el-kaabi-brille-avec-lolympiakos-en-europe\",\"url\":\"https:\/\/www.africa-press.net\/senegal\/sports\/ayoub-el-kaabi-brille-avec-lolympiakos-en-europe\",\"name\":\"Ayoub El Kaabi Brille avec L\u2019Olympiakos en Europe - Senegal\",\"isPartOf\":{\"@id\":\"https:\/\/www.africa-press.net\/senegal\/#website\"},\"primaryImageOfPage\":{\"@id\":\"https:\/\/www.africa-press.net\/senegal\/sports\/ayoub-el-kaabi-brille-avec-lolympiakos-en-europe#primaryimage\"},\"image\":{\"@id\":\"https:\/\/www.africa-press.net\/senegal\/sports\/ayoub-el-kaabi-brille-avec-lolympiakos-en-europe#primaryimage\"},\"thumbnailUrl\":\"https:\/\/static.africa-press.net\/senegal\/sites\/13\/2025\/01\/sm_1738355070.465261.jpg\",\"datePublished\":\"2025-01-31T23:49:43+00:00\",\"dateModified\":\"2025-05-05T01:37:09+00:00\",\"author\":{\"@id\":\"https:\/\/www.africa-press.net\/senegal\/#\/schema\/person\/2b1cf3cd81a31e3cd26889ca66d677f1\"},\"description\":\"L\u2019international marocain Ayoub El Kaabi s\u2019est offert un joli cadeau avec l\u2019Olympiakos en Ligue Europa contre Qarabag. A ...\",\"breadcrumb\":{\"@id\":\"https:\/\/www.africa-press.net\/senegal\/sports\/ayoub-el-kaabi-brille-avec-lolympiakos-en-europe#breadcrumb\"},\"inLanguage\":\"fr-FR\",\"potentialAction\":[{\"@type\":\"ReadAction\",\"target\":[\"https:\/\/www.africa-press.net\/senegal\/sports\/ayoub-el-kaabi-brille-avec-lolympiakos-en-europe\"]}]},{\"@type\":\"ImageObject\",\"inLanguage\":\"fr-FR\",\"@id\":\"https:\/\/www.africa-press.net\/senegal\/sports\/ayoub-el-kaabi-brille-avec-lolympiakos-en-europe#primaryimage\",\"url\":\"https:\/\/static.africa-press.net\/senegal\/sites\/13\/2025\/01\/sm_1738355070.465261.jpg\",\"contentUrl\":\"https:\/\/static.africa-press.net\/senegal\/sites\/13\/2025\/01\/sm_1738355070.465261.jpg\",\"width\":1728,\"height\":1153,\"caption\":\"Ayoub El Kaabi Brille avec L\u2019Olympiakos en Europe\"},{\"@type\":\"BreadcrumbList\",\"@id\":\"https:\/\/www.africa-press.net\/senegal\/sports\/ayoub-el-kaabi-brille-avec-lolympiakos-en-europe#breadcrumb\",\"itemListElement\":[{\"@type\":\"ListItem\",\"position\":1,\"name\":\"Accueil\",\"item\":\"https:\/\/www.africa-press.net\/senegal\/\"},{\"@type\":\"ListItem\",\"position\":2,\"name\":\"Ayoub El Kaabi Brille avec L\u2019Olympiakos en Europe\"}]},{\"@type\":\"WebSite\",\"@id\":\"https:\/\/www.africa-press.net\/senegal\/#website\",\"url\":\"https:\/\/www.africa-press.net\/senegal\/\",\"name\":\"Africa Press | Senegal | Homepage\",\"description\":\"Just another Africa News Agency Sites site\",\"potentialAction\":[{\"@type\":\"SearchAction\",\"target\":{\"@type\":\"EntryPoint\",\"urlTemplate\":\"https:\/\/www.africa-press.net\/senegal\/?s={search_term_string}\"},\"query-input\":{\"@type\":\"PropertyValueSpecification\",\"valueRequired\":true,\"valueName\":\"search_term_string\"}}],\"inLanguage\":\"fr-FR\"},{\"@type\":\"Person\",\"@id\":\"https:\/\/www.africa-press.net\/senegal\/#\/schema\/person\/2b1cf3cd81a31e3cd26889ca66d677f1\",\"name\":\"cfeditorfr\",\"url\":\"https:\/\/www.africa-press.net\/senegal\/author\/cfeditorfr\"}]}<\/script>\n<!-- \/ Yoast SEO Premium plugin. -->","yoast_head_json":{"title":"Ayoub El Kaabi Brille avec L\u2019Olympiakos en Europe - Senegal","description":"L\u2019international marocain Ayoub El Kaabi s\u2019est offert un joli cadeau avec l\u2019Olympiakos en Ligue Europa contre Qarabag. A ...","robots":{"index":"index","follow":"follow","max-snippet":"max-snippet:-1","max-image-preview":"max-image-preview:large","max-video-preview":"max-video-preview:-1"},"canonical":"https:\/\/www.africa-press.net\/senegal\/sports\/ayoub-el-kaabi-brille-avec-lolympiakos-en-europe","og_locale":"fr_FR","og_type":"article","og_title":"Ayoub El Kaabi Brille avec L\u2019Olympiakos en Europe","og_description":"L\u2019international marocain Ayoub El Kaabi s\u2019est offert un joli cadeau avec l\u2019Olympiakos en Ligue Europa contre Qarabag. A ...","og_url":"https:\/\/www.africa-press.net\/senegal\/sports\/ayoub-el-kaabi-brille-avec-lolympiakos-en-europe","og_site_name":"Senegal","article_published_time":"2025-01-31T23:49:43+00:00","article_modified_time":"2025-05-05T01:37:09+00:00","og_image":[{"width":1728,"height":1153,"url":"https:\/\/static.africa-press.net\/senegal\/sites\/13\/2025\/01\/sm_1738355070.465261.jpg","type":"image\/jpeg"}],"author":"cfeditorfr","twitter_card":"summary_large_image","twitter_misc":{"\u00c9crit par":"cfeditorfr","Dur\u00e9e de lecture estim\u00e9e":"2 minutes"},"schema":{"@context":"https:\/\/schema.org","@graph":[{"@type":"Article","@id":"https:\/\/www.africa-press.net\/senegal\/sports\/ayoub-el-kaabi-brille-avec-lolympiakos-en-europe#article","isPartOf":{"@id":"https:\/\/www.africa-press.net\/senegal\/sports\/ayoub-el-kaabi-brille-avec-lolympiakos-en-europe"},"author":{"name":"cfeditorfr","@id":"https:\/\/www.africa-press.net\/senegal\/#\/schema\/person\/2b1cf3cd81a31e3cd26889ca66d677f1"},"headline":"Ayoub El Kaabi Brille avec L\u2019Olympiakos en Europe","datePublished":"2025-01-31T23:49:43+00:00","dateModified":"2025-05-05T01:37:09+00:00","mainEntityOfPage":{"@id":"https:\/\/www.africa-press.net\/senegal\/sports\/ayoub-el-kaabi-brille-avec-lolympiakos-en-europe"},"wordCount":229,"commentCount":0,"image":{"@id":"https:\/\/www.africa-press.net\/senegal\/sports\/ayoub-el-kaabi-brille-avec-lolympiakos-en-europe#primaryimage"},"thumbnailUrl":"https:\/\/static.africa-press.net\/senegal\/sites\/13\/2025\/01\/sm_1738355070.465261.jpg","keywords":["Senegal"],"articleSection":["Sports","Toutes les actualit\u00e9s"],"inLanguage":"fr-FR","potentialAction":[{"@type":"CommentAction","name":"Comment","target":["https:\/\/www.africa-press.net\/senegal\/sports\/ayoub-el-kaabi-brille-avec-lolympiakos-en-europe#respond"]}]},{"@type":"WebPage","@id":"https:\/\/www.africa-press.net\/senegal\/sports\/ayoub-el-kaabi-brille-avec-lolympiakos-en-europe","url":"https:\/\/www.africa-press.net\/senegal\/sports\/ayoub-el-kaabi-brille-avec-lolympiakos-en-europe","name":"Ayoub El Kaabi Brille avec L\u2019Olympiakos en Europe - Senegal","isPartOf":{"@id":"https:\/\/www.africa-press.net\/senegal\/#website"},"primaryImageOfPage":{"@id":"https:\/\/www.africa-press.net\/senegal\/sports\/ayoub-el-kaabi-brille-avec-lolympiakos-en-europe#primaryimage"},"image":{"@id":"https:\/\/www.africa-press.net\/senegal\/sports\/ayoub-el-kaabi-brille-avec-lolympiakos-en-europe#primaryimage"},"thumbnailUrl":"https:\/\/static.africa-press.net\/senegal\/sites\/13\/2025\/01\/sm_1738355070.465261.jpg","datePublished":"2025-01-31T23:49:43+00:00","dateModified":"2025-05-05T01:37:09+00:00","author":{"@id":"https:\/\/www.africa-press.net\/senegal\/#\/schema\/person\/2b1cf3cd81a31e3cd26889ca66d677f1"},"description":"L\u2019international marocain Ayoub El Kaabi s\u2019est offert un joli cadeau avec l\u2019Olympiakos en Ligue Europa contre Qarabag. A ...","breadcrumb":{"@id":"https:\/\/www.africa-press.net\/senegal\/sports\/ayoub-el-kaabi-brille-avec-lolympiakos-en-europe#breadcrumb"},"inLanguage":"fr-FR","potentialAction":[{"@type":"ReadAction","target":["https:\/\/www.africa-press.net\/senegal\/sports\/ayoub-el-kaabi-brille-avec-lolympiakos-en-europe"]}]},{"@type":"ImageObject","inLanguage":"fr-FR","@id":"https:\/\/www.africa-press.net\/senegal\/sports\/ayoub-el-kaabi-brille-avec-lolympiakos-en-europe#primaryimage","url":"https:\/\/static.africa-press.net\/senegal\/sites\/13\/2025\/01\/sm_1738355070.465261.jpg","contentUrl":"https:\/\/static.africa-press.net\/senegal\/sites\/13\/2025\/01\/sm_1738355070.465261.jpg","width":1728,"height":1153,"caption":"Ayoub El Kaabi Brille avec L\u2019Olympiakos en Europe"},{"@type":"BreadcrumbList","@id":"https:\/\/www.africa-press.net\/senegal\/sports\/ayoub-el-kaabi-brille-avec-lolympiakos-en-europe#breadcrumb","itemListElement":[{"@type":"ListItem","position":1,"name":"Accueil","item":"https:\/\/www.africa-press.net\/senegal\/"},{"@type":"ListItem","position":2,"name":"Ayoub El Kaabi Brille avec L\u2019Olympiakos en Europe"}]},{"@type":"WebSite","@id":"https:\/\/www.africa-press.net\/senegal\/#website","url":"https:\/\/www.africa-press.net\/senegal\/","name":"Africa Press | Senegal | Homepage","description":"Just another Africa News Agency Sites site","potentialAction":[{"@type":"SearchAction","target":{"@type":"EntryPoint","urlTemplate":"https:\/\/www.africa-press.net\/senegal\/?s={search_term_string}"},"query-input":{"@type":"PropertyValueSpecification","valueRequired":true,"valueName":"search_term_string"}}],"inLanguage":"fr-FR"},{"@type":"Person","@id":"https:\/\/www.africa-press.net\/senegal\/#\/schema\/person\/2b1cf3cd81a31e3cd26889ca66d677f1","name":"cfeditorfr","url":"https:\/\/www.africa-press.net\/senegal\/author\/cfeditorfr"}]}},"_links":{"self":[{"href":"https:\/\/www.africa-press.net\/senegal\/wp-json\/wp\/v2\/posts\/65176","targetHints":{"allow":["GET"]}}],"collection":[{"href":"https:\/\/www.africa-press.net\/senegal\/wp-json\/wp\/v2\/posts"}],"about":[{"href":"https:\/\/www.africa-press.net\/senegal\/wp-json\/wp\/v2\/types\/post"}],"author":[{"embeddable":true,"href":"https:\/\/www.africa-press.net\/senegal\/wp-json\/wp\/v2\/users\/82"}],"replies":[{"embeddable":true,"href":"https:\/\/www.africa-press.net\/senegal\/wp-json\/wp\/v2\/comments?post=65176"}],"version-history":[{"count":0,"href":"https:\/\/www.africa-press.net\/senegal\/wp-json\/wp\/v2\/posts\/65176\/revisions"}],"wp:featuredmedia":[{"embeddable":true,"href":"https:\/\/www.africa-press.net\/senegal\/wp-json\/wp\/v2\/media\/65175"}],"wp:attachment":[{"href":"https:\/\/www.africa-press.net\/senegal\/wp-json\/wp\/v2\/media?parent=65176"}],"wp:term":[{"taxonomy":"category","embeddable":true,"href":"https:\/\/www.africa-press.net\/senegal\/wp-json\/wp\/v2\/categories?post=65176"},{"taxonomy":"post_tag","embeddable":true,"href":"https:\/\/www.africa-press.net\/senegal\/wp-json\/wp\/v2\/tags?post=65176"}],"curies":[{"name":"wp","href":"https:\/\/api.w.org\/{rel}","templated":true}]}}