{"id":65188,"date":"2025-01-31T23:50:45","date_gmt":"2025-01-31T23:50:45","guid":{"rendered":"https:\/\/www.africa-press.net\/senegal\/politique\/mauritanie-le-label-fifa-pour-lacademie-ffrim-une-premiere-en-afrique"},"modified":"2025-05-05T01:43:20","modified_gmt":"2025-05-05T01:43:20","slug":"mauritanie-le-label-fifa-pour-lacademie-ffrim-une-premiere-en-afrique","status":"publish","type":"post","link":"https:\/\/www.africa-press.net\/senegal\/sports\/mauritanie-le-label-fifa-pour-lacademie-ffrim-une-premiere-en-afrique","title":{"rendered":"Mauritanie : le Label FIFA pour L\u2019Acad\u00e9mie FFRIM, une Premi\u00e8re en Afrique"},"content":{"rendered":"<p><span style=\"color: #ff6600\"><strong>Africa-Press &#8211; Senegal. <\/strong><\/span>La Mauritanie s\u2019appre\u0302te a\u0300 e\u0301crire une page historique dans le football africain. L\u2019Acade\u0301mie FFRIM (Fe\u0301de\u0301ration de Football de la Re\u0301publique Islamique de Mauritanie) va devenir la premie\u0300re acade\u0301mie affilie\u0301e a\u0300 la FIFA sur le continent.<\/p>\n<p>Le 25 fe\u0301vrier prochain, Nouakchott accueillera une ce\u0301re\u0301monie historique officialisant la labellisation de l\u2019Acade\u0301mie fe\u0301de\u0301rale par la FIFA. Ce moment marquera un tournant de\u0301cisif pour la formation des jeunes footballeurs en Mauritanie et en Afrique. Le complexe sportif de la Fe\u0301de\u0301ration mauritanienne de football sera le the\u0301a\u0302tre de cet e\u0301ve\u0301nement, en pre\u0301sence de nombreuses personnalite\u0301s du football mondial et de responsables politiques.<\/p>\n<p>Dans le cadre des pre\u0301paratifs, une de\u0301le\u0301gation de la FIFA a effectue\u0301 une visite de travail ce jeudi a\u0300 Nouakchott. Mme Alex Heute Ramos, responsable des communications du Programme de De\u0301veloppement des Talents (TDS), et M. Amit Desai, en charge de la strate\u0301gie du me\u0302me programme, ont rencontre\u0301 le pre\u0301sident de la FFRIM, M. Ahmed Yahya, ainsi que des cadres de la fe\u0301de\u0301ration. L\u2019objectif: peaufiner les derniers de\u0301tails de la ce\u0301re\u0301monie et s\u2019assurer du bon de\u0301roulement de cet e\u0301ve\u0301nement d\u2019envergure.<\/p>\n<p>Avec cette reconnaissance officielle, la Mauritanie entre dans une nouvelle e\u0300re en matie\u0300re de formation des jeunes footballeurs. L\u2019Acade\u0301mie FFRIM sera de\u0301sormais inte\u0301gre\u0301e au Programme de De\u0301veloppement des Talents de la FIFA, une initiative qui vise a\u0300 structurer et professionnaliser la de\u0301tection et la formation des joueurs a\u0300 travers le monde.<\/p>\n<p>Ce label permettra non seulement d\u2019ame\u0301liorer les infrastructures et le suivi des jeunes talents en Mauritanie, mais aussi de leur offrir des opportunite\u0301s accrues sur la sce\u0300ne internationale. Cette acade\u0301mie deviendra un mode\u0300le pour le continent, avec l\u2019ambition d\u2019inspirer d\u2019autres fe\u0301de\u0301rations africaines a\u0300 suivre le me\u0302me chemin.<\/p>\n<p>L\u2019inte\u0301gration de l\u2019Acade\u0301mie FFRIM au sein de la FIFA repre\u0301sente une avance\u0301e majeure pour le football mauritanien et africain. Alors que le continent regorge de jeunes talents, ce type d\u2019initiative structure\u0301e et soutenue par l\u2019instance mondiale du football pourrait conside\u0301rablement changer l\u2019avenir du sport en Afrique.<\/p>\n<p><strong>Pour plus d&rsquo;informations et d&rsquo;analyses sur la <span style=\"color: #ff6600\">Senegal<\/span>, suivez <span style=\"color: #ff6600\">Africa-Press<\/span><\/strong><\/p>\n","protected":false},"excerpt":{"rendered":"<p>Africa-Press &#8211; Senegal. La Mauritanie s\u2019appre\u0302te a\u0300 e\u0301crire une page historique dans le football africain. L\u2019Acade\u0301mie FFRIM (Fe\u0301de\u0301ration de Football de la Re\u0301publique Islamique de Mauritanie) va devenir la premie\u0300re acade\u0301mie affilie\u0301e a\u0300 la FIFA sur le continent. Le 25 fe\u0301vrier prochain, Nouakchott accueillera une ce\u0301re\u0301monie historique officialisant la labellisation de l\u2019Acade\u0301mie fe\u0301de\u0301rale par la [&hellip;]<\/p>\n","protected":false},"author":82,"featured_media":65187,"comment_status":"open","ping_status":"closed","sticky":false,"template":"","format":"standard","meta":{"footnotes":""},"categories":[6,10],"tags":[44],"class_list":["post-65188","post","type-post","status-publish","format-standard","has-post-thumbnail","hentry","category-sports","category-toutes-les-actualites","tag-senegal-2"],"yoast_head":"<!-- This site is optimized with the Yoast SEO Premium plugin v26.1 (Yoast SEO v27.0) - https:\/\/yoast.com\/product\/yoast-seo-premium-wordpress\/ -->\n<title>Mauritanie : le Label FIFA pour L\u2019Acad\u00e9mie FFRIM, une Premi\u00e8re en Afrique - Senegal<\/title>\n<meta name=\"description\" content=\"La Mauritanie s\u2019appre\u0302te a\u0300 e\u0301crire une page historique dans le football africain. L\u2019Acade\u0301mie FFRIM (Fe\u0301de\u0301ration de Fo ...\" \/>\n<meta name=\"robots\" content=\"index, follow, max-snippet:-1, max-image-preview:large, max-video-preview:-1\" \/>\n<link rel=\"canonical\" href=\"https:\/\/www.africa-press.net\/senegal\/sports\/mauritanie-le-label-fifa-pour-lacademie-ffrim-une-premiere-en-afrique\" \/>\n<meta property=\"og:locale\" content=\"fr_FR\" \/>\n<meta property=\"og:type\" content=\"article\" \/>\n<meta property=\"og:title\" content=\"Mauritanie : le Label FIFA pour L\u2019Acad\u00e9mie FFRIM, une Premi\u00e8re en Afrique\" \/>\n<meta property=\"og:description\" content=\"La Mauritanie s\u2019appre\u0302te a\u0300 e\u0301crire une page historique dans le football africain. L\u2019Acade\u0301mie FFRIM (Fe\u0301de\u0301ration de Fo ...\" \/>\n<meta property=\"og:url\" content=\"https:\/\/www.africa-press.net\/senegal\/sports\/mauritanie-le-label-fifa-pour-lacademie-ffrim-une-premiere-en-afrique\" \/>\n<meta property=\"og:site_name\" content=\"Senegal\" \/>\n<meta property=\"article:published_time\" content=\"2025-01-31T23:50:45+00:00\" \/>\n<meta property=\"article:modified_time\" content=\"2025-05-05T01:43:20+00:00\" \/>\n<meta property=\"og:image\" content=\"https:\/\/static.africa-press.net\/senegal\/sites\/13\/2025\/02\/sm_1738355376.62685.jpg\" \/>\n\t<meta property=\"og:image:width\" content=\"1080\" \/>\n\t<meta property=\"og:image:height\" content=\"720\" \/>\n\t<meta property=\"og:image:type\" content=\"image\/jpeg\" \/>\n<meta name=\"author\" content=\"cfeditorfr\" \/>\n<meta name=\"twitter:card\" content=\"summary_large_image\" \/>\n<meta name=\"twitter:label1\" content=\"\u00c9crit par\" \/>\n\t<meta name=\"twitter:data1\" content=\"cfeditorfr\" \/>\n\t<meta name=\"twitter:label2\" content=\"Dur\u00e9e de lecture estim\u00e9e\" \/>\n\t<meta name=\"twitter:data2\" content=\"2 minutes\" \/>\n<script type=\"application\/ld+json\" class=\"yoast-schema-graph\">{\"@context\":\"https:\/\/schema.org\",\"@graph\":[{\"@type\":\"Article\",\"@id\":\"https:\/\/www.africa-press.net\/senegal\/sports\/mauritanie-le-label-fifa-pour-lacademie-ffrim-une-premiere-en-afrique#article\",\"isPartOf\":{\"@id\":\"https:\/\/www.africa-press.net\/senegal\/sports\/mauritanie-le-label-fifa-pour-lacademie-ffrim-une-premiere-en-afrique\"},\"author\":{\"name\":\"cfeditorfr\",\"@id\":\"https:\/\/www.africa-press.net\/senegal\/#\/schema\/person\/2b1cf3cd81a31e3cd26889ca66d677f1\"},\"headline\":\"Mauritanie : le Label FIFA pour L\u2019Acad\u00e9mie FFRIM, une Premi\u00e8re en Afrique\",\"datePublished\":\"2025-01-31T23:50:45+00:00\",\"dateModified\":\"2025-05-05T01:43:20+00:00\",\"mainEntityOfPage\":{\"@id\":\"https:\/\/www.africa-press.net\/senegal\/sports\/mauritanie-le-label-fifa-pour-lacademie-ffrim-une-premiere-en-afrique\"},\"wordCount\":426,\"commentCount\":0,\"image\":{\"@id\":\"https:\/\/www.africa-press.net\/senegal\/sports\/mauritanie-le-label-fifa-pour-lacademie-ffrim-une-premiere-en-afrique#primaryimage\"},\"thumbnailUrl\":\"https:\/\/static.africa-press.net\/senegal\/sites\/13\/2025\/02\/sm_1738355376.62685.jpg\",\"keywords\":[\"Senegal\"],\"articleSection\":[\"Sports\",\"Toutes les actualit\u00e9s\"],\"inLanguage\":\"fr-FR\",\"potentialAction\":[{\"@type\":\"CommentAction\",\"name\":\"Comment\",\"target\":[\"https:\/\/www.africa-press.net\/senegal\/sports\/mauritanie-le-label-fifa-pour-lacademie-ffrim-une-premiere-en-afrique#respond\"]}]},{\"@type\":\"WebPage\",\"@id\":\"https:\/\/www.africa-press.net\/senegal\/sports\/mauritanie-le-label-fifa-pour-lacademie-ffrim-une-premiere-en-afrique\",\"url\":\"https:\/\/www.africa-press.net\/senegal\/sports\/mauritanie-le-label-fifa-pour-lacademie-ffrim-une-premiere-en-afrique\",\"name\":\"Mauritanie : le Label FIFA pour L\u2019Acad\u00e9mie FFRIM, une Premi\u00e8re en Afrique - Senegal\",\"isPartOf\":{\"@id\":\"https:\/\/www.africa-press.net\/senegal\/#website\"},\"primaryImageOfPage\":{\"@id\":\"https:\/\/www.africa-press.net\/senegal\/sports\/mauritanie-le-label-fifa-pour-lacademie-ffrim-une-premiere-en-afrique#primaryimage\"},\"image\":{\"@id\":\"https:\/\/www.africa-press.net\/senegal\/sports\/mauritanie-le-label-fifa-pour-lacademie-ffrim-une-premiere-en-afrique#primaryimage\"},\"thumbnailUrl\":\"https:\/\/static.africa-press.net\/senegal\/sites\/13\/2025\/02\/sm_1738355376.62685.jpg\",\"datePublished\":\"2025-01-31T23:50:45+00:00\",\"dateModified\":\"2025-05-05T01:43:20+00:00\",\"author\":{\"@id\":\"https:\/\/www.africa-press.net\/senegal\/#\/schema\/person\/2b1cf3cd81a31e3cd26889ca66d677f1\"},\"description\":\"La Mauritanie s\u2019appre\u0302te a\u0300 e\u0301crire une page historique dans le football africain. L\u2019Acade\u0301mie FFRIM (Fe\u0301de\u0301ration de Fo ...\",\"breadcrumb\":{\"@id\":\"https:\/\/www.africa-press.net\/senegal\/sports\/mauritanie-le-label-fifa-pour-lacademie-ffrim-une-premiere-en-afrique#breadcrumb\"},\"inLanguage\":\"fr-FR\",\"potentialAction\":[{\"@type\":\"ReadAction\",\"target\":[\"https:\/\/www.africa-press.net\/senegal\/sports\/mauritanie-le-label-fifa-pour-lacademie-ffrim-une-premiere-en-afrique\"]}]},{\"@type\":\"ImageObject\",\"inLanguage\":\"fr-FR\",\"@id\":\"https:\/\/www.africa-press.net\/senegal\/sports\/mauritanie-le-label-fifa-pour-lacademie-ffrim-une-premiere-en-afrique#primaryimage\",\"url\":\"https:\/\/static.africa-press.net\/senegal\/sites\/13\/2025\/02\/sm_1738355376.62685.jpg\",\"contentUrl\":\"https:\/\/static.africa-press.net\/senegal\/sites\/13\/2025\/02\/sm_1738355376.62685.jpg\",\"width\":1080,\"height\":720,\"caption\":\"Mauritanie : le Label FIFA pour L\u2019Acad\u00e9mie FFRIM, une Premi\u00e8re en Afrique\"},{\"@type\":\"BreadcrumbList\",\"@id\":\"https:\/\/www.africa-press.net\/senegal\/sports\/mauritanie-le-label-fifa-pour-lacademie-ffrim-une-premiere-en-afrique#breadcrumb\",\"itemListElement\":[{\"@type\":\"ListItem\",\"position\":1,\"name\":\"Accueil\",\"item\":\"https:\/\/www.africa-press.net\/senegal\/\"},{\"@type\":\"ListItem\",\"position\":2,\"name\":\"Mauritanie : le Label FIFA pour L\u2019Acad\u00e9mie FFRIM, une Premi\u00e8re en Afrique\"}]},{\"@type\":\"WebSite\",\"@id\":\"https:\/\/www.africa-press.net\/senegal\/#website\",\"url\":\"https:\/\/www.africa-press.net\/senegal\/\",\"name\":\"Africa Press | Senegal | Homepage\",\"description\":\"Just another Africa News Agency Sites site\",\"potentialAction\":[{\"@type\":\"SearchAction\",\"target\":{\"@type\":\"EntryPoint\",\"urlTemplate\":\"https:\/\/www.africa-press.net\/senegal\/?s={search_term_string}\"},\"query-input\":{\"@type\":\"PropertyValueSpecification\",\"valueRequired\":true,\"valueName\":\"search_term_string\"}}],\"inLanguage\":\"fr-FR\"},{\"@type\":\"Person\",\"@id\":\"https:\/\/www.africa-press.net\/senegal\/#\/schema\/person\/2b1cf3cd81a31e3cd26889ca66d677f1\",\"name\":\"cfeditorfr\",\"url\":\"https:\/\/www.africa-press.net\/senegal\/author\/cfeditorfr\"}]}<\/script>\n<!-- \/ Yoast SEO Premium plugin. -->","yoast_head_json":{"title":"Mauritanie : le Label FIFA pour L\u2019Acad\u00e9mie FFRIM, une Premi\u00e8re en Afrique - Senegal","description":"La Mauritanie s\u2019appre\u0302te a\u0300 e\u0301crire une page historique dans le football africain. L\u2019Acade\u0301mie FFRIM (Fe\u0301de\u0301ration de Fo ...","robots":{"index":"index","follow":"follow","max-snippet":"max-snippet:-1","max-image-preview":"max-image-preview:large","max-video-preview":"max-video-preview:-1"},"canonical":"https:\/\/www.africa-press.net\/senegal\/sports\/mauritanie-le-label-fifa-pour-lacademie-ffrim-une-premiere-en-afrique","og_locale":"fr_FR","og_type":"article","og_title":"Mauritanie : le Label FIFA pour L\u2019Acad\u00e9mie FFRIM, une Premi\u00e8re en Afrique","og_description":"La Mauritanie s\u2019appre\u0302te a\u0300 e\u0301crire une page historique dans le football africain. L\u2019Acade\u0301mie FFRIM (Fe\u0301de\u0301ration de Fo ...","og_url":"https:\/\/www.africa-press.net\/senegal\/sports\/mauritanie-le-label-fifa-pour-lacademie-ffrim-une-premiere-en-afrique","og_site_name":"Senegal","article_published_time":"2025-01-31T23:50:45+00:00","article_modified_time":"2025-05-05T01:43:20+00:00","og_image":[{"width":1080,"height":720,"url":"https:\/\/static.africa-press.net\/senegal\/sites\/13\/2025\/02\/sm_1738355376.62685.jpg","type":"image\/jpeg"}],"author":"cfeditorfr","twitter_card":"summary_large_image","twitter_misc":{"\u00c9crit par":"cfeditorfr","Dur\u00e9e de lecture estim\u00e9e":"2 minutes"},"schema":{"@context":"https:\/\/schema.org","@graph":[{"@type":"Article","@id":"https:\/\/www.africa-press.net\/senegal\/sports\/mauritanie-le-label-fifa-pour-lacademie-ffrim-une-premiere-en-afrique#article","isPartOf":{"@id":"https:\/\/www.africa-press.net\/senegal\/sports\/mauritanie-le-label-fifa-pour-lacademie-ffrim-une-premiere-en-afrique"},"author":{"name":"cfeditorfr","@id":"https:\/\/www.africa-press.net\/senegal\/#\/schema\/person\/2b1cf3cd81a31e3cd26889ca66d677f1"},"headline":"Mauritanie : le Label FIFA pour L\u2019Acad\u00e9mie FFRIM, une Premi\u00e8re en Afrique","datePublished":"2025-01-31T23:50:45+00:00","dateModified":"2025-05-05T01:43:20+00:00","mainEntityOfPage":{"@id":"https:\/\/www.africa-press.net\/senegal\/sports\/mauritanie-le-label-fifa-pour-lacademie-ffrim-une-premiere-en-afrique"},"wordCount":426,"commentCount":0,"image":{"@id":"https:\/\/www.africa-press.net\/senegal\/sports\/mauritanie-le-label-fifa-pour-lacademie-ffrim-une-premiere-en-afrique#primaryimage"},"thumbnailUrl":"https:\/\/static.africa-press.net\/senegal\/sites\/13\/2025\/02\/sm_1738355376.62685.jpg","keywords":["Senegal"],"articleSection":["Sports","Toutes les actualit\u00e9s"],"inLanguage":"fr-FR","potentialAction":[{"@type":"CommentAction","name":"Comment","target":["https:\/\/www.africa-press.net\/senegal\/sports\/mauritanie-le-label-fifa-pour-lacademie-ffrim-une-premiere-en-afrique#respond"]}]},{"@type":"WebPage","@id":"https:\/\/www.africa-press.net\/senegal\/sports\/mauritanie-le-label-fifa-pour-lacademie-ffrim-une-premiere-en-afrique","url":"https:\/\/www.africa-press.net\/senegal\/sports\/mauritanie-le-label-fifa-pour-lacademie-ffrim-une-premiere-en-afrique","name":"Mauritanie : le Label FIFA pour L\u2019Acad\u00e9mie FFRIM, une Premi\u00e8re en Afrique - Senegal","isPartOf":{"@id":"https:\/\/www.africa-press.net\/senegal\/#website"},"primaryImageOfPage":{"@id":"https:\/\/www.africa-press.net\/senegal\/sports\/mauritanie-le-label-fifa-pour-lacademie-ffrim-une-premiere-en-afrique#primaryimage"},"image":{"@id":"https:\/\/www.africa-press.net\/senegal\/sports\/mauritanie-le-label-fifa-pour-lacademie-ffrim-une-premiere-en-afrique#primaryimage"},"thumbnailUrl":"https:\/\/static.africa-press.net\/senegal\/sites\/13\/2025\/02\/sm_1738355376.62685.jpg","datePublished":"2025-01-31T23:50:45+00:00","dateModified":"2025-05-05T01:43:20+00:00","author":{"@id":"https:\/\/www.africa-press.net\/senegal\/#\/schema\/person\/2b1cf3cd81a31e3cd26889ca66d677f1"},"description":"La Mauritanie s\u2019appre\u0302te a\u0300 e\u0301crire une page historique dans le football africain. L\u2019Acade\u0301mie FFRIM (Fe\u0301de\u0301ration de Fo ...","breadcrumb":{"@id":"https:\/\/www.africa-press.net\/senegal\/sports\/mauritanie-le-label-fifa-pour-lacademie-ffrim-une-premiere-en-afrique#breadcrumb"},"inLanguage":"fr-FR","potentialAction":[{"@type":"ReadAction","target":["https:\/\/www.africa-press.net\/senegal\/sports\/mauritanie-le-label-fifa-pour-lacademie-ffrim-une-premiere-en-afrique"]}]},{"@type":"ImageObject","inLanguage":"fr-FR","@id":"https:\/\/www.africa-press.net\/senegal\/sports\/mauritanie-le-label-fifa-pour-lacademie-ffrim-une-premiere-en-afrique#primaryimage","url":"https:\/\/static.africa-press.net\/senegal\/sites\/13\/2025\/02\/sm_1738355376.62685.jpg","contentUrl":"https:\/\/static.africa-press.net\/senegal\/sites\/13\/2025\/02\/sm_1738355376.62685.jpg","width":1080,"height":720,"caption":"Mauritanie : le Label FIFA pour L\u2019Acad\u00e9mie FFRIM, une Premi\u00e8re en Afrique"},{"@type":"BreadcrumbList","@id":"https:\/\/www.africa-press.net\/senegal\/sports\/mauritanie-le-label-fifa-pour-lacademie-ffrim-une-premiere-en-afrique#breadcrumb","itemListElement":[{"@type":"ListItem","position":1,"name":"Accueil","item":"https:\/\/www.africa-press.net\/senegal\/"},{"@type":"ListItem","position":2,"name":"Mauritanie : le Label FIFA pour L\u2019Acad\u00e9mie FFRIM, une Premi\u00e8re en Afrique"}]},{"@type":"WebSite","@id":"https:\/\/www.africa-press.net\/senegal\/#website","url":"https:\/\/www.africa-press.net\/senegal\/","name":"Africa Press | Senegal | Homepage","description":"Just another Africa News Agency Sites site","potentialAction":[{"@type":"SearchAction","target":{"@type":"EntryPoint","urlTemplate":"https:\/\/www.africa-press.net\/senegal\/?s={search_term_string}"},"query-input":{"@type":"PropertyValueSpecification","valueRequired":true,"valueName":"search_term_string"}}],"inLanguage":"fr-FR"},{"@type":"Person","@id":"https:\/\/www.africa-press.net\/senegal\/#\/schema\/person\/2b1cf3cd81a31e3cd26889ca66d677f1","name":"cfeditorfr","url":"https:\/\/www.africa-press.net\/senegal\/author\/cfeditorfr"}]}},"_links":{"self":[{"href":"https:\/\/www.africa-press.net\/senegal\/wp-json\/wp\/v2\/posts\/65188","targetHints":{"allow":["GET"]}}],"collection":[{"href":"https:\/\/www.africa-press.net\/senegal\/wp-json\/wp\/v2\/posts"}],"about":[{"href":"https:\/\/www.africa-press.net\/senegal\/wp-json\/wp\/v2\/types\/post"}],"author":[{"embeddable":true,"href":"https:\/\/www.africa-press.net\/senegal\/wp-json\/wp\/v2\/users\/82"}],"replies":[{"embeddable":true,"href":"https:\/\/www.africa-press.net\/senegal\/wp-json\/wp\/v2\/comments?post=65188"}],"version-history":[{"count":0,"href":"https:\/\/www.africa-press.net\/senegal\/wp-json\/wp\/v2\/posts\/65188\/revisions"}],"wp:featuredmedia":[{"embeddable":true,"href":"https:\/\/www.africa-press.net\/senegal\/wp-json\/wp\/v2\/media\/65187"}],"wp:attachment":[{"href":"https:\/\/www.africa-press.net\/senegal\/wp-json\/wp\/v2\/media?parent=65188"}],"wp:term":[{"taxonomy":"category","embeddable":true,"href":"https:\/\/www.africa-press.net\/senegal\/wp-json\/wp\/v2\/categories?post=65188"},{"taxonomy":"post_tag","embeddable":true,"href":"https:\/\/www.africa-press.net\/senegal\/wp-json\/wp\/v2\/tags?post=65188"}],"curies":[{"name":"wp","href":"https:\/\/api.w.org\/{rel}","templated":true}]}}