{"id":65192,"date":"2025-01-31T23:51:22","date_gmt":"2025-01-31T23:51:22","guid":{"rendered":"https:\/\/www.africa-press.net\/senegal\/politique\/mohamed-seye-le-jeune-espoir-quitte-la-d3-senegalaise-pour-braga"},"modified":"2025-05-05T01:45:23","modified_gmt":"2025-05-05T01:45:23","slug":"mohamed-seye-le-jeune-espoir-quitte-la-d3-senegalaise-pour-braga","status":"publish","type":"post","link":"https:\/\/www.africa-press.net\/senegal\/sports\/mohamed-seye-le-jeune-espoir-quitte-la-d3-senegalaise-pour-braga","title":{"rendered":"Mohamed S\u00e8ye : le Jeune Espoir Quitte la D3 S\u00e9n\u00e9galaise pour Braga"},"content":{"rendered":"<p><span style=\"color: #ff6600\"><strong>Africa-Press &#8211; Senegal. <\/strong><\/span>Le Sporting Braga a officialise\u0301 l\u2019arrive\u0301e de Mohamed Se\u0300ye, jeune milieu de terrain se\u0301ne\u0301galais de 18 ans, en provenance de Darou Salam, club e\u0301voluant en National 1 (D3 se\u0301ne\u0301galaise). Ce transfert, estime\u0301 a\u0300 plus d\u2019un million d\u2019euros.<\/p>\n<p>Surnomme\u0301 \u201cMomo\u201d, Se\u0300ye s\u2019est engage\u0301 pour quatre ans avec Braga, un club re\u0301pute\u0301 pour son travail avec les jeunes. Forme\u0301 a\u0300 l\u2019acade\u0301mie de Grand-Yoff, il s\u2019est distingue\u0301 en National 1 par sa technique et sa vision du jeu, attirant l\u2019attention des recruteurs portugais. Son de\u0301fi sera de\u0301sormais de s\u2019imposer dans le championnat portugais.<\/p>\n<p>Avec ce transfert, Darou Salam confirme son expertise dans l\u2019accompagnement des jeunes vers l\u2019Europe, apre\u0300s avoir de\u0301ja\u0300 propulse\u0301 des joueurs comme Pape Daouda Diong (Chelsea\/Strasbourg) ou Ousmane Diao (Midtjylland). Mohamed Se\u0300ye suit ainsi cette trajectoire prometteuse, illustrant encore une fois l\u2019importance des acade\u0301mies locales dans l\u2019essor du football se\u0301ne\u0301galais.<\/p>\n<p><strong>Pour plus d&rsquo;informations et d&rsquo;analyses sur la <span style=\"color: #ff6600\">Senegal<\/span>, suivez <span style=\"color: #ff6600\">Africa-Press<\/span><\/strong><\/p>\n","protected":false},"excerpt":{"rendered":"<p>Africa-Press &#8211; Senegal. Le Sporting Braga a officialise\u0301 l\u2019arrive\u0301e de Mohamed Se\u0300ye, jeune milieu de terrain se\u0301ne\u0301galais de 18 ans, en provenance de Darou Salam, club e\u0301voluant en National 1 (D3 se\u0301ne\u0301galaise). Ce transfert, estime\u0301 a\u0300 plus d\u2019un million d\u2019euros. Surnomme\u0301 \u201cMomo\u201d, Se\u0300ye s\u2019est engage\u0301 pour quatre ans avec Braga, un club re\u0301pute\u0301 pour son [&hellip;]<\/p>\n","protected":false},"author":82,"featured_media":65191,"comment_status":"open","ping_status":"closed","sticky":false,"template":"","format":"standard","meta":{"footnotes":""},"categories":[6,10],"tags":[44],"class_list":["post-65192","post","type-post","status-publish","format-standard","has-post-thumbnail","hentry","category-sports","category-toutes-les-actualites","tag-senegal-2"],"yoast_head":"<!-- This site is optimized with the Yoast SEO Premium plugin v26.1 (Yoast SEO v27.0) - https:\/\/yoast.com\/product\/yoast-seo-premium-wordpress\/ -->\n<title>Mohamed S\u00e8ye : le Jeune Espoir Quitte la D3 S\u00e9n\u00e9galaise pour Braga - Senegal<\/title>\n<meta name=\"description\" content=\"Le Sporting Braga a officialise\u0301 l\u2019arrive\u0301e de Mohamed Se\u0300ye, jeune milieu de terrain se\u0301ne\u0301galais de 18 ans, en provena ...\" \/>\n<meta name=\"robots\" content=\"index, follow, max-snippet:-1, max-image-preview:large, max-video-preview:-1\" \/>\n<link rel=\"canonical\" href=\"https:\/\/www.africa-press.net\/senegal\/sports\/mohamed-seye-le-jeune-espoir-quitte-la-d3-senegalaise-pour-braga\" \/>\n<meta property=\"og:locale\" content=\"fr_FR\" \/>\n<meta property=\"og:type\" content=\"article\" \/>\n<meta property=\"og:title\" content=\"Mohamed S\u00e8ye : le Jeune Espoir Quitte la D3 S\u00e9n\u00e9galaise pour Braga\" \/>\n<meta property=\"og:description\" content=\"Le Sporting Braga a officialise\u0301 l\u2019arrive\u0301e de Mohamed Se\u0300ye, jeune milieu de terrain se\u0301ne\u0301galais de 18 ans, en provena ...\" \/>\n<meta property=\"og:url\" content=\"https:\/\/www.africa-press.net\/senegal\/sports\/mohamed-seye-le-jeune-espoir-quitte-la-d3-senegalaise-pour-braga\" \/>\n<meta property=\"og:site_name\" content=\"Senegal\" \/>\n<meta property=\"article:published_time\" content=\"2025-01-31T23:51:22+00:00\" \/>\n<meta property=\"article:modified_time\" content=\"2025-05-05T01:45:23+00:00\" \/>\n<meta property=\"og:image\" content=\"https:\/\/static.africa-press.net\/senegal\/sites\/13\/2025\/02\/sm_1738355466.979444.jpg\" \/>\n\t<meta property=\"og:image:width\" content=\"799\" \/>\n\t<meta property=\"og:image:height\" content=\"518\" \/>\n\t<meta property=\"og:image:type\" content=\"image\/jpeg\" \/>\n<meta name=\"author\" content=\"cfeditorfr\" \/>\n<meta name=\"twitter:card\" content=\"summary_large_image\" \/>\n<meta name=\"twitter:label1\" content=\"\u00c9crit par\" \/>\n\t<meta name=\"twitter:data1\" content=\"cfeditorfr\" \/>\n\t<meta name=\"twitter:label2\" content=\"Dur\u00e9e de lecture estim\u00e9e\" \/>\n\t<meta name=\"twitter:data2\" content=\"1 minute\" \/>\n<script type=\"application\/ld+json\" class=\"yoast-schema-graph\">{\"@context\":\"https:\/\/schema.org\",\"@graph\":[{\"@type\":\"Article\",\"@id\":\"https:\/\/www.africa-press.net\/senegal\/sports\/mohamed-seye-le-jeune-espoir-quitte-la-d3-senegalaise-pour-braga#article\",\"isPartOf\":{\"@id\":\"https:\/\/www.africa-press.net\/senegal\/sports\/mohamed-seye-le-jeune-espoir-quitte-la-d3-senegalaise-pour-braga\"},\"author\":{\"name\":\"cfeditorfr\",\"@id\":\"https:\/\/www.africa-press.net\/senegal\/#\/schema\/person\/2b1cf3cd81a31e3cd26889ca66d677f1\"},\"headline\":\"Mohamed S\u00e8ye : le Jeune Espoir Quitte la D3 S\u00e9n\u00e9galaise pour Braga\",\"datePublished\":\"2025-01-31T23:51:22+00:00\",\"dateModified\":\"2025-05-05T01:45:23+00:00\",\"mainEntityOfPage\":{\"@id\":\"https:\/\/www.africa-press.net\/senegal\/sports\/mohamed-seye-le-jeune-espoir-quitte-la-d3-senegalaise-pour-braga\"},\"wordCount\":196,\"commentCount\":0,\"image\":{\"@id\":\"https:\/\/www.africa-press.net\/senegal\/sports\/mohamed-seye-le-jeune-espoir-quitte-la-d3-senegalaise-pour-braga#primaryimage\"},\"thumbnailUrl\":\"https:\/\/static.africa-press.net\/senegal\/sites\/13\/2025\/02\/sm_1738355466.979444.jpg\",\"keywords\":[\"Senegal\"],\"articleSection\":[\"Sports\",\"Toutes les actualit\u00e9s\"],\"inLanguage\":\"fr-FR\",\"potentialAction\":[{\"@type\":\"CommentAction\",\"name\":\"Comment\",\"target\":[\"https:\/\/www.africa-press.net\/senegal\/sports\/mohamed-seye-le-jeune-espoir-quitte-la-d3-senegalaise-pour-braga#respond\"]}]},{\"@type\":\"WebPage\",\"@id\":\"https:\/\/www.africa-press.net\/senegal\/sports\/mohamed-seye-le-jeune-espoir-quitte-la-d3-senegalaise-pour-braga\",\"url\":\"https:\/\/www.africa-press.net\/senegal\/sports\/mohamed-seye-le-jeune-espoir-quitte-la-d3-senegalaise-pour-braga\",\"name\":\"Mohamed S\u00e8ye : le Jeune Espoir Quitte la D3 S\u00e9n\u00e9galaise pour Braga - Senegal\",\"isPartOf\":{\"@id\":\"https:\/\/www.africa-press.net\/senegal\/#website\"},\"primaryImageOfPage\":{\"@id\":\"https:\/\/www.africa-press.net\/senegal\/sports\/mohamed-seye-le-jeune-espoir-quitte-la-d3-senegalaise-pour-braga#primaryimage\"},\"image\":{\"@id\":\"https:\/\/www.africa-press.net\/senegal\/sports\/mohamed-seye-le-jeune-espoir-quitte-la-d3-senegalaise-pour-braga#primaryimage\"},\"thumbnailUrl\":\"https:\/\/static.africa-press.net\/senegal\/sites\/13\/2025\/02\/sm_1738355466.979444.jpg\",\"datePublished\":\"2025-01-31T23:51:22+00:00\",\"dateModified\":\"2025-05-05T01:45:23+00:00\",\"author\":{\"@id\":\"https:\/\/www.africa-press.net\/senegal\/#\/schema\/person\/2b1cf3cd81a31e3cd26889ca66d677f1\"},\"description\":\"Le Sporting Braga a officialise\u0301 l\u2019arrive\u0301e de Mohamed Se\u0300ye, jeune milieu de terrain se\u0301ne\u0301galais de 18 ans, en provena ...\",\"breadcrumb\":{\"@id\":\"https:\/\/www.africa-press.net\/senegal\/sports\/mohamed-seye-le-jeune-espoir-quitte-la-d3-senegalaise-pour-braga#breadcrumb\"},\"inLanguage\":\"fr-FR\",\"potentialAction\":[{\"@type\":\"ReadAction\",\"target\":[\"https:\/\/www.africa-press.net\/senegal\/sports\/mohamed-seye-le-jeune-espoir-quitte-la-d3-senegalaise-pour-braga\"]}]},{\"@type\":\"ImageObject\",\"inLanguage\":\"fr-FR\",\"@id\":\"https:\/\/www.africa-press.net\/senegal\/sports\/mohamed-seye-le-jeune-espoir-quitte-la-d3-senegalaise-pour-braga#primaryimage\",\"url\":\"https:\/\/static.africa-press.net\/senegal\/sites\/13\/2025\/02\/sm_1738355466.979444.jpg\",\"contentUrl\":\"https:\/\/static.africa-press.net\/senegal\/sites\/13\/2025\/02\/sm_1738355466.979444.jpg\",\"width\":799,\"height\":518,\"caption\":\"Mohamed S\u00e8ye : le Jeune Espoir Quitte la D3 S\u00e9n\u00e9galaise pour Braga\"},{\"@type\":\"BreadcrumbList\",\"@id\":\"https:\/\/www.africa-press.net\/senegal\/sports\/mohamed-seye-le-jeune-espoir-quitte-la-d3-senegalaise-pour-braga#breadcrumb\",\"itemListElement\":[{\"@type\":\"ListItem\",\"position\":1,\"name\":\"Accueil\",\"item\":\"https:\/\/www.africa-press.net\/senegal\/\"},{\"@type\":\"ListItem\",\"position\":2,\"name\":\"Mohamed S\u00e8ye : le Jeune Espoir Quitte la D3 S\u00e9n\u00e9galaise pour Braga\"}]},{\"@type\":\"WebSite\",\"@id\":\"https:\/\/www.africa-press.net\/senegal\/#website\",\"url\":\"https:\/\/www.africa-press.net\/senegal\/\",\"name\":\"Africa Press | Senegal | Homepage\",\"description\":\"Just another Africa News Agency Sites site\",\"potentialAction\":[{\"@type\":\"SearchAction\",\"target\":{\"@type\":\"EntryPoint\",\"urlTemplate\":\"https:\/\/www.africa-press.net\/senegal\/?s={search_term_string}\"},\"query-input\":{\"@type\":\"PropertyValueSpecification\",\"valueRequired\":true,\"valueName\":\"search_term_string\"}}],\"inLanguage\":\"fr-FR\"},{\"@type\":\"Person\",\"@id\":\"https:\/\/www.africa-press.net\/senegal\/#\/schema\/person\/2b1cf3cd81a31e3cd26889ca66d677f1\",\"name\":\"cfeditorfr\",\"url\":\"https:\/\/www.africa-press.net\/senegal\/author\/cfeditorfr\"}]}<\/script>\n<!-- \/ Yoast SEO Premium plugin. -->","yoast_head_json":{"title":"Mohamed S\u00e8ye : le Jeune Espoir Quitte la D3 S\u00e9n\u00e9galaise pour Braga - Senegal","description":"Le Sporting Braga a officialise\u0301 l\u2019arrive\u0301e de Mohamed Se\u0300ye, jeune milieu de terrain se\u0301ne\u0301galais de 18 ans, en provena ...","robots":{"index":"index","follow":"follow","max-snippet":"max-snippet:-1","max-image-preview":"max-image-preview:large","max-video-preview":"max-video-preview:-1"},"canonical":"https:\/\/www.africa-press.net\/senegal\/sports\/mohamed-seye-le-jeune-espoir-quitte-la-d3-senegalaise-pour-braga","og_locale":"fr_FR","og_type":"article","og_title":"Mohamed S\u00e8ye : le Jeune Espoir Quitte la D3 S\u00e9n\u00e9galaise pour Braga","og_description":"Le Sporting Braga a officialise\u0301 l\u2019arrive\u0301e de Mohamed Se\u0300ye, jeune milieu de terrain se\u0301ne\u0301galais de 18 ans, en provena ...","og_url":"https:\/\/www.africa-press.net\/senegal\/sports\/mohamed-seye-le-jeune-espoir-quitte-la-d3-senegalaise-pour-braga","og_site_name":"Senegal","article_published_time":"2025-01-31T23:51:22+00:00","article_modified_time":"2025-05-05T01:45:23+00:00","og_image":[{"width":799,"height":518,"url":"https:\/\/static.africa-press.net\/senegal\/sites\/13\/2025\/02\/sm_1738355466.979444.jpg","type":"image\/jpeg"}],"author":"cfeditorfr","twitter_card":"summary_large_image","twitter_misc":{"\u00c9crit par":"cfeditorfr","Dur\u00e9e de lecture estim\u00e9e":"1 minute"},"schema":{"@context":"https:\/\/schema.org","@graph":[{"@type":"Article","@id":"https:\/\/www.africa-press.net\/senegal\/sports\/mohamed-seye-le-jeune-espoir-quitte-la-d3-senegalaise-pour-braga#article","isPartOf":{"@id":"https:\/\/www.africa-press.net\/senegal\/sports\/mohamed-seye-le-jeune-espoir-quitte-la-d3-senegalaise-pour-braga"},"author":{"name":"cfeditorfr","@id":"https:\/\/www.africa-press.net\/senegal\/#\/schema\/person\/2b1cf3cd81a31e3cd26889ca66d677f1"},"headline":"Mohamed S\u00e8ye : le Jeune Espoir Quitte la D3 S\u00e9n\u00e9galaise pour Braga","datePublished":"2025-01-31T23:51:22+00:00","dateModified":"2025-05-05T01:45:23+00:00","mainEntityOfPage":{"@id":"https:\/\/www.africa-press.net\/senegal\/sports\/mohamed-seye-le-jeune-espoir-quitte-la-d3-senegalaise-pour-braga"},"wordCount":196,"commentCount":0,"image":{"@id":"https:\/\/www.africa-press.net\/senegal\/sports\/mohamed-seye-le-jeune-espoir-quitte-la-d3-senegalaise-pour-braga#primaryimage"},"thumbnailUrl":"https:\/\/static.africa-press.net\/senegal\/sites\/13\/2025\/02\/sm_1738355466.979444.jpg","keywords":["Senegal"],"articleSection":["Sports","Toutes les actualit\u00e9s"],"inLanguage":"fr-FR","potentialAction":[{"@type":"CommentAction","name":"Comment","target":["https:\/\/www.africa-press.net\/senegal\/sports\/mohamed-seye-le-jeune-espoir-quitte-la-d3-senegalaise-pour-braga#respond"]}]},{"@type":"WebPage","@id":"https:\/\/www.africa-press.net\/senegal\/sports\/mohamed-seye-le-jeune-espoir-quitte-la-d3-senegalaise-pour-braga","url":"https:\/\/www.africa-press.net\/senegal\/sports\/mohamed-seye-le-jeune-espoir-quitte-la-d3-senegalaise-pour-braga","name":"Mohamed S\u00e8ye : le Jeune Espoir Quitte la D3 S\u00e9n\u00e9galaise pour Braga - Senegal","isPartOf":{"@id":"https:\/\/www.africa-press.net\/senegal\/#website"},"primaryImageOfPage":{"@id":"https:\/\/www.africa-press.net\/senegal\/sports\/mohamed-seye-le-jeune-espoir-quitte-la-d3-senegalaise-pour-braga#primaryimage"},"image":{"@id":"https:\/\/www.africa-press.net\/senegal\/sports\/mohamed-seye-le-jeune-espoir-quitte-la-d3-senegalaise-pour-braga#primaryimage"},"thumbnailUrl":"https:\/\/static.africa-press.net\/senegal\/sites\/13\/2025\/02\/sm_1738355466.979444.jpg","datePublished":"2025-01-31T23:51:22+00:00","dateModified":"2025-05-05T01:45:23+00:00","author":{"@id":"https:\/\/www.africa-press.net\/senegal\/#\/schema\/person\/2b1cf3cd81a31e3cd26889ca66d677f1"},"description":"Le Sporting Braga a officialise\u0301 l\u2019arrive\u0301e de Mohamed Se\u0300ye, jeune milieu de terrain se\u0301ne\u0301galais de 18 ans, en provena ...","breadcrumb":{"@id":"https:\/\/www.africa-press.net\/senegal\/sports\/mohamed-seye-le-jeune-espoir-quitte-la-d3-senegalaise-pour-braga#breadcrumb"},"inLanguage":"fr-FR","potentialAction":[{"@type":"ReadAction","target":["https:\/\/www.africa-press.net\/senegal\/sports\/mohamed-seye-le-jeune-espoir-quitte-la-d3-senegalaise-pour-braga"]}]},{"@type":"ImageObject","inLanguage":"fr-FR","@id":"https:\/\/www.africa-press.net\/senegal\/sports\/mohamed-seye-le-jeune-espoir-quitte-la-d3-senegalaise-pour-braga#primaryimage","url":"https:\/\/static.africa-press.net\/senegal\/sites\/13\/2025\/02\/sm_1738355466.979444.jpg","contentUrl":"https:\/\/static.africa-press.net\/senegal\/sites\/13\/2025\/02\/sm_1738355466.979444.jpg","width":799,"height":518,"caption":"Mohamed S\u00e8ye : le Jeune Espoir Quitte la D3 S\u00e9n\u00e9galaise pour Braga"},{"@type":"BreadcrumbList","@id":"https:\/\/www.africa-press.net\/senegal\/sports\/mohamed-seye-le-jeune-espoir-quitte-la-d3-senegalaise-pour-braga#breadcrumb","itemListElement":[{"@type":"ListItem","position":1,"name":"Accueil","item":"https:\/\/www.africa-press.net\/senegal\/"},{"@type":"ListItem","position":2,"name":"Mohamed S\u00e8ye : le Jeune Espoir Quitte la D3 S\u00e9n\u00e9galaise pour Braga"}]},{"@type":"WebSite","@id":"https:\/\/www.africa-press.net\/senegal\/#website","url":"https:\/\/www.africa-press.net\/senegal\/","name":"Africa Press | Senegal | Homepage","description":"Just another Africa News Agency Sites site","potentialAction":[{"@type":"SearchAction","target":{"@type":"EntryPoint","urlTemplate":"https:\/\/www.africa-press.net\/senegal\/?s={search_term_string}"},"query-input":{"@type":"PropertyValueSpecification","valueRequired":true,"valueName":"search_term_string"}}],"inLanguage":"fr-FR"},{"@type":"Person","@id":"https:\/\/www.africa-press.net\/senegal\/#\/schema\/person\/2b1cf3cd81a31e3cd26889ca66d677f1","name":"cfeditorfr","url":"https:\/\/www.africa-press.net\/senegal\/author\/cfeditorfr"}]}},"_links":{"self":[{"href":"https:\/\/www.africa-press.net\/senegal\/wp-json\/wp\/v2\/posts\/65192","targetHints":{"allow":["GET"]}}],"collection":[{"href":"https:\/\/www.africa-press.net\/senegal\/wp-json\/wp\/v2\/posts"}],"about":[{"href":"https:\/\/www.africa-press.net\/senegal\/wp-json\/wp\/v2\/types\/post"}],"author":[{"embeddable":true,"href":"https:\/\/www.africa-press.net\/senegal\/wp-json\/wp\/v2\/users\/82"}],"replies":[{"embeddable":true,"href":"https:\/\/www.africa-press.net\/senegal\/wp-json\/wp\/v2\/comments?post=65192"}],"version-history":[{"count":0,"href":"https:\/\/www.africa-press.net\/senegal\/wp-json\/wp\/v2\/posts\/65192\/revisions"}],"wp:featuredmedia":[{"embeddable":true,"href":"https:\/\/www.africa-press.net\/senegal\/wp-json\/wp\/v2\/media\/65191"}],"wp:attachment":[{"href":"https:\/\/www.africa-press.net\/senegal\/wp-json\/wp\/v2\/media?parent=65192"}],"wp:term":[{"taxonomy":"category","embeddable":true,"href":"https:\/\/www.africa-press.net\/senegal\/wp-json\/wp\/v2\/categories?post=65192"},{"taxonomy":"post_tag","embeddable":true,"href":"https:\/\/www.africa-press.net\/senegal\/wp-json\/wp\/v2\/tags?post=65192"}],"curies":[{"name":"wp","href":"https:\/\/api.w.org\/{rel}","templated":true}]}}