{"id":65198,"date":"2025-01-31T23:52:23","date_gmt":"2025-01-31T23:52:23","guid":{"rendered":"https:\/\/www.africa-press.net\/senegal\/politique\/augustus-kargbo-lattaquant-sierra-leonais-quitte-cesena-officiel"},"modified":"2025-05-05T01:51:32","modified_gmt":"2025-05-05T01:51:32","slug":"augustus-kargbo-lattaquant-sierra-leonais-quitte-cesena-officiel","status":"publish","type":"post","link":"https:\/\/www.africa-press.net\/senegal\/sports\/augustus-kargbo-lattaquant-sierra-leonais-quitte-cesena-officiel","title":{"rendered":"Augustus Kargbo : L\u2019Attaquant Sierra-l\u00e9onais Quitte Cesena (Officiel)"},"content":{"rendered":"<p><span style=\"color: #ff6600\"><strong>Africa-Press &#8211; Senegal. <\/strong><\/span>Augustus Kargbo quitte Cesena. L\u2019international sierra-le\u0301onais annonce rejoint les Black Rovers, comme annonce\u0301 officiellement.<\/p>\n<p>L\u2019attaquant de 25 ans quitte l\u2019e\u0301quipe italienne de Cesena. Il signe un contrat de deux ans et demi jusqu\u2019en juin 2027 avec les Rovers.<\/p>\n<p>Kargbo a commence\u0301 sa carrie\u0300re professionnelle en Italie avec Campobasso, ou\u0300 il a marque\u0301 six buts en 20 apparitions en Serie D. Il a rejoint plus tard l\u2019e\u0301quipe de Serie B Crotone a\u0300 l\u2019e\u0301te\u0301 2018.<\/p>\n<p>Le Sierra-Le\u0301onais a be\u0301ne\u0301ficie\u0301 d\u2019un pre\u0302t en Serie D avec Roccella et a e\u0301galement fait ses de\u0301buts pour Crotone lors de sa premie\u0300re saison avec le club de la co\u0302te sud. En 2019-20, il a e\u0301te\u0301 pre\u0302te\u0301 a\u0300 la Reggiana, qu\u2019il a propulse\u0301e en Serie B avec 11 buts en 24 matchs, dont le but victorieux contre Bari en finale des barrages de Serie C.<\/p>\n<p>Son club a obtenu la promotion en premie\u0300re division du football italien au cours de la me\u0302me saison. L\u2019attaquant explosif et e\u0301nergique a fait ses de\u0301buts en Serie A au de\u0301but de la campagne 2020-21, avant de revenir a\u0300 Reggiana en pre\u0302t.<\/p>\n<p>Apre\u0300s s\u2019e\u0302tre impose\u0301 dans l\u2019e\u0301quipe de Crotone au cours des deux saisons suivantes, Kargbo a rejoint Cesena en aou\u0302t 2023 et a connu une premie\u0300re saison de re\u0302ve avec le club, marquant neuf buts en 31 matchs pour aider Cesena a\u0300 remporter le titre de Serie C.<\/p>\n<p>L\u2019international sierra-le\u0301onais, qui compte cinq buts en 21 se\u0301lections pour son pays, a continue\u0301 a\u0300 trouver le chemin des filets pour Cesena cette saison. Il cherchera de\u0301sormais a\u0300 faire de me\u0302me sous les couleurs des Rovers.<\/p>\n<p><strong>Pour plus d&rsquo;informations et d&rsquo;analyses sur la <span style=\"color: #ff6600\">Senegal<\/span>, suivez <span style=\"color: #ff6600\">Africa-Press<\/span><\/strong><\/p>\n","protected":false},"excerpt":{"rendered":"<p>Africa-Press &#8211; Senegal. Augustus Kargbo quitte Cesena. L\u2019international sierra-le\u0301onais annonce rejoint les Black Rovers, comme annonce\u0301 officiellement. L\u2019attaquant de 25 ans quitte l\u2019e\u0301quipe italienne de Cesena. Il signe un contrat de deux ans et demi jusqu\u2019en juin 2027 avec les Rovers. Kargbo a commence\u0301 sa carrie\u0300re professionnelle en Italie avec Campobasso, ou\u0300 il a marque\u0301 [&hellip;]<\/p>\n","protected":false},"author":82,"featured_media":65197,"comment_status":"open","ping_status":"closed","sticky":false,"template":"","format":"standard","meta":{"footnotes":""},"categories":[6,10],"tags":[44],"class_list":["post-65198","post","type-post","status-publish","format-standard","has-post-thumbnail","hentry","category-sports","category-toutes-les-actualites","tag-senegal-2"],"yoast_head":"<!-- This site is optimized with the Yoast SEO Premium plugin v26.1 (Yoast SEO v27.0) - https:\/\/yoast.com\/product\/yoast-seo-premium-wordpress\/ -->\n<title>Augustus Kargbo : L\u2019Attaquant Sierra-l\u00e9onais Quitte Cesena (Officiel) - Senegal<\/title>\n<meta name=\"description\" content=\"Augustus Kargbo quitte Cesena. L\u2019international sierra-le\u0301onais annonce rejoint les Black Rovers, comme annonce\u0301 officiel ...\" \/>\n<meta name=\"robots\" content=\"index, follow, max-snippet:-1, max-image-preview:large, max-video-preview:-1\" \/>\n<link rel=\"canonical\" href=\"https:\/\/www.africa-press.net\/senegal\/sports\/augustus-kargbo-lattaquant-sierra-leonais-quitte-cesena-officiel\" \/>\n<meta property=\"og:locale\" content=\"fr_FR\" \/>\n<meta property=\"og:type\" content=\"article\" \/>\n<meta property=\"og:title\" content=\"Augustus Kargbo : L\u2019Attaquant Sierra-l\u00e9onais Quitte Cesena (Officiel)\" \/>\n<meta property=\"og:description\" content=\"Augustus Kargbo quitte Cesena. L\u2019international sierra-le\u0301onais annonce rejoint les Black Rovers, comme annonce\u0301 officiel ...\" \/>\n<meta property=\"og:url\" content=\"https:\/\/www.africa-press.net\/senegal\/sports\/augustus-kargbo-lattaquant-sierra-leonais-quitte-cesena-officiel\" \/>\n<meta property=\"og:site_name\" content=\"Senegal\" \/>\n<meta property=\"article:published_time\" content=\"2025-01-31T23:52:23+00:00\" \/>\n<meta property=\"article:modified_time\" content=\"2025-05-05T01:51:32+00:00\" \/>\n<meta property=\"og:image\" content=\"https:\/\/static.africa-press.net\/senegal\/sites\/13\/2025\/02\/sm_1738355734.906292.jpg\" \/>\n\t<meta property=\"og:image:width\" content=\"900\" \/>\n\t<meta property=\"og:image:height\" content=\"507\" \/>\n\t<meta property=\"og:image:type\" content=\"image\/jpeg\" \/>\n<meta name=\"author\" content=\"cfeditorfr\" \/>\n<meta name=\"twitter:card\" content=\"summary_large_image\" \/>\n<meta name=\"twitter:label1\" content=\"\u00c9crit par\" \/>\n\t<meta name=\"twitter:data1\" content=\"cfeditorfr\" \/>\n\t<meta name=\"twitter:label2\" content=\"Dur\u00e9e de lecture estim\u00e9e\" \/>\n\t<meta name=\"twitter:data2\" content=\"2 minutes\" \/>\n<script type=\"application\/ld+json\" class=\"yoast-schema-graph\">{\"@context\":\"https:\/\/schema.org\",\"@graph\":[{\"@type\":\"Article\",\"@id\":\"https:\/\/www.africa-press.net\/senegal\/sports\/augustus-kargbo-lattaquant-sierra-leonais-quitte-cesena-officiel#article\",\"isPartOf\":{\"@id\":\"https:\/\/www.africa-press.net\/senegal\/sports\/augustus-kargbo-lattaquant-sierra-leonais-quitte-cesena-officiel\"},\"author\":{\"name\":\"cfeditorfr\",\"@id\":\"https:\/\/www.africa-press.net\/senegal\/#\/schema\/person\/2b1cf3cd81a31e3cd26889ca66d677f1\"},\"headline\":\"Augustus Kargbo : L\u2019Attaquant Sierra-l\u00e9onais Quitte Cesena (Officiel)\",\"datePublished\":\"2025-01-31T23:52:23+00:00\",\"dateModified\":\"2025-05-05T01:51:32+00:00\",\"mainEntityOfPage\":{\"@id\":\"https:\/\/www.africa-press.net\/senegal\/sports\/augustus-kargbo-lattaquant-sierra-leonais-quitte-cesena-officiel\"},\"wordCount\":322,\"commentCount\":0,\"image\":{\"@id\":\"https:\/\/www.africa-press.net\/senegal\/sports\/augustus-kargbo-lattaquant-sierra-leonais-quitte-cesena-officiel#primaryimage\"},\"thumbnailUrl\":\"https:\/\/static.africa-press.net\/senegal\/sites\/13\/2025\/02\/sm_1738355734.906292.jpg\",\"keywords\":[\"Senegal\"],\"articleSection\":[\"Sports\",\"Toutes les actualit\u00e9s\"],\"inLanguage\":\"fr-FR\",\"potentialAction\":[{\"@type\":\"CommentAction\",\"name\":\"Comment\",\"target\":[\"https:\/\/www.africa-press.net\/senegal\/sports\/augustus-kargbo-lattaquant-sierra-leonais-quitte-cesena-officiel#respond\"]}]},{\"@type\":\"WebPage\",\"@id\":\"https:\/\/www.africa-press.net\/senegal\/sports\/augustus-kargbo-lattaquant-sierra-leonais-quitte-cesena-officiel\",\"url\":\"https:\/\/www.africa-press.net\/senegal\/sports\/augustus-kargbo-lattaquant-sierra-leonais-quitte-cesena-officiel\",\"name\":\"Augustus Kargbo : L\u2019Attaquant Sierra-l\u00e9onais Quitte Cesena (Officiel) - Senegal\",\"isPartOf\":{\"@id\":\"https:\/\/www.africa-press.net\/senegal\/#website\"},\"primaryImageOfPage\":{\"@id\":\"https:\/\/www.africa-press.net\/senegal\/sports\/augustus-kargbo-lattaquant-sierra-leonais-quitte-cesena-officiel#primaryimage\"},\"image\":{\"@id\":\"https:\/\/www.africa-press.net\/senegal\/sports\/augustus-kargbo-lattaquant-sierra-leonais-quitte-cesena-officiel#primaryimage\"},\"thumbnailUrl\":\"https:\/\/static.africa-press.net\/senegal\/sites\/13\/2025\/02\/sm_1738355734.906292.jpg\",\"datePublished\":\"2025-01-31T23:52:23+00:00\",\"dateModified\":\"2025-05-05T01:51:32+00:00\",\"author\":{\"@id\":\"https:\/\/www.africa-press.net\/senegal\/#\/schema\/person\/2b1cf3cd81a31e3cd26889ca66d677f1\"},\"description\":\"Augustus Kargbo quitte Cesena. L\u2019international sierra-le\u0301onais annonce rejoint les Black Rovers, comme annonce\u0301 officiel ...\",\"breadcrumb\":{\"@id\":\"https:\/\/www.africa-press.net\/senegal\/sports\/augustus-kargbo-lattaquant-sierra-leonais-quitte-cesena-officiel#breadcrumb\"},\"inLanguage\":\"fr-FR\",\"potentialAction\":[{\"@type\":\"ReadAction\",\"target\":[\"https:\/\/www.africa-press.net\/senegal\/sports\/augustus-kargbo-lattaquant-sierra-leonais-quitte-cesena-officiel\"]}]},{\"@type\":\"ImageObject\",\"inLanguage\":\"fr-FR\",\"@id\":\"https:\/\/www.africa-press.net\/senegal\/sports\/augustus-kargbo-lattaquant-sierra-leonais-quitte-cesena-officiel#primaryimage\",\"url\":\"https:\/\/static.africa-press.net\/senegal\/sites\/13\/2025\/02\/sm_1738355734.906292.jpg\",\"contentUrl\":\"https:\/\/static.africa-press.net\/senegal\/sites\/13\/2025\/02\/sm_1738355734.906292.jpg\",\"width\":900,\"height\":507,\"caption\":\"Augustus Kargbo : L\u2019Attaquant Sierra-l\u00e9onais Quitte Cesena (Officiel)\"},{\"@type\":\"BreadcrumbList\",\"@id\":\"https:\/\/www.africa-press.net\/senegal\/sports\/augustus-kargbo-lattaquant-sierra-leonais-quitte-cesena-officiel#breadcrumb\",\"itemListElement\":[{\"@type\":\"ListItem\",\"position\":1,\"name\":\"Accueil\",\"item\":\"https:\/\/www.africa-press.net\/senegal\/\"},{\"@type\":\"ListItem\",\"position\":2,\"name\":\"Augustus Kargbo : L\u2019Attaquant Sierra-l\u00e9onais Quitte Cesena (Officiel)\"}]},{\"@type\":\"WebSite\",\"@id\":\"https:\/\/www.africa-press.net\/senegal\/#website\",\"url\":\"https:\/\/www.africa-press.net\/senegal\/\",\"name\":\"Africa Press | Senegal | Homepage\",\"description\":\"Just another Africa News Agency Sites site\",\"potentialAction\":[{\"@type\":\"SearchAction\",\"target\":{\"@type\":\"EntryPoint\",\"urlTemplate\":\"https:\/\/www.africa-press.net\/senegal\/?s={search_term_string}\"},\"query-input\":{\"@type\":\"PropertyValueSpecification\",\"valueRequired\":true,\"valueName\":\"search_term_string\"}}],\"inLanguage\":\"fr-FR\"},{\"@type\":\"Person\",\"@id\":\"https:\/\/www.africa-press.net\/senegal\/#\/schema\/person\/2b1cf3cd81a31e3cd26889ca66d677f1\",\"name\":\"cfeditorfr\",\"url\":\"https:\/\/www.africa-press.net\/senegal\/author\/cfeditorfr\"}]}<\/script>\n<!-- \/ Yoast SEO Premium plugin. -->","yoast_head_json":{"title":"Augustus Kargbo : L\u2019Attaquant Sierra-l\u00e9onais Quitte Cesena (Officiel) - Senegal","description":"Augustus Kargbo quitte Cesena. L\u2019international sierra-le\u0301onais annonce rejoint les Black Rovers, comme annonce\u0301 officiel ...","robots":{"index":"index","follow":"follow","max-snippet":"max-snippet:-1","max-image-preview":"max-image-preview:large","max-video-preview":"max-video-preview:-1"},"canonical":"https:\/\/www.africa-press.net\/senegal\/sports\/augustus-kargbo-lattaquant-sierra-leonais-quitte-cesena-officiel","og_locale":"fr_FR","og_type":"article","og_title":"Augustus Kargbo : L\u2019Attaquant Sierra-l\u00e9onais Quitte Cesena (Officiel)","og_description":"Augustus Kargbo quitte Cesena. L\u2019international sierra-le\u0301onais annonce rejoint les Black Rovers, comme annonce\u0301 officiel ...","og_url":"https:\/\/www.africa-press.net\/senegal\/sports\/augustus-kargbo-lattaquant-sierra-leonais-quitte-cesena-officiel","og_site_name":"Senegal","article_published_time":"2025-01-31T23:52:23+00:00","article_modified_time":"2025-05-05T01:51:32+00:00","og_image":[{"width":900,"height":507,"url":"https:\/\/static.africa-press.net\/senegal\/sites\/13\/2025\/02\/sm_1738355734.906292.jpg","type":"image\/jpeg"}],"author":"cfeditorfr","twitter_card":"summary_large_image","twitter_misc":{"\u00c9crit par":"cfeditorfr","Dur\u00e9e de lecture estim\u00e9e":"2 minutes"},"schema":{"@context":"https:\/\/schema.org","@graph":[{"@type":"Article","@id":"https:\/\/www.africa-press.net\/senegal\/sports\/augustus-kargbo-lattaquant-sierra-leonais-quitte-cesena-officiel#article","isPartOf":{"@id":"https:\/\/www.africa-press.net\/senegal\/sports\/augustus-kargbo-lattaquant-sierra-leonais-quitte-cesena-officiel"},"author":{"name":"cfeditorfr","@id":"https:\/\/www.africa-press.net\/senegal\/#\/schema\/person\/2b1cf3cd81a31e3cd26889ca66d677f1"},"headline":"Augustus Kargbo : L\u2019Attaquant Sierra-l\u00e9onais Quitte Cesena (Officiel)","datePublished":"2025-01-31T23:52:23+00:00","dateModified":"2025-05-05T01:51:32+00:00","mainEntityOfPage":{"@id":"https:\/\/www.africa-press.net\/senegal\/sports\/augustus-kargbo-lattaquant-sierra-leonais-quitte-cesena-officiel"},"wordCount":322,"commentCount":0,"image":{"@id":"https:\/\/www.africa-press.net\/senegal\/sports\/augustus-kargbo-lattaquant-sierra-leonais-quitte-cesena-officiel#primaryimage"},"thumbnailUrl":"https:\/\/static.africa-press.net\/senegal\/sites\/13\/2025\/02\/sm_1738355734.906292.jpg","keywords":["Senegal"],"articleSection":["Sports","Toutes les actualit\u00e9s"],"inLanguage":"fr-FR","potentialAction":[{"@type":"CommentAction","name":"Comment","target":["https:\/\/www.africa-press.net\/senegal\/sports\/augustus-kargbo-lattaquant-sierra-leonais-quitte-cesena-officiel#respond"]}]},{"@type":"WebPage","@id":"https:\/\/www.africa-press.net\/senegal\/sports\/augustus-kargbo-lattaquant-sierra-leonais-quitte-cesena-officiel","url":"https:\/\/www.africa-press.net\/senegal\/sports\/augustus-kargbo-lattaquant-sierra-leonais-quitte-cesena-officiel","name":"Augustus Kargbo : L\u2019Attaquant Sierra-l\u00e9onais Quitte Cesena (Officiel) - Senegal","isPartOf":{"@id":"https:\/\/www.africa-press.net\/senegal\/#website"},"primaryImageOfPage":{"@id":"https:\/\/www.africa-press.net\/senegal\/sports\/augustus-kargbo-lattaquant-sierra-leonais-quitte-cesena-officiel#primaryimage"},"image":{"@id":"https:\/\/www.africa-press.net\/senegal\/sports\/augustus-kargbo-lattaquant-sierra-leonais-quitte-cesena-officiel#primaryimage"},"thumbnailUrl":"https:\/\/static.africa-press.net\/senegal\/sites\/13\/2025\/02\/sm_1738355734.906292.jpg","datePublished":"2025-01-31T23:52:23+00:00","dateModified":"2025-05-05T01:51:32+00:00","author":{"@id":"https:\/\/www.africa-press.net\/senegal\/#\/schema\/person\/2b1cf3cd81a31e3cd26889ca66d677f1"},"description":"Augustus Kargbo quitte Cesena. L\u2019international sierra-le\u0301onais annonce rejoint les Black Rovers, comme annonce\u0301 officiel ...","breadcrumb":{"@id":"https:\/\/www.africa-press.net\/senegal\/sports\/augustus-kargbo-lattaquant-sierra-leonais-quitte-cesena-officiel#breadcrumb"},"inLanguage":"fr-FR","potentialAction":[{"@type":"ReadAction","target":["https:\/\/www.africa-press.net\/senegal\/sports\/augustus-kargbo-lattaquant-sierra-leonais-quitte-cesena-officiel"]}]},{"@type":"ImageObject","inLanguage":"fr-FR","@id":"https:\/\/www.africa-press.net\/senegal\/sports\/augustus-kargbo-lattaquant-sierra-leonais-quitte-cesena-officiel#primaryimage","url":"https:\/\/static.africa-press.net\/senegal\/sites\/13\/2025\/02\/sm_1738355734.906292.jpg","contentUrl":"https:\/\/static.africa-press.net\/senegal\/sites\/13\/2025\/02\/sm_1738355734.906292.jpg","width":900,"height":507,"caption":"Augustus Kargbo : L\u2019Attaquant Sierra-l\u00e9onais Quitte Cesena (Officiel)"},{"@type":"BreadcrumbList","@id":"https:\/\/www.africa-press.net\/senegal\/sports\/augustus-kargbo-lattaquant-sierra-leonais-quitte-cesena-officiel#breadcrumb","itemListElement":[{"@type":"ListItem","position":1,"name":"Accueil","item":"https:\/\/www.africa-press.net\/senegal\/"},{"@type":"ListItem","position":2,"name":"Augustus Kargbo : L\u2019Attaquant Sierra-l\u00e9onais Quitte Cesena (Officiel)"}]},{"@type":"WebSite","@id":"https:\/\/www.africa-press.net\/senegal\/#website","url":"https:\/\/www.africa-press.net\/senegal\/","name":"Africa Press | Senegal | Homepage","description":"Just another Africa News Agency Sites site","potentialAction":[{"@type":"SearchAction","target":{"@type":"EntryPoint","urlTemplate":"https:\/\/www.africa-press.net\/senegal\/?s={search_term_string}"},"query-input":{"@type":"PropertyValueSpecification","valueRequired":true,"valueName":"search_term_string"}}],"inLanguage":"fr-FR"},{"@type":"Person","@id":"https:\/\/www.africa-press.net\/senegal\/#\/schema\/person\/2b1cf3cd81a31e3cd26889ca66d677f1","name":"cfeditorfr","url":"https:\/\/www.africa-press.net\/senegal\/author\/cfeditorfr"}]}},"_links":{"self":[{"href":"https:\/\/www.africa-press.net\/senegal\/wp-json\/wp\/v2\/posts\/65198","targetHints":{"allow":["GET"]}}],"collection":[{"href":"https:\/\/www.africa-press.net\/senegal\/wp-json\/wp\/v2\/posts"}],"about":[{"href":"https:\/\/www.africa-press.net\/senegal\/wp-json\/wp\/v2\/types\/post"}],"author":[{"embeddable":true,"href":"https:\/\/www.africa-press.net\/senegal\/wp-json\/wp\/v2\/users\/82"}],"replies":[{"embeddable":true,"href":"https:\/\/www.africa-press.net\/senegal\/wp-json\/wp\/v2\/comments?post=65198"}],"version-history":[{"count":0,"href":"https:\/\/www.africa-press.net\/senegal\/wp-json\/wp\/v2\/posts\/65198\/revisions"}],"wp:featuredmedia":[{"embeddable":true,"href":"https:\/\/www.africa-press.net\/senegal\/wp-json\/wp\/v2\/media\/65197"}],"wp:attachment":[{"href":"https:\/\/www.africa-press.net\/senegal\/wp-json\/wp\/v2\/media?parent=65198"}],"wp:term":[{"taxonomy":"category","embeddable":true,"href":"https:\/\/www.africa-press.net\/senegal\/wp-json\/wp\/v2\/categories?post=65198"},{"taxonomy":"post_tag","embeddable":true,"href":"https:\/\/www.africa-press.net\/senegal\/wp-json\/wp\/v2\/tags?post=65198"}],"curies":[{"name":"wp","href":"https:\/\/api.w.org\/{rel}","templated":true}]}}