{"id":65202,"date":"2025-02-01T14:00:00","date_gmt":"2025-02-01T14:00:00","guid":{"rendered":"https:\/\/www.africa-press.net\/senegal\/politique\/des-milliers-de-disciples-de-la-confrerie-soufie-des-layennes-se-reunissent-vetus-de-blanc"},"modified":"2025-02-01T21:34:57","modified_gmt":"2025-02-01T21:34:57","slug":"des-milliers-de-disciples-de-la-confrerie-soufie-des-layennes-se-reunissent-vetus-de-blanc","status":"publish","type":"post","link":"https:\/\/www.africa-press.net\/senegal\/politique\/des-milliers-de-disciples-de-la-confrerie-soufie-des-layennes-se-reunissent-vetus-de-blanc","title":{"rendered":"Des Milliers de Disciples de la Confr\u00e9rie Soufie des Layennes se R\u00e9unissent V\u00eatus de Blanc"},"content":{"rendered":"<p><span style=\"color: #ff6600\"><strong>Africa-Press &#8211; Senegal. <\/strong><\/span>Les disciples de la confre\u0301rie soufie des Layennes, propre au Se\u0301ne\u0301gal, ont ce\u0301le\u0301bre\u0301 le 145e anniversaire de l&rsquo;appel a\u0300 l&rsquo;unite\u0301 et a\u0300 la solidarite\u0301 lance\u0301 par le fondateur, Seydina Limamou Laye.<\/p>\n<p>Les disciples de la confre\u0301rie des Layennes se sont rassemble\u0301s vendredi a\u0300 l&rsquo;occasion du 145e anniversaire de l&rsquo;appel a\u0300 l&rsquo;unite\u0301 et a\u0300 la solidarite\u0301 lance\u0301 par Seydina Limamou Laye, qui est e\u0301galement conside\u0301re\u0301 comme le fondateur de la confre\u0301rie.<\/p>\n<p>Les disciples se sont rassemble\u0301s dans les quartiers de Cambe\u0301re\u0300ne et de Yoff de la capitale Dakar, qu&rsquo;ils conside\u0300rent comme sacre\u0301s.<\/p>\n<p>Des dizaines de milliers de disciples ve\u0302tus de blanc, a\u0302ge\u0301s de sept a\u0300 soixante-dix ans, ont incante\u0301, chante\u0301 des hymnes et prie\u0301 ensemble en plein air sur les rives de l&rsquo;oce\u0301an Atlantique pendant les deux jours de comme\u0301moration.<\/p>\n<p>Dans le cadre de cette comme\u0301moration, les routes principales de la re\u0301gion ont e\u0301te\u0301 ferme\u0301es a\u0300 la circulation et la vie s&rsquo;est arre\u0302te\u0301e dans certains quartiers de Dakar.<\/p>\n<p>Le pre\u0301sident se\u0301ne\u0301galais Bassirou Diomaye Faye a e\u0301galement rendu visite aux dignitaires de la confre\u0301rie dans le cadre de la comme\u0301moration.<\/p>\n<p>La confre\u0301rie des Layenne, base\u0301e sur le soufisme et unique au Se\u0301ne\u0301gal, s&rsquo;habillent en blanc pour les prie\u0300res festives et les jours importants, car ils pensent que cela e\u0301limine les diffe\u0301rences de classe.<\/p>\n<p><strong>Pour plus d&rsquo;informations et d&rsquo;analyses sur la <span style=\"color: #ff6600\">Senegal<\/span>, suivez <span style=\"color: #ff6600\">Africa-Press<span style=\"color: #ff6600\"><\/span><\/strong><\/p>\n","protected":false},"excerpt":{"rendered":"<p>Africa-Press &#8211; Senegal. Les disciples de la confre\u0301rie soufie des Layennes, propre au Se\u0301ne\u0301gal, ont ce\u0301le\u0301bre\u0301 le 145e anniversaire de l&rsquo;appel a\u0300 l&rsquo;unite\u0301 et a\u0300 la solidarite\u0301 lance\u0301 par le fondateur, Seydina Limamou Laye. Les disciples de la confre\u0301rie des Layennes se sont rassemble\u0301s vendredi a\u0300 l&rsquo;occasion du 145e anniversaire de l&rsquo;appel a\u0300 l&rsquo;unite\u0301 et [&hellip;]<\/p>\n","protected":false},"author":82,"featured_media":65201,"comment_status":"open","ping_status":"closed","sticky":false,"template":"","format":"standard","meta":{"footnotes":""},"categories":[2,20,10],"tags":[5236,45,5238,29,44,5237],"class_list":["post-65202","post","type-post","status-publish","format-standard","has-post-thumbnail","hentry","category-politique","category-top-nouvelles","category-toutes-les-actualites","tag-confrerie","tag-dakar","tag-layennes","tag-senegal","tag-senegal-2","tag-soufie"],"yoast_head":"<!-- This site is optimized with the Yoast SEO Premium plugin v26.1 (Yoast SEO v27.0) - https:\/\/yoast.com\/product\/yoast-seo-premium-wordpress\/ -->\n<title>Des Milliers de Disciples de la Confr\u00e9rie Soufie des Layennes se R\u00e9unissent V\u00eatus de Blanc - Senegal<\/title>\n<meta name=\"robots\" content=\"index, follow, max-snippet:-1, max-image-preview:large, max-video-preview:-1\" \/>\n<link rel=\"canonical\" href=\"https:\/\/www.africa-press.net\/senegal\/toutes-les-actualites\/des-milliers-de-disciples-de-la-confrerie-soufie-des-layennes-se-reunissent-vetus-de-blanc\" \/>\n<meta property=\"og:locale\" content=\"fr_FR\" \/>\n<meta property=\"og:type\" content=\"article\" \/>\n<meta property=\"og:title\" content=\"Des Milliers de Disciples de la Confr\u00e9rie Soufie des Layennes se R\u00e9unissent V\u00eatus de Blanc\" \/>\n<meta property=\"og:description\" content=\"Africa-Press &#8211; Senegal. Les disciples de la confre\u0301rie soufie des Layennes, propre au Se\u0301ne\u0301gal, ont ce\u0301le\u0301bre\u0301 le 145e anniversaire de l&rsquo;appel a\u0300 l&rsquo;unite\u0301 et a\u0300 la solidarite\u0301 lance\u0301 par le fondateur, Seydina Limamou Laye. Les disciples de la confre\u0301rie des Layennes se sont rassemble\u0301s vendredi a\u0300 l&rsquo;occasion du 145e anniversaire de l&rsquo;appel a\u0300 l&rsquo;unite\u0301 et [&hellip;]\" \/>\n<meta property=\"og:url\" content=\"https:\/\/www.africa-press.net\/senegal\/toutes-les-actualites\/des-milliers-de-disciples-de-la-confrerie-soufie-des-layennes-se-reunissent-vetus-de-blanc\" \/>\n<meta property=\"og:site_name\" content=\"Senegal\" \/>\n<meta property=\"article:published_time\" content=\"2025-02-01T14:00:00+00:00\" \/>\n<meta property=\"article:modified_time\" content=\"2025-02-01T21:34:57+00:00\" \/>\n<meta property=\"og:image\" content=\"https:\/\/static.africa-press.net\/senegal\/sites\/13\/2025\/02\/sm_1738457928.172861.jpg\" \/>\n\t<meta property=\"og:image:width\" content=\"864\" \/>\n\t<meta property=\"og:image:height\" content=\"486\" \/>\n\t<meta property=\"og:image:type\" content=\"image\/jpeg\" \/>\n<meta name=\"author\" content=\"cfeditorfr\" \/>\n<meta name=\"twitter:card\" content=\"summary_large_image\" \/>\n<meta name=\"twitter:label1\" content=\"\u00c9crit par\" \/>\n\t<meta name=\"twitter:data1\" content=\"cfeditorfr\" \/>\n\t<meta name=\"twitter:label2\" content=\"Dur\u00e9e de lecture estim\u00e9e\" \/>\n\t<meta name=\"twitter:data2\" content=\"1 minute\" \/>\n<script type=\"application\/ld+json\" class=\"yoast-schema-graph\">{\"@context\":\"https:\/\/schema.org\",\"@graph\":[{\"@type\":\"Article\",\"@id\":\"https:\/\/www.africa-press.net\/senegal\/toutes-les-actualites\/des-milliers-de-disciples-de-la-confrerie-soufie-des-layennes-se-reunissent-vetus-de-blanc#article\",\"isPartOf\":{\"@id\":\"https:\/\/www.africa-press.net\/senegal\/toutes-les-actualites\/des-milliers-de-disciples-de-la-confrerie-soufie-des-layennes-se-reunissent-vetus-de-blanc\"},\"author\":{\"name\":\"cfeditorfr\",\"@id\":\"https:\/\/www.africa-press.net\/senegal\/#\/schema\/person\/2b1cf3cd81a31e3cd26889ca66d677f1\"},\"headline\":\"Des Milliers de Disciples de la Confr\u00e9rie Soufie des Layennes se R\u00e9unissent V\u00eatus de Blanc\",\"datePublished\":\"2025-02-01T14:00:00+00:00\",\"dateModified\":\"2025-02-01T21:34:57+00:00\",\"mainEntityOfPage\":{\"@id\":\"https:\/\/www.africa-press.net\/senegal\/toutes-les-actualites\/des-milliers-de-disciples-de-la-confrerie-soufie-des-layennes-se-reunissent-vetus-de-blanc\"},\"wordCount\":292,\"commentCount\":0,\"image\":{\"@id\":\"https:\/\/www.africa-press.net\/senegal\/toutes-les-actualites\/des-milliers-de-disciples-de-la-confrerie-soufie-des-layennes-se-reunissent-vetus-de-blanc#primaryimage\"},\"thumbnailUrl\":\"https:\/\/static.africa-press.net\/senegal\/sites\/13\/2025\/02\/sm_1738457928.172861.jpg\",\"keywords\":[\"Confr\u00e9rie\",\"dakar\",\"Layennes\",\"S\u00e9n\u00e9gal\",\"Senegal\",\"soufie\"],\"articleSection\":[\"Politique\",\"Top Nouvelles\",\"Toutes les actualit\u00e9s\"],\"inLanguage\":\"fr-FR\",\"potentialAction\":[{\"@type\":\"CommentAction\",\"name\":\"Comment\",\"target\":[\"https:\/\/www.africa-press.net\/senegal\/toutes-les-actualites\/des-milliers-de-disciples-de-la-confrerie-soufie-des-layennes-se-reunissent-vetus-de-blanc#respond\"]}]},{\"@type\":\"WebPage\",\"@id\":\"https:\/\/www.africa-press.net\/senegal\/toutes-les-actualites\/des-milliers-de-disciples-de-la-confrerie-soufie-des-layennes-se-reunissent-vetus-de-blanc\",\"url\":\"https:\/\/www.africa-press.net\/senegal\/toutes-les-actualites\/des-milliers-de-disciples-de-la-confrerie-soufie-des-layennes-se-reunissent-vetus-de-blanc\",\"name\":\"Des Milliers de Disciples de la Confr\u00e9rie Soufie des Layennes se R\u00e9unissent V\u00eatus de Blanc - Senegal\",\"isPartOf\":{\"@id\":\"https:\/\/www.africa-press.net\/senegal\/#website\"},\"primaryImageOfPage\":{\"@id\":\"https:\/\/www.africa-press.net\/senegal\/toutes-les-actualites\/des-milliers-de-disciples-de-la-confrerie-soufie-des-layennes-se-reunissent-vetus-de-blanc#primaryimage\"},\"image\":{\"@id\":\"https:\/\/www.africa-press.net\/senegal\/toutes-les-actualites\/des-milliers-de-disciples-de-la-confrerie-soufie-des-layennes-se-reunissent-vetus-de-blanc#primaryimage\"},\"thumbnailUrl\":\"https:\/\/static.africa-press.net\/senegal\/sites\/13\/2025\/02\/sm_1738457928.172861.jpg\",\"datePublished\":\"2025-02-01T14:00:00+00:00\",\"dateModified\":\"2025-02-01T21:34:57+00:00\",\"author\":{\"@id\":\"https:\/\/www.africa-press.net\/senegal\/#\/schema\/person\/2b1cf3cd81a31e3cd26889ca66d677f1\"},\"breadcrumb\":{\"@id\":\"https:\/\/www.africa-press.net\/senegal\/toutes-les-actualites\/des-milliers-de-disciples-de-la-confrerie-soufie-des-layennes-se-reunissent-vetus-de-blanc#breadcrumb\"},\"inLanguage\":\"fr-FR\",\"potentialAction\":[{\"@type\":\"ReadAction\",\"target\":[\"https:\/\/www.africa-press.net\/senegal\/toutes-les-actualites\/des-milliers-de-disciples-de-la-confrerie-soufie-des-layennes-se-reunissent-vetus-de-blanc\"]}]},{\"@type\":\"ImageObject\",\"inLanguage\":\"fr-FR\",\"@id\":\"https:\/\/www.africa-press.net\/senegal\/toutes-les-actualites\/des-milliers-de-disciples-de-la-confrerie-soufie-des-layennes-se-reunissent-vetus-de-blanc#primaryimage\",\"url\":\"https:\/\/static.africa-press.net\/senegal\/sites\/13\/2025\/02\/sm_1738457928.172861.jpg\",\"contentUrl\":\"https:\/\/static.africa-press.net\/senegal\/sites\/13\/2025\/02\/sm_1738457928.172861.jpg\",\"width\":864,\"height\":486,\"caption\":\"Des Milliers de Disciples de la Confr\u00e9rie Soufie des Layennes se R\u00e9unissent V\u00eatus de Blanc\"},{\"@type\":\"BreadcrumbList\",\"@id\":\"https:\/\/www.africa-press.net\/senegal\/toutes-les-actualites\/des-milliers-de-disciples-de-la-confrerie-soufie-des-layennes-se-reunissent-vetus-de-blanc#breadcrumb\",\"itemListElement\":[{\"@type\":\"ListItem\",\"position\":1,\"name\":\"Accueil\",\"item\":\"https:\/\/www.africa-press.net\/senegal\/\"},{\"@type\":\"ListItem\",\"position\":2,\"name\":\"Des Milliers de Disciples de la Confr\u00e9rie Soufie des Layennes se R\u00e9unissent V\u00eatus de Blanc\"}]},{\"@type\":\"WebSite\",\"@id\":\"https:\/\/www.africa-press.net\/senegal\/#website\",\"url\":\"https:\/\/www.africa-press.net\/senegal\/\",\"name\":\"Africa Press | Senegal | Homepage\",\"description\":\"Just another Africa News Agency Sites site\",\"potentialAction\":[{\"@type\":\"SearchAction\",\"target\":{\"@type\":\"EntryPoint\",\"urlTemplate\":\"https:\/\/www.africa-press.net\/senegal\/?s={search_term_string}\"},\"query-input\":{\"@type\":\"PropertyValueSpecification\",\"valueRequired\":true,\"valueName\":\"search_term_string\"}}],\"inLanguage\":\"fr-FR\"},{\"@type\":\"Person\",\"@id\":\"https:\/\/www.africa-press.net\/senegal\/#\/schema\/person\/2b1cf3cd81a31e3cd26889ca66d677f1\",\"name\":\"cfeditorfr\",\"url\":\"https:\/\/www.africa-press.net\/senegal\/author\/cfeditorfr\"}]}<\/script>\n<!-- \/ Yoast SEO Premium plugin. -->","yoast_head_json":{"title":"Des Milliers de Disciples de la Confr\u00e9rie Soufie des Layennes se R\u00e9unissent V\u00eatus de Blanc - Senegal","robots":{"index":"index","follow":"follow","max-snippet":"max-snippet:-1","max-image-preview":"max-image-preview:large","max-video-preview":"max-video-preview:-1"},"canonical":"https:\/\/www.africa-press.net\/senegal\/toutes-les-actualites\/des-milliers-de-disciples-de-la-confrerie-soufie-des-layennes-se-reunissent-vetus-de-blanc","og_locale":"fr_FR","og_type":"article","og_title":"Des Milliers de Disciples de la Confr\u00e9rie Soufie des Layennes se R\u00e9unissent V\u00eatus de Blanc","og_description":"Africa-Press &#8211; Senegal. Les disciples de la confre\u0301rie soufie des Layennes, propre au Se\u0301ne\u0301gal, ont ce\u0301le\u0301bre\u0301 le 145e anniversaire de l&rsquo;appel a\u0300 l&rsquo;unite\u0301 et a\u0300 la solidarite\u0301 lance\u0301 par le fondateur, Seydina Limamou Laye. Les disciples de la confre\u0301rie des Layennes se sont rassemble\u0301s vendredi a\u0300 l&rsquo;occasion du 145e anniversaire de l&rsquo;appel a\u0300 l&rsquo;unite\u0301 et [&hellip;]","og_url":"https:\/\/www.africa-press.net\/senegal\/toutes-les-actualites\/des-milliers-de-disciples-de-la-confrerie-soufie-des-layennes-se-reunissent-vetus-de-blanc","og_site_name":"Senegal","article_published_time":"2025-02-01T14:00:00+00:00","article_modified_time":"2025-02-01T21:34:57+00:00","og_image":[{"width":864,"height":486,"url":"https:\/\/static.africa-press.net\/senegal\/sites\/13\/2025\/02\/sm_1738457928.172861.jpg","type":"image\/jpeg"}],"author":"cfeditorfr","twitter_card":"summary_large_image","twitter_misc":{"\u00c9crit par":"cfeditorfr","Dur\u00e9e de lecture estim\u00e9e":"1 minute"},"schema":{"@context":"https:\/\/schema.org","@graph":[{"@type":"Article","@id":"https:\/\/www.africa-press.net\/senegal\/toutes-les-actualites\/des-milliers-de-disciples-de-la-confrerie-soufie-des-layennes-se-reunissent-vetus-de-blanc#article","isPartOf":{"@id":"https:\/\/www.africa-press.net\/senegal\/toutes-les-actualites\/des-milliers-de-disciples-de-la-confrerie-soufie-des-layennes-se-reunissent-vetus-de-blanc"},"author":{"name":"cfeditorfr","@id":"https:\/\/www.africa-press.net\/senegal\/#\/schema\/person\/2b1cf3cd81a31e3cd26889ca66d677f1"},"headline":"Des Milliers de Disciples de la Confr\u00e9rie Soufie des Layennes se R\u00e9unissent V\u00eatus de Blanc","datePublished":"2025-02-01T14:00:00+00:00","dateModified":"2025-02-01T21:34:57+00:00","mainEntityOfPage":{"@id":"https:\/\/www.africa-press.net\/senegal\/toutes-les-actualites\/des-milliers-de-disciples-de-la-confrerie-soufie-des-layennes-se-reunissent-vetus-de-blanc"},"wordCount":292,"commentCount":0,"image":{"@id":"https:\/\/www.africa-press.net\/senegal\/toutes-les-actualites\/des-milliers-de-disciples-de-la-confrerie-soufie-des-layennes-se-reunissent-vetus-de-blanc#primaryimage"},"thumbnailUrl":"https:\/\/static.africa-press.net\/senegal\/sites\/13\/2025\/02\/sm_1738457928.172861.jpg","keywords":["Confr\u00e9rie","dakar","Layennes","S\u00e9n\u00e9gal","Senegal","soufie"],"articleSection":["Politique","Top Nouvelles","Toutes les actualit\u00e9s"],"inLanguage":"fr-FR","potentialAction":[{"@type":"CommentAction","name":"Comment","target":["https:\/\/www.africa-press.net\/senegal\/toutes-les-actualites\/des-milliers-de-disciples-de-la-confrerie-soufie-des-layennes-se-reunissent-vetus-de-blanc#respond"]}]},{"@type":"WebPage","@id":"https:\/\/www.africa-press.net\/senegal\/toutes-les-actualites\/des-milliers-de-disciples-de-la-confrerie-soufie-des-layennes-se-reunissent-vetus-de-blanc","url":"https:\/\/www.africa-press.net\/senegal\/toutes-les-actualites\/des-milliers-de-disciples-de-la-confrerie-soufie-des-layennes-se-reunissent-vetus-de-blanc","name":"Des Milliers de Disciples de la Confr\u00e9rie Soufie des Layennes se R\u00e9unissent V\u00eatus de Blanc - Senegal","isPartOf":{"@id":"https:\/\/www.africa-press.net\/senegal\/#website"},"primaryImageOfPage":{"@id":"https:\/\/www.africa-press.net\/senegal\/toutes-les-actualites\/des-milliers-de-disciples-de-la-confrerie-soufie-des-layennes-se-reunissent-vetus-de-blanc#primaryimage"},"image":{"@id":"https:\/\/www.africa-press.net\/senegal\/toutes-les-actualites\/des-milliers-de-disciples-de-la-confrerie-soufie-des-layennes-se-reunissent-vetus-de-blanc#primaryimage"},"thumbnailUrl":"https:\/\/static.africa-press.net\/senegal\/sites\/13\/2025\/02\/sm_1738457928.172861.jpg","datePublished":"2025-02-01T14:00:00+00:00","dateModified":"2025-02-01T21:34:57+00:00","author":{"@id":"https:\/\/www.africa-press.net\/senegal\/#\/schema\/person\/2b1cf3cd81a31e3cd26889ca66d677f1"},"breadcrumb":{"@id":"https:\/\/www.africa-press.net\/senegal\/toutes-les-actualites\/des-milliers-de-disciples-de-la-confrerie-soufie-des-layennes-se-reunissent-vetus-de-blanc#breadcrumb"},"inLanguage":"fr-FR","potentialAction":[{"@type":"ReadAction","target":["https:\/\/www.africa-press.net\/senegal\/toutes-les-actualites\/des-milliers-de-disciples-de-la-confrerie-soufie-des-layennes-se-reunissent-vetus-de-blanc"]}]},{"@type":"ImageObject","inLanguage":"fr-FR","@id":"https:\/\/www.africa-press.net\/senegal\/toutes-les-actualites\/des-milliers-de-disciples-de-la-confrerie-soufie-des-layennes-se-reunissent-vetus-de-blanc#primaryimage","url":"https:\/\/static.africa-press.net\/senegal\/sites\/13\/2025\/02\/sm_1738457928.172861.jpg","contentUrl":"https:\/\/static.africa-press.net\/senegal\/sites\/13\/2025\/02\/sm_1738457928.172861.jpg","width":864,"height":486,"caption":"Des Milliers de Disciples de la Confr\u00e9rie Soufie des Layennes se R\u00e9unissent V\u00eatus de Blanc"},{"@type":"BreadcrumbList","@id":"https:\/\/www.africa-press.net\/senegal\/toutes-les-actualites\/des-milliers-de-disciples-de-la-confrerie-soufie-des-layennes-se-reunissent-vetus-de-blanc#breadcrumb","itemListElement":[{"@type":"ListItem","position":1,"name":"Accueil","item":"https:\/\/www.africa-press.net\/senegal\/"},{"@type":"ListItem","position":2,"name":"Des Milliers de Disciples de la Confr\u00e9rie Soufie des Layennes se R\u00e9unissent V\u00eatus de Blanc"}]},{"@type":"WebSite","@id":"https:\/\/www.africa-press.net\/senegal\/#website","url":"https:\/\/www.africa-press.net\/senegal\/","name":"Africa Press | Senegal | Homepage","description":"Just another Africa News Agency Sites site","potentialAction":[{"@type":"SearchAction","target":{"@type":"EntryPoint","urlTemplate":"https:\/\/www.africa-press.net\/senegal\/?s={search_term_string}"},"query-input":{"@type":"PropertyValueSpecification","valueRequired":true,"valueName":"search_term_string"}}],"inLanguage":"fr-FR"},{"@type":"Person","@id":"https:\/\/www.africa-press.net\/senegal\/#\/schema\/person\/2b1cf3cd81a31e3cd26889ca66d677f1","name":"cfeditorfr","url":"https:\/\/www.africa-press.net\/senegal\/author\/cfeditorfr"}]}},"_links":{"self":[{"href":"https:\/\/www.africa-press.net\/senegal\/wp-json\/wp\/v2\/posts\/65202","targetHints":{"allow":["GET"]}}],"collection":[{"href":"https:\/\/www.africa-press.net\/senegal\/wp-json\/wp\/v2\/posts"}],"about":[{"href":"https:\/\/www.africa-press.net\/senegal\/wp-json\/wp\/v2\/types\/post"}],"author":[{"embeddable":true,"href":"https:\/\/www.africa-press.net\/senegal\/wp-json\/wp\/v2\/users\/82"}],"replies":[{"embeddable":true,"href":"https:\/\/www.africa-press.net\/senegal\/wp-json\/wp\/v2\/comments?post=65202"}],"version-history":[{"count":0,"href":"https:\/\/www.africa-press.net\/senegal\/wp-json\/wp\/v2\/posts\/65202\/revisions"}],"wp:featuredmedia":[{"embeddable":true,"href":"https:\/\/www.africa-press.net\/senegal\/wp-json\/wp\/v2\/media\/65201"}],"wp:attachment":[{"href":"https:\/\/www.africa-press.net\/senegal\/wp-json\/wp\/v2\/media?parent=65202"}],"wp:term":[{"taxonomy":"category","embeddable":true,"href":"https:\/\/www.africa-press.net\/senegal\/wp-json\/wp\/v2\/categories?post=65202"},{"taxonomy":"post_tag","embeddable":true,"href":"https:\/\/www.africa-press.net\/senegal\/wp-json\/wp\/v2\/tags?post=65202"}],"curies":[{"name":"wp","href":"https:\/\/api.w.org\/{rel}","templated":true}]}}