{"id":65204,"date":"2025-01-30T14:23:38","date_gmt":"2025-01-30T14:23:38","guid":{"rendered":"https:\/\/www.africa-press.net\/senegal\/politique\/le-nigeria-point-de-depart-de-linitiative-du-bresil-pour-lafrique"},"modified":"2025-05-05T01:54:21","modified_gmt":"2025-05-05T01:54:21","slug":"le-nigeria-point-de-depart-de-linitiative-du-bresil-pour-lafrique","status":"publish","type":"post","link":"https:\/\/www.africa-press.net\/senegal\/economie\/le-nigeria-point-de-depart-de-linitiative-du-bresil-pour-lafrique","title":{"rendered":"Le Nigeria, Point de De\u0301part de L&rsquo;Initiative du Bre\u0301sil pour L&rsquo;Afrique"},"content":{"rendered":"<p><span style=\"color: #ff6600\"><strong>Africa-Press &#8211; Senegal. <\/strong><\/span>Le Nigeria est re\u0301cemment devenu membre des BRICS, sous la pre\u0301sidence du Bre\u0301sil. Le pays le plus peuple\u0301 d&rsquo;Afrique rivalise avec l&rsquo;Afrique du Sud pour le statut de plus grande e\u0301conomie de l&rsquo;Afrique subsaharienne. Le Nigeria est l&rsquo;un des voisins les plus proches de Sa\u0303o Tome\u0301 et Pri\u0301ncipe. Il a e\u0301te\u0301 se\u0301lectionne\u0301 par le Bre\u0301sil pour lancer la nouvelle initiative de partenariat strate\u0301gique avec l&rsquo;Afrique, promue par le pre\u0301sident Lula da Silva.<\/p>\n<p>Le Bre\u0301sil, qui a lance\u0301 la mission de partenariat intitule\u0301e \u00ab\u00a0Afrique de l&rsquo;Ouest\u00a0\u00bb, a e\u0301galement signe\u0301 et approuve\u0301 un accord de coope\u0301ration et de facilitation des investissements avec Sa\u0303o Tome\u0301 et Pri\u0301ncipe, un archipel situe\u0301 au c\u0153ur du golfe de Guine\u0301e, en Afrique de l&rsquo;Ouest.<\/p>\n<p><b>AGRO-EM CAMPO:<\/b><\/p>\n<p>Le Nigeria, la plus grande e\u0301conomie et le pays le plus peuple\u0301 d&rsquo;Afrique, a e\u0301te\u0301 la premie\u0300re destination de la Mission Afrique de l&rsquo;Ouest, initiative organise\u0301e par le Ministe\u0300re des Relations Exte\u0301rieures (MRE) du Bre\u0301sil, avec le soutien de l&rsquo;Agence bre\u0301silienne de promotion des exportations et des investissements (ApexBrasil) et du Ministe\u0300re de l&rsquo;Agriculture et de l&rsquo;E\u0301levage (Mapa). La mission, qui a emmene\u0301 plus de 40 entreprises bre\u0301siliennes sur le continent, vise a\u0300 renforcer les liens commerciaux et de coope\u0301ration entre le Bre\u0301sil et l&rsquo;Afrique de l&rsquo;Ouest, avec un focus sur des secteurs strate\u0301giques tels que la se\u0301curite\u0301 alimentaire, l&rsquo;e\u0301nergie et la technologie.<\/p>\n<p><b>Le se\u0301minaire Nigeria-Bre\u0301sil ouvre la voie a\u0300 des partenariats strate\u0301giques<\/b><\/p>\n<p>Le 27 janvier dernier, Abuja, capitale du Nigeria, a accueilli le Se\u0301minaire Nigeria-Bre\u0301sil, e\u0301ve\u0301nement marquant le de\u0301but de la Mission Afrique de l&rsquo;Ouest. La rencontre a re\u0301uni des autorite\u0301s gouvernementales et des hommes d&rsquo;affaires des deux pays, soulignant le potentiel de partenariats bilate\u0301raux et de be\u0301ne\u0301fices mutuels.<\/p>\n<p>Le pre\u0301sident de l&rsquo;ApexBrasil, Jorge Viana, a souligne\u0301 que la mission allait au-dela\u0300 de la promotion commerciale traditionnelle. \u00ab\u00a0Le rapprochement avec l&rsquo;Afrique est une de\u0301termination du pre\u0301sident Lula, qui conside\u0300re qu&rsquo;il est fondamental de reprendre la pre\u0301sence du Bre\u0301sil dans tous les pays. Ce n&rsquo;est pas seulement une mission commerciale, mais une mission de coope\u0301ration. Le continent africain, avec ses 1,4 milliard d&rsquo;habitants et une projection de 4 milliards d&rsquo;ici la fin du sie\u0300cle, offre des opportunite\u0301s conside\u0301rables pour le Bre\u0301sil. Nous avons beaucoup a\u0300 coope\u0301rer, notamment dans des domaines tels que la se\u0301curite\u0301 alimentaire et l&rsquo;e\u0301nergie\u00a0\u00bb, a de\u0301clare\u0301 Viana.<\/p>\n<p><b>Opportunite\u0301s commerciales<\/b><\/p>\n<p>Les e\u0301changes commerciaux entre le Bre\u0301sil et le Nigeria, qui s&rsquo;e\u0301levaient a\u0300 10 milliards de dollars en 2014, se chiffrent actuellement a\u0300 2,1 milliards de dollars. Selon l&rsquo;e\u0301tude Profil du commerce et des investissements Nigeria, re\u0301alise\u0301e par ApexBrasil, il existe 183 opportunite\u0301s pour les exportations bre\u0301siliennes vers le pays, avec un accent particulier sur les secteurs des combustibles mine\u0301raux, des machines et e\u0301quipements, ainsi que des produits alimentaires.<\/p>\n<p>Cependant, les exportations bre\u0301siliennes vers le Nigeria sont encore concentre\u0301es sur le sucre et les me\u0301lasses, qui repre\u0301sentaient 73,5 % du total en 2023. La diversification de ces exportations constitue l&rsquo;un des principaux de\u0301fis pour accroi\u0302tre la pre\u0301sence du Bre\u0301sil sur le marche\u0301 nige\u0301rian.<\/p>\n<p><b>Coope\u0301ration en se\u0301curite\u0301 alimentaire et e\u0301nergie<\/b><\/p>\n<p>Le Nigeria, re\u0301cemment inte\u0301gre\u0301 au groupe des BRICS, est conside\u0301re\u0301 comme un partenaire strate\u0301gique pour le Bre\u0301sil dans des de\u0301fis mondiaux tels que la se\u0301curite\u0301 alimentaire et la transition e\u0301nerge\u0301tique. L&rsquo;ambassadeur bre\u0301silien au Nigeria, Carlos Garcete, a souligne\u0301 l&rsquo;importance du partenariat bilate\u0301ral. \u00ab\u00a0La pre\u0301sence des repre\u0301sentants du secteur prive\u0301 des deux pays montre le potentiel e\u0301norme de notre relation. Le Nigeria est un partenaire cle\u0301 pour le Bre\u0301sil, surtout dans le contexte des BRICS\u00a0\u00bb, a-t-il affirme\u0301.<\/p>\n<p>Idi Mukhtar Maiha, ministre du De\u0301veloppement de l&rsquo;E\u0301levage du Nigeria, a renforce\u0301 les liens historiques et culturels entre les deux pays. \u00ab\u00a0Le Bre\u0301sil et le Nigeria partagent une histoire, une culture et des objectifs e\u0301conomiques communs. Nous avons des sols, des climats et des topographies similaires, ce qui facilite la coope\u0301ration dans des domaines comme l&rsquo;agriculture et l&rsquo;e\u0301levage\u00a0\u00bb, a de\u0301clare\u0301 Maiha.<\/p>\n<p><b>Entreprises bre\u0301siliennes en action<\/b><\/p>\n<p>La Mission Afrique de l&rsquo;Ouest a organise\u0301 des tables sectorielles entre les hommes d&rsquo;affaires bre\u0301siliens et nige\u0301rians, ge\u0301ne\u0301rant des opportunite\u0301s concre\u0300tes d&rsquo;affaires. Deltronix, une entreprise bre\u0301silienne d&rsquo;e\u0301quipements techniques, a pre\u0301sente\u0301 un projet de pre\u0301vention du cancer du col de l&rsquo;ute\u0301rus qui a suscite\u0301 un grand inte\u0301re\u0302t local. \u00ab\u00a0Ici au Nigeria, plus de 8 000 femmes meurent chaque anne\u0301e du cancer du col de l&rsquo;ute\u0301rus. Notre projet comprend l&rsquo;installation de cliniques gyne\u0301cologiques et la formation de me\u0301decins locaux, ge\u0301ne\u0301rant des compe\u0301tences et une demande pour nos e\u0301quipements\u00a0\u00bb, a explique\u0301 Luciano Grilo, directeur international de l&rsquo;entreprise.<\/p>\n<p>Quant a\u0300 Baldan Implementos Agri\u0301colas, qui a de\u0301ja\u0300 exporte\u0301 dans plus de 80 pays, dont plusieurs nations africaines, elle a souligne\u0301 l&rsquo;importance de la coope\u0301ration technique. \u00ab\u00a0Il ne suffit pas de vendre des machines ; il est essentiel d&rsquo;offrir des pie\u0300ces de rechange et une formation pour la maintenance locale. Cette mission est cruciale pour que nous re\u0301cupe\u0301rions notre place sur le marche\u0301 nige\u0301rian\u00a0\u00bb, a de\u0301clare\u0301 Fa\u0301bio Fa\u0301varo, repre\u0301sentant de l&rsquo;entreprise.<\/p>\n<p>La Mission Afrique de l&rsquo;Ouest repre\u0301sente une e\u0301tape importante dans le rapprochement du Bre\u0301sil avec l&rsquo;Afrique, un continent qui offre des opportunite\u0301s conside\u0301rables dans des secteurs tels que l&rsquo;agriculture, l&rsquo;e\u0301nergie et la technologie. Avec des liens historiques, culturels et e\u0301conomiques, le Bre\u0301sil et le Nigeria ont tout pour devenir des partenaires strate\u0301giques dans un monde de plus en plus interconnecte\u0301.<\/p>\n<p><strong>Pour plus d&rsquo;informations et d&rsquo;analyses sur la <span style=\"color: #ff6600\">Senegal<\/span>, suivez <span style=\"color: #ff6600\">Africa-Press<\/span><\/strong><\/p>\n","protected":false},"excerpt":{"rendered":"<p>Africa-Press &#8211; Senegal. Le Nigeria est re\u0301cemment devenu membre des BRICS, sous la pre\u0301sidence du Bre\u0301sil. Le pays le plus peuple\u0301 d&rsquo;Afrique rivalise avec l&rsquo;Afrique du Sud pour le statut de plus grande e\u0301conomie de l&rsquo;Afrique subsaharienne. Le Nigeria est l&rsquo;un des voisins les plus proches de Sa\u0303o Tome\u0301 et Pri\u0301ncipe. Il a e\u0301te\u0301 se\u0301lectionne\u0301 [&hellip;]<\/p>\n","protected":false},"author":82,"featured_media":65203,"comment_status":"open","ping_status":"closed","sticky":false,"template":"","format":"standard","meta":{"footnotes":""},"categories":[3,10],"tags":[44],"class_list":["post-65204","post","type-post","status-publish","format-standard","has-post-thumbnail","hentry","category-economie","category-toutes-les-actualites","tag-senegal-2"],"yoast_head":"<!-- This site is optimized with the Yoast SEO Premium plugin v26.1 (Yoast SEO v27.0) - https:\/\/yoast.com\/product\/yoast-seo-premium-wordpress\/ -->\n<title>Le Nigeria, Point de De\u0301part de L&#039;Initiative du Bre\u0301sil pour L&#039;Afrique - Senegal<\/title>\n<meta name=\"description\" content=\"Le Nigeria est re\u0301cemment devenu membre des BRICS, sous la pre\u0301sidence du Bre\u0301sil. Le pays le plus peuple\u0301 d&#039;Afrique riv ...\" \/>\n<meta name=\"robots\" content=\"index, follow, max-snippet:-1, max-image-preview:large, max-video-preview:-1\" \/>\n<link rel=\"canonical\" href=\"https:\/\/www.africa-press.net\/senegal\/economie\/le-nigeria-point-de-depart-de-linitiative-du-bresil-pour-lafrique\" \/>\n<meta property=\"og:locale\" content=\"fr_FR\" \/>\n<meta property=\"og:type\" content=\"article\" \/>\n<meta property=\"og:title\" content=\"Le Nigeria, Point de De\u0301part de L&#039;Initiative du Bre\u0301sil pour L&#039;Afrique\" \/>\n<meta property=\"og:description\" content=\"Le Nigeria est re\u0301cemment devenu membre des BRICS, sous la pre\u0301sidence du Bre\u0301sil. Le pays le plus peuple\u0301 d&#039;Afrique riv ...\" \/>\n<meta property=\"og:url\" content=\"https:\/\/www.africa-press.net\/senegal\/economie\/le-nigeria-point-de-depart-de-linitiative-du-bresil-pour-lafrique\" \/>\n<meta property=\"og:site_name\" content=\"Senegal\" \/>\n<meta property=\"article:published_time\" content=\"2025-01-30T14:23:38+00:00\" \/>\n<meta property=\"article:modified_time\" content=\"2025-05-05T01:54:21+00:00\" \/>\n<meta property=\"og:image\" content=\"https:\/\/static.africa-press.net\/senegal\/sites\/13\/2025\/02\/sm_1738431382.674141.jpg\" \/>\n\t<meta property=\"og:image:width\" content=\"1200\" \/>\n\t<meta property=\"og:image:height\" content=\"900\" \/>\n\t<meta property=\"og:image:type\" content=\"image\/jpeg\" \/>\n<meta name=\"author\" content=\"cfeditorfr\" \/>\n<meta name=\"twitter:card\" content=\"summary_large_image\" \/>\n<meta name=\"twitter:label1\" content=\"\u00c9crit par\" \/>\n\t<meta name=\"twitter:data1\" content=\"cfeditorfr\" \/>\n\t<meta name=\"twitter:label2\" content=\"Dur\u00e9e de lecture estim\u00e9e\" \/>\n\t<meta name=\"twitter:data2\" content=\"5 minutes\" \/>\n<script type=\"application\/ld+json\" class=\"yoast-schema-graph\">{\"@context\":\"https:\/\/schema.org\",\"@graph\":[{\"@type\":\"Article\",\"@id\":\"https:\/\/www.africa-press.net\/senegal\/economie\/le-nigeria-point-de-depart-de-linitiative-du-bresil-pour-lafrique#article\",\"isPartOf\":{\"@id\":\"https:\/\/www.africa-press.net\/senegal\/economie\/le-nigeria-point-de-depart-de-linitiative-du-bresil-pour-lafrique\"},\"author\":{\"name\":\"cfeditorfr\",\"@id\":\"https:\/\/www.africa-press.net\/senegal\/#\/schema\/person\/2b1cf3cd81a31e3cd26889ca66d677f1\"},\"headline\":\"Le Nigeria, Point de De\u0301part de L&rsquo;Initiative du Bre\u0301sil pour L&rsquo;Afrique\",\"datePublished\":\"2025-01-30T14:23:38+00:00\",\"dateModified\":\"2025-05-05T01:54:21+00:00\",\"mainEntityOfPage\":{\"@id\":\"https:\/\/www.africa-press.net\/senegal\/economie\/le-nigeria-point-de-depart-de-linitiative-du-bresil-pour-lafrique\"},\"wordCount\":1077,\"commentCount\":0,\"image\":{\"@id\":\"https:\/\/www.africa-press.net\/senegal\/economie\/le-nigeria-point-de-depart-de-linitiative-du-bresil-pour-lafrique#primaryimage\"},\"thumbnailUrl\":\"https:\/\/static.africa-press.net\/senegal\/sites\/13\/2025\/02\/sm_1738431382.674141.jpg\",\"keywords\":[\"Senegal\"],\"articleSection\":[\"\u00c9conomie\",\"Toutes les actualit\u00e9s\"],\"inLanguage\":\"fr-FR\",\"potentialAction\":[{\"@type\":\"CommentAction\",\"name\":\"Comment\",\"target\":[\"https:\/\/www.africa-press.net\/senegal\/economie\/le-nigeria-point-de-depart-de-linitiative-du-bresil-pour-lafrique#respond\"]}]},{\"@type\":\"WebPage\",\"@id\":\"https:\/\/www.africa-press.net\/senegal\/economie\/le-nigeria-point-de-depart-de-linitiative-du-bresil-pour-lafrique\",\"url\":\"https:\/\/www.africa-press.net\/senegal\/economie\/le-nigeria-point-de-depart-de-linitiative-du-bresil-pour-lafrique\",\"name\":\"Le Nigeria, Point de De\u0301part de L'Initiative du Bre\u0301sil pour L'Afrique - Senegal\",\"isPartOf\":{\"@id\":\"https:\/\/www.africa-press.net\/senegal\/#website\"},\"primaryImageOfPage\":{\"@id\":\"https:\/\/www.africa-press.net\/senegal\/economie\/le-nigeria-point-de-depart-de-linitiative-du-bresil-pour-lafrique#primaryimage\"},\"image\":{\"@id\":\"https:\/\/www.africa-press.net\/senegal\/economie\/le-nigeria-point-de-depart-de-linitiative-du-bresil-pour-lafrique#primaryimage\"},\"thumbnailUrl\":\"https:\/\/static.africa-press.net\/senegal\/sites\/13\/2025\/02\/sm_1738431382.674141.jpg\",\"datePublished\":\"2025-01-30T14:23:38+00:00\",\"dateModified\":\"2025-05-05T01:54:21+00:00\",\"author\":{\"@id\":\"https:\/\/www.africa-press.net\/senegal\/#\/schema\/person\/2b1cf3cd81a31e3cd26889ca66d677f1\"},\"description\":\"Le Nigeria est re\u0301cemment devenu membre des BRICS, sous la pre\u0301sidence du Bre\u0301sil. Le pays le plus peuple\u0301 d'Afrique riv ...\",\"breadcrumb\":{\"@id\":\"https:\/\/www.africa-press.net\/senegal\/economie\/le-nigeria-point-de-depart-de-linitiative-du-bresil-pour-lafrique#breadcrumb\"},\"inLanguage\":\"fr-FR\",\"potentialAction\":[{\"@type\":\"ReadAction\",\"target\":[\"https:\/\/www.africa-press.net\/senegal\/economie\/le-nigeria-point-de-depart-de-linitiative-du-bresil-pour-lafrique\"]}]},{\"@type\":\"ImageObject\",\"inLanguage\":\"fr-FR\",\"@id\":\"https:\/\/www.africa-press.net\/senegal\/economie\/le-nigeria-point-de-depart-de-linitiative-du-bresil-pour-lafrique#primaryimage\",\"url\":\"https:\/\/static.africa-press.net\/senegal\/sites\/13\/2025\/02\/sm_1738431382.674141.jpg\",\"contentUrl\":\"https:\/\/static.africa-press.net\/senegal\/sites\/13\/2025\/02\/sm_1738431382.674141.jpg\",\"width\":1200,\"height\":900,\"caption\":\"Le Nigeria, Point de De\u0301part de L'Initiative du Bre\u0301sil pour L'Afrique\"},{\"@type\":\"BreadcrumbList\",\"@id\":\"https:\/\/www.africa-press.net\/senegal\/economie\/le-nigeria-point-de-depart-de-linitiative-du-bresil-pour-lafrique#breadcrumb\",\"itemListElement\":[{\"@type\":\"ListItem\",\"position\":1,\"name\":\"Accueil\",\"item\":\"https:\/\/www.africa-press.net\/senegal\/\"},{\"@type\":\"ListItem\",\"position\":2,\"name\":\"Le Nigeria, Point de De\u0301part de L&rsquo;Initiative du Bre\u0301sil pour L&rsquo;Afrique\"}]},{\"@type\":\"WebSite\",\"@id\":\"https:\/\/www.africa-press.net\/senegal\/#website\",\"url\":\"https:\/\/www.africa-press.net\/senegal\/\",\"name\":\"Africa Press | Senegal | Homepage\",\"description\":\"Just another Africa News Agency Sites site\",\"potentialAction\":[{\"@type\":\"SearchAction\",\"target\":{\"@type\":\"EntryPoint\",\"urlTemplate\":\"https:\/\/www.africa-press.net\/senegal\/?s={search_term_string}\"},\"query-input\":{\"@type\":\"PropertyValueSpecification\",\"valueRequired\":true,\"valueName\":\"search_term_string\"}}],\"inLanguage\":\"fr-FR\"},{\"@type\":\"Person\",\"@id\":\"https:\/\/www.africa-press.net\/senegal\/#\/schema\/person\/2b1cf3cd81a31e3cd26889ca66d677f1\",\"name\":\"cfeditorfr\",\"url\":\"https:\/\/www.africa-press.net\/senegal\/author\/cfeditorfr\"}]}<\/script>\n<!-- \/ Yoast SEO Premium plugin. -->","yoast_head_json":{"title":"Le Nigeria, Point de De\u0301part de L'Initiative du Bre\u0301sil pour L'Afrique - Senegal","description":"Le Nigeria est re\u0301cemment devenu membre des BRICS, sous la pre\u0301sidence du Bre\u0301sil. Le pays le plus peuple\u0301 d'Afrique riv ...","robots":{"index":"index","follow":"follow","max-snippet":"max-snippet:-1","max-image-preview":"max-image-preview:large","max-video-preview":"max-video-preview:-1"},"canonical":"https:\/\/www.africa-press.net\/senegal\/economie\/le-nigeria-point-de-depart-de-linitiative-du-bresil-pour-lafrique","og_locale":"fr_FR","og_type":"article","og_title":"Le Nigeria, Point de De\u0301part de L'Initiative du Bre\u0301sil pour L'Afrique","og_description":"Le Nigeria est re\u0301cemment devenu membre des BRICS, sous la pre\u0301sidence du Bre\u0301sil. Le pays le plus peuple\u0301 d'Afrique riv ...","og_url":"https:\/\/www.africa-press.net\/senegal\/economie\/le-nigeria-point-de-depart-de-linitiative-du-bresil-pour-lafrique","og_site_name":"Senegal","article_published_time":"2025-01-30T14:23:38+00:00","article_modified_time":"2025-05-05T01:54:21+00:00","og_image":[{"width":1200,"height":900,"url":"https:\/\/static.africa-press.net\/senegal\/sites\/13\/2025\/02\/sm_1738431382.674141.jpg","type":"image\/jpeg"}],"author":"cfeditorfr","twitter_card":"summary_large_image","twitter_misc":{"\u00c9crit par":"cfeditorfr","Dur\u00e9e de lecture estim\u00e9e":"5 minutes"},"schema":{"@context":"https:\/\/schema.org","@graph":[{"@type":"Article","@id":"https:\/\/www.africa-press.net\/senegal\/economie\/le-nigeria-point-de-depart-de-linitiative-du-bresil-pour-lafrique#article","isPartOf":{"@id":"https:\/\/www.africa-press.net\/senegal\/economie\/le-nigeria-point-de-depart-de-linitiative-du-bresil-pour-lafrique"},"author":{"name":"cfeditorfr","@id":"https:\/\/www.africa-press.net\/senegal\/#\/schema\/person\/2b1cf3cd81a31e3cd26889ca66d677f1"},"headline":"Le Nigeria, Point de De\u0301part de L&rsquo;Initiative du Bre\u0301sil pour L&rsquo;Afrique","datePublished":"2025-01-30T14:23:38+00:00","dateModified":"2025-05-05T01:54:21+00:00","mainEntityOfPage":{"@id":"https:\/\/www.africa-press.net\/senegal\/economie\/le-nigeria-point-de-depart-de-linitiative-du-bresil-pour-lafrique"},"wordCount":1077,"commentCount":0,"image":{"@id":"https:\/\/www.africa-press.net\/senegal\/economie\/le-nigeria-point-de-depart-de-linitiative-du-bresil-pour-lafrique#primaryimage"},"thumbnailUrl":"https:\/\/static.africa-press.net\/senegal\/sites\/13\/2025\/02\/sm_1738431382.674141.jpg","keywords":["Senegal"],"articleSection":["\u00c9conomie","Toutes les actualit\u00e9s"],"inLanguage":"fr-FR","potentialAction":[{"@type":"CommentAction","name":"Comment","target":["https:\/\/www.africa-press.net\/senegal\/economie\/le-nigeria-point-de-depart-de-linitiative-du-bresil-pour-lafrique#respond"]}]},{"@type":"WebPage","@id":"https:\/\/www.africa-press.net\/senegal\/economie\/le-nigeria-point-de-depart-de-linitiative-du-bresil-pour-lafrique","url":"https:\/\/www.africa-press.net\/senegal\/economie\/le-nigeria-point-de-depart-de-linitiative-du-bresil-pour-lafrique","name":"Le Nigeria, Point de De\u0301part de L'Initiative du Bre\u0301sil pour L'Afrique - Senegal","isPartOf":{"@id":"https:\/\/www.africa-press.net\/senegal\/#website"},"primaryImageOfPage":{"@id":"https:\/\/www.africa-press.net\/senegal\/economie\/le-nigeria-point-de-depart-de-linitiative-du-bresil-pour-lafrique#primaryimage"},"image":{"@id":"https:\/\/www.africa-press.net\/senegal\/economie\/le-nigeria-point-de-depart-de-linitiative-du-bresil-pour-lafrique#primaryimage"},"thumbnailUrl":"https:\/\/static.africa-press.net\/senegal\/sites\/13\/2025\/02\/sm_1738431382.674141.jpg","datePublished":"2025-01-30T14:23:38+00:00","dateModified":"2025-05-05T01:54:21+00:00","author":{"@id":"https:\/\/www.africa-press.net\/senegal\/#\/schema\/person\/2b1cf3cd81a31e3cd26889ca66d677f1"},"description":"Le Nigeria est re\u0301cemment devenu membre des BRICS, sous la pre\u0301sidence du Bre\u0301sil. Le pays le plus peuple\u0301 d'Afrique riv ...","breadcrumb":{"@id":"https:\/\/www.africa-press.net\/senegal\/economie\/le-nigeria-point-de-depart-de-linitiative-du-bresil-pour-lafrique#breadcrumb"},"inLanguage":"fr-FR","potentialAction":[{"@type":"ReadAction","target":["https:\/\/www.africa-press.net\/senegal\/economie\/le-nigeria-point-de-depart-de-linitiative-du-bresil-pour-lafrique"]}]},{"@type":"ImageObject","inLanguage":"fr-FR","@id":"https:\/\/www.africa-press.net\/senegal\/economie\/le-nigeria-point-de-depart-de-linitiative-du-bresil-pour-lafrique#primaryimage","url":"https:\/\/static.africa-press.net\/senegal\/sites\/13\/2025\/02\/sm_1738431382.674141.jpg","contentUrl":"https:\/\/static.africa-press.net\/senegal\/sites\/13\/2025\/02\/sm_1738431382.674141.jpg","width":1200,"height":900,"caption":"Le Nigeria, Point de De\u0301part de L'Initiative du Bre\u0301sil pour L'Afrique"},{"@type":"BreadcrumbList","@id":"https:\/\/www.africa-press.net\/senegal\/economie\/le-nigeria-point-de-depart-de-linitiative-du-bresil-pour-lafrique#breadcrumb","itemListElement":[{"@type":"ListItem","position":1,"name":"Accueil","item":"https:\/\/www.africa-press.net\/senegal\/"},{"@type":"ListItem","position":2,"name":"Le Nigeria, Point de De\u0301part de L&rsquo;Initiative du Bre\u0301sil pour L&rsquo;Afrique"}]},{"@type":"WebSite","@id":"https:\/\/www.africa-press.net\/senegal\/#website","url":"https:\/\/www.africa-press.net\/senegal\/","name":"Africa Press | Senegal | Homepage","description":"Just another Africa News Agency Sites site","potentialAction":[{"@type":"SearchAction","target":{"@type":"EntryPoint","urlTemplate":"https:\/\/www.africa-press.net\/senegal\/?s={search_term_string}"},"query-input":{"@type":"PropertyValueSpecification","valueRequired":true,"valueName":"search_term_string"}}],"inLanguage":"fr-FR"},{"@type":"Person","@id":"https:\/\/www.africa-press.net\/senegal\/#\/schema\/person\/2b1cf3cd81a31e3cd26889ca66d677f1","name":"cfeditorfr","url":"https:\/\/www.africa-press.net\/senegal\/author\/cfeditorfr"}]}},"_links":{"self":[{"href":"https:\/\/www.africa-press.net\/senegal\/wp-json\/wp\/v2\/posts\/65204","targetHints":{"allow":["GET"]}}],"collection":[{"href":"https:\/\/www.africa-press.net\/senegal\/wp-json\/wp\/v2\/posts"}],"about":[{"href":"https:\/\/www.africa-press.net\/senegal\/wp-json\/wp\/v2\/types\/post"}],"author":[{"embeddable":true,"href":"https:\/\/www.africa-press.net\/senegal\/wp-json\/wp\/v2\/users\/82"}],"replies":[{"embeddable":true,"href":"https:\/\/www.africa-press.net\/senegal\/wp-json\/wp\/v2\/comments?post=65204"}],"version-history":[{"count":0,"href":"https:\/\/www.africa-press.net\/senegal\/wp-json\/wp\/v2\/posts\/65204\/revisions"}],"wp:featuredmedia":[{"embeddable":true,"href":"https:\/\/www.africa-press.net\/senegal\/wp-json\/wp\/v2\/media\/65203"}],"wp:attachment":[{"href":"https:\/\/www.africa-press.net\/senegal\/wp-json\/wp\/v2\/media?parent=65204"}],"wp:term":[{"taxonomy":"category","embeddable":true,"href":"https:\/\/www.africa-press.net\/senegal\/wp-json\/wp\/v2\/categories?post=65204"},{"taxonomy":"post_tag","embeddable":true,"href":"https:\/\/www.africa-press.net\/senegal\/wp-json\/wp\/v2\/tags?post=65204"}],"curies":[{"name":"wp","href":"https:\/\/api.w.org\/{rel}","templated":true}]}}