{"id":65214,"date":"2025-01-31T20:45:15","date_gmt":"2025-01-31T20:45:15","guid":{"rendered":"https:\/\/www.africa-press.net\/senegal\/politique\/incendies-en-californie-rechauffement-climatique-ou-meteo"},"modified":"2025-05-05T02:07:31","modified_gmt":"2025-05-05T02:07:31","slug":"incendies-en-californie-rechauffement-climatique-ou-meteo","status":"publish","type":"post","link":"https:\/\/www.africa-press.net\/senegal\/toutes-les-actualites\/incendies-en-californie-rechauffement-climatique-ou-meteo","title":{"rendered":"Incendies en Californie : R\u00e9chauffement Climatique ou M\u00e9t\u00e9o ?"},"content":{"rendered":"<p><span style=\"color: #ff6600\"><strong>Africa-Press &#8211; Senegal. <\/strong><\/span>C\u2019est une question qui a suscite\u0301 beaucoup de de\u0301bats dans la communaute\u0301 des me\u0301te\u0301orologues et des climatologues ces dernie\u0300res semaines: la violence exceptionnelle des feux qui ont de\u0301bute\u0301 le 7 janvier en Californie est-elle majoritairement lie\u0301e au re\u0301chauffement climatique ? La re\u0301ponse n\u2019est pas si e\u0301vidente a\u0300 en croire les diffe\u0301rents organismes scientifiques, et seules les e\u0301tudes d\u2019attribution peuvent donner une re\u0301ponse.<\/p>\n<p>L&rsquo;organisme pionnier en ce qui concerne la discipline, World Weather Attribution, vient de sortir son rapport sur les causes de la catastrophe survenue en Californie. L&rsquo;origine des feux ne fait plus aucun doute: tous ont e\u0301te\u0301 de\u0301clenche\u0301s, soit par la main de l&rsquo;Homme de manie\u0300re intentionnelle, soit par les infrastructures et activite\u0301s humaines de manie\u0300re accidentelle. L&rsquo;hypothe\u0300se des feux d\u2019artifice a e\u0301te\u0301 e\u0301mise, mais aussi celles des lignes e\u0301lectriques endommage\u0301es par les vents puissants. Les feux de fore\u0302t sont re\u0301currents et classiques dans le sud de la Californie, mais c&rsquo;est la propagation ultra rapide qui interroge.<\/p>\n<p><b>Les alertes maximales aux feux sont de plus en plus nombreuses avec le re\u0301chauffement<\/b><\/p>\n<p>En ge\u0301ne\u0301ral, les pluies qui tombent entre octobre et de\u0301cembre sur la re\u0301gion empe\u0302chent les vents de Santa Ana de provoquer ou d&rsquo;aggraver des incendies. Cependant, aucune pluie significative n&rsquo;est tombe\u0301e sur la re\u0301gion depuis mai 2024. La ve\u0301ge\u0301tation e\u0301tait donc tre\u0300s inflammable, d&rsquo;autant plus en raison de la croissance exceptionnelle des plantes lie\u0301e aux fortes pluies des deux anne\u0301es pre\u0301ce\u0301dentes. Face a\u0300 ces conditions me\u0301te\u0301o et a\u0300 l&rsquo;e\u0301tat de la ve\u0301ge\u0301tation, le sud de la Californie e\u0301tait donc place\u0301 en alerte maximale, le niveau \u00ab extreme fire index \u00bb avait e\u0301te\u0301 de\u0301clenche\u0301.<\/p>\n<p>En comparant les conditions me\u0301te\u0301o du passe\u0301 (avant les effets du re\u0301chauffement climatique) a\u0300 celles de nos jours, les chercheurs ont constate\u0301 que le niveau d&rsquo;alerte maximale aux feux est 35 % plus probable de nos jours, et 6 % plus fort en intensite\u0301 qu&rsquo;avant 1900. Selon les calculs des mode\u0300les de pre\u0301vision climatique, si le re\u0301chauffement atteint + 2,6 \u00b0C d&rsquo;ici 2100 (actuellement a\u0300 1,4 \u00b0C), la probabilite\u0301 d&rsquo;une alerte maximale aux feux va encore augmenter de 35 % et son intensite\u0301 de 3 %. Alors que pendant la pe\u0301riode pre\u0301industrielle avant 1900, une se\u0301cheresse marque\u0301e a\u0300 l&rsquo;automne se produisait en moyenne une fois tous les 40 ans en Californie, elle se produit de\u0301sormais une fois tous les 20 ans. La saison se\u0300che prend en ge\u0301ne\u0301ral fin entre septembre et octobre dans cette partie de la Californie, mais elle a tendance a\u0300 e\u0302tre de plus en plus tardive: celle-ci se termine en moyenne 23 jours plus tard qu&rsquo;avant 1900, selon World Weather Attribution, ce qui permet aux feux de continuer a\u0300 se de\u0301velopper facilement jusqu&rsquo;en hiver.<\/p>\n<p><b>D\u2019autres scientifiques affirment que la variabilite\u0301 naturelle a joue\u0301 un grand ro\u0302le<\/b><\/p>\n<p>Sans nier l&rsquo;impact du re\u0301chauffement climatique, le de\u0301partement d&rsquo;e\u0301tude du climat et des feux de l&rsquo;universite\u0301 californienne Ucla livre des conclusions qui diffe\u0300rent un peu de celles de World Weather Attribution: l&rsquo;aggravation explosive des incendies autour de Los Angeles serait a\u0300 75 % attribuable a\u0300 la variabilite\u0301 naturelle de la me\u0301te\u0301o, et a\u0300 25 % au re\u0301chauffement. Selon l&rsquo;universite\u0301 californienne, le premier facteur d&rsquo;aggravation des feux est la force du vent exceptionnelle, qui n&rsquo;aurait pas de lien prouve\u0301 avec le re\u0301chauffement climatique. D&rsquo;apre\u0300s ces chercheurs, \u00ab sans le re\u0301chauffement climatique, les feux auraient tout de me\u0302me e\u0301te\u0301 extre\u0302mes, mais un peu plus petits \u00bb.<\/p>\n<p>Toutes les diffe\u0301rentes e\u0301tudes s&rsquo;accordent au final sur l&rsquo;impact aggravant du re\u0301chauffement climatique, mais les re\u0301sultats diffe\u0300rent sur la part exacte de celui-ci compare\u0301e a\u0300 la variabilite\u0301 naturelle.<\/p>\n<p><strong>Pour plus d&rsquo;informations et d&rsquo;analyses sur la <span style=\"color: #ff6600\">Senegal<\/span>, suivez <span style=\"color: #ff6600\">Africa-Press<\/span><\/strong><\/p>\n","protected":false},"excerpt":{"rendered":"<p>Africa-Press &#8211; Senegal. C\u2019est une question qui a suscite\u0301 beaucoup de de\u0301bats dans la communaute\u0301 des me\u0301te\u0301orologues et des climatologues ces dernie\u0300res semaines: la violence exceptionnelle des feux qui ont de\u0301bute\u0301 le 7 janvier en Californie est-elle majoritairement lie\u0301e au re\u0301chauffement climatique ? La re\u0301ponse n\u2019est pas si e\u0301vidente a\u0300 en croire les diffe\u0301rents organismes [&hellip;]<\/p>\n","protected":false},"author":82,"featured_media":65213,"comment_status":"open","ping_status":"closed","sticky":false,"template":"","format":"standard","meta":{"footnotes":""},"categories":[22,10],"tags":[44],"class_list":["post-65214","post","type-post","status-publish","format-standard","has-post-thumbnail","hentry","category-divers","category-toutes-les-actualites","tag-senegal-2"],"yoast_head":"<!-- This site is optimized with the Yoast SEO Premium plugin v26.1 (Yoast SEO v27.0) - https:\/\/yoast.com\/product\/yoast-seo-premium-wordpress\/ -->\n<title>Incendies en Californie : R\u00e9chauffement Climatique ou M\u00e9t\u00e9o ? - Senegal<\/title>\n<meta name=\"description\" content=\"C\u2019est une question qui a suscite\u0301 beaucoup de de\u0301bats dans la communaute\u0301 des me\u0301te\u0301orologues et des climatologues ces d ...\" \/>\n<meta name=\"robots\" content=\"index, follow, max-snippet:-1, max-image-preview:large, max-video-preview:-1\" \/>\n<link rel=\"canonical\" href=\"https:\/\/www.africa-press.net\/senegal\/toutes-les-actualites\/incendies-en-californie-rechauffement-climatique-ou-meteo\" \/>\n<meta property=\"og:locale\" content=\"fr_FR\" \/>\n<meta property=\"og:type\" content=\"article\" \/>\n<meta property=\"og:title\" content=\"Incendies en Californie : R\u00e9chauffement Climatique ou M\u00e9t\u00e9o ?\" \/>\n<meta property=\"og:description\" content=\"C\u2019est une question qui a suscite\u0301 beaucoup de de\u0301bats dans la communaute\u0301 des me\u0301te\u0301orologues et des climatologues ces d ...\" \/>\n<meta property=\"og:url\" content=\"https:\/\/www.africa-press.net\/senegal\/toutes-les-actualites\/incendies-en-californie-rechauffement-climatique-ou-meteo\" \/>\n<meta property=\"og:site_name\" content=\"Senegal\" \/>\n<meta property=\"article:published_time\" content=\"2025-01-31T20:45:15+00:00\" \/>\n<meta property=\"article:modified_time\" content=\"2025-05-05T02:07:31+00:00\" \/>\n<meta property=\"og:image\" content=\"https:\/\/static.africa-press.net\/senegal\/sites\/13\/2025\/02\/sm_1738431950.637531.jpg\" \/>\n\t<meta property=\"og:image:width\" content=\"1116\" \/>\n\t<meta property=\"og:image:height\" content=\"624\" \/>\n\t<meta property=\"og:image:type\" content=\"image\/jpeg\" \/>\n<meta name=\"author\" content=\"cfeditorfr\" \/>\n<meta name=\"twitter:card\" content=\"summary_large_image\" \/>\n<meta name=\"twitter:label1\" content=\"\u00c9crit par\" \/>\n\t<meta name=\"twitter:data1\" content=\"cfeditorfr\" \/>\n\t<meta name=\"twitter:label2\" content=\"Dur\u00e9e de lecture estim\u00e9e\" \/>\n\t<meta name=\"twitter:data2\" content=\"3 minutes\" \/>\n<script type=\"application\/ld+json\" class=\"yoast-schema-graph\">{\"@context\":\"https:\/\/schema.org\",\"@graph\":[{\"@type\":\"Article\",\"@id\":\"https:\/\/www.africa-press.net\/senegal\/toutes-les-actualites\/incendies-en-californie-rechauffement-climatique-ou-meteo#article\",\"isPartOf\":{\"@id\":\"https:\/\/www.africa-press.net\/senegal\/toutes-les-actualites\/incendies-en-californie-rechauffement-climatique-ou-meteo\"},\"author\":{\"name\":\"cfeditorfr\",\"@id\":\"https:\/\/www.africa-press.net\/senegal\/#\/schema\/person\/2b1cf3cd81a31e3cd26889ca66d677f1\"},\"headline\":\"Incendies en Californie : R\u00e9chauffement Climatique ou M\u00e9t\u00e9o ?\",\"datePublished\":\"2025-01-31T20:45:15+00:00\",\"dateModified\":\"2025-05-05T02:07:31+00:00\",\"mainEntityOfPage\":{\"@id\":\"https:\/\/www.africa-press.net\/senegal\/toutes-les-actualites\/incendies-en-californie-rechauffement-climatique-ou-meteo\"},\"wordCount\":698,\"commentCount\":0,\"image\":{\"@id\":\"https:\/\/www.africa-press.net\/senegal\/toutes-les-actualites\/incendies-en-californie-rechauffement-climatique-ou-meteo#primaryimage\"},\"thumbnailUrl\":\"https:\/\/static.africa-press.net\/senegal\/sites\/13\/2025\/02\/sm_1738431950.637531.jpg\",\"keywords\":[\"Senegal\"],\"articleSection\":[\"Divers\",\"Toutes les actualit\u00e9s\"],\"inLanguage\":\"fr-FR\",\"potentialAction\":[{\"@type\":\"CommentAction\",\"name\":\"Comment\",\"target\":[\"https:\/\/www.africa-press.net\/senegal\/toutes-les-actualites\/incendies-en-californie-rechauffement-climatique-ou-meteo#respond\"]}]},{\"@type\":\"WebPage\",\"@id\":\"https:\/\/www.africa-press.net\/senegal\/toutes-les-actualites\/incendies-en-californie-rechauffement-climatique-ou-meteo\",\"url\":\"https:\/\/www.africa-press.net\/senegal\/toutes-les-actualites\/incendies-en-californie-rechauffement-climatique-ou-meteo\",\"name\":\"Incendies en Californie : R\u00e9chauffement Climatique ou M\u00e9t\u00e9o ? - Senegal\",\"isPartOf\":{\"@id\":\"https:\/\/www.africa-press.net\/senegal\/#website\"},\"primaryImageOfPage\":{\"@id\":\"https:\/\/www.africa-press.net\/senegal\/toutes-les-actualites\/incendies-en-californie-rechauffement-climatique-ou-meteo#primaryimage\"},\"image\":{\"@id\":\"https:\/\/www.africa-press.net\/senegal\/toutes-les-actualites\/incendies-en-californie-rechauffement-climatique-ou-meteo#primaryimage\"},\"thumbnailUrl\":\"https:\/\/static.africa-press.net\/senegal\/sites\/13\/2025\/02\/sm_1738431950.637531.jpg\",\"datePublished\":\"2025-01-31T20:45:15+00:00\",\"dateModified\":\"2025-05-05T02:07:31+00:00\",\"author\":{\"@id\":\"https:\/\/www.africa-press.net\/senegal\/#\/schema\/person\/2b1cf3cd81a31e3cd26889ca66d677f1\"},\"description\":\"C\u2019est une question qui a suscite\u0301 beaucoup de de\u0301bats dans la communaute\u0301 des me\u0301te\u0301orologues et des climatologues ces d ...\",\"breadcrumb\":{\"@id\":\"https:\/\/www.africa-press.net\/senegal\/toutes-les-actualites\/incendies-en-californie-rechauffement-climatique-ou-meteo#breadcrumb\"},\"inLanguage\":\"fr-FR\",\"potentialAction\":[{\"@type\":\"ReadAction\",\"target\":[\"https:\/\/www.africa-press.net\/senegal\/toutes-les-actualites\/incendies-en-californie-rechauffement-climatique-ou-meteo\"]}]},{\"@type\":\"ImageObject\",\"inLanguage\":\"fr-FR\",\"@id\":\"https:\/\/www.africa-press.net\/senegal\/toutes-les-actualites\/incendies-en-californie-rechauffement-climatique-ou-meteo#primaryimage\",\"url\":\"https:\/\/static.africa-press.net\/senegal\/sites\/13\/2025\/02\/sm_1738431950.637531.jpg\",\"contentUrl\":\"https:\/\/static.africa-press.net\/senegal\/sites\/13\/2025\/02\/sm_1738431950.637531.jpg\",\"width\":1116,\"height\":624,\"caption\":\"Incendies en Californie : R\u00e9chauffement Climatique ou M\u00e9t\u00e9o ?\"},{\"@type\":\"BreadcrumbList\",\"@id\":\"https:\/\/www.africa-press.net\/senegal\/toutes-les-actualites\/incendies-en-californie-rechauffement-climatique-ou-meteo#breadcrumb\",\"itemListElement\":[{\"@type\":\"ListItem\",\"position\":1,\"name\":\"Accueil\",\"item\":\"https:\/\/www.africa-press.net\/senegal\/\"},{\"@type\":\"ListItem\",\"position\":2,\"name\":\"Incendies en Californie : R\u00e9chauffement Climatique ou M\u00e9t\u00e9o ?\"}]},{\"@type\":\"WebSite\",\"@id\":\"https:\/\/www.africa-press.net\/senegal\/#website\",\"url\":\"https:\/\/www.africa-press.net\/senegal\/\",\"name\":\"Africa Press | Senegal | Homepage\",\"description\":\"Just another Africa News Agency Sites site\",\"potentialAction\":[{\"@type\":\"SearchAction\",\"target\":{\"@type\":\"EntryPoint\",\"urlTemplate\":\"https:\/\/www.africa-press.net\/senegal\/?s={search_term_string}\"},\"query-input\":{\"@type\":\"PropertyValueSpecification\",\"valueRequired\":true,\"valueName\":\"search_term_string\"}}],\"inLanguage\":\"fr-FR\"},{\"@type\":\"Person\",\"@id\":\"https:\/\/www.africa-press.net\/senegal\/#\/schema\/person\/2b1cf3cd81a31e3cd26889ca66d677f1\",\"name\":\"cfeditorfr\",\"url\":\"https:\/\/www.africa-press.net\/senegal\/author\/cfeditorfr\"}]}<\/script>\n<!-- \/ Yoast SEO Premium plugin. -->","yoast_head_json":{"title":"Incendies en Californie : R\u00e9chauffement Climatique ou M\u00e9t\u00e9o ? - Senegal","description":"C\u2019est une question qui a suscite\u0301 beaucoup de de\u0301bats dans la communaute\u0301 des me\u0301te\u0301orologues et des climatologues ces d ...","robots":{"index":"index","follow":"follow","max-snippet":"max-snippet:-1","max-image-preview":"max-image-preview:large","max-video-preview":"max-video-preview:-1"},"canonical":"https:\/\/www.africa-press.net\/senegal\/toutes-les-actualites\/incendies-en-californie-rechauffement-climatique-ou-meteo","og_locale":"fr_FR","og_type":"article","og_title":"Incendies en Californie : R\u00e9chauffement Climatique ou M\u00e9t\u00e9o ?","og_description":"C\u2019est une question qui a suscite\u0301 beaucoup de de\u0301bats dans la communaute\u0301 des me\u0301te\u0301orologues et des climatologues ces d ...","og_url":"https:\/\/www.africa-press.net\/senegal\/toutes-les-actualites\/incendies-en-californie-rechauffement-climatique-ou-meteo","og_site_name":"Senegal","article_published_time":"2025-01-31T20:45:15+00:00","article_modified_time":"2025-05-05T02:07:31+00:00","og_image":[{"width":1116,"height":624,"url":"https:\/\/static.africa-press.net\/senegal\/sites\/13\/2025\/02\/sm_1738431950.637531.jpg","type":"image\/jpeg"}],"author":"cfeditorfr","twitter_card":"summary_large_image","twitter_misc":{"\u00c9crit par":"cfeditorfr","Dur\u00e9e de lecture estim\u00e9e":"3 minutes"},"schema":{"@context":"https:\/\/schema.org","@graph":[{"@type":"Article","@id":"https:\/\/www.africa-press.net\/senegal\/toutes-les-actualites\/incendies-en-californie-rechauffement-climatique-ou-meteo#article","isPartOf":{"@id":"https:\/\/www.africa-press.net\/senegal\/toutes-les-actualites\/incendies-en-californie-rechauffement-climatique-ou-meteo"},"author":{"name":"cfeditorfr","@id":"https:\/\/www.africa-press.net\/senegal\/#\/schema\/person\/2b1cf3cd81a31e3cd26889ca66d677f1"},"headline":"Incendies en Californie : R\u00e9chauffement Climatique ou M\u00e9t\u00e9o ?","datePublished":"2025-01-31T20:45:15+00:00","dateModified":"2025-05-05T02:07:31+00:00","mainEntityOfPage":{"@id":"https:\/\/www.africa-press.net\/senegal\/toutes-les-actualites\/incendies-en-californie-rechauffement-climatique-ou-meteo"},"wordCount":698,"commentCount":0,"image":{"@id":"https:\/\/www.africa-press.net\/senegal\/toutes-les-actualites\/incendies-en-californie-rechauffement-climatique-ou-meteo#primaryimage"},"thumbnailUrl":"https:\/\/static.africa-press.net\/senegal\/sites\/13\/2025\/02\/sm_1738431950.637531.jpg","keywords":["Senegal"],"articleSection":["Divers","Toutes les actualit\u00e9s"],"inLanguage":"fr-FR","potentialAction":[{"@type":"CommentAction","name":"Comment","target":["https:\/\/www.africa-press.net\/senegal\/toutes-les-actualites\/incendies-en-californie-rechauffement-climatique-ou-meteo#respond"]}]},{"@type":"WebPage","@id":"https:\/\/www.africa-press.net\/senegal\/toutes-les-actualites\/incendies-en-californie-rechauffement-climatique-ou-meteo","url":"https:\/\/www.africa-press.net\/senegal\/toutes-les-actualites\/incendies-en-californie-rechauffement-climatique-ou-meteo","name":"Incendies en Californie : R\u00e9chauffement Climatique ou M\u00e9t\u00e9o ? - Senegal","isPartOf":{"@id":"https:\/\/www.africa-press.net\/senegal\/#website"},"primaryImageOfPage":{"@id":"https:\/\/www.africa-press.net\/senegal\/toutes-les-actualites\/incendies-en-californie-rechauffement-climatique-ou-meteo#primaryimage"},"image":{"@id":"https:\/\/www.africa-press.net\/senegal\/toutes-les-actualites\/incendies-en-californie-rechauffement-climatique-ou-meteo#primaryimage"},"thumbnailUrl":"https:\/\/static.africa-press.net\/senegal\/sites\/13\/2025\/02\/sm_1738431950.637531.jpg","datePublished":"2025-01-31T20:45:15+00:00","dateModified":"2025-05-05T02:07:31+00:00","author":{"@id":"https:\/\/www.africa-press.net\/senegal\/#\/schema\/person\/2b1cf3cd81a31e3cd26889ca66d677f1"},"description":"C\u2019est une question qui a suscite\u0301 beaucoup de de\u0301bats dans la communaute\u0301 des me\u0301te\u0301orologues et des climatologues ces d ...","breadcrumb":{"@id":"https:\/\/www.africa-press.net\/senegal\/toutes-les-actualites\/incendies-en-californie-rechauffement-climatique-ou-meteo#breadcrumb"},"inLanguage":"fr-FR","potentialAction":[{"@type":"ReadAction","target":["https:\/\/www.africa-press.net\/senegal\/toutes-les-actualites\/incendies-en-californie-rechauffement-climatique-ou-meteo"]}]},{"@type":"ImageObject","inLanguage":"fr-FR","@id":"https:\/\/www.africa-press.net\/senegal\/toutes-les-actualites\/incendies-en-californie-rechauffement-climatique-ou-meteo#primaryimage","url":"https:\/\/static.africa-press.net\/senegal\/sites\/13\/2025\/02\/sm_1738431950.637531.jpg","contentUrl":"https:\/\/static.africa-press.net\/senegal\/sites\/13\/2025\/02\/sm_1738431950.637531.jpg","width":1116,"height":624,"caption":"Incendies en Californie : R\u00e9chauffement Climatique ou M\u00e9t\u00e9o ?"},{"@type":"BreadcrumbList","@id":"https:\/\/www.africa-press.net\/senegal\/toutes-les-actualites\/incendies-en-californie-rechauffement-climatique-ou-meteo#breadcrumb","itemListElement":[{"@type":"ListItem","position":1,"name":"Accueil","item":"https:\/\/www.africa-press.net\/senegal\/"},{"@type":"ListItem","position":2,"name":"Incendies en Californie : R\u00e9chauffement Climatique ou M\u00e9t\u00e9o ?"}]},{"@type":"WebSite","@id":"https:\/\/www.africa-press.net\/senegal\/#website","url":"https:\/\/www.africa-press.net\/senegal\/","name":"Africa Press | Senegal | Homepage","description":"Just another Africa News Agency Sites site","potentialAction":[{"@type":"SearchAction","target":{"@type":"EntryPoint","urlTemplate":"https:\/\/www.africa-press.net\/senegal\/?s={search_term_string}"},"query-input":{"@type":"PropertyValueSpecification","valueRequired":true,"valueName":"search_term_string"}}],"inLanguage":"fr-FR"},{"@type":"Person","@id":"https:\/\/www.africa-press.net\/senegal\/#\/schema\/person\/2b1cf3cd81a31e3cd26889ca66d677f1","name":"cfeditorfr","url":"https:\/\/www.africa-press.net\/senegal\/author\/cfeditorfr"}]}},"_links":{"self":[{"href":"https:\/\/www.africa-press.net\/senegal\/wp-json\/wp\/v2\/posts\/65214","targetHints":{"allow":["GET"]}}],"collection":[{"href":"https:\/\/www.africa-press.net\/senegal\/wp-json\/wp\/v2\/posts"}],"about":[{"href":"https:\/\/www.africa-press.net\/senegal\/wp-json\/wp\/v2\/types\/post"}],"author":[{"embeddable":true,"href":"https:\/\/www.africa-press.net\/senegal\/wp-json\/wp\/v2\/users\/82"}],"replies":[{"embeddable":true,"href":"https:\/\/www.africa-press.net\/senegal\/wp-json\/wp\/v2\/comments?post=65214"}],"version-history":[{"count":0,"href":"https:\/\/www.africa-press.net\/senegal\/wp-json\/wp\/v2\/posts\/65214\/revisions"}],"wp:featuredmedia":[{"embeddable":true,"href":"https:\/\/www.africa-press.net\/senegal\/wp-json\/wp\/v2\/media\/65213"}],"wp:attachment":[{"href":"https:\/\/www.africa-press.net\/senegal\/wp-json\/wp\/v2\/media?parent=65214"}],"wp:term":[{"taxonomy":"category","embeddable":true,"href":"https:\/\/www.africa-press.net\/senegal\/wp-json\/wp\/v2\/categories?post=65214"},{"taxonomy":"post_tag","embeddable":true,"href":"https:\/\/www.africa-press.net\/senegal\/wp-json\/wp\/v2\/tags?post=65214"}],"curies":[{"name":"wp","href":"https:\/\/api.w.org\/{rel}","templated":true}]}}