{"id":65241,"date":"2025-02-03T13:00:00","date_gmt":"2025-02-03T13:00:00","guid":{"rendered":"https:\/\/www.africa-press.net\/senegal\/politique\/soutien-international-aux-rebelles-a-prendre-le-pouvoir-lafrique-menacee"},"modified":"2025-02-03T13:00:00","modified_gmt":"2025-02-03T13:00:00","slug":"soutien-international-aux-rebelles-a-prendre-le-pouvoir-lafrique-menacee","status":"publish","type":"post","link":"https:\/\/www.africa-press.net\/senegal\/dossiers\/soutien-international-aux-rebelles-a-prendre-le-pouvoir-lafrique-menacee","title":{"rendered":"Soutien International aux Rebelles \u00e0 Prendre le Pouvoir : L\u2019Afrique Menac\u00e9e !"},"content":{"rendered":"<p><span style=\"color: #ff6600\"><strong>Africa-Press &#8211; Senegal. <\/strong><\/span>Si l\u2019e\u0301poque de la prise du pouvoir par des opposants historiques est presque re\u0301volue, une nouvelle forme d\u2019acce\u0301der au sommet est en passe d\u2019e\u0302tre formalise\u0301e. Celle des chefs rebelles qui arrivent a\u0300 la te\u0302te des E\u0301tats avec le soutien des E\u0301tats-Unis qui veulent instaurer un nouvel ordre mondial pour brider le re\u0302ve russe de la bipolarisation des relations internationales. Apre\u0300s l\u2019Asie, c\u2019est le tour de l\u2019Afrique. Le pouvoir en place en Re\u0301publique de\u0301mocratique du Congo (RDC) est se\u0301rieusement menace\u0301 par le Mouvement du 23 mars(M23), une re\u0301bellion derrie\u0300re laquelle se trouve le Rwanda, bras arme\u0301 des multinationales.<\/p>\n<p>Le monde unipolaire, instaure\u0301 et dirige\u0301 par les E\u0301tats-Unis apre\u0300s la chute du Mur de Berlin en 1989, la dislocation de l\u2019URSS en 1991, et l\u2019imposition de l\u2019e\u0301lection \u2018\u2018de\u0301mocratique\u2019\u2019 comme seul moyen d\u2019acce\u0301der a\u0300 la te\u0302te de l\u2019E\u0301tat, est dangereusement menace\u0301 par l\u2019e\u0301mergence de nouvelles puissances mondiales concurrentes. Celles-ci, de\u0301cide\u0301es a\u0300 e\u0301branler le leadership ame\u0301ricain, ont construit un mode\u0300le de gouvernance qui fait recettes de par le monde. S\u2019il est perc\u0327u par certaines populations comme moins contraignant et libe\u0301rateur. Pour d\u2019autres, il re\u0301pond a\u0300 leurs aspirations de diversification de partenaires pour booster leur de\u0301veloppement.<\/p>\n<p>Pour contrer l\u2019avance\u0301e de la Russie, la Chine, la Turquie, les E\u0301tats- Unis d\u2019Ame\u0301riques (USA) ne le\u0301sinent plus sur les moyens. Ils s\u2019allient et signent des pactes avec le diable en organisant l\u2019arrive\u0301e au pouvoir des rebelles et terroristes contre les re\u0300gles qu\u2019ils ont eux-me\u0302mes e\u0301tablies comme conditions pour acce\u0301der au pouvoir: l\u2019e\u0301lection dite de\u0301mocratique. Apre\u0300s l\u2019Afghanistan et la Syrie, la Re\u0301publique de\u0301mocratique du Congo (RDC) est dans leur ligne de mire. La prise de Goma, principale ville dans l\u2019est de la RDC, la semaine dernie\u0300re, est la me\u0302me strate\u0301gie de la conque\u0302te du pouvoir par les rebelles en Afghanistan et en Syrie. Dans ces deux, le jour ou\u0300 les principales villes sont tombe\u0301es, rien n\u2019empe\u0302chait plus les nouveaux allie\u0301s des USA a\u0300 acce\u0301der au pouvoir.<\/p>\n<p>Le Mouvement du 23 mars(M23), soutenu par 4 000 soldats rwandais et be\u0301ne\u0301ficiant aussi de la logistique et des renseignements ame\u0301ricains et ses partenaires europe\u0301ens, veut prendre le pouvoir a\u0300 Kinshasa, capitale de la RDC. Non pas pour le bien-e\u0302tre des Congolais, mais pour un partage des richesses naturelles de ce vaste pays entre le Rwanda et les multinationales dont son arme\u0301e assure la se\u0301curite\u0301 de celles-ci dans le pillage de ce pays depuis 1997, anne\u0301e de la chute du mare\u0301chal Mobutu Sesse Seko.<\/p>\n<p>Cette agression internationale du Congo ne rencontre aucune re\u0301action vigoureuse de la part des organisations africaines. Sauf, le sommet extraordinaire de fac\u0327ade des chefs d\u2019E\u0301tat et de gouvernement de la Communaute\u0301 de de\u0301veloppement de l\u2019Afrique australe (SADC), tenu vendredi 30 janvier, a\u0300 Harare, au Zimbabwe. Il n\u2019a abouti a\u0300 rien.<\/p>\n<p>Pourtant, les Africains ont inte\u0301re\u0302t a\u0300 faire bloc derrie\u0300re la RDC pour faire e\u0301chec a\u0300 ses criminels qui n\u2019ont aucune pitie\u0301 pour l\u2019a\u0302me africaine. Sinon, si le jour ou\u0300 le pouvoir de Fe\u0301lix Tshisekedi tombera, tous les pays africains regorgeant des ressources naturelles, dont la coalition mondiale a besoin pour alimenter ses industries, peuvent dire adieu a\u0300 la stabilite\u0301. Et chacun attendre son tour. A\u0300 commencer par les pays du Sahel, de\u0301ja\u0300 en proie a\u0300 une guerre terroriste impose\u0301e pour les affaiblir, avant que les Etats- Unis et ses partenaires sortent de l\u2019ombre pour conduire leurs allie\u0301s terroristes et rebelles sur la route de la prise du pouvoir.<\/p>\n<p>En ce qui concerne le Mali, l\u2019Alge\u0301rie est de\u0301ja\u0300 dans le startingblock pour de\u0301stabiliser notre pays. La manifestation de sa mauvaise foi se traduit par son attachement a\u0300 l\u2019accord dit d\u2019Alger, signe\u0301 en 2015 et jete\u0301 a\u0300 la poubelle par les autorite\u0301s de la transition malienne. Celles-ci ont juge\u0301 que ce chiffon de papier contient les germes de la partition de notre pays qui garantit miraculeusement la stabilite\u0301 de l\u2019Alge\u0301rie ingrate. Elle a assure\u0301 le gi\u0302te et le couvert a\u0300 des criminels se\u0301cessionnistes qui ont du sang de leurs compatriotes sur leurs mains comme les djihadistes et les rebelles de l\u2019Afghanistan et de la Syrie, blanchis de tous les crimes odieux qu\u2019ils ont commis contre les populations de leur propre pays par les E\u0301tats-Unis et leurs allie\u0301s occidentaux. L\u2019essentiel, c\u2019est de faire leurs affaires. Les assurer les matie\u0300res premie\u0300res strate\u0301giques. Me\u0302me si c\u2019est dans le sang.<\/p>\n<p>Dans cette man\u0153uvre diabolique, l\u2019Alge\u0301rie, sachant bien qu\u2019elle seule ne peut pas conduire cette ope\u0301ration de de\u0301stabilisation de notre pays, dont les autorite\u0301s maliennes ont compris son jeu trouble a\u0300 travers les diffe\u0301rents accords qu\u2019elle a parraine\u0301s depuis l\u2019accord de Tamanrasset (1991), a\u0300 l\u2019accord pour la paix et la re\u0301conciliation au Mali, issu du processus d\u2019Alger (2015), en passant par celui de 2006, veut se mettre sous le parapluie d\u2019une grande puissance. Et depuis la fin de l\u2019accord de 2015 qui garantissait ses vise\u0301es territoriales sur le Mali, la diplomatie alge\u0301rienne fait feu de tout bois.<\/p>\n<p>En de\u0301cembre 2023, le ministre alge\u0301rien des Affaires e\u0301trange\u0300res appelait ainsi: \u00abLe gouvernement malien a\u0300 s\u2019associer aux efforts actuellement entrepris par l\u2019Alge\u0301rie pour relancer la mise en \u0153uvre de l\u2019accord de paix et de re\u0301conciliation au Mali\u00bb. En re\u0301action, le gouvernement malien a qualifie\u0301 cette de\u0301claration d\u2019actes inamicaux.<\/p>\n<p>Cette offensive diplomatique alge\u0301rienne est soutenue par ses e\u0301lites qui ne cessent de pondre des livres dans lesquels elles soutiennent qu\u2019une bonne partie de notre territoire est le prolongement de leur pays. Le livre de Nourredine Ayadi \u00abKIDAL VAUT BIEN UNE GUERRE: L\u2019Alge\u0301rie et la France au Mali et au Sahel: Influence vs Puissance\u00bb, publie\u0301 en 2024, est re\u0301ve\u0301lateur. Il pousse d\u2019ailleurs son pays, en des termes voile\u0301s, a\u0300 de\u0301clarer la guerre au Mali pour re\u0301cupe\u0301rer Kidal, a\u0300 de\u0301faut d\u2019obtenir une autonomie de cette partie de notre pays.<\/p>\n<p><b>L\u2019Afrique avertie<\/b><\/p>\n<p>L\u2019Afrique ne semble rien tirer des lec\u0327ons de la chute des re\u0301gimes en Afghanistan et en Syrie. L\u2019arrive\u0301e des rebelles au pouvoir dans ces pays est un avertissement pour l\u2019Afrique. Par ce jeu d\u2019inte\u0301re\u0302ts, tous les re\u0301gimes peuvent tomber comme un fruit mu\u0302r. Au regard des e\u0301ve\u0301nements, l\u2019anticipation est le dernier souci des dirigeants africains. Sinon, Boko Haram est un cas d\u2019e\u0301cole. A\u0300 l\u2019apparition de ce mouvement djihadiste dans le nord du Nigeria en 2013, aucun pays africain n\u2019a apporte\u0301 un soutien a\u0300 ce pays a\u0300 plus forte raison des organisations africaines. Ils se sont tous dits que cette affaire est purement nige\u0301riane. Au bout de dix, malheureusement, il a pousse\u0301 ses tentacules dans la sous re\u0301gionale africaine et me\u0302me au-dela\u0300. Si certains pays comme le Niger, le Mali et le Burkina Faso font face a\u0300 cette guerre terroriste, les autres pays qui se croyaient a\u0300 l\u2019abri ont tous eu leurs doses d\u2019attaques. Ce qui fait qu\u2019aujourd\u2019hui, toute l\u2019Afrique de l\u2019Ouest est sur le qui-vive.<\/p>\n<p>Pour e\u0301viter la de\u0301stabilisation de l\u2019Afrique, a\u0300 travers des re\u0301bellions parraine\u0301es, l\u2019Union africaine (UA), les organisations re\u0301gionales et sous- re\u0301gionales doivent revoir leur copie. Il est temps que l\u2019Afrique s\u2019organise pour faire face a\u0300 ce nouveau de\u0301fi. Sinon, a\u0300 de\u0301faut de passer par les rebelles et les djihadistes, leur plan B est la formation des gangs qui vont contro\u0302ler les zones minie\u0300res pour leurs multinationales comme en Hai\u0308ti. La Re\u0301publique de\u0301mocratique du Congo n\u2019est pas a\u0300 l\u2019abri de cette nouvelle forme de de\u0301stabilisation, si le M23 n\u2019arrive pas a\u0300 prendre le pouvoir a\u0300 Kinshasa.<\/p>\n<p><b>Source: abamako.com<\/b><\/p>\n<p><strong>Pour plus d&rsquo;informations et d&rsquo;analyses sur la <span style=\"color: #ff6600\">Senegal<\/span>, suivez <span style=\"color: #ff6600\">Africa-Press<span style=\"color: #ff6600\"><\/span><\/strong><\/p>\n","protected":false},"excerpt":{"rendered":"<p>Africa-Press &#8211; Senegal. Si l\u2019e\u0301poque de la prise du pouvoir par des opposants historiques est presque re\u0301volue, une nouvelle forme d\u2019acce\u0301der au sommet est en passe d\u2019e\u0302tre formalise\u0301e. Celle des chefs rebelles qui arrivent a\u0300 la te\u0302te des E\u0301tats avec le soutien des E\u0301tats-Unis qui veulent instaurer un nouvel ordre mondial pour brider le re\u0302ve [&hellip;]<\/p>\n","protected":false},"author":82,"featured_media":65240,"comment_status":"open","ping_status":"closed","sticky":false,"template":"","format":"standard","meta":{"footnotes":""},"categories":[7,10],"tags":[44],"class_list":["post-65241","post","type-post","status-publish","format-standard","has-post-thumbnail","hentry","category-dossiers","category-toutes-les-actualites","tag-senegal-2"],"yoast_head":"<!-- This site is optimized with the Yoast SEO Premium plugin v26.1 (Yoast SEO v27.0) - https:\/\/yoast.com\/product\/yoast-seo-premium-wordpress\/ -->\n<title>Soutien International aux Rebelles \u00e0 Prendre le Pouvoir : L\u2019Afrique Menac\u00e9e ! - Senegal<\/title>\n<meta name=\"robots\" content=\"index, follow, max-snippet:-1, max-image-preview:large, max-video-preview:-1\" \/>\n<link rel=\"canonical\" href=\"https:\/\/www.africa-press.net\/senegal\/politique\/soutien-international-aux-rebelles-a-prendre-le-pouvoir-lafrique-menacee\" \/>\n<meta property=\"og:locale\" content=\"fr_FR\" \/>\n<meta property=\"og:type\" content=\"article\" \/>\n<meta property=\"og:title\" content=\"Soutien International aux Rebelles \u00e0 Prendre le Pouvoir : L\u2019Afrique Menac\u00e9e !\" \/>\n<meta property=\"og:description\" content=\"Africa-Press &#8211; Senegal. Si l\u2019e\u0301poque de la prise du pouvoir par des opposants historiques est presque re\u0301volue, une nouvelle forme d\u2019acce\u0301der au sommet est en passe d\u2019e\u0302tre formalise\u0301e. Celle des chefs rebelles qui arrivent a\u0300 la te\u0302te des E\u0301tats avec le soutien des E\u0301tats-Unis qui veulent instaurer un nouvel ordre mondial pour brider le re\u0302ve [&hellip;]\" \/>\n<meta property=\"og:url\" content=\"https:\/\/www.africa-press.net\/senegal\/politique\/soutien-international-aux-rebelles-a-prendre-le-pouvoir-lafrique-menacee\" \/>\n<meta property=\"og:site_name\" content=\"Senegal\" \/>\n<meta property=\"article:published_time\" content=\"2025-02-03T13:00:00+00:00\" \/>\n<meta name=\"author\" content=\"cfeditorfr\" \/>\n<meta name=\"twitter:card\" content=\"summary_large_image\" \/>\n<meta name=\"twitter:label1\" content=\"\u00c9crit par\" \/>\n\t<meta name=\"twitter:data1\" content=\"cfeditorfr\" \/>\n\t<meta name=\"twitter:label2\" content=\"Dur\u00e9e de lecture estim\u00e9e\" \/>\n\t<meta name=\"twitter:data2\" content=\"7 minutes\" \/>\n<script type=\"application\/ld+json\" class=\"yoast-schema-graph\">{\"@context\":\"https:\/\/schema.org\",\"@graph\":[{\"@type\":\"Article\",\"@id\":\"https:\/\/www.africa-press.net\/senegal\/politique\/soutien-international-aux-rebelles-a-prendre-le-pouvoir-lafrique-menacee#article\",\"isPartOf\":{\"@id\":\"https:\/\/www.africa-press.net\/senegal\/politique\/soutien-international-aux-rebelles-a-prendre-le-pouvoir-lafrique-menacee\"},\"author\":{\"name\":\"cfeditorfr\",\"@id\":\"https:\/\/www.africa-press.net\/senegal\/#\/schema\/person\/2b1cf3cd81a31e3cd26889ca66d677f1\"},\"headline\":\"Soutien International aux Rebelles \u00e0 Prendre le Pouvoir : L\u2019Afrique Menac\u00e9e !\",\"datePublished\":\"2025-02-03T13:00:00+00:00\",\"mainEntityOfPage\":{\"@id\":\"https:\/\/www.africa-press.net\/senegal\/politique\/soutien-international-aux-rebelles-a-prendre-le-pouvoir-lafrique-menacee\"},\"wordCount\":1433,\"commentCount\":0,\"image\":{\"@id\":\"https:\/\/www.africa-press.net\/senegal\/politique\/soutien-international-aux-rebelles-a-prendre-le-pouvoir-lafrique-menacee#primaryimage\"},\"thumbnailUrl\":\"https:\/\/static.africa-press.net\/senegal\/sites\/13\/2025\/02\/sm_1738649463.613693.jpg\",\"keywords\":[\"Senegal\"],\"articleSection\":[\"Dossiers\",\"Toutes les actualit\u00e9s\"],\"inLanguage\":\"fr-FR\",\"potentialAction\":[{\"@type\":\"CommentAction\",\"name\":\"Comment\",\"target\":[\"https:\/\/www.africa-press.net\/senegal\/politique\/soutien-international-aux-rebelles-a-prendre-le-pouvoir-lafrique-menacee#respond\"]}]},{\"@type\":\"WebPage\",\"@id\":\"https:\/\/www.africa-press.net\/senegal\/politique\/soutien-international-aux-rebelles-a-prendre-le-pouvoir-lafrique-menacee\",\"url\":\"https:\/\/www.africa-press.net\/senegal\/politique\/soutien-international-aux-rebelles-a-prendre-le-pouvoir-lafrique-menacee\",\"name\":\"Soutien International aux Rebelles \u00e0 Prendre le Pouvoir : L\u2019Afrique Menac\u00e9e ! - Senegal\",\"isPartOf\":{\"@id\":\"https:\/\/www.africa-press.net\/senegal\/#website\"},\"primaryImageOfPage\":{\"@id\":\"https:\/\/www.africa-press.net\/senegal\/politique\/soutien-international-aux-rebelles-a-prendre-le-pouvoir-lafrique-menacee#primaryimage\"},\"image\":{\"@id\":\"https:\/\/www.africa-press.net\/senegal\/politique\/soutien-international-aux-rebelles-a-prendre-le-pouvoir-lafrique-menacee#primaryimage\"},\"thumbnailUrl\":\"https:\/\/static.africa-press.net\/senegal\/sites\/13\/2025\/02\/sm_1738649463.613693.jpg\",\"datePublished\":\"2025-02-03T13:00:00+00:00\",\"author\":{\"@id\":\"https:\/\/www.africa-press.net\/senegal\/#\/schema\/person\/2b1cf3cd81a31e3cd26889ca66d677f1\"},\"breadcrumb\":{\"@id\":\"https:\/\/www.africa-press.net\/senegal\/politique\/soutien-international-aux-rebelles-a-prendre-le-pouvoir-lafrique-menacee#breadcrumb\"},\"inLanguage\":\"fr-FR\",\"potentialAction\":[{\"@type\":\"ReadAction\",\"target\":[\"https:\/\/www.africa-press.net\/senegal\/politique\/soutien-international-aux-rebelles-a-prendre-le-pouvoir-lafrique-menacee\"]}]},{\"@type\":\"ImageObject\",\"inLanguage\":\"fr-FR\",\"@id\":\"https:\/\/www.africa-press.net\/senegal\/politique\/soutien-international-aux-rebelles-a-prendre-le-pouvoir-lafrique-menacee#primaryimage\",\"url\":\"https:\/\/static.africa-press.net\/senegal\/sites\/13\/2025\/02\/sm_1738649463.613693.jpg\",\"contentUrl\":\"https:\/\/static.africa-press.net\/senegal\/sites\/13\/2025\/02\/sm_1738649463.613693.jpg\",\"width\":720,\"height\":407,\"caption\":\"Soutien International aux Rebelles \u00e0 Prendre le Pouvoir : L\u2019Afrique Menac\u00e9e !\"},{\"@type\":\"BreadcrumbList\",\"@id\":\"https:\/\/www.africa-press.net\/senegal\/politique\/soutien-international-aux-rebelles-a-prendre-le-pouvoir-lafrique-menacee#breadcrumb\",\"itemListElement\":[{\"@type\":\"ListItem\",\"position\":1,\"name\":\"Accueil\",\"item\":\"https:\/\/www.africa-press.net\/senegal\/\"},{\"@type\":\"ListItem\",\"position\":2,\"name\":\"Soutien International aux Rebelles \u00e0 Prendre le Pouvoir : L\u2019Afrique Menac\u00e9e !\"}]},{\"@type\":\"WebSite\",\"@id\":\"https:\/\/www.africa-press.net\/senegal\/#website\",\"url\":\"https:\/\/www.africa-press.net\/senegal\/\",\"name\":\"Africa Press | Senegal | Homepage\",\"description\":\"Just another Africa News Agency Sites site\",\"potentialAction\":[{\"@type\":\"SearchAction\",\"target\":{\"@type\":\"EntryPoint\",\"urlTemplate\":\"https:\/\/www.africa-press.net\/senegal\/?s={search_term_string}\"},\"query-input\":{\"@type\":\"PropertyValueSpecification\",\"valueRequired\":true,\"valueName\":\"search_term_string\"}}],\"inLanguage\":\"fr-FR\"},{\"@type\":\"Person\",\"@id\":\"https:\/\/www.africa-press.net\/senegal\/#\/schema\/person\/2b1cf3cd81a31e3cd26889ca66d677f1\",\"name\":\"cfeditorfr\",\"url\":\"https:\/\/www.africa-press.net\/senegal\/author\/cfeditorfr\"}]}<\/script>\n<!-- \/ Yoast SEO Premium plugin. -->","yoast_head_json":{"title":"Soutien International aux Rebelles \u00e0 Prendre le Pouvoir : L\u2019Afrique Menac\u00e9e ! - Senegal","robots":{"index":"index","follow":"follow","max-snippet":"max-snippet:-1","max-image-preview":"max-image-preview:large","max-video-preview":"max-video-preview:-1"},"canonical":"https:\/\/www.africa-press.net\/senegal\/politique\/soutien-international-aux-rebelles-a-prendre-le-pouvoir-lafrique-menacee","og_locale":"fr_FR","og_type":"article","og_title":"Soutien International aux Rebelles \u00e0 Prendre le Pouvoir : L\u2019Afrique Menac\u00e9e !","og_description":"Africa-Press &#8211; Senegal. Si l\u2019e\u0301poque de la prise du pouvoir par des opposants historiques est presque re\u0301volue, une nouvelle forme d\u2019acce\u0301der au sommet est en passe d\u2019e\u0302tre formalise\u0301e. Celle des chefs rebelles qui arrivent a\u0300 la te\u0302te des E\u0301tats avec le soutien des E\u0301tats-Unis qui veulent instaurer un nouvel ordre mondial pour brider le re\u0302ve [&hellip;]","og_url":"https:\/\/www.africa-press.net\/senegal\/politique\/soutien-international-aux-rebelles-a-prendre-le-pouvoir-lafrique-menacee","og_site_name":"Senegal","article_published_time":"2025-02-03T13:00:00+00:00","author":"cfeditorfr","twitter_card":"summary_large_image","twitter_misc":{"\u00c9crit par":"cfeditorfr","Dur\u00e9e de lecture estim\u00e9e":"7 minutes"},"schema":{"@context":"https:\/\/schema.org","@graph":[{"@type":"Article","@id":"https:\/\/www.africa-press.net\/senegal\/politique\/soutien-international-aux-rebelles-a-prendre-le-pouvoir-lafrique-menacee#article","isPartOf":{"@id":"https:\/\/www.africa-press.net\/senegal\/politique\/soutien-international-aux-rebelles-a-prendre-le-pouvoir-lafrique-menacee"},"author":{"name":"cfeditorfr","@id":"https:\/\/www.africa-press.net\/senegal\/#\/schema\/person\/2b1cf3cd81a31e3cd26889ca66d677f1"},"headline":"Soutien International aux Rebelles \u00e0 Prendre le Pouvoir : L\u2019Afrique Menac\u00e9e !","datePublished":"2025-02-03T13:00:00+00:00","mainEntityOfPage":{"@id":"https:\/\/www.africa-press.net\/senegal\/politique\/soutien-international-aux-rebelles-a-prendre-le-pouvoir-lafrique-menacee"},"wordCount":1433,"commentCount":0,"image":{"@id":"https:\/\/www.africa-press.net\/senegal\/politique\/soutien-international-aux-rebelles-a-prendre-le-pouvoir-lafrique-menacee#primaryimage"},"thumbnailUrl":"https:\/\/static.africa-press.net\/senegal\/sites\/13\/2025\/02\/sm_1738649463.613693.jpg","keywords":["Senegal"],"articleSection":["Dossiers","Toutes les actualit\u00e9s"],"inLanguage":"fr-FR","potentialAction":[{"@type":"CommentAction","name":"Comment","target":["https:\/\/www.africa-press.net\/senegal\/politique\/soutien-international-aux-rebelles-a-prendre-le-pouvoir-lafrique-menacee#respond"]}]},{"@type":"WebPage","@id":"https:\/\/www.africa-press.net\/senegal\/politique\/soutien-international-aux-rebelles-a-prendre-le-pouvoir-lafrique-menacee","url":"https:\/\/www.africa-press.net\/senegal\/politique\/soutien-international-aux-rebelles-a-prendre-le-pouvoir-lafrique-menacee","name":"Soutien International aux Rebelles \u00e0 Prendre le Pouvoir : L\u2019Afrique Menac\u00e9e ! - Senegal","isPartOf":{"@id":"https:\/\/www.africa-press.net\/senegal\/#website"},"primaryImageOfPage":{"@id":"https:\/\/www.africa-press.net\/senegal\/politique\/soutien-international-aux-rebelles-a-prendre-le-pouvoir-lafrique-menacee#primaryimage"},"image":{"@id":"https:\/\/www.africa-press.net\/senegal\/politique\/soutien-international-aux-rebelles-a-prendre-le-pouvoir-lafrique-menacee#primaryimage"},"thumbnailUrl":"https:\/\/static.africa-press.net\/senegal\/sites\/13\/2025\/02\/sm_1738649463.613693.jpg","datePublished":"2025-02-03T13:00:00+00:00","author":{"@id":"https:\/\/www.africa-press.net\/senegal\/#\/schema\/person\/2b1cf3cd81a31e3cd26889ca66d677f1"},"breadcrumb":{"@id":"https:\/\/www.africa-press.net\/senegal\/politique\/soutien-international-aux-rebelles-a-prendre-le-pouvoir-lafrique-menacee#breadcrumb"},"inLanguage":"fr-FR","potentialAction":[{"@type":"ReadAction","target":["https:\/\/www.africa-press.net\/senegal\/politique\/soutien-international-aux-rebelles-a-prendre-le-pouvoir-lafrique-menacee"]}]},{"@type":"ImageObject","inLanguage":"fr-FR","@id":"https:\/\/www.africa-press.net\/senegal\/politique\/soutien-international-aux-rebelles-a-prendre-le-pouvoir-lafrique-menacee#primaryimage","url":"https:\/\/static.africa-press.net\/senegal\/sites\/13\/2025\/02\/sm_1738649463.613693.jpg","contentUrl":"https:\/\/static.africa-press.net\/senegal\/sites\/13\/2025\/02\/sm_1738649463.613693.jpg","width":720,"height":407,"caption":"Soutien International aux Rebelles \u00e0 Prendre le Pouvoir : L\u2019Afrique Menac\u00e9e !"},{"@type":"BreadcrumbList","@id":"https:\/\/www.africa-press.net\/senegal\/politique\/soutien-international-aux-rebelles-a-prendre-le-pouvoir-lafrique-menacee#breadcrumb","itemListElement":[{"@type":"ListItem","position":1,"name":"Accueil","item":"https:\/\/www.africa-press.net\/senegal\/"},{"@type":"ListItem","position":2,"name":"Soutien International aux Rebelles \u00e0 Prendre le Pouvoir : L\u2019Afrique Menac\u00e9e !"}]},{"@type":"WebSite","@id":"https:\/\/www.africa-press.net\/senegal\/#website","url":"https:\/\/www.africa-press.net\/senegal\/","name":"Africa Press | Senegal | Homepage","description":"Just another Africa News Agency Sites site","potentialAction":[{"@type":"SearchAction","target":{"@type":"EntryPoint","urlTemplate":"https:\/\/www.africa-press.net\/senegal\/?s={search_term_string}"},"query-input":{"@type":"PropertyValueSpecification","valueRequired":true,"valueName":"search_term_string"}}],"inLanguage":"fr-FR"},{"@type":"Person","@id":"https:\/\/www.africa-press.net\/senegal\/#\/schema\/person\/2b1cf3cd81a31e3cd26889ca66d677f1","name":"cfeditorfr","url":"https:\/\/www.africa-press.net\/senegal\/author\/cfeditorfr"}]}},"_links":{"self":[{"href":"https:\/\/www.africa-press.net\/senegal\/wp-json\/wp\/v2\/posts\/65241","targetHints":{"allow":["GET"]}}],"collection":[{"href":"https:\/\/www.africa-press.net\/senegal\/wp-json\/wp\/v2\/posts"}],"about":[{"href":"https:\/\/www.africa-press.net\/senegal\/wp-json\/wp\/v2\/types\/post"}],"author":[{"embeddable":true,"href":"https:\/\/www.africa-press.net\/senegal\/wp-json\/wp\/v2\/users\/82"}],"replies":[{"embeddable":true,"href":"https:\/\/www.africa-press.net\/senegal\/wp-json\/wp\/v2\/comments?post=65241"}],"version-history":[{"count":0,"href":"https:\/\/www.africa-press.net\/senegal\/wp-json\/wp\/v2\/posts\/65241\/revisions"}],"wp:featuredmedia":[{"embeddable":true,"href":"https:\/\/www.africa-press.net\/senegal\/wp-json\/wp\/v2\/media\/65240"}],"wp:attachment":[{"href":"https:\/\/www.africa-press.net\/senegal\/wp-json\/wp\/v2\/media?parent=65241"}],"wp:term":[{"taxonomy":"category","embeddable":true,"href":"https:\/\/www.africa-press.net\/senegal\/wp-json\/wp\/v2\/categories?post=65241"},{"taxonomy":"post_tag","embeddable":true,"href":"https:\/\/www.africa-press.net\/senegal\/wp-json\/wp\/v2\/tags?post=65241"}],"curies":[{"name":"wp","href":"https:\/\/api.w.org\/{rel}","templated":true}]}}