{"id":65243,"date":"2025-02-03T12:10:00","date_gmt":"2025-02-03T12:10:00","guid":{"rendered":"https:\/\/www.africa-press.net\/senegal\/politique\/ibrahima-hamidou-deme-le-soutien-a-un-homme-politique-ne-devrait-pas-conferer-de-privileges"},"modified":"2025-02-03T12:10:00","modified_gmt":"2025-02-03T12:10:00","slug":"ibrahima-hamidou-deme-le-soutien-a-un-homme-politique-ne-devrait-pas-conferer-de-privileges","status":"publish","type":"post","link":"https:\/\/www.africa-press.net\/senegal\/politique\/ibrahima-hamidou-deme-le-soutien-a-un-homme-politique-ne-devrait-pas-conferer-de-privileges","title":{"rendered":"Ibrahima Hamidou D\u00e9me: \u00ab le Soutien \u00e0 un Homme Politique ne Devrait pas Conf\u00e9rer de Privil\u00e8ges\u2026 \u00bb"},"content":{"rendered":"<p><span style=\"color: #ff6600\"><strong>Africa-Press &#8211; Senegal. <\/strong><\/span>Dans une publication sur ses plateformes digitales, Ibrahima Hamidou Deme a de\u0301nonce\u0301 la persistance du cliente\u0301lisme et la patrimonialisation de l\u2019E\u0301tat sous la gouvernance de Pastef.<\/p>\n<p>\u00ab La patrimonialisation de l\u2019Etat et le cliente\u0301lisme tant de\u0301crie\u0301s ces dernie\u0300res anne\u0301es, persistent de plus belle avec la gouvernance Pastef. La seule appartenance a\u0300 un parti politique ou le soutien a\u0300 un homme politique ne devrait pas confe\u0301rer de privile\u0300ges quelconques, lesquels sont de nature a\u0300 rompre l\u2019e\u0301galite\u0301 des citoyens devant la loi \u00bb, a e\u0301crit l&rsquo;ancien juge sur sa page Facebook.<\/p>\n<p>Il a, dans la foule\u0301e, questionne\u0301 la rupture d\u2019e\u0301galite\u0301 devant la loi. Selon le juriste, aucune loi, aucune jurisprudence ni me\u0302me aucune logique, ne peut justifier que des personnes poursuivies par la justice, be\u0301ne\u0301ficient de la qualite\u0301 de victimes et soient indemnise\u0301es sans de\u0301cision judiciaire. A\u0300 travers cette critique, le juge De\u0301me a souleve\u0301 une interrogation.<\/p>\n<p><strong>Pour plus d&rsquo;informations et d&rsquo;analyses sur la <span style=\"color: #ff6600\">Senegal<\/span>, suivez <span style=\"color: #ff6600\">Africa-Press<span style=\"color: #ff6600\"><\/span><\/strong><\/p>\n","protected":false},"excerpt":{"rendered":"<p>Africa-Press &#8211; Senegal. Dans une publication sur ses plateformes digitales, Ibrahima Hamidou Deme a de\u0301nonce\u0301 la persistance du cliente\u0301lisme et la patrimonialisation de l\u2019E\u0301tat sous la gouvernance de Pastef. \u00ab La patrimonialisation de l\u2019Etat et le cliente\u0301lisme tant de\u0301crie\u0301s ces dernie\u0300res anne\u0301es, persistent de plus belle avec la gouvernance Pastef. La seule appartenance a\u0300 un [&hellip;]<\/p>\n","protected":false},"author":82,"featured_media":65242,"comment_status":"open","ping_status":"closed","sticky":false,"template":"","format":"standard","meta":{"footnotes":""},"categories":[2,10],"tags":[5241,5243,5242,44],"class_list":["post-65243","post","type-post","status-publish","format-standard","has-post-thumbnail","hentry","category-politique","category-toutes-les-actualites","tag-gouvernement-pastef","tag-ibrahima-hamidou-deme","tag-privilege-politique","tag-senegal-2"],"yoast_head":"<!-- This site is optimized with the Yoast SEO Premium plugin v26.1 (Yoast SEO v27.0) - https:\/\/yoast.com\/product\/yoast-seo-premium-wordpress\/ -->\n<title>Ibrahima Hamidou D\u00e9me: \u00ab le Soutien \u00e0 un Homme Politique ne Devrait pas Conf\u00e9rer de Privil\u00e8ges\u2026 \u00bb - Senegal<\/title>\n<meta name=\"robots\" content=\"index, follow, max-snippet:-1, max-image-preview:large, max-video-preview:-1\" \/>\n<link rel=\"canonical\" href=\"https:\/\/www.africa-press.net\/senegal\/politique\/ibrahima-hamidou-deme-le-soutien-a-un-homme-politique-ne-devrait-pas-conferer-de-privileges\" \/>\n<meta property=\"og:locale\" content=\"fr_FR\" \/>\n<meta property=\"og:type\" content=\"article\" \/>\n<meta property=\"og:title\" content=\"Ibrahima Hamidou D\u00e9me: \u00ab le Soutien \u00e0 un Homme Politique ne Devrait pas Conf\u00e9rer de Privil\u00e8ges\u2026 \u00bb\" \/>\n<meta property=\"og:description\" content=\"Africa-Press &#8211; Senegal. Dans une publication sur ses plateformes digitales, Ibrahima Hamidou Deme a de\u0301nonce\u0301 la persistance du cliente\u0301lisme et la patrimonialisation de l\u2019E\u0301tat sous la gouvernance de Pastef. \u00ab La patrimonialisation de l\u2019Etat et le cliente\u0301lisme tant de\u0301crie\u0301s ces dernie\u0300res anne\u0301es, persistent de plus belle avec la gouvernance Pastef. La seule appartenance a\u0300 un [&hellip;]\" \/>\n<meta property=\"og:url\" content=\"https:\/\/www.africa-press.net\/senegal\/politique\/ibrahima-hamidou-deme-le-soutien-a-un-homme-politique-ne-devrait-pas-conferer-de-privileges\" \/>\n<meta property=\"og:site_name\" content=\"Senegal\" \/>\n<meta property=\"article:published_time\" content=\"2025-02-03T12:10:00+00:00\" \/>\n<meta name=\"author\" content=\"cfeditorfr\" \/>\n<meta name=\"twitter:card\" content=\"summary_large_image\" \/>\n<meta name=\"twitter:label1\" content=\"\u00c9crit par\" \/>\n\t<meta name=\"twitter:data1\" content=\"cfeditorfr\" \/>\n\t<meta name=\"twitter:label2\" content=\"Dur\u00e9e de lecture estim\u00e9e\" \/>\n\t<meta name=\"twitter:data2\" content=\"1 minute\" \/>\n<script type=\"application\/ld+json\" class=\"yoast-schema-graph\">{\"@context\":\"https:\/\/schema.org\",\"@graph\":[{\"@type\":\"Article\",\"@id\":\"https:\/\/www.africa-press.net\/senegal\/politique\/ibrahima-hamidou-deme-le-soutien-a-un-homme-politique-ne-devrait-pas-conferer-de-privileges#article\",\"isPartOf\":{\"@id\":\"https:\/\/www.africa-press.net\/senegal\/politique\/ibrahima-hamidou-deme-le-soutien-a-un-homme-politique-ne-devrait-pas-conferer-de-privileges\"},\"author\":{\"name\":\"cfeditorfr\",\"@id\":\"https:\/\/www.africa-press.net\/senegal\/#\/schema\/person\/2b1cf3cd81a31e3cd26889ca66d677f1\"},\"headline\":\"Ibrahima Hamidou D\u00e9me: \u00ab le Soutien \u00e0 un Homme Politique ne Devrait pas Conf\u00e9rer de Privil\u00e8ges\u2026 \u00bb\",\"datePublished\":\"2025-02-03T12:10:00+00:00\",\"mainEntityOfPage\":{\"@id\":\"https:\/\/www.africa-press.net\/senegal\/politique\/ibrahima-hamidou-deme-le-soutien-a-un-homme-politique-ne-devrait-pas-conferer-de-privileges\"},\"wordCount\":200,\"commentCount\":0,\"image\":{\"@id\":\"https:\/\/www.africa-press.net\/senegal\/politique\/ibrahima-hamidou-deme-le-soutien-a-un-homme-politique-ne-devrait-pas-conferer-de-privileges#primaryimage\"},\"thumbnailUrl\":\"https:\/\/static.africa-press.net\/senegal\/sites\/13\/2025\/02\/sm_1738649553.821645.jpg\",\"keywords\":[\"gouvernement pastef\",\"Ibrahima Hamidou Deme\",\"privilege politique\",\"Senegal\"],\"articleSection\":[\"Politique\",\"Toutes les actualit\u00e9s\"],\"inLanguage\":\"fr-FR\",\"potentialAction\":[{\"@type\":\"CommentAction\",\"name\":\"Comment\",\"target\":[\"https:\/\/www.africa-press.net\/senegal\/politique\/ibrahima-hamidou-deme-le-soutien-a-un-homme-politique-ne-devrait-pas-conferer-de-privileges#respond\"]}]},{\"@type\":\"WebPage\",\"@id\":\"https:\/\/www.africa-press.net\/senegal\/politique\/ibrahima-hamidou-deme-le-soutien-a-un-homme-politique-ne-devrait-pas-conferer-de-privileges\",\"url\":\"https:\/\/www.africa-press.net\/senegal\/politique\/ibrahima-hamidou-deme-le-soutien-a-un-homme-politique-ne-devrait-pas-conferer-de-privileges\",\"name\":\"Ibrahima Hamidou D\u00e9me: \u00ab le Soutien \u00e0 un Homme Politique ne Devrait pas Conf\u00e9rer de Privil\u00e8ges\u2026 \u00bb - Senegal\",\"isPartOf\":{\"@id\":\"https:\/\/www.africa-press.net\/senegal\/#website\"},\"primaryImageOfPage\":{\"@id\":\"https:\/\/www.africa-press.net\/senegal\/politique\/ibrahima-hamidou-deme-le-soutien-a-un-homme-politique-ne-devrait-pas-conferer-de-privileges#primaryimage\"},\"image\":{\"@id\":\"https:\/\/www.africa-press.net\/senegal\/politique\/ibrahima-hamidou-deme-le-soutien-a-un-homme-politique-ne-devrait-pas-conferer-de-privileges#primaryimage\"},\"thumbnailUrl\":\"https:\/\/static.africa-press.net\/senegal\/sites\/13\/2025\/02\/sm_1738649553.821645.jpg\",\"datePublished\":\"2025-02-03T12:10:00+00:00\",\"author\":{\"@id\":\"https:\/\/www.africa-press.net\/senegal\/#\/schema\/person\/2b1cf3cd81a31e3cd26889ca66d677f1\"},\"breadcrumb\":{\"@id\":\"https:\/\/www.africa-press.net\/senegal\/politique\/ibrahima-hamidou-deme-le-soutien-a-un-homme-politique-ne-devrait-pas-conferer-de-privileges#breadcrumb\"},\"inLanguage\":\"fr-FR\",\"potentialAction\":[{\"@type\":\"ReadAction\",\"target\":[\"https:\/\/www.africa-press.net\/senegal\/politique\/ibrahima-hamidou-deme-le-soutien-a-un-homme-politique-ne-devrait-pas-conferer-de-privileges\"]}]},{\"@type\":\"ImageObject\",\"inLanguage\":\"fr-FR\",\"@id\":\"https:\/\/www.africa-press.net\/senegal\/politique\/ibrahima-hamidou-deme-le-soutien-a-un-homme-politique-ne-devrait-pas-conferer-de-privileges#primaryimage\",\"url\":\"https:\/\/static.africa-press.net\/senegal\/sites\/13\/2025\/02\/sm_1738649553.821645.jpg\",\"contentUrl\":\"https:\/\/static.africa-press.net\/senegal\/sites\/13\/2025\/02\/sm_1738649553.821645.jpg\",\"width\":720,\"height\":350,\"caption\":\"Ibrahima Hamidou D\u00e9me: \u00ab le Soutien \u00e0 un Homme Politique ne Devrait pas Conf\u00e9rer de Privil\u00e8ges\u2026 \u00bb\"},{\"@type\":\"BreadcrumbList\",\"@id\":\"https:\/\/www.africa-press.net\/senegal\/politique\/ibrahima-hamidou-deme-le-soutien-a-un-homme-politique-ne-devrait-pas-conferer-de-privileges#breadcrumb\",\"itemListElement\":[{\"@type\":\"ListItem\",\"position\":1,\"name\":\"Accueil\",\"item\":\"https:\/\/www.africa-press.net\/senegal\/\"},{\"@type\":\"ListItem\",\"position\":2,\"name\":\"Ibrahima Hamidou D\u00e9me: \u00ab le Soutien \u00e0 un Homme Politique ne Devrait pas Conf\u00e9rer de Privil\u00e8ges\u2026 \u00bb\"}]},{\"@type\":\"WebSite\",\"@id\":\"https:\/\/www.africa-press.net\/senegal\/#website\",\"url\":\"https:\/\/www.africa-press.net\/senegal\/\",\"name\":\"Africa Press | Senegal | Homepage\",\"description\":\"Just another Africa News Agency Sites site\",\"potentialAction\":[{\"@type\":\"SearchAction\",\"target\":{\"@type\":\"EntryPoint\",\"urlTemplate\":\"https:\/\/www.africa-press.net\/senegal\/?s={search_term_string}\"},\"query-input\":{\"@type\":\"PropertyValueSpecification\",\"valueRequired\":true,\"valueName\":\"search_term_string\"}}],\"inLanguage\":\"fr-FR\"},{\"@type\":\"Person\",\"@id\":\"https:\/\/www.africa-press.net\/senegal\/#\/schema\/person\/2b1cf3cd81a31e3cd26889ca66d677f1\",\"name\":\"cfeditorfr\",\"url\":\"https:\/\/www.africa-press.net\/senegal\/author\/cfeditorfr\"}]}<\/script>\n<!-- \/ Yoast SEO Premium plugin. -->","yoast_head_json":{"title":"Ibrahima Hamidou D\u00e9me: \u00ab le Soutien \u00e0 un Homme Politique ne Devrait pas Conf\u00e9rer de Privil\u00e8ges\u2026 \u00bb - Senegal","robots":{"index":"index","follow":"follow","max-snippet":"max-snippet:-1","max-image-preview":"max-image-preview:large","max-video-preview":"max-video-preview:-1"},"canonical":"https:\/\/www.africa-press.net\/senegal\/politique\/ibrahima-hamidou-deme-le-soutien-a-un-homme-politique-ne-devrait-pas-conferer-de-privileges","og_locale":"fr_FR","og_type":"article","og_title":"Ibrahima Hamidou D\u00e9me: \u00ab le Soutien \u00e0 un Homme Politique ne Devrait pas Conf\u00e9rer de Privil\u00e8ges\u2026 \u00bb","og_description":"Africa-Press &#8211; Senegal. Dans une publication sur ses plateformes digitales, Ibrahima Hamidou Deme a de\u0301nonce\u0301 la persistance du cliente\u0301lisme et la patrimonialisation de l\u2019E\u0301tat sous la gouvernance de Pastef. \u00ab La patrimonialisation de l\u2019Etat et le cliente\u0301lisme tant de\u0301crie\u0301s ces dernie\u0300res anne\u0301es, persistent de plus belle avec la gouvernance Pastef. La seule appartenance a\u0300 un [&hellip;]","og_url":"https:\/\/www.africa-press.net\/senegal\/politique\/ibrahima-hamidou-deme-le-soutien-a-un-homme-politique-ne-devrait-pas-conferer-de-privileges","og_site_name":"Senegal","article_published_time":"2025-02-03T12:10:00+00:00","author":"cfeditorfr","twitter_card":"summary_large_image","twitter_misc":{"\u00c9crit par":"cfeditorfr","Dur\u00e9e de lecture estim\u00e9e":"1 minute"},"schema":{"@context":"https:\/\/schema.org","@graph":[{"@type":"Article","@id":"https:\/\/www.africa-press.net\/senegal\/politique\/ibrahima-hamidou-deme-le-soutien-a-un-homme-politique-ne-devrait-pas-conferer-de-privileges#article","isPartOf":{"@id":"https:\/\/www.africa-press.net\/senegal\/politique\/ibrahima-hamidou-deme-le-soutien-a-un-homme-politique-ne-devrait-pas-conferer-de-privileges"},"author":{"name":"cfeditorfr","@id":"https:\/\/www.africa-press.net\/senegal\/#\/schema\/person\/2b1cf3cd81a31e3cd26889ca66d677f1"},"headline":"Ibrahima Hamidou D\u00e9me: \u00ab le Soutien \u00e0 un Homme Politique ne Devrait pas Conf\u00e9rer de Privil\u00e8ges\u2026 \u00bb","datePublished":"2025-02-03T12:10:00+00:00","mainEntityOfPage":{"@id":"https:\/\/www.africa-press.net\/senegal\/politique\/ibrahima-hamidou-deme-le-soutien-a-un-homme-politique-ne-devrait-pas-conferer-de-privileges"},"wordCount":200,"commentCount":0,"image":{"@id":"https:\/\/www.africa-press.net\/senegal\/politique\/ibrahima-hamidou-deme-le-soutien-a-un-homme-politique-ne-devrait-pas-conferer-de-privileges#primaryimage"},"thumbnailUrl":"https:\/\/static.africa-press.net\/senegal\/sites\/13\/2025\/02\/sm_1738649553.821645.jpg","keywords":["gouvernement pastef","Ibrahima Hamidou Deme","privilege politique","Senegal"],"articleSection":["Politique","Toutes les actualit\u00e9s"],"inLanguage":"fr-FR","potentialAction":[{"@type":"CommentAction","name":"Comment","target":["https:\/\/www.africa-press.net\/senegal\/politique\/ibrahima-hamidou-deme-le-soutien-a-un-homme-politique-ne-devrait-pas-conferer-de-privileges#respond"]}]},{"@type":"WebPage","@id":"https:\/\/www.africa-press.net\/senegal\/politique\/ibrahima-hamidou-deme-le-soutien-a-un-homme-politique-ne-devrait-pas-conferer-de-privileges","url":"https:\/\/www.africa-press.net\/senegal\/politique\/ibrahima-hamidou-deme-le-soutien-a-un-homme-politique-ne-devrait-pas-conferer-de-privileges","name":"Ibrahima Hamidou D\u00e9me: \u00ab le Soutien \u00e0 un Homme Politique ne Devrait pas Conf\u00e9rer de Privil\u00e8ges\u2026 \u00bb - Senegal","isPartOf":{"@id":"https:\/\/www.africa-press.net\/senegal\/#website"},"primaryImageOfPage":{"@id":"https:\/\/www.africa-press.net\/senegal\/politique\/ibrahima-hamidou-deme-le-soutien-a-un-homme-politique-ne-devrait-pas-conferer-de-privileges#primaryimage"},"image":{"@id":"https:\/\/www.africa-press.net\/senegal\/politique\/ibrahima-hamidou-deme-le-soutien-a-un-homme-politique-ne-devrait-pas-conferer-de-privileges#primaryimage"},"thumbnailUrl":"https:\/\/static.africa-press.net\/senegal\/sites\/13\/2025\/02\/sm_1738649553.821645.jpg","datePublished":"2025-02-03T12:10:00+00:00","author":{"@id":"https:\/\/www.africa-press.net\/senegal\/#\/schema\/person\/2b1cf3cd81a31e3cd26889ca66d677f1"},"breadcrumb":{"@id":"https:\/\/www.africa-press.net\/senegal\/politique\/ibrahima-hamidou-deme-le-soutien-a-un-homme-politique-ne-devrait-pas-conferer-de-privileges#breadcrumb"},"inLanguage":"fr-FR","potentialAction":[{"@type":"ReadAction","target":["https:\/\/www.africa-press.net\/senegal\/politique\/ibrahima-hamidou-deme-le-soutien-a-un-homme-politique-ne-devrait-pas-conferer-de-privileges"]}]},{"@type":"ImageObject","inLanguage":"fr-FR","@id":"https:\/\/www.africa-press.net\/senegal\/politique\/ibrahima-hamidou-deme-le-soutien-a-un-homme-politique-ne-devrait-pas-conferer-de-privileges#primaryimage","url":"https:\/\/static.africa-press.net\/senegal\/sites\/13\/2025\/02\/sm_1738649553.821645.jpg","contentUrl":"https:\/\/static.africa-press.net\/senegal\/sites\/13\/2025\/02\/sm_1738649553.821645.jpg","width":720,"height":350,"caption":"Ibrahima Hamidou D\u00e9me: \u00ab le Soutien \u00e0 un Homme Politique ne Devrait pas Conf\u00e9rer de Privil\u00e8ges\u2026 \u00bb"},{"@type":"BreadcrumbList","@id":"https:\/\/www.africa-press.net\/senegal\/politique\/ibrahima-hamidou-deme-le-soutien-a-un-homme-politique-ne-devrait-pas-conferer-de-privileges#breadcrumb","itemListElement":[{"@type":"ListItem","position":1,"name":"Accueil","item":"https:\/\/www.africa-press.net\/senegal\/"},{"@type":"ListItem","position":2,"name":"Ibrahima Hamidou D\u00e9me: \u00ab le Soutien \u00e0 un Homme Politique ne Devrait pas Conf\u00e9rer de Privil\u00e8ges\u2026 \u00bb"}]},{"@type":"WebSite","@id":"https:\/\/www.africa-press.net\/senegal\/#website","url":"https:\/\/www.africa-press.net\/senegal\/","name":"Africa Press | Senegal | Homepage","description":"Just another Africa News Agency Sites site","potentialAction":[{"@type":"SearchAction","target":{"@type":"EntryPoint","urlTemplate":"https:\/\/www.africa-press.net\/senegal\/?s={search_term_string}"},"query-input":{"@type":"PropertyValueSpecification","valueRequired":true,"valueName":"search_term_string"}}],"inLanguage":"fr-FR"},{"@type":"Person","@id":"https:\/\/www.africa-press.net\/senegal\/#\/schema\/person\/2b1cf3cd81a31e3cd26889ca66d677f1","name":"cfeditorfr","url":"https:\/\/www.africa-press.net\/senegal\/author\/cfeditorfr"}]}},"_links":{"self":[{"href":"https:\/\/www.africa-press.net\/senegal\/wp-json\/wp\/v2\/posts\/65243","targetHints":{"allow":["GET"]}}],"collection":[{"href":"https:\/\/www.africa-press.net\/senegal\/wp-json\/wp\/v2\/posts"}],"about":[{"href":"https:\/\/www.africa-press.net\/senegal\/wp-json\/wp\/v2\/types\/post"}],"author":[{"embeddable":true,"href":"https:\/\/www.africa-press.net\/senegal\/wp-json\/wp\/v2\/users\/82"}],"replies":[{"embeddable":true,"href":"https:\/\/www.africa-press.net\/senegal\/wp-json\/wp\/v2\/comments?post=65243"}],"version-history":[{"count":0,"href":"https:\/\/www.africa-press.net\/senegal\/wp-json\/wp\/v2\/posts\/65243\/revisions"}],"wp:featuredmedia":[{"embeddable":true,"href":"https:\/\/www.africa-press.net\/senegal\/wp-json\/wp\/v2\/media\/65242"}],"wp:attachment":[{"href":"https:\/\/www.africa-press.net\/senegal\/wp-json\/wp\/v2\/media?parent=65243"}],"wp:term":[{"taxonomy":"category","embeddable":true,"href":"https:\/\/www.africa-press.net\/senegal\/wp-json\/wp\/v2\/categories?post=65243"},{"taxonomy":"post_tag","embeddable":true,"href":"https:\/\/www.africa-press.net\/senegal\/wp-json\/wp\/v2\/tags?post=65243"}],"curies":[{"name":"wp","href":"https:\/\/api.w.org\/{rel}","templated":true}]}}