{"id":65247,"date":"2025-02-03T14:00:00","date_gmt":"2025-02-03T14:00:00","guid":{"rendered":"https:\/\/www.africa-press.net\/senegal\/politique\/saint-louis-signature-dune-convention-de-partenariat-entre-la-saed-et-le-prdc-vfs"},"modified":"2025-02-03T14:00:00","modified_gmt":"2025-02-03T14:00:00","slug":"saint-louis-signature-dune-convention-de-partenariat-entre-la-saed-et-le-prdc-vfs","status":"publish","type":"post","link":"https:\/\/www.africa-press.net\/senegal\/politique\/saint-louis-signature-dune-convention-de-partenariat-entre-la-saed-et-le-prdc-vfs","title":{"rendered":"Saint-Louis : Signature D\u2019Une Convention de Partenariat entre la SAED et le PRDC-VFS"},"content":{"rendered":"<p><span style=\"color: #ff6600\"><strong>Africa-Press &#8211; Senegal. <\/strong><\/span>Le Se\u0301ne\u0301gal a e\u0301te\u0301 se\u0301lectionne\u0301 parmi dix Etats membres de l\u2019Organisation de l\u2019Aviation civile internationale (OACI) pour une e\u0301tude de faisabilite\u0301 de la production de carburants d\u2019aviation durables (SAF) en 2026, a-t-on appris lundi de l\u2019Agence nationale de l\u2019aviation civile et de la me\u0301te\u0301orologie (ANACIM).<\/p>\n<p>Pour pre\u0301parer \u2018\u2019les prochaines e\u0301tapes de la production de carburants e\u0301ligibles au Programme de compensation et de re\u0301duction des e\u0301missions de carbone pour l\u2019aviation internationale (CORSIA), notamment les SAF, un atelier re\u0301gional pour sensibiliser toutes les parties prenantes, se tient, les 03 et 04 fe\u0301vrier, a\u0300 la Direction ge\u0301ne\u0301rale de l\u2019Agence nationale de l\u2019aviation civile et de la me\u0301te\u0301orologie (ANACIM), point focal CORSIA au Se\u0301ne\u0301gal\u2019\u2019, indique un communique\u0301 transmis a\u0300 l\u2019APS.<\/p>\n<p>La me\u0302me source souligne que \u00bbplusieurs entite\u0301s, comme les ministe\u0300res des Infrastructures et des Transports terrestres et ae\u0301riens, de l\u2019Environnement et de la Transition e\u0301cologique, des Energies, du Pe\u0301trole et des Mines, ainsi que les compagnies ae\u0301riennes nationales et les gestionnaires d\u2019ae\u0301roports comme LAS (Limak-Aibd-Summa) et AIBD SA ou encore la socie\u0301te\u0301 de manutention de carburants aviation (SMCADY) et la socie\u0301te\u0301 de handling 2AS, participent a\u0300 la rencontre en pre\u0301sentiel et en ligne\u2019\u2019.<\/p>\n<p>Elle ajoute qu\u2019une de\u0301le\u0301gation venue du Togo, compose\u0301e de repre\u0301sentants de l\u2019Agence nationale de l\u2019Aviation civile du Togo, de la Direction des hydrocarbures et du ministe\u0300re de l\u2019Environnement de ce pays, participe e\u0301galement aux travaux.<\/p>\n<p>Selon le communique\u0301, \u2018\u2019le Directeur ge\u0301ne\u0301ral de l\u2019ANACIM, Dr Diaga Basse, a rappele\u0301 qu\u2019en 2019, l\u2019aviation civile \u00bbrepre\u0301sentait environ 2 % des e\u0301missions mondiales de CO2\u2032 \u00bb\u2018.<\/p>\n<p>\u2018\u2019Ce pourcentage, a-t-il de\u0301clare\u0301, devrait e\u0301voluer dans les anne\u0301es a\u0300 venir avec l\u2019augmentation du trafic ae\u0301rien\u2019\u2019, tandis que \u2018\u2019les SAF peuvent permettre une re\u0301duction significative jusqu\u2019a\u0300 80% des e\u0301missions de CO2 sur leur cycle de vie complet, s\u2019ils respectent les crite\u0300res de durabilite\u0301, contrairement aux carburants fossiles traditionnels\u2019\u2019.<\/p>\n<p>Ouvert lundi a\u0300 Dakar, l\u2019atelier qui prend fin mardi, se tient dans le cadre du Programme de renforcement des capacite\u0301s pour l\u2019atte\u0301nuation des e\u0301missions de CO2 de l\u2019aviation internationale en Afrique et dans les Carai\u0308bes, finance\u0301 par l\u2019Union Europe\u0301enne et mis en \u0153uvre par l\u2019Agence de l\u2019Union europe\u0301enne pour la se\u0301curite\u0301 ae\u0301rienne (EASA).<\/p>\n<p><strong>Pour plus d&rsquo;informations et d&rsquo;analyses sur la <span style=\"color: #ff6600\">Senegal<\/span>, suivez <span style=\"color: #ff6600\">Africa-Press<span style=\"color: #ff6600\"><\/span><\/strong><\/p>\n","protected":false},"excerpt":{"rendered":"<p>Africa-Press &#8211; Senegal. Le Se\u0301ne\u0301gal a e\u0301te\u0301 se\u0301lectionne\u0301 parmi dix Etats membres de l\u2019Organisation de l\u2019Aviation civile internationale (OACI) pour une e\u0301tude de faisabilite\u0301 de la production de carburants d\u2019aviation durables (SAF) en 2026, a-t-on appris lundi de l\u2019Agence nationale de l\u2019aviation civile et de la me\u0301te\u0301orologie (ANACIM). Pour pre\u0301parer \u2018\u2019les prochaines e\u0301tapes de la [&hellip;]<\/p>\n","protected":false},"author":82,"featured_media":65246,"comment_status":"open","ping_status":"closed","sticky":false,"template":"","format":"standard","meta":{"footnotes":""},"categories":[3,2,20,10],"tags":[44],"class_list":["post-65247","post","type-post","status-publish","format-standard","has-post-thumbnail","hentry","category-economie","category-politique","category-top-nouvelles","category-toutes-les-actualites","tag-senegal-2"],"yoast_head":"<!-- This site is optimized with the Yoast SEO Premium plugin v26.1 (Yoast SEO v27.0) - https:\/\/yoast.com\/product\/yoast-seo-premium-wordpress\/ -->\n<title>Saint-Louis : Signature D\u2019Une Convention de Partenariat entre la SAED et le PRDC-VFS - Senegal<\/title>\n<meta name=\"robots\" content=\"index, follow, max-snippet:-1, max-image-preview:large, max-video-preview:-1\" \/>\n<link rel=\"canonical\" href=\"https:\/\/www.africa-press.net\/senegal\/politique\/saint-louis-signature-dune-convention-de-partenariat-entre-la-saed-et-le-prdc-vfs\" \/>\n<meta property=\"og:locale\" content=\"fr_FR\" \/>\n<meta property=\"og:type\" content=\"article\" \/>\n<meta property=\"og:title\" content=\"Saint-Louis : Signature D\u2019Une Convention de Partenariat entre la SAED et le PRDC-VFS\" \/>\n<meta property=\"og:description\" content=\"Africa-Press &#8211; Senegal. Le Se\u0301ne\u0301gal a e\u0301te\u0301 se\u0301lectionne\u0301 parmi dix Etats membres de l\u2019Organisation de l\u2019Aviation civile internationale (OACI) pour une e\u0301tude de faisabilite\u0301 de la production de carburants d\u2019aviation durables (SAF) en 2026, a-t-on appris lundi de l\u2019Agence nationale de l\u2019aviation civile et de la me\u0301te\u0301orologie (ANACIM). Pour pre\u0301parer \u2018\u2019les prochaines e\u0301tapes de la [&hellip;]\" \/>\n<meta property=\"og:url\" content=\"https:\/\/www.africa-press.net\/senegal\/politique\/saint-louis-signature-dune-convention-de-partenariat-entre-la-saed-et-le-prdc-vfs\" \/>\n<meta property=\"og:site_name\" content=\"Senegal\" \/>\n<meta property=\"article:published_time\" content=\"2025-02-03T14:00:00+00:00\" \/>\n<meta name=\"author\" content=\"cfeditorfr\" \/>\n<meta name=\"twitter:card\" content=\"summary_large_image\" \/>\n<meta name=\"twitter:label1\" content=\"\u00c9crit par\" \/>\n\t<meta name=\"twitter:data1\" content=\"cfeditorfr\" \/>\n\t<meta name=\"twitter:label2\" content=\"Dur\u00e9e de lecture estim\u00e9e\" \/>\n\t<meta name=\"twitter:data2\" content=\"2 minutes\" \/>\n<script type=\"application\/ld+json\" class=\"yoast-schema-graph\">{\"@context\":\"https:\/\/schema.org\",\"@graph\":[{\"@type\":\"Article\",\"@id\":\"https:\/\/www.africa-press.net\/senegal\/politique\/saint-louis-signature-dune-convention-de-partenariat-entre-la-saed-et-le-prdc-vfs#article\",\"isPartOf\":{\"@id\":\"https:\/\/www.africa-press.net\/senegal\/politique\/saint-louis-signature-dune-convention-de-partenariat-entre-la-saed-et-le-prdc-vfs\"},\"author\":{\"name\":\"cfeditorfr\",\"@id\":\"https:\/\/www.africa-press.net\/senegal\/#\/schema\/person\/2b1cf3cd81a31e3cd26889ca66d677f1\"},\"headline\":\"Saint-Louis : Signature D\u2019Une Convention de Partenariat entre la SAED et le PRDC-VFS\",\"datePublished\":\"2025-02-03T14:00:00+00:00\",\"mainEntityOfPage\":{\"@id\":\"https:\/\/www.africa-press.net\/senegal\/politique\/saint-louis-signature-dune-convention-de-partenariat-entre-la-saed-et-le-prdc-vfs\"},\"wordCount\":455,\"commentCount\":0,\"image\":{\"@id\":\"https:\/\/www.africa-press.net\/senegal\/politique\/saint-louis-signature-dune-convention-de-partenariat-entre-la-saed-et-le-prdc-vfs#primaryimage\"},\"thumbnailUrl\":\"https:\/\/static.africa-press.net\/senegal\/sites\/13\/2025\/02\/sm_1738649576.788539.jpg\",\"keywords\":[\"Senegal\"],\"articleSection\":[\"\u00c9conomie\",\"Politique\",\"Top Nouvelles\",\"Toutes les actualit\u00e9s\"],\"inLanguage\":\"fr-FR\",\"potentialAction\":[{\"@type\":\"CommentAction\",\"name\":\"Comment\",\"target\":[\"https:\/\/www.africa-press.net\/senegal\/politique\/saint-louis-signature-dune-convention-de-partenariat-entre-la-saed-et-le-prdc-vfs#respond\"]}]},{\"@type\":\"WebPage\",\"@id\":\"https:\/\/www.africa-press.net\/senegal\/politique\/saint-louis-signature-dune-convention-de-partenariat-entre-la-saed-et-le-prdc-vfs\",\"url\":\"https:\/\/www.africa-press.net\/senegal\/politique\/saint-louis-signature-dune-convention-de-partenariat-entre-la-saed-et-le-prdc-vfs\",\"name\":\"Saint-Louis : Signature D\u2019Une Convention de Partenariat entre la SAED et le PRDC-VFS - Senegal\",\"isPartOf\":{\"@id\":\"https:\/\/www.africa-press.net\/senegal\/#website\"},\"primaryImageOfPage\":{\"@id\":\"https:\/\/www.africa-press.net\/senegal\/politique\/saint-louis-signature-dune-convention-de-partenariat-entre-la-saed-et-le-prdc-vfs#primaryimage\"},\"image\":{\"@id\":\"https:\/\/www.africa-press.net\/senegal\/politique\/saint-louis-signature-dune-convention-de-partenariat-entre-la-saed-et-le-prdc-vfs#primaryimage\"},\"thumbnailUrl\":\"https:\/\/static.africa-press.net\/senegal\/sites\/13\/2025\/02\/sm_1738649576.788539.jpg\",\"datePublished\":\"2025-02-03T14:00:00+00:00\",\"author\":{\"@id\":\"https:\/\/www.africa-press.net\/senegal\/#\/schema\/person\/2b1cf3cd81a31e3cd26889ca66d677f1\"},\"breadcrumb\":{\"@id\":\"https:\/\/www.africa-press.net\/senegal\/politique\/saint-louis-signature-dune-convention-de-partenariat-entre-la-saed-et-le-prdc-vfs#breadcrumb\"},\"inLanguage\":\"fr-FR\",\"potentialAction\":[{\"@type\":\"ReadAction\",\"target\":[\"https:\/\/www.africa-press.net\/senegal\/politique\/saint-louis-signature-dune-convention-de-partenariat-entre-la-saed-et-le-prdc-vfs\"]}]},{\"@type\":\"ImageObject\",\"inLanguage\":\"fr-FR\",\"@id\":\"https:\/\/www.africa-press.net\/senegal\/politique\/saint-louis-signature-dune-convention-de-partenariat-entre-la-saed-et-le-prdc-vfs#primaryimage\",\"url\":\"https:\/\/static.africa-press.net\/senegal\/sites\/13\/2025\/02\/sm_1738649576.788539.jpg\",\"contentUrl\":\"https:\/\/static.africa-press.net\/senegal\/sites\/13\/2025\/02\/sm_1738649576.788539.jpg\",\"width\":1049,\"height\":592,\"caption\":\"Saint-Louis : Signature D\u2019Une Convention de Partenariat entre la SAED et le PRDC-VFS\"},{\"@type\":\"BreadcrumbList\",\"@id\":\"https:\/\/www.africa-press.net\/senegal\/politique\/saint-louis-signature-dune-convention-de-partenariat-entre-la-saed-et-le-prdc-vfs#breadcrumb\",\"itemListElement\":[{\"@type\":\"ListItem\",\"position\":1,\"name\":\"Accueil\",\"item\":\"https:\/\/www.africa-press.net\/senegal\/\"},{\"@type\":\"ListItem\",\"position\":2,\"name\":\"Saint-Louis : Signature D\u2019Une Convention de Partenariat entre la SAED et le PRDC-VFS\"}]},{\"@type\":\"WebSite\",\"@id\":\"https:\/\/www.africa-press.net\/senegal\/#website\",\"url\":\"https:\/\/www.africa-press.net\/senegal\/\",\"name\":\"Africa Press | Senegal | Homepage\",\"description\":\"Just another Africa News Agency Sites site\",\"potentialAction\":[{\"@type\":\"SearchAction\",\"target\":{\"@type\":\"EntryPoint\",\"urlTemplate\":\"https:\/\/www.africa-press.net\/senegal\/?s={search_term_string}\"},\"query-input\":{\"@type\":\"PropertyValueSpecification\",\"valueRequired\":true,\"valueName\":\"search_term_string\"}}],\"inLanguage\":\"fr-FR\"},{\"@type\":\"Person\",\"@id\":\"https:\/\/www.africa-press.net\/senegal\/#\/schema\/person\/2b1cf3cd81a31e3cd26889ca66d677f1\",\"name\":\"cfeditorfr\",\"url\":\"https:\/\/www.africa-press.net\/senegal\/author\/cfeditorfr\"}]}<\/script>\n<!-- \/ Yoast SEO Premium plugin. -->","yoast_head_json":{"title":"Saint-Louis : Signature D\u2019Une Convention de Partenariat entre la SAED et le PRDC-VFS - Senegal","robots":{"index":"index","follow":"follow","max-snippet":"max-snippet:-1","max-image-preview":"max-image-preview:large","max-video-preview":"max-video-preview:-1"},"canonical":"https:\/\/www.africa-press.net\/senegal\/politique\/saint-louis-signature-dune-convention-de-partenariat-entre-la-saed-et-le-prdc-vfs","og_locale":"fr_FR","og_type":"article","og_title":"Saint-Louis : Signature D\u2019Une Convention de Partenariat entre la SAED et le PRDC-VFS","og_description":"Africa-Press &#8211; Senegal. Le Se\u0301ne\u0301gal a e\u0301te\u0301 se\u0301lectionne\u0301 parmi dix Etats membres de l\u2019Organisation de l\u2019Aviation civile internationale (OACI) pour une e\u0301tude de faisabilite\u0301 de la production de carburants d\u2019aviation durables (SAF) en 2026, a-t-on appris lundi de l\u2019Agence nationale de l\u2019aviation civile et de la me\u0301te\u0301orologie (ANACIM). Pour pre\u0301parer \u2018\u2019les prochaines e\u0301tapes de la [&hellip;]","og_url":"https:\/\/www.africa-press.net\/senegal\/politique\/saint-louis-signature-dune-convention-de-partenariat-entre-la-saed-et-le-prdc-vfs","og_site_name":"Senegal","article_published_time":"2025-02-03T14:00:00+00:00","author":"cfeditorfr","twitter_card":"summary_large_image","twitter_misc":{"\u00c9crit par":"cfeditorfr","Dur\u00e9e de lecture estim\u00e9e":"2 minutes"},"schema":{"@context":"https:\/\/schema.org","@graph":[{"@type":"Article","@id":"https:\/\/www.africa-press.net\/senegal\/politique\/saint-louis-signature-dune-convention-de-partenariat-entre-la-saed-et-le-prdc-vfs#article","isPartOf":{"@id":"https:\/\/www.africa-press.net\/senegal\/politique\/saint-louis-signature-dune-convention-de-partenariat-entre-la-saed-et-le-prdc-vfs"},"author":{"name":"cfeditorfr","@id":"https:\/\/www.africa-press.net\/senegal\/#\/schema\/person\/2b1cf3cd81a31e3cd26889ca66d677f1"},"headline":"Saint-Louis : Signature D\u2019Une Convention de Partenariat entre la SAED et le PRDC-VFS","datePublished":"2025-02-03T14:00:00+00:00","mainEntityOfPage":{"@id":"https:\/\/www.africa-press.net\/senegal\/politique\/saint-louis-signature-dune-convention-de-partenariat-entre-la-saed-et-le-prdc-vfs"},"wordCount":455,"commentCount":0,"image":{"@id":"https:\/\/www.africa-press.net\/senegal\/politique\/saint-louis-signature-dune-convention-de-partenariat-entre-la-saed-et-le-prdc-vfs#primaryimage"},"thumbnailUrl":"https:\/\/static.africa-press.net\/senegal\/sites\/13\/2025\/02\/sm_1738649576.788539.jpg","keywords":["Senegal"],"articleSection":["\u00c9conomie","Politique","Top Nouvelles","Toutes les actualit\u00e9s"],"inLanguage":"fr-FR","potentialAction":[{"@type":"CommentAction","name":"Comment","target":["https:\/\/www.africa-press.net\/senegal\/politique\/saint-louis-signature-dune-convention-de-partenariat-entre-la-saed-et-le-prdc-vfs#respond"]}]},{"@type":"WebPage","@id":"https:\/\/www.africa-press.net\/senegal\/politique\/saint-louis-signature-dune-convention-de-partenariat-entre-la-saed-et-le-prdc-vfs","url":"https:\/\/www.africa-press.net\/senegal\/politique\/saint-louis-signature-dune-convention-de-partenariat-entre-la-saed-et-le-prdc-vfs","name":"Saint-Louis : Signature D\u2019Une Convention de Partenariat entre la SAED et le PRDC-VFS - Senegal","isPartOf":{"@id":"https:\/\/www.africa-press.net\/senegal\/#website"},"primaryImageOfPage":{"@id":"https:\/\/www.africa-press.net\/senegal\/politique\/saint-louis-signature-dune-convention-de-partenariat-entre-la-saed-et-le-prdc-vfs#primaryimage"},"image":{"@id":"https:\/\/www.africa-press.net\/senegal\/politique\/saint-louis-signature-dune-convention-de-partenariat-entre-la-saed-et-le-prdc-vfs#primaryimage"},"thumbnailUrl":"https:\/\/static.africa-press.net\/senegal\/sites\/13\/2025\/02\/sm_1738649576.788539.jpg","datePublished":"2025-02-03T14:00:00+00:00","author":{"@id":"https:\/\/www.africa-press.net\/senegal\/#\/schema\/person\/2b1cf3cd81a31e3cd26889ca66d677f1"},"breadcrumb":{"@id":"https:\/\/www.africa-press.net\/senegal\/politique\/saint-louis-signature-dune-convention-de-partenariat-entre-la-saed-et-le-prdc-vfs#breadcrumb"},"inLanguage":"fr-FR","potentialAction":[{"@type":"ReadAction","target":["https:\/\/www.africa-press.net\/senegal\/politique\/saint-louis-signature-dune-convention-de-partenariat-entre-la-saed-et-le-prdc-vfs"]}]},{"@type":"ImageObject","inLanguage":"fr-FR","@id":"https:\/\/www.africa-press.net\/senegal\/politique\/saint-louis-signature-dune-convention-de-partenariat-entre-la-saed-et-le-prdc-vfs#primaryimage","url":"https:\/\/static.africa-press.net\/senegal\/sites\/13\/2025\/02\/sm_1738649576.788539.jpg","contentUrl":"https:\/\/static.africa-press.net\/senegal\/sites\/13\/2025\/02\/sm_1738649576.788539.jpg","width":1049,"height":592,"caption":"Saint-Louis : Signature D\u2019Une Convention de Partenariat entre la SAED et le PRDC-VFS"},{"@type":"BreadcrumbList","@id":"https:\/\/www.africa-press.net\/senegal\/politique\/saint-louis-signature-dune-convention-de-partenariat-entre-la-saed-et-le-prdc-vfs#breadcrumb","itemListElement":[{"@type":"ListItem","position":1,"name":"Accueil","item":"https:\/\/www.africa-press.net\/senegal\/"},{"@type":"ListItem","position":2,"name":"Saint-Louis : Signature D\u2019Une Convention de Partenariat entre la SAED et le PRDC-VFS"}]},{"@type":"WebSite","@id":"https:\/\/www.africa-press.net\/senegal\/#website","url":"https:\/\/www.africa-press.net\/senegal\/","name":"Africa Press | Senegal | Homepage","description":"Just another Africa News Agency Sites site","potentialAction":[{"@type":"SearchAction","target":{"@type":"EntryPoint","urlTemplate":"https:\/\/www.africa-press.net\/senegal\/?s={search_term_string}"},"query-input":{"@type":"PropertyValueSpecification","valueRequired":true,"valueName":"search_term_string"}}],"inLanguage":"fr-FR"},{"@type":"Person","@id":"https:\/\/www.africa-press.net\/senegal\/#\/schema\/person\/2b1cf3cd81a31e3cd26889ca66d677f1","name":"cfeditorfr","url":"https:\/\/www.africa-press.net\/senegal\/author\/cfeditorfr"}]}},"_links":{"self":[{"href":"https:\/\/www.africa-press.net\/senegal\/wp-json\/wp\/v2\/posts\/65247","targetHints":{"allow":["GET"]}}],"collection":[{"href":"https:\/\/www.africa-press.net\/senegal\/wp-json\/wp\/v2\/posts"}],"about":[{"href":"https:\/\/www.africa-press.net\/senegal\/wp-json\/wp\/v2\/types\/post"}],"author":[{"embeddable":true,"href":"https:\/\/www.africa-press.net\/senegal\/wp-json\/wp\/v2\/users\/82"}],"replies":[{"embeddable":true,"href":"https:\/\/www.africa-press.net\/senegal\/wp-json\/wp\/v2\/comments?post=65247"}],"version-history":[{"count":0,"href":"https:\/\/www.africa-press.net\/senegal\/wp-json\/wp\/v2\/posts\/65247\/revisions"}],"wp:featuredmedia":[{"embeddable":true,"href":"https:\/\/www.africa-press.net\/senegal\/wp-json\/wp\/v2\/media\/65246"}],"wp:attachment":[{"href":"https:\/\/www.africa-press.net\/senegal\/wp-json\/wp\/v2\/media?parent=65247"}],"wp:term":[{"taxonomy":"category","embeddable":true,"href":"https:\/\/www.africa-press.net\/senegal\/wp-json\/wp\/v2\/categories?post=65247"},{"taxonomy":"post_tag","embeddable":true,"href":"https:\/\/www.africa-press.net\/senegal\/wp-json\/wp\/v2\/tags?post=65247"}],"curies":[{"name":"wp","href":"https:\/\/api.w.org\/{rel}","templated":true}]}}