{"id":65249,"date":"2025-02-02T01:04:43","date_gmt":"2025-02-02T01:04:43","guid":{"rendered":"https:\/\/www.africa-press.net\/senegal\/politique\/pauvrete-et-chomage-persistent-dans-la-cemac-selon-le-rapport-de-la-banque-mondiale"},"modified":"2025-05-05T19:10:11","modified_gmt":"2025-05-05T19:10:11","slug":"pauvrete-et-chomage-persistent-dans-la-cemac-selon-le-rapport-de-la-banque-mondiale","status":"publish","type":"post","link":"https:\/\/www.africa-press.net\/senegal\/economie\/pauvrete-et-chomage-persistent-dans-la-cemac-selon-le-rapport-de-la-banque-mondiale","title":{"rendered":"Pauvret\u00e9 et Ch\u00f4mage Persistent dans la CEMAC, Selon le Rapport de la Banque Mondiale"},"content":{"rendered":"<p><span style=\"color: #ff6600\"><strong>Africa-Press &#8211; Senegal. <\/strong><\/span>La re\u0301gion de la Communaute\u0301 E\u0301conomique et Mone\u0301taire de l&rsquo;Afrique Centrale (CEMAC), compose\u0301e du Cameroun, du Tchad, du Gabon, de la Guine\u0301e E\u0301quatoriale, de la Re\u0301publique Centrafricaine et de la Re\u0301publique du Congo, fait face a\u0300 un panorama e\u0301conomique complexe en 2024, selon le dernier Barome\u0300tre E\u0301conomique de la Banque mondiale. Bien qu&rsquo;une reprise de la croissance e\u0301conomique soit attendue, des de\u0301fis persistent, notamment en matie\u0300re de pauvrete\u0301, de cho\u0302mage et de de\u0301pendance aux ressources naturelles.<\/p>\n<p>Le rapport re\u0301ve\u0300le que la CEMAC a connu un ralentissement en 2023, avec une croissance du PIB de 1,8 %, contre 3,1 % en 2022. Cependant, une reprise de 3,4 % est projete\u0301e pour 2024, principalement tire\u0301e par le secteur des hydrocarbures. Malgre\u0301 cette croissance mode\u0301re\u0301e, la pauvrete\u0301 continue d&rsquo;augmenter, avec un tiers de la population vivant dans une pauvrete\u0301 extre\u0302me (moins de 2,15 USD par jour). De plus, le cho\u0302mage des jeunes est alarmant, avec un sur cinq sans emploi, e\u0301ducation ni formation.<\/p>\n<p>L&rsquo;inflation, quant a\u0300 elle, a diminue\u0301 de 6,3 % en 2022 a\u0300 4,5 % en 2023, gra\u0302ce a\u0300 une politique mone\u0301taire stricte de la Banque des E\u0301tats de l&rsquo;Afrique Centrale (BEAC) et a\u0300 l&rsquo;ame\u0301lioration des chai\u0302nes d&rsquo;approvisionnement mondiales. Ne\u0301anmoins, les risques e\u0301conomiques demeurent, notamment la volatilite\u0301 des prix du pe\u0301trole, l&rsquo;instabilite\u0301 politique et les phe\u0301nome\u0300nes climatiques.<\/p>\n<p>Le rapport met en lumie\u0300re la ne\u0301cessite\u0301 de diversifier l&rsquo;e\u0301conomie de la re\u0301gion, qui de\u0301pend largement des exportations de pe\u0301trole et de gaz. Le manque d&rsquo;infrastructures ade\u0301quates, notamment en matie\u0300re d&rsquo;e\u0301nergie et de transport, limite la croissance, tandis que le commerce intra-re\u0301gional reste faible en raison des barrie\u0300res tarifaires et non tarifaires.<\/p>\n<p>La Banque mondiale recommande d&rsquo;investir dans des secteurs tels que l&rsquo;agriculture, la sylviculture et l&rsquo;industrie manufacturie\u0300re, ainsi que d&rsquo;ame\u0301liorer le capital humain a\u0300 travers l&rsquo;e\u0301ducation et la sante\u0301. En outre, une plus grande inte\u0301gration re\u0301gionale est sugge\u0301re\u0301e pour stimuler le commerce et la coope\u0301ration entre les pays de la CEMAC.<\/p>\n<p>Le rapport consacre une section spe\u0301ciale a\u0300 la conception d&rsquo;instruments fiscaux pour promouvoir un secteur forestier durable dans le Bassin du Congo, le plus grand puits de carbone du monde. Malgre\u0301 son importance mondiale, la de\u0301forestation et la de\u0301gradation forestie\u0300re augmentent, notamment en Re\u0301publique De\u0301mocratique du Congo (RDC).<\/p>\n<p>Le secteur forestier contribue seulement entre 4 % et 6 % du PIB dans les pays du Bassin du Congo, en raison de la coupe ille\u0301gale et du manque de transformation locale du bois. La Banque mondiale propose des re\u0301formes fiscales, telles que l&rsquo;ajustement des taxes forestie\u0300res en fonction de l&#8217;empreinte e\u0301cologique, l&rsquo;offre d&rsquo;incitations fiscales pour des pratiques durables et la re\u0301injection des revenus des ressources naturelles dans la conservation forestie\u0300re.<\/p>\n<p>La re\u0301gion a besoin de plus de soutien financier international pour compenser les efforts de conservation forestie\u0300re. Actuellement, les fore\u0302ts du Bassin du Congo rec\u0327oivent moins de financements que d&rsquo;autres re\u0301gions forestie\u0300res comme l&rsquo;Amazonie et l&rsquo;Asie du Sud-Est. Le rapport recommande de renforcer la gouvernance forestie\u0300re, d&rsquo;ame\u0301liorer la transparence et de promouvoir la certification forestie\u0300re.<\/p>\n<p>Il est e\u0301galement sugge\u0301re\u0301 d&rsquo;investir dans les infrastructures et les technologies nume\u0301riques pour ame\u0301liorer la surveillance et la trac\u0327abilite\u0301 des produits forestiers. La coope\u0301ration re\u0301gionale est e\u0301galement essentielle pour harmoniser les politiques fiscales et environnementales et pour lutter contre la coupe ille\u0301gale et la de\u0301forestation transfrontalie\u0300re.<\/p>\n<p>Le rapport de la Banque mondiale souligne la ne\u0301cessite\u0301 de re\u0301formes e\u0301conomiques et fiscales audacieuses pour faire face aux de\u0301fis de la re\u0301gion. La combinaison de politiques fiscales bien conc\u0327ues avec une meilleure gouvernance et coope\u0301ration internationale peut aider les pays de la CEMAC a\u0300 conserver leurs fore\u0302ts, a\u0300 promouvoir la croissance e\u0301conomique et a\u0300 re\u0301duire la pauvrete\u0301.<\/p>\n<p><strong>Pour plus d&rsquo;informations et d&rsquo;analyses sur la <span style=\"color: #ff6600\">Senegal<\/span>, suivez <span style=\"color: #ff6600\">Africa-Press<\/span><\/strong><\/p>\n","protected":false},"excerpt":{"rendered":"<p>Africa-Press &#8211; Senegal. La re\u0301gion de la Communaute\u0301 E\u0301conomique et Mone\u0301taire de l&rsquo;Afrique Centrale (CEMAC), compose\u0301e du Cameroun, du Tchad, du Gabon, de la Guine\u0301e E\u0301quatoriale, de la Re\u0301publique Centrafricaine et de la Re\u0301publique du Congo, fait face a\u0300 un panorama e\u0301conomique complexe en 2024, selon le dernier Barome\u0300tre E\u0301conomique de la Banque mondiale. Bien [&hellip;]<\/p>\n","protected":false},"author":82,"featured_media":65248,"comment_status":"open","ping_status":"closed","sticky":false,"template":"","format":"standard","meta":{"footnotes":""},"categories":[3,10],"tags":[44],"class_list":["post-65249","post","type-post","status-publish","format-standard","has-post-thumbnail","hentry","category-economie","category-toutes-les-actualites","tag-senegal-2"],"yoast_head":"<!-- This site is optimized with the Yoast SEO Premium plugin v26.1 (Yoast SEO v27.0) - https:\/\/yoast.com\/product\/yoast-seo-premium-wordpress\/ -->\n<title>Pauvret\u00e9 et Ch\u00f4mage Persistent dans la CEMAC, Selon le Rapport de la Banque Mondiale - Senegal<\/title>\n<meta name=\"description\" content=\"La re\u0301gion de la Communaute\u0301 E\u0301conomique et Mone\u0301taire de l&#039;Afrique Centrale (CEMAC), compose\u0301e du Cameroun, du Tchad, d ...\" \/>\n<meta name=\"robots\" content=\"index, follow, max-snippet:-1, max-image-preview:large, max-video-preview:-1\" \/>\n<link rel=\"canonical\" href=\"https:\/\/www.africa-press.net\/senegal\/economie\/pauvrete-et-chomage-persistent-dans-la-cemac-selon-le-rapport-de-la-banque-mondiale\" \/>\n<meta property=\"og:locale\" content=\"fr_FR\" \/>\n<meta property=\"og:type\" content=\"article\" \/>\n<meta property=\"og:title\" content=\"Pauvret\u00e9 et Ch\u00f4mage Persistent dans la CEMAC, Selon le Rapport de la Banque Mondiale\" \/>\n<meta property=\"og:description\" content=\"La re\u0301gion de la Communaute\u0301 E\u0301conomique et Mone\u0301taire de l&#039;Afrique Centrale (CEMAC), compose\u0301e du Cameroun, du Tchad, d ...\" \/>\n<meta property=\"og:url\" content=\"https:\/\/www.africa-press.net\/senegal\/economie\/pauvrete-et-chomage-persistent-dans-la-cemac-selon-le-rapport-de-la-banque-mondiale\" \/>\n<meta property=\"og:site_name\" content=\"Senegal\" \/>\n<meta property=\"article:published_time\" content=\"2025-02-02T01:04:43+00:00\" \/>\n<meta property=\"article:modified_time\" content=\"2025-05-05T19:10:11+00:00\" \/>\n<meta property=\"og:image\" content=\"https:\/\/static.africa-press.net\/senegal\/sites\/13\/2025\/02\/sm_1738660648.937437.jpg\" \/>\n\t<meta property=\"og:image:width\" content=\"1024\" \/>\n\t<meta property=\"og:image:height\" content=\"619\" \/>\n\t<meta property=\"og:image:type\" content=\"image\/jpeg\" \/>\n<meta name=\"author\" content=\"cfeditorfr\" \/>\n<meta name=\"twitter:card\" content=\"summary_large_image\" \/>\n<meta name=\"twitter:label1\" content=\"\u00c9crit par\" \/>\n\t<meta name=\"twitter:data1\" content=\"cfeditorfr\" \/>\n\t<meta name=\"twitter:label2\" content=\"Dur\u00e9e de lecture estim\u00e9e\" \/>\n\t<meta name=\"twitter:data2\" content=\"4 minutes\" \/>\n<script type=\"application\/ld+json\" class=\"yoast-schema-graph\">{\"@context\":\"https:\/\/schema.org\",\"@graph\":[{\"@type\":\"Article\",\"@id\":\"https:\/\/www.africa-press.net\/senegal\/economie\/pauvrete-et-chomage-persistent-dans-la-cemac-selon-le-rapport-de-la-banque-mondiale#article\",\"isPartOf\":{\"@id\":\"https:\/\/www.africa-press.net\/senegal\/economie\/pauvrete-et-chomage-persistent-dans-la-cemac-selon-le-rapport-de-la-banque-mondiale\"},\"author\":{\"name\":\"cfeditorfr\",\"@id\":\"https:\/\/www.africa-press.net\/senegal\/#\/schema\/person\/2b1cf3cd81a31e3cd26889ca66d677f1\"},\"headline\":\"Pauvret\u00e9 et Ch\u00f4mage Persistent dans la CEMAC, Selon le Rapport de la Banque Mondiale\",\"datePublished\":\"2025-02-02T01:04:43+00:00\",\"dateModified\":\"2025-05-05T19:10:11+00:00\",\"mainEntityOfPage\":{\"@id\":\"https:\/\/www.africa-press.net\/senegal\/economie\/pauvrete-et-chomage-persistent-dans-la-cemac-selon-le-rapport-de-la-banque-mondiale\"},\"wordCount\":727,\"commentCount\":0,\"image\":{\"@id\":\"https:\/\/www.africa-press.net\/senegal\/economie\/pauvrete-et-chomage-persistent-dans-la-cemac-selon-le-rapport-de-la-banque-mondiale#primaryimage\"},\"thumbnailUrl\":\"https:\/\/static.africa-press.net\/senegal\/sites\/13\/2025\/02\/sm_1738660648.937437.jpg\",\"keywords\":[\"Senegal\"],\"articleSection\":[\"\u00c9conomie\",\"Toutes les actualit\u00e9s\"],\"inLanguage\":\"fr-FR\",\"potentialAction\":[{\"@type\":\"CommentAction\",\"name\":\"Comment\",\"target\":[\"https:\/\/www.africa-press.net\/senegal\/economie\/pauvrete-et-chomage-persistent-dans-la-cemac-selon-le-rapport-de-la-banque-mondiale#respond\"]}]},{\"@type\":\"WebPage\",\"@id\":\"https:\/\/www.africa-press.net\/senegal\/economie\/pauvrete-et-chomage-persistent-dans-la-cemac-selon-le-rapport-de-la-banque-mondiale\",\"url\":\"https:\/\/www.africa-press.net\/senegal\/economie\/pauvrete-et-chomage-persistent-dans-la-cemac-selon-le-rapport-de-la-banque-mondiale\",\"name\":\"Pauvret\u00e9 et Ch\u00f4mage Persistent dans la CEMAC, Selon le Rapport de la Banque Mondiale - Senegal\",\"isPartOf\":{\"@id\":\"https:\/\/www.africa-press.net\/senegal\/#website\"},\"primaryImageOfPage\":{\"@id\":\"https:\/\/www.africa-press.net\/senegal\/economie\/pauvrete-et-chomage-persistent-dans-la-cemac-selon-le-rapport-de-la-banque-mondiale#primaryimage\"},\"image\":{\"@id\":\"https:\/\/www.africa-press.net\/senegal\/economie\/pauvrete-et-chomage-persistent-dans-la-cemac-selon-le-rapport-de-la-banque-mondiale#primaryimage\"},\"thumbnailUrl\":\"https:\/\/static.africa-press.net\/senegal\/sites\/13\/2025\/02\/sm_1738660648.937437.jpg\",\"datePublished\":\"2025-02-02T01:04:43+00:00\",\"dateModified\":\"2025-05-05T19:10:11+00:00\",\"author\":{\"@id\":\"https:\/\/www.africa-press.net\/senegal\/#\/schema\/person\/2b1cf3cd81a31e3cd26889ca66d677f1\"},\"description\":\"La re\u0301gion de la Communaute\u0301 E\u0301conomique et Mone\u0301taire de l'Afrique Centrale (CEMAC), compose\u0301e du Cameroun, du Tchad, d ...\",\"breadcrumb\":{\"@id\":\"https:\/\/www.africa-press.net\/senegal\/economie\/pauvrete-et-chomage-persistent-dans-la-cemac-selon-le-rapport-de-la-banque-mondiale#breadcrumb\"},\"inLanguage\":\"fr-FR\",\"potentialAction\":[{\"@type\":\"ReadAction\",\"target\":[\"https:\/\/www.africa-press.net\/senegal\/economie\/pauvrete-et-chomage-persistent-dans-la-cemac-selon-le-rapport-de-la-banque-mondiale\"]}]},{\"@type\":\"ImageObject\",\"inLanguage\":\"fr-FR\",\"@id\":\"https:\/\/www.africa-press.net\/senegal\/economie\/pauvrete-et-chomage-persistent-dans-la-cemac-selon-le-rapport-de-la-banque-mondiale#primaryimage\",\"url\":\"https:\/\/static.africa-press.net\/senegal\/sites\/13\/2025\/02\/sm_1738660648.937437.jpg\",\"contentUrl\":\"https:\/\/static.africa-press.net\/senegal\/sites\/13\/2025\/02\/sm_1738660648.937437.jpg\",\"width\":1024,\"height\":619,\"caption\":\"Pauvret\u00e9 et Ch\u00f4mage Persistent dans la CEMAC, Selon le Rapport de la Banque Mondiale\"},{\"@type\":\"BreadcrumbList\",\"@id\":\"https:\/\/www.africa-press.net\/senegal\/economie\/pauvrete-et-chomage-persistent-dans-la-cemac-selon-le-rapport-de-la-banque-mondiale#breadcrumb\",\"itemListElement\":[{\"@type\":\"ListItem\",\"position\":1,\"name\":\"Accueil\",\"item\":\"https:\/\/www.africa-press.net\/senegal\/\"},{\"@type\":\"ListItem\",\"position\":2,\"name\":\"Pauvret\u00e9 et Ch\u00f4mage Persistent dans la CEMAC, Selon le Rapport de la Banque Mondiale\"}]},{\"@type\":\"WebSite\",\"@id\":\"https:\/\/www.africa-press.net\/senegal\/#website\",\"url\":\"https:\/\/www.africa-press.net\/senegal\/\",\"name\":\"Africa Press | Senegal | Homepage\",\"description\":\"Just another Africa News Agency Sites site\",\"potentialAction\":[{\"@type\":\"SearchAction\",\"target\":{\"@type\":\"EntryPoint\",\"urlTemplate\":\"https:\/\/www.africa-press.net\/senegal\/?s={search_term_string}\"},\"query-input\":{\"@type\":\"PropertyValueSpecification\",\"valueRequired\":true,\"valueName\":\"search_term_string\"}}],\"inLanguage\":\"fr-FR\"},{\"@type\":\"Person\",\"@id\":\"https:\/\/www.africa-press.net\/senegal\/#\/schema\/person\/2b1cf3cd81a31e3cd26889ca66d677f1\",\"name\":\"cfeditorfr\",\"url\":\"https:\/\/www.africa-press.net\/senegal\/author\/cfeditorfr\"}]}<\/script>\n<!-- \/ Yoast SEO Premium plugin. -->","yoast_head_json":{"title":"Pauvret\u00e9 et Ch\u00f4mage Persistent dans la CEMAC, Selon le Rapport de la Banque Mondiale - Senegal","description":"La re\u0301gion de la Communaute\u0301 E\u0301conomique et Mone\u0301taire de l'Afrique Centrale (CEMAC), compose\u0301e du Cameroun, du Tchad, d ...","robots":{"index":"index","follow":"follow","max-snippet":"max-snippet:-1","max-image-preview":"max-image-preview:large","max-video-preview":"max-video-preview:-1"},"canonical":"https:\/\/www.africa-press.net\/senegal\/economie\/pauvrete-et-chomage-persistent-dans-la-cemac-selon-le-rapport-de-la-banque-mondiale","og_locale":"fr_FR","og_type":"article","og_title":"Pauvret\u00e9 et Ch\u00f4mage Persistent dans la CEMAC, Selon le Rapport de la Banque Mondiale","og_description":"La re\u0301gion de la Communaute\u0301 E\u0301conomique et Mone\u0301taire de l'Afrique Centrale (CEMAC), compose\u0301e du Cameroun, du Tchad, d ...","og_url":"https:\/\/www.africa-press.net\/senegal\/economie\/pauvrete-et-chomage-persistent-dans-la-cemac-selon-le-rapport-de-la-banque-mondiale","og_site_name":"Senegal","article_published_time":"2025-02-02T01:04:43+00:00","article_modified_time":"2025-05-05T19:10:11+00:00","og_image":[{"width":1024,"height":619,"url":"https:\/\/static.africa-press.net\/senegal\/sites\/13\/2025\/02\/sm_1738660648.937437.jpg","type":"image\/jpeg"}],"author":"cfeditorfr","twitter_card":"summary_large_image","twitter_misc":{"\u00c9crit par":"cfeditorfr","Dur\u00e9e de lecture estim\u00e9e":"4 minutes"},"schema":{"@context":"https:\/\/schema.org","@graph":[{"@type":"Article","@id":"https:\/\/www.africa-press.net\/senegal\/economie\/pauvrete-et-chomage-persistent-dans-la-cemac-selon-le-rapport-de-la-banque-mondiale#article","isPartOf":{"@id":"https:\/\/www.africa-press.net\/senegal\/economie\/pauvrete-et-chomage-persistent-dans-la-cemac-selon-le-rapport-de-la-banque-mondiale"},"author":{"name":"cfeditorfr","@id":"https:\/\/www.africa-press.net\/senegal\/#\/schema\/person\/2b1cf3cd81a31e3cd26889ca66d677f1"},"headline":"Pauvret\u00e9 et Ch\u00f4mage Persistent dans la CEMAC, Selon le Rapport de la Banque Mondiale","datePublished":"2025-02-02T01:04:43+00:00","dateModified":"2025-05-05T19:10:11+00:00","mainEntityOfPage":{"@id":"https:\/\/www.africa-press.net\/senegal\/economie\/pauvrete-et-chomage-persistent-dans-la-cemac-selon-le-rapport-de-la-banque-mondiale"},"wordCount":727,"commentCount":0,"image":{"@id":"https:\/\/www.africa-press.net\/senegal\/economie\/pauvrete-et-chomage-persistent-dans-la-cemac-selon-le-rapport-de-la-banque-mondiale#primaryimage"},"thumbnailUrl":"https:\/\/static.africa-press.net\/senegal\/sites\/13\/2025\/02\/sm_1738660648.937437.jpg","keywords":["Senegal"],"articleSection":["\u00c9conomie","Toutes les actualit\u00e9s"],"inLanguage":"fr-FR","potentialAction":[{"@type":"CommentAction","name":"Comment","target":["https:\/\/www.africa-press.net\/senegal\/economie\/pauvrete-et-chomage-persistent-dans-la-cemac-selon-le-rapport-de-la-banque-mondiale#respond"]}]},{"@type":"WebPage","@id":"https:\/\/www.africa-press.net\/senegal\/economie\/pauvrete-et-chomage-persistent-dans-la-cemac-selon-le-rapport-de-la-banque-mondiale","url":"https:\/\/www.africa-press.net\/senegal\/economie\/pauvrete-et-chomage-persistent-dans-la-cemac-selon-le-rapport-de-la-banque-mondiale","name":"Pauvret\u00e9 et Ch\u00f4mage Persistent dans la CEMAC, Selon le Rapport de la Banque Mondiale - Senegal","isPartOf":{"@id":"https:\/\/www.africa-press.net\/senegal\/#website"},"primaryImageOfPage":{"@id":"https:\/\/www.africa-press.net\/senegal\/economie\/pauvrete-et-chomage-persistent-dans-la-cemac-selon-le-rapport-de-la-banque-mondiale#primaryimage"},"image":{"@id":"https:\/\/www.africa-press.net\/senegal\/economie\/pauvrete-et-chomage-persistent-dans-la-cemac-selon-le-rapport-de-la-banque-mondiale#primaryimage"},"thumbnailUrl":"https:\/\/static.africa-press.net\/senegal\/sites\/13\/2025\/02\/sm_1738660648.937437.jpg","datePublished":"2025-02-02T01:04:43+00:00","dateModified":"2025-05-05T19:10:11+00:00","author":{"@id":"https:\/\/www.africa-press.net\/senegal\/#\/schema\/person\/2b1cf3cd81a31e3cd26889ca66d677f1"},"description":"La re\u0301gion de la Communaute\u0301 E\u0301conomique et Mone\u0301taire de l'Afrique Centrale (CEMAC), compose\u0301e du Cameroun, du Tchad, d ...","breadcrumb":{"@id":"https:\/\/www.africa-press.net\/senegal\/economie\/pauvrete-et-chomage-persistent-dans-la-cemac-selon-le-rapport-de-la-banque-mondiale#breadcrumb"},"inLanguage":"fr-FR","potentialAction":[{"@type":"ReadAction","target":["https:\/\/www.africa-press.net\/senegal\/economie\/pauvrete-et-chomage-persistent-dans-la-cemac-selon-le-rapport-de-la-banque-mondiale"]}]},{"@type":"ImageObject","inLanguage":"fr-FR","@id":"https:\/\/www.africa-press.net\/senegal\/economie\/pauvrete-et-chomage-persistent-dans-la-cemac-selon-le-rapport-de-la-banque-mondiale#primaryimage","url":"https:\/\/static.africa-press.net\/senegal\/sites\/13\/2025\/02\/sm_1738660648.937437.jpg","contentUrl":"https:\/\/static.africa-press.net\/senegal\/sites\/13\/2025\/02\/sm_1738660648.937437.jpg","width":1024,"height":619,"caption":"Pauvret\u00e9 et Ch\u00f4mage Persistent dans la CEMAC, Selon le Rapport de la Banque Mondiale"},{"@type":"BreadcrumbList","@id":"https:\/\/www.africa-press.net\/senegal\/economie\/pauvrete-et-chomage-persistent-dans-la-cemac-selon-le-rapport-de-la-banque-mondiale#breadcrumb","itemListElement":[{"@type":"ListItem","position":1,"name":"Accueil","item":"https:\/\/www.africa-press.net\/senegal\/"},{"@type":"ListItem","position":2,"name":"Pauvret\u00e9 et Ch\u00f4mage Persistent dans la CEMAC, Selon le Rapport de la Banque Mondiale"}]},{"@type":"WebSite","@id":"https:\/\/www.africa-press.net\/senegal\/#website","url":"https:\/\/www.africa-press.net\/senegal\/","name":"Africa Press | Senegal | Homepage","description":"Just another Africa News Agency Sites site","potentialAction":[{"@type":"SearchAction","target":{"@type":"EntryPoint","urlTemplate":"https:\/\/www.africa-press.net\/senegal\/?s={search_term_string}"},"query-input":{"@type":"PropertyValueSpecification","valueRequired":true,"valueName":"search_term_string"}}],"inLanguage":"fr-FR"},{"@type":"Person","@id":"https:\/\/www.africa-press.net\/senegal\/#\/schema\/person\/2b1cf3cd81a31e3cd26889ca66d677f1","name":"cfeditorfr","url":"https:\/\/www.africa-press.net\/senegal\/author\/cfeditorfr"}]}},"_links":{"self":[{"href":"https:\/\/www.africa-press.net\/senegal\/wp-json\/wp\/v2\/posts\/65249","targetHints":{"allow":["GET"]}}],"collection":[{"href":"https:\/\/www.africa-press.net\/senegal\/wp-json\/wp\/v2\/posts"}],"about":[{"href":"https:\/\/www.africa-press.net\/senegal\/wp-json\/wp\/v2\/types\/post"}],"author":[{"embeddable":true,"href":"https:\/\/www.africa-press.net\/senegal\/wp-json\/wp\/v2\/users\/82"}],"replies":[{"embeddable":true,"href":"https:\/\/www.africa-press.net\/senegal\/wp-json\/wp\/v2\/comments?post=65249"}],"version-history":[{"count":0,"href":"https:\/\/www.africa-press.net\/senegal\/wp-json\/wp\/v2\/posts\/65249\/revisions"}],"wp:featuredmedia":[{"embeddable":true,"href":"https:\/\/www.africa-press.net\/senegal\/wp-json\/wp\/v2\/media\/65248"}],"wp:attachment":[{"href":"https:\/\/www.africa-press.net\/senegal\/wp-json\/wp\/v2\/media?parent=65249"}],"wp:term":[{"taxonomy":"category","embeddable":true,"href":"https:\/\/www.africa-press.net\/senegal\/wp-json\/wp\/v2\/categories?post=65249"},{"taxonomy":"post_tag","embeddable":true,"href":"https:\/\/www.africa-press.net\/senegal\/wp-json\/wp\/v2\/tags?post=65249"}],"curies":[{"name":"wp","href":"https:\/\/api.w.org\/{rel}","templated":true}]}}