{"id":65271,"date":"2025-02-04T13:00:00","date_gmt":"2025-02-04T13:00:00","guid":{"rendered":"https:\/\/www.africa-press.net\/senegal\/politique\/indemnisation-des-victimes-des-evenements-de-2021-2024-adji-mbergane-kanoute-propose-la-mise-en-place-dune-commission-inclusive-a-defaut-de-jugement"},"modified":"2025-02-04T13:00:00","modified_gmt":"2025-02-04T13:00:00","slug":"indemnisation-des-victimes-des-evenements-de-2021-2024-adji-mbergane-kanoute-propose-la-mise-en-place-dune-commission-inclusive-a-defaut-de-jugement","status":"publish","type":"post","link":"https:\/\/www.africa-press.net\/senegal\/politique\/indemnisation-des-victimes-des-evenements-de-2021-2024-adji-mbergane-kanoute-propose-la-mise-en-place-dune-commission-inclusive-a-defaut-de-jugement","title":{"rendered":"Indemnisation des Victimes des \u00c9v\u00e9nements de 2021-2024 : Adji Mbergane Kanout\u00e9 Propose la Mise en Place D\u2019Une Commission Inclusive, \u00e0 D\u00e9faut de Jugement"},"content":{"rendered":"<p><span style=\"color: #ff6600\"><strong>Africa-Press &#8211; Senegal. <\/strong><\/span>A\u0300 propos de l\u2019assistance aux familles des victimes des e\u0301ve\u0301nements survenus entre 2021 et 2024, l\u2019Union pour le de\u0301veloppement du Se\u0301ne\u0301gal\/Authentique (UDS\/A) approuve le principe d\u2019indemnisation opte\u0301 par l\u2019E\u0301tat du Se\u0301ne\u0301gal.<\/p>\n<p>Cependant, dans un communique\u0301 publie\u0301 ce mardi 4 fe\u0301vrier, le parti de l\u2019ancienne parlementaire de la 14e le\u0301gislature, Adji Mbergane Kanoute\u0301, souligne \u00ab un de\u0301ficit de transparence dans le processus et invite les autorite\u0301s e\u0301tatiques a\u0300 la mise en place de commissions inclusives \u00bb.<\/p>\n<p>En effet, l\u2019ancienne vice-pre\u0301sidente du groupe parlementaire Benno Bokk Yaakaar propose la mise en place \u00ab d\u2019une commission inclusive \u00bb afin d\u2019e\u0301viter \u00ab toute forme de discrimination et dans un souci d\u2019e\u0301quite\u0301 et de justice \u00bb.<\/p>\n<p>\u00ab En l\u2019absence de jugement, il aurait e\u0301te\u0301 plus judicieux de mettre en place une commission inclusive et une re\u0301elle communication sur le sujet qui concerne tous les Se\u0301ne\u0301galais, sans conside\u0301ration politique. Si le gouvernement estime ne\u0301cessaire de proce\u0301der a\u0300 l&rsquo;indemnisation des victimes des e\u0301ve\u0301nements, il ne peut ignorer les autres victimes de pillages \u00bb, peut-on lire dans le communique\u0301.<\/p>\n<p>Par ailleurs, l\u2019allie\u0301e de la majorite\u0301 pre\u0301sidentielle lors des Le\u0301gislatives du 17 novembre 2024 invite les nouvelles autorite\u0301s \u00ab a\u0300 l\u2019action \u00bb afin de \u00ab pre\u0301server le climat politique, e\u0301conomique et social, gage de la confiance des investisseurs \u00bb.<\/p>\n<p><strong>Pour plus d&rsquo;informations et d&rsquo;analyses sur la <span style=\"color: #ff6600\">Senegal<\/span>, suivez <span style=\"color: #ff6600\">Africa-Press<span style=\"color: #ff6600\"><\/span><\/strong><\/p>\n","protected":false},"excerpt":{"rendered":"<p>Africa-Press &#8211; Senegal. A\u0300 propos de l\u2019assistance aux familles des victimes des e\u0301ve\u0301nements survenus entre 2021 et 2024, l\u2019Union pour le de\u0301veloppement du Se\u0301ne\u0301gal\/Authentique (UDS\/A) approuve le principe d\u2019indemnisation opte\u0301 par l\u2019E\u0301tat du Se\u0301ne\u0301gal. Cependant, dans un communique\u0301 publie\u0301 ce mardi 4 fe\u0301vrier, le parti de l\u2019ancienne parlementaire de la 14e le\u0301gislature, Adji Mbergane Kanoute\u0301, [&hellip;]<\/p>\n","protected":false},"author":82,"featured_media":65270,"comment_status":"open","ping_status":"closed","sticky":false,"template":"","format":"standard","meta":{"footnotes":""},"categories":[4,2,20,10],"tags":[3601,5246,5247,44],"class_list":["post-65271","post","type-post","status-publish","format-standard","has-post-thumbnail","hentry","category-parties","category-politique","category-top-nouvelles","category-toutes-les-actualites","tag-adji-mbergane-kanoute-2","tag-commission-inclusive","tag-indemnisation-victimes","tag-senegal-2"],"yoast_head":"<!-- This site is optimized with the Yoast SEO Premium plugin v26.1 (Yoast SEO v27.0) - https:\/\/yoast.com\/product\/yoast-seo-premium-wordpress\/ -->\n<title>Indemnisation des Victimes des \u00c9v\u00e9nements de 2021-2024 : Adji Mbergane Kanout\u00e9 Propose la Mise en Place D\u2019Une Commission Inclusive, \u00e0 D\u00e9faut de Jugement - Senegal<\/title>\n<meta name=\"robots\" content=\"index, follow, max-snippet:-1, max-image-preview:large, max-video-preview:-1\" \/>\n<link rel=\"canonical\" href=\"https:\/\/www.africa-press.net\/senegal\/politique\/indemnisation-des-victimes-des-evenements-de-2021-2024-adji-mbergane-kanoute-propose-la-mise-en-place-dune-commission-inclusive-a-defaut-de-jugement\" \/>\n<meta property=\"og:locale\" content=\"fr_FR\" \/>\n<meta property=\"og:type\" content=\"article\" \/>\n<meta property=\"og:title\" content=\"Indemnisation des Victimes des \u00c9v\u00e9nements de 2021-2024 : Adji Mbergane Kanout\u00e9 Propose la Mise en Place D\u2019Une Commission Inclusive, \u00e0 D\u00e9faut de Jugement\" \/>\n<meta property=\"og:description\" content=\"Africa-Press &#8211; Senegal. A\u0300 propos de l\u2019assistance aux familles des victimes des e\u0301ve\u0301nements survenus entre 2021 et 2024, l\u2019Union pour le de\u0301veloppement du Se\u0301ne\u0301gal\/Authentique (UDS\/A) approuve le principe d\u2019indemnisation opte\u0301 par l\u2019E\u0301tat du Se\u0301ne\u0301gal. Cependant, dans un communique\u0301 publie\u0301 ce mardi 4 fe\u0301vrier, le parti de l\u2019ancienne parlementaire de la 14e le\u0301gislature, Adji Mbergane Kanoute\u0301, [&hellip;]\" \/>\n<meta property=\"og:url\" content=\"https:\/\/www.africa-press.net\/senegal\/politique\/indemnisation-des-victimes-des-evenements-de-2021-2024-adji-mbergane-kanoute-propose-la-mise-en-place-dune-commission-inclusive-a-defaut-de-jugement\" \/>\n<meta property=\"og:site_name\" content=\"Senegal\" \/>\n<meta property=\"article:published_time\" content=\"2025-02-04T13:00:00+00:00\" \/>\n<meta name=\"author\" content=\"cfeditorfr\" \/>\n<meta name=\"twitter:card\" content=\"summary_large_image\" \/>\n<meta name=\"twitter:label1\" content=\"\u00c9crit par\" \/>\n\t<meta name=\"twitter:data1\" content=\"cfeditorfr\" \/>\n\t<meta name=\"twitter:label2\" content=\"Dur\u00e9e de lecture estim\u00e9e\" \/>\n\t<meta name=\"twitter:data2\" content=\"1 minute\" \/>\n<script type=\"application\/ld+json\" class=\"yoast-schema-graph\">{\"@context\":\"https:\/\/schema.org\",\"@graph\":[{\"@type\":\"Article\",\"@id\":\"https:\/\/www.africa-press.net\/senegal\/politique\/indemnisation-des-victimes-des-evenements-de-2021-2024-adji-mbergane-kanoute-propose-la-mise-en-place-dune-commission-inclusive-a-defaut-de-jugement#article\",\"isPartOf\":{\"@id\":\"https:\/\/www.africa-press.net\/senegal\/politique\/indemnisation-des-victimes-des-evenements-de-2021-2024-adji-mbergane-kanoute-propose-la-mise-en-place-dune-commission-inclusive-a-defaut-de-jugement\"},\"author\":{\"name\":\"cfeditorfr\",\"@id\":\"https:\/\/www.africa-press.net\/senegal\/#\/schema\/person\/2b1cf3cd81a31e3cd26889ca66d677f1\"},\"headline\":\"Indemnisation des Victimes des \u00c9v\u00e9nements de 2021-2024 : Adji Mbergane Kanout\u00e9 Propose la Mise en Place D\u2019Une Commission Inclusive, \u00e0 D\u00e9faut de Jugement\",\"datePublished\":\"2025-02-04T13:00:00+00:00\",\"mainEntityOfPage\":{\"@id\":\"https:\/\/www.africa-press.net\/senegal\/politique\/indemnisation-des-victimes-des-evenements-de-2021-2024-adji-mbergane-kanoute-propose-la-mise-en-place-dune-commission-inclusive-a-defaut-de-jugement\"},\"wordCount\":278,\"commentCount\":0,\"image\":{\"@id\":\"https:\/\/www.africa-press.net\/senegal\/politique\/indemnisation-des-victimes-des-evenements-de-2021-2024-adji-mbergane-kanoute-propose-la-mise-en-place-dune-commission-inclusive-a-defaut-de-jugement#primaryimage\"},\"thumbnailUrl\":\"https:\/\/static.africa-press.net\/senegal\/sites\/13\/2025\/02\/sm_1738748556.741957.jpg\",\"keywords\":[\"Adji Mbergane Kanoute\",\"commission inclusive\",\"indemnisation victimes\",\"Senegal\"],\"articleSection\":[\"Parties\",\"Politique\",\"Top Nouvelles\",\"Toutes les actualit\u00e9s\"],\"inLanguage\":\"fr-FR\",\"potentialAction\":[{\"@type\":\"CommentAction\",\"name\":\"Comment\",\"target\":[\"https:\/\/www.africa-press.net\/senegal\/politique\/indemnisation-des-victimes-des-evenements-de-2021-2024-adji-mbergane-kanoute-propose-la-mise-en-place-dune-commission-inclusive-a-defaut-de-jugement#respond\"]}]},{\"@type\":\"WebPage\",\"@id\":\"https:\/\/www.africa-press.net\/senegal\/politique\/indemnisation-des-victimes-des-evenements-de-2021-2024-adji-mbergane-kanoute-propose-la-mise-en-place-dune-commission-inclusive-a-defaut-de-jugement\",\"url\":\"https:\/\/www.africa-press.net\/senegal\/politique\/indemnisation-des-victimes-des-evenements-de-2021-2024-adji-mbergane-kanoute-propose-la-mise-en-place-dune-commission-inclusive-a-defaut-de-jugement\",\"name\":\"Indemnisation des Victimes des \u00c9v\u00e9nements de 2021-2024 : Adji Mbergane Kanout\u00e9 Propose la Mise en Place D\u2019Une Commission Inclusive, \u00e0 D\u00e9faut de Jugement - Senegal\",\"isPartOf\":{\"@id\":\"https:\/\/www.africa-press.net\/senegal\/#website\"},\"primaryImageOfPage\":{\"@id\":\"https:\/\/www.africa-press.net\/senegal\/politique\/indemnisation-des-victimes-des-evenements-de-2021-2024-adji-mbergane-kanoute-propose-la-mise-en-place-dune-commission-inclusive-a-defaut-de-jugement#primaryimage\"},\"image\":{\"@id\":\"https:\/\/www.africa-press.net\/senegal\/politique\/indemnisation-des-victimes-des-evenements-de-2021-2024-adji-mbergane-kanoute-propose-la-mise-en-place-dune-commission-inclusive-a-defaut-de-jugement#primaryimage\"},\"thumbnailUrl\":\"https:\/\/static.africa-press.net\/senegal\/sites\/13\/2025\/02\/sm_1738748556.741957.jpg\",\"datePublished\":\"2025-02-04T13:00:00+00:00\",\"author\":{\"@id\":\"https:\/\/www.africa-press.net\/senegal\/#\/schema\/person\/2b1cf3cd81a31e3cd26889ca66d677f1\"},\"breadcrumb\":{\"@id\":\"https:\/\/www.africa-press.net\/senegal\/politique\/indemnisation-des-victimes-des-evenements-de-2021-2024-adji-mbergane-kanoute-propose-la-mise-en-place-dune-commission-inclusive-a-defaut-de-jugement#breadcrumb\"},\"inLanguage\":\"fr-FR\",\"potentialAction\":[{\"@type\":\"ReadAction\",\"target\":[\"https:\/\/www.africa-press.net\/senegal\/politique\/indemnisation-des-victimes-des-evenements-de-2021-2024-adji-mbergane-kanoute-propose-la-mise-en-place-dune-commission-inclusive-a-defaut-de-jugement\"]}]},{\"@type\":\"ImageObject\",\"inLanguage\":\"fr-FR\",\"@id\":\"https:\/\/www.africa-press.net\/senegal\/politique\/indemnisation-des-victimes-des-evenements-de-2021-2024-adji-mbergane-kanoute-propose-la-mise-en-place-dune-commission-inclusive-a-defaut-de-jugement#primaryimage\",\"url\":\"https:\/\/static.africa-press.net\/senegal\/sites\/13\/2025\/02\/sm_1738748556.741957.jpg\",\"contentUrl\":\"https:\/\/static.africa-press.net\/senegal\/sites\/13\/2025\/02\/sm_1738748556.741957.jpg\",\"width\":612,\"height\":298,\"caption\":\"Indemnisation des Victimes des \u00c9v\u00e9nements de 2021-2024 : Adji Mbergane Kanout\u00e9 Propose la Mise en Place D\u2019Une Commission Inclusive, \u00e0 D\u00e9faut de Jugement\"},{\"@type\":\"BreadcrumbList\",\"@id\":\"https:\/\/www.africa-press.net\/senegal\/politique\/indemnisation-des-victimes-des-evenements-de-2021-2024-adji-mbergane-kanoute-propose-la-mise-en-place-dune-commission-inclusive-a-defaut-de-jugement#breadcrumb\",\"itemListElement\":[{\"@type\":\"ListItem\",\"position\":1,\"name\":\"Accueil\",\"item\":\"https:\/\/www.africa-press.net\/senegal\/\"},{\"@type\":\"ListItem\",\"position\":2,\"name\":\"Indemnisation des Victimes des \u00c9v\u00e9nements de 2021-2024 : Adji Mbergane Kanout\u00e9 Propose la Mise en Place D\u2019Une Commission Inclusive, \u00e0 D\u00e9faut de Jugement\"}]},{\"@type\":\"WebSite\",\"@id\":\"https:\/\/www.africa-press.net\/senegal\/#website\",\"url\":\"https:\/\/www.africa-press.net\/senegal\/\",\"name\":\"Africa Press | Senegal | Homepage\",\"description\":\"Just another Africa News Agency Sites site\",\"potentialAction\":[{\"@type\":\"SearchAction\",\"target\":{\"@type\":\"EntryPoint\",\"urlTemplate\":\"https:\/\/www.africa-press.net\/senegal\/?s={search_term_string}\"},\"query-input\":{\"@type\":\"PropertyValueSpecification\",\"valueRequired\":true,\"valueName\":\"search_term_string\"}}],\"inLanguage\":\"fr-FR\"},{\"@type\":\"Person\",\"@id\":\"https:\/\/www.africa-press.net\/senegal\/#\/schema\/person\/2b1cf3cd81a31e3cd26889ca66d677f1\",\"name\":\"cfeditorfr\",\"url\":\"https:\/\/www.africa-press.net\/senegal\/author\/cfeditorfr\"}]}<\/script>\n<!-- \/ Yoast SEO Premium plugin. -->","yoast_head_json":{"title":"Indemnisation des Victimes des \u00c9v\u00e9nements de 2021-2024 : Adji Mbergane Kanout\u00e9 Propose la Mise en Place D\u2019Une Commission Inclusive, \u00e0 D\u00e9faut de Jugement - Senegal","robots":{"index":"index","follow":"follow","max-snippet":"max-snippet:-1","max-image-preview":"max-image-preview:large","max-video-preview":"max-video-preview:-1"},"canonical":"https:\/\/www.africa-press.net\/senegal\/politique\/indemnisation-des-victimes-des-evenements-de-2021-2024-adji-mbergane-kanoute-propose-la-mise-en-place-dune-commission-inclusive-a-defaut-de-jugement","og_locale":"fr_FR","og_type":"article","og_title":"Indemnisation des Victimes des \u00c9v\u00e9nements de 2021-2024 : Adji Mbergane Kanout\u00e9 Propose la Mise en Place D\u2019Une Commission Inclusive, \u00e0 D\u00e9faut de Jugement","og_description":"Africa-Press &#8211; Senegal. A\u0300 propos de l\u2019assistance aux familles des victimes des e\u0301ve\u0301nements survenus entre 2021 et 2024, l\u2019Union pour le de\u0301veloppement du Se\u0301ne\u0301gal\/Authentique (UDS\/A) approuve le principe d\u2019indemnisation opte\u0301 par l\u2019E\u0301tat du Se\u0301ne\u0301gal. Cependant, dans un communique\u0301 publie\u0301 ce mardi 4 fe\u0301vrier, le parti de l\u2019ancienne parlementaire de la 14e le\u0301gislature, Adji Mbergane Kanoute\u0301, [&hellip;]","og_url":"https:\/\/www.africa-press.net\/senegal\/politique\/indemnisation-des-victimes-des-evenements-de-2021-2024-adji-mbergane-kanoute-propose-la-mise-en-place-dune-commission-inclusive-a-defaut-de-jugement","og_site_name":"Senegal","article_published_time":"2025-02-04T13:00:00+00:00","author":"cfeditorfr","twitter_card":"summary_large_image","twitter_misc":{"\u00c9crit par":"cfeditorfr","Dur\u00e9e de lecture estim\u00e9e":"1 minute"},"schema":{"@context":"https:\/\/schema.org","@graph":[{"@type":"Article","@id":"https:\/\/www.africa-press.net\/senegal\/politique\/indemnisation-des-victimes-des-evenements-de-2021-2024-adji-mbergane-kanoute-propose-la-mise-en-place-dune-commission-inclusive-a-defaut-de-jugement#article","isPartOf":{"@id":"https:\/\/www.africa-press.net\/senegal\/politique\/indemnisation-des-victimes-des-evenements-de-2021-2024-adji-mbergane-kanoute-propose-la-mise-en-place-dune-commission-inclusive-a-defaut-de-jugement"},"author":{"name":"cfeditorfr","@id":"https:\/\/www.africa-press.net\/senegal\/#\/schema\/person\/2b1cf3cd81a31e3cd26889ca66d677f1"},"headline":"Indemnisation des Victimes des \u00c9v\u00e9nements de 2021-2024 : Adji Mbergane Kanout\u00e9 Propose la Mise en Place D\u2019Une Commission Inclusive, \u00e0 D\u00e9faut de Jugement","datePublished":"2025-02-04T13:00:00+00:00","mainEntityOfPage":{"@id":"https:\/\/www.africa-press.net\/senegal\/politique\/indemnisation-des-victimes-des-evenements-de-2021-2024-adji-mbergane-kanoute-propose-la-mise-en-place-dune-commission-inclusive-a-defaut-de-jugement"},"wordCount":278,"commentCount":0,"image":{"@id":"https:\/\/www.africa-press.net\/senegal\/politique\/indemnisation-des-victimes-des-evenements-de-2021-2024-adji-mbergane-kanoute-propose-la-mise-en-place-dune-commission-inclusive-a-defaut-de-jugement#primaryimage"},"thumbnailUrl":"https:\/\/static.africa-press.net\/senegal\/sites\/13\/2025\/02\/sm_1738748556.741957.jpg","keywords":["Adji Mbergane Kanoute","commission inclusive","indemnisation victimes","Senegal"],"articleSection":["Parties","Politique","Top Nouvelles","Toutes les actualit\u00e9s"],"inLanguage":"fr-FR","potentialAction":[{"@type":"CommentAction","name":"Comment","target":["https:\/\/www.africa-press.net\/senegal\/politique\/indemnisation-des-victimes-des-evenements-de-2021-2024-adji-mbergane-kanoute-propose-la-mise-en-place-dune-commission-inclusive-a-defaut-de-jugement#respond"]}]},{"@type":"WebPage","@id":"https:\/\/www.africa-press.net\/senegal\/politique\/indemnisation-des-victimes-des-evenements-de-2021-2024-adji-mbergane-kanoute-propose-la-mise-en-place-dune-commission-inclusive-a-defaut-de-jugement","url":"https:\/\/www.africa-press.net\/senegal\/politique\/indemnisation-des-victimes-des-evenements-de-2021-2024-adji-mbergane-kanoute-propose-la-mise-en-place-dune-commission-inclusive-a-defaut-de-jugement","name":"Indemnisation des Victimes des \u00c9v\u00e9nements de 2021-2024 : Adji Mbergane Kanout\u00e9 Propose la Mise en Place D\u2019Une Commission Inclusive, \u00e0 D\u00e9faut de Jugement - Senegal","isPartOf":{"@id":"https:\/\/www.africa-press.net\/senegal\/#website"},"primaryImageOfPage":{"@id":"https:\/\/www.africa-press.net\/senegal\/politique\/indemnisation-des-victimes-des-evenements-de-2021-2024-adji-mbergane-kanoute-propose-la-mise-en-place-dune-commission-inclusive-a-defaut-de-jugement#primaryimage"},"image":{"@id":"https:\/\/www.africa-press.net\/senegal\/politique\/indemnisation-des-victimes-des-evenements-de-2021-2024-adji-mbergane-kanoute-propose-la-mise-en-place-dune-commission-inclusive-a-defaut-de-jugement#primaryimage"},"thumbnailUrl":"https:\/\/static.africa-press.net\/senegal\/sites\/13\/2025\/02\/sm_1738748556.741957.jpg","datePublished":"2025-02-04T13:00:00+00:00","author":{"@id":"https:\/\/www.africa-press.net\/senegal\/#\/schema\/person\/2b1cf3cd81a31e3cd26889ca66d677f1"},"breadcrumb":{"@id":"https:\/\/www.africa-press.net\/senegal\/politique\/indemnisation-des-victimes-des-evenements-de-2021-2024-adji-mbergane-kanoute-propose-la-mise-en-place-dune-commission-inclusive-a-defaut-de-jugement#breadcrumb"},"inLanguage":"fr-FR","potentialAction":[{"@type":"ReadAction","target":["https:\/\/www.africa-press.net\/senegal\/politique\/indemnisation-des-victimes-des-evenements-de-2021-2024-adji-mbergane-kanoute-propose-la-mise-en-place-dune-commission-inclusive-a-defaut-de-jugement"]}]},{"@type":"ImageObject","inLanguage":"fr-FR","@id":"https:\/\/www.africa-press.net\/senegal\/politique\/indemnisation-des-victimes-des-evenements-de-2021-2024-adji-mbergane-kanoute-propose-la-mise-en-place-dune-commission-inclusive-a-defaut-de-jugement#primaryimage","url":"https:\/\/static.africa-press.net\/senegal\/sites\/13\/2025\/02\/sm_1738748556.741957.jpg","contentUrl":"https:\/\/static.africa-press.net\/senegal\/sites\/13\/2025\/02\/sm_1738748556.741957.jpg","width":612,"height":298,"caption":"Indemnisation des Victimes des \u00c9v\u00e9nements de 2021-2024 : Adji Mbergane Kanout\u00e9 Propose la Mise en Place D\u2019Une Commission Inclusive, \u00e0 D\u00e9faut de Jugement"},{"@type":"BreadcrumbList","@id":"https:\/\/www.africa-press.net\/senegal\/politique\/indemnisation-des-victimes-des-evenements-de-2021-2024-adji-mbergane-kanoute-propose-la-mise-en-place-dune-commission-inclusive-a-defaut-de-jugement#breadcrumb","itemListElement":[{"@type":"ListItem","position":1,"name":"Accueil","item":"https:\/\/www.africa-press.net\/senegal\/"},{"@type":"ListItem","position":2,"name":"Indemnisation des Victimes des \u00c9v\u00e9nements de 2021-2024 : Adji Mbergane Kanout\u00e9 Propose la Mise en Place D\u2019Une Commission Inclusive, \u00e0 D\u00e9faut de Jugement"}]},{"@type":"WebSite","@id":"https:\/\/www.africa-press.net\/senegal\/#website","url":"https:\/\/www.africa-press.net\/senegal\/","name":"Africa Press | Senegal | Homepage","description":"Just another Africa News Agency Sites site","potentialAction":[{"@type":"SearchAction","target":{"@type":"EntryPoint","urlTemplate":"https:\/\/www.africa-press.net\/senegal\/?s={search_term_string}"},"query-input":{"@type":"PropertyValueSpecification","valueRequired":true,"valueName":"search_term_string"}}],"inLanguage":"fr-FR"},{"@type":"Person","@id":"https:\/\/www.africa-press.net\/senegal\/#\/schema\/person\/2b1cf3cd81a31e3cd26889ca66d677f1","name":"cfeditorfr","url":"https:\/\/www.africa-press.net\/senegal\/author\/cfeditorfr"}]}},"_links":{"self":[{"href":"https:\/\/www.africa-press.net\/senegal\/wp-json\/wp\/v2\/posts\/65271","targetHints":{"allow":["GET"]}}],"collection":[{"href":"https:\/\/www.africa-press.net\/senegal\/wp-json\/wp\/v2\/posts"}],"about":[{"href":"https:\/\/www.africa-press.net\/senegal\/wp-json\/wp\/v2\/types\/post"}],"author":[{"embeddable":true,"href":"https:\/\/www.africa-press.net\/senegal\/wp-json\/wp\/v2\/users\/82"}],"replies":[{"embeddable":true,"href":"https:\/\/www.africa-press.net\/senegal\/wp-json\/wp\/v2\/comments?post=65271"}],"version-history":[{"count":0,"href":"https:\/\/www.africa-press.net\/senegal\/wp-json\/wp\/v2\/posts\/65271\/revisions"}],"wp:featuredmedia":[{"embeddable":true,"href":"https:\/\/www.africa-press.net\/senegal\/wp-json\/wp\/v2\/media\/65270"}],"wp:attachment":[{"href":"https:\/\/www.africa-press.net\/senegal\/wp-json\/wp\/v2\/media?parent=65271"}],"wp:term":[{"taxonomy":"category","embeddable":true,"href":"https:\/\/www.africa-press.net\/senegal\/wp-json\/wp\/v2\/categories?post=65271"},{"taxonomy":"post_tag","embeddable":true,"href":"https:\/\/www.africa-press.net\/senegal\/wp-json\/wp\/v2\/tags?post=65271"}],"curies":[{"name":"wp","href":"https:\/\/api.w.org\/{rel}","templated":true}]}}