{"id":65287,"date":"2025-02-06T14:00:00","date_gmt":"2025-02-06T14:00:00","guid":{"rendered":"https:\/\/www.africa-press.net\/senegal\/politique\/deux-cent-soixante-seize-projets-et-programmes-en-cours-de-finalisation-selon-le-premier-ministre"},"modified":"2025-02-06T14:00:00","modified_gmt":"2025-02-06T14:00:00","slug":"deux-cent-soixante-seize-projets-et-programmes-en-cours-de-finalisation-selon-le-premier-ministre","status":"publish","type":"post","link":"https:\/\/www.africa-press.net\/senegal\/politique\/deux-cent-soixante-seize-projets-et-programmes-en-cours-de-finalisation-selon-le-premier-ministre","title":{"rendered":"Deux Cent Soixante-Seize Projets et Programmes en Cours de Finalisation, Selon le Premier Ministre"},"content":{"rendered":"<p><span style=\"color: #ff6600\"><strong>Africa-Press &#8211; Senegal. <\/strong><\/span>Le chef de l\u2019E\u0301tat a demande\u0301 au Premier ministre de tenir un conseil interministe\u0301riel sur l\u2019e\u0301conomie sociale et solidaire, d\u2019ici a\u0300 la fin de mars prochain, dans le but de proposer au gouvernement \u00ab une nouvelle feuille de route ambitieuse \u00bb, annonce le communique\u0301 du Conseil des ministres du mercredi 5 fe\u0301vrier.<\/p>\n<p>\u00ab Le pre\u0301sident de la Re\u0301publique a invite\u0301 le Premier ministre a\u0300 tenir, d\u2019ici a\u0300 la fin de mars 2025, un conseil interministe\u0301riel sur l\u2019e\u0301conomie sociale et solidaire, afin de proposer une nouvelle feuille de route ambitieuse \u00bb, a annonce\u0301 le ministre de la Formation professionnelle et porte-parole du gouvernement, Amadou Moustapha Njekk Sarre\u0301.<\/p>\n<p>Le chef de l\u2019E\u0301tat a parle\u0301, lors de la re\u0301union hebdomadaire du gouvernement, de \u00ab la ne\u0301cessite\u0301 de poursuivre [&#8230;] l\u2019acce\u0301le\u0301ration des proce\u0301dures \u00bb avec lesquelles le gouvernement accorde les agre\u0301ments aux acteurs de ce secteur.<\/p>\n<p>\u00ab Les re\u0301formes pour le de\u0301veloppement des coope\u0301ratives agricoles et paysannes initie\u0301es par le ministre de l\u2019Agriculture et le secre\u0301taire d\u2019E\u0301tat charge\u0301 des organisations paysannes doivent aussi e\u0302tre soutenues \u00bb, ajoute M. Sarre\u0301.<\/p>\n<p>Il signale, dans le communique\u0301 du Conseil des ministres, que \u00ab l\u2019ancrage de l\u2019e\u0301conomie sociale et solidaire dans la vie nationale demeure un facteur de mobilisation des populations et un puissant catalyseur de succe\u0300s dans la mise en \u0153uvre des politiques publiques \u00bb.<\/p>\n<p>Le gouvernement estime que \u00ab la politique nationale en la matie\u0300re doit favoriser la transformation des syste\u0300mes de production et de financement mais e\u0301galement l\u2019intensification de la cre\u0301ation d\u2019activite\u0301s ge\u0301ne\u0301ratrices de revenus et d\u2019emplois durables et de\u0301cents dans toutes les localite\u0301s du pays \u00bb.<\/p>\n<p><strong>Pour plus d&rsquo;informations et d&rsquo;analyses sur la <span style=\"color: #ff6600\">Senegal<\/span>, suivez <span style=\"color: #ff6600\">Africa-Press<span style=\"color: #ff6600\"><\/span><\/strong><\/p>\n","protected":false},"excerpt":{"rendered":"<p>Africa-Press &#8211; Senegal. Le chef de l\u2019E\u0301tat a demande\u0301 au Premier ministre de tenir un conseil interministe\u0301riel sur l\u2019e\u0301conomie sociale et solidaire, d\u2019ici a\u0300 la fin de mars prochain, dans le but de proposer au gouvernement \u00ab une nouvelle feuille de route ambitieuse \u00bb, annonce le communique\u0301 du Conseil des ministres du mercredi 5 fe\u0301vrier. [&hellip;]<\/p>\n","protected":false},"author":82,"featured_media":65286,"comment_status":"open","ping_status":"closed","sticky":false,"template":"","format":"standard","meta":{"footnotes":""},"categories":[2,20,10],"tags":[44],"class_list":["post-65287","post","type-post","status-publish","format-standard","has-post-thumbnail","hentry","category-politique","category-top-nouvelles","category-toutes-les-actualites","tag-senegal-2"],"yoast_head":"<!-- This site is optimized with the Yoast SEO Premium plugin v26.1 (Yoast SEO v27.0) - https:\/\/yoast.com\/product\/yoast-seo-premium-wordpress\/ -->\n<title>Deux Cent Soixante-Seize Projets et Programmes en Cours de Finalisation, Selon le Premier Ministre - Senegal<\/title>\n<meta name=\"robots\" content=\"index, follow, max-snippet:-1, max-image-preview:large, max-video-preview:-1\" \/>\n<link rel=\"canonical\" href=\"https:\/\/www.africa-press.net\/senegal\/politique\/deux-cent-soixante-seize-projets-et-programmes-en-cours-de-finalisation-selon-le-premier-ministre\" \/>\n<meta property=\"og:locale\" content=\"fr_FR\" \/>\n<meta property=\"og:type\" content=\"article\" \/>\n<meta property=\"og:title\" content=\"Deux Cent Soixante-Seize Projets et Programmes en Cours de Finalisation, Selon le Premier Ministre\" \/>\n<meta property=\"og:description\" content=\"Africa-Press &#8211; Senegal. Le chef de l\u2019E\u0301tat a demande\u0301 au Premier ministre de tenir un conseil interministe\u0301riel sur l\u2019e\u0301conomie sociale et solidaire, d\u2019ici a\u0300 la fin de mars prochain, dans le but de proposer au gouvernement \u00ab une nouvelle feuille de route ambitieuse \u00bb, annonce le communique\u0301 du Conseil des ministres du mercredi 5 fe\u0301vrier. [&hellip;]\" \/>\n<meta property=\"og:url\" content=\"https:\/\/www.africa-press.net\/senegal\/politique\/deux-cent-soixante-seize-projets-et-programmes-en-cours-de-finalisation-selon-le-premier-ministre\" \/>\n<meta property=\"og:site_name\" content=\"Senegal\" \/>\n<meta property=\"article:published_time\" content=\"2025-02-06T14:00:00+00:00\" \/>\n<meta name=\"author\" content=\"cfeditorfr\" \/>\n<meta name=\"twitter:card\" content=\"summary_large_image\" \/>\n<meta name=\"twitter:label1\" content=\"\u00c9crit par\" \/>\n\t<meta name=\"twitter:data1\" content=\"cfeditorfr\" \/>\n\t<meta name=\"twitter:label2\" content=\"Dur\u00e9e de lecture estim\u00e9e\" \/>\n\t<meta name=\"twitter:data2\" content=\"2 minutes\" \/>\n<script type=\"application\/ld+json\" class=\"yoast-schema-graph\">{\"@context\":\"https:\/\/schema.org\",\"@graph\":[{\"@type\":\"Article\",\"@id\":\"https:\/\/www.africa-press.net\/senegal\/politique\/deux-cent-soixante-seize-projets-et-programmes-en-cours-de-finalisation-selon-le-premier-ministre#article\",\"isPartOf\":{\"@id\":\"https:\/\/www.africa-press.net\/senegal\/politique\/deux-cent-soixante-seize-projets-et-programmes-en-cours-de-finalisation-selon-le-premier-ministre\"},\"author\":{\"name\":\"cfeditorfr\",\"@id\":\"https:\/\/www.africa-press.net\/senegal\/#\/schema\/person\/2b1cf3cd81a31e3cd26889ca66d677f1\"},\"headline\":\"Deux Cent Soixante-Seize Projets et Programmes en Cours de Finalisation, Selon le Premier Ministre\",\"datePublished\":\"2025-02-06T14:00:00+00:00\",\"mainEntityOfPage\":{\"@id\":\"https:\/\/www.africa-press.net\/senegal\/politique\/deux-cent-soixante-seize-projets-et-programmes-en-cours-de-finalisation-selon-le-premier-ministre\"},\"wordCount\":323,\"commentCount\":0,\"image\":{\"@id\":\"https:\/\/www.africa-press.net\/senegal\/politique\/deux-cent-soixante-seize-projets-et-programmes-en-cours-de-finalisation-selon-le-premier-ministre#primaryimage\"},\"thumbnailUrl\":\"https:\/\/static.africa-press.net\/senegal\/sites\/13\/2025\/02\/sm_1738924091.089532.jpg\",\"keywords\":[\"Senegal\"],\"articleSection\":[\"Politique\",\"Top Nouvelles\",\"Toutes les actualit\u00e9s\"],\"inLanguage\":\"fr-FR\",\"potentialAction\":[{\"@type\":\"CommentAction\",\"name\":\"Comment\",\"target\":[\"https:\/\/www.africa-press.net\/senegal\/politique\/deux-cent-soixante-seize-projets-et-programmes-en-cours-de-finalisation-selon-le-premier-ministre#respond\"]}]},{\"@type\":\"WebPage\",\"@id\":\"https:\/\/www.africa-press.net\/senegal\/politique\/deux-cent-soixante-seize-projets-et-programmes-en-cours-de-finalisation-selon-le-premier-ministre\",\"url\":\"https:\/\/www.africa-press.net\/senegal\/politique\/deux-cent-soixante-seize-projets-et-programmes-en-cours-de-finalisation-selon-le-premier-ministre\",\"name\":\"Deux Cent Soixante-Seize Projets et Programmes en Cours de Finalisation, Selon le Premier Ministre - Senegal\",\"isPartOf\":{\"@id\":\"https:\/\/www.africa-press.net\/senegal\/#website\"},\"primaryImageOfPage\":{\"@id\":\"https:\/\/www.africa-press.net\/senegal\/politique\/deux-cent-soixante-seize-projets-et-programmes-en-cours-de-finalisation-selon-le-premier-ministre#primaryimage\"},\"image\":{\"@id\":\"https:\/\/www.africa-press.net\/senegal\/politique\/deux-cent-soixante-seize-projets-et-programmes-en-cours-de-finalisation-selon-le-premier-ministre#primaryimage\"},\"thumbnailUrl\":\"https:\/\/static.africa-press.net\/senegal\/sites\/13\/2025\/02\/sm_1738924091.089532.jpg\",\"datePublished\":\"2025-02-06T14:00:00+00:00\",\"author\":{\"@id\":\"https:\/\/www.africa-press.net\/senegal\/#\/schema\/person\/2b1cf3cd81a31e3cd26889ca66d677f1\"},\"breadcrumb\":{\"@id\":\"https:\/\/www.africa-press.net\/senegal\/politique\/deux-cent-soixante-seize-projets-et-programmes-en-cours-de-finalisation-selon-le-premier-ministre#breadcrumb\"},\"inLanguage\":\"fr-FR\",\"potentialAction\":[{\"@type\":\"ReadAction\",\"target\":[\"https:\/\/www.africa-press.net\/senegal\/politique\/deux-cent-soixante-seize-projets-et-programmes-en-cours-de-finalisation-selon-le-premier-ministre\"]}]},{\"@type\":\"ImageObject\",\"inLanguage\":\"fr-FR\",\"@id\":\"https:\/\/www.africa-press.net\/senegal\/politique\/deux-cent-soixante-seize-projets-et-programmes-en-cours-de-finalisation-selon-le-premier-ministre#primaryimage\",\"url\":\"https:\/\/static.africa-press.net\/senegal\/sites\/13\/2025\/02\/sm_1738924091.089532.jpg\",\"contentUrl\":\"https:\/\/static.africa-press.net\/senegal\/sites\/13\/2025\/02\/sm_1738924091.089532.jpg\",\"width\":1003,\"height\":565,\"caption\":\"Deux Cent Soixante-Seize Projets et Programmes en Cours de Finalisation, Selon le Premier Ministre\"},{\"@type\":\"BreadcrumbList\",\"@id\":\"https:\/\/www.africa-press.net\/senegal\/politique\/deux-cent-soixante-seize-projets-et-programmes-en-cours-de-finalisation-selon-le-premier-ministre#breadcrumb\",\"itemListElement\":[{\"@type\":\"ListItem\",\"position\":1,\"name\":\"Accueil\",\"item\":\"https:\/\/www.africa-press.net\/senegal\/\"},{\"@type\":\"ListItem\",\"position\":2,\"name\":\"Deux Cent Soixante-Seize Projets et Programmes en Cours de Finalisation, Selon le Premier Ministre\"}]},{\"@type\":\"WebSite\",\"@id\":\"https:\/\/www.africa-press.net\/senegal\/#website\",\"url\":\"https:\/\/www.africa-press.net\/senegal\/\",\"name\":\"Africa Press | Senegal | Homepage\",\"description\":\"Just another Africa News Agency Sites site\",\"potentialAction\":[{\"@type\":\"SearchAction\",\"target\":{\"@type\":\"EntryPoint\",\"urlTemplate\":\"https:\/\/www.africa-press.net\/senegal\/?s={search_term_string}\"},\"query-input\":{\"@type\":\"PropertyValueSpecification\",\"valueRequired\":true,\"valueName\":\"search_term_string\"}}],\"inLanguage\":\"fr-FR\"},{\"@type\":\"Person\",\"@id\":\"https:\/\/www.africa-press.net\/senegal\/#\/schema\/person\/2b1cf3cd81a31e3cd26889ca66d677f1\",\"name\":\"cfeditorfr\",\"url\":\"https:\/\/www.africa-press.net\/senegal\/author\/cfeditorfr\"}]}<\/script>\n<!-- \/ Yoast SEO Premium plugin. -->","yoast_head_json":{"title":"Deux Cent Soixante-Seize Projets et Programmes en Cours de Finalisation, Selon le Premier Ministre - Senegal","robots":{"index":"index","follow":"follow","max-snippet":"max-snippet:-1","max-image-preview":"max-image-preview:large","max-video-preview":"max-video-preview:-1"},"canonical":"https:\/\/www.africa-press.net\/senegal\/politique\/deux-cent-soixante-seize-projets-et-programmes-en-cours-de-finalisation-selon-le-premier-ministre","og_locale":"fr_FR","og_type":"article","og_title":"Deux Cent Soixante-Seize Projets et Programmes en Cours de Finalisation, Selon le Premier Ministre","og_description":"Africa-Press &#8211; Senegal. Le chef de l\u2019E\u0301tat a demande\u0301 au Premier ministre de tenir un conseil interministe\u0301riel sur l\u2019e\u0301conomie sociale et solidaire, d\u2019ici a\u0300 la fin de mars prochain, dans le but de proposer au gouvernement \u00ab une nouvelle feuille de route ambitieuse \u00bb, annonce le communique\u0301 du Conseil des ministres du mercredi 5 fe\u0301vrier. [&hellip;]","og_url":"https:\/\/www.africa-press.net\/senegal\/politique\/deux-cent-soixante-seize-projets-et-programmes-en-cours-de-finalisation-selon-le-premier-ministre","og_site_name":"Senegal","article_published_time":"2025-02-06T14:00:00+00:00","author":"cfeditorfr","twitter_card":"summary_large_image","twitter_misc":{"\u00c9crit par":"cfeditorfr","Dur\u00e9e de lecture estim\u00e9e":"2 minutes"},"schema":{"@context":"https:\/\/schema.org","@graph":[{"@type":"Article","@id":"https:\/\/www.africa-press.net\/senegal\/politique\/deux-cent-soixante-seize-projets-et-programmes-en-cours-de-finalisation-selon-le-premier-ministre#article","isPartOf":{"@id":"https:\/\/www.africa-press.net\/senegal\/politique\/deux-cent-soixante-seize-projets-et-programmes-en-cours-de-finalisation-selon-le-premier-ministre"},"author":{"name":"cfeditorfr","@id":"https:\/\/www.africa-press.net\/senegal\/#\/schema\/person\/2b1cf3cd81a31e3cd26889ca66d677f1"},"headline":"Deux Cent Soixante-Seize Projets et Programmes en Cours de Finalisation, Selon le Premier Ministre","datePublished":"2025-02-06T14:00:00+00:00","mainEntityOfPage":{"@id":"https:\/\/www.africa-press.net\/senegal\/politique\/deux-cent-soixante-seize-projets-et-programmes-en-cours-de-finalisation-selon-le-premier-ministre"},"wordCount":323,"commentCount":0,"image":{"@id":"https:\/\/www.africa-press.net\/senegal\/politique\/deux-cent-soixante-seize-projets-et-programmes-en-cours-de-finalisation-selon-le-premier-ministre#primaryimage"},"thumbnailUrl":"https:\/\/static.africa-press.net\/senegal\/sites\/13\/2025\/02\/sm_1738924091.089532.jpg","keywords":["Senegal"],"articleSection":["Politique","Top Nouvelles","Toutes les actualit\u00e9s"],"inLanguage":"fr-FR","potentialAction":[{"@type":"CommentAction","name":"Comment","target":["https:\/\/www.africa-press.net\/senegal\/politique\/deux-cent-soixante-seize-projets-et-programmes-en-cours-de-finalisation-selon-le-premier-ministre#respond"]}]},{"@type":"WebPage","@id":"https:\/\/www.africa-press.net\/senegal\/politique\/deux-cent-soixante-seize-projets-et-programmes-en-cours-de-finalisation-selon-le-premier-ministre","url":"https:\/\/www.africa-press.net\/senegal\/politique\/deux-cent-soixante-seize-projets-et-programmes-en-cours-de-finalisation-selon-le-premier-ministre","name":"Deux Cent Soixante-Seize Projets et Programmes en Cours de Finalisation, Selon le Premier Ministre - Senegal","isPartOf":{"@id":"https:\/\/www.africa-press.net\/senegal\/#website"},"primaryImageOfPage":{"@id":"https:\/\/www.africa-press.net\/senegal\/politique\/deux-cent-soixante-seize-projets-et-programmes-en-cours-de-finalisation-selon-le-premier-ministre#primaryimage"},"image":{"@id":"https:\/\/www.africa-press.net\/senegal\/politique\/deux-cent-soixante-seize-projets-et-programmes-en-cours-de-finalisation-selon-le-premier-ministre#primaryimage"},"thumbnailUrl":"https:\/\/static.africa-press.net\/senegal\/sites\/13\/2025\/02\/sm_1738924091.089532.jpg","datePublished":"2025-02-06T14:00:00+00:00","author":{"@id":"https:\/\/www.africa-press.net\/senegal\/#\/schema\/person\/2b1cf3cd81a31e3cd26889ca66d677f1"},"breadcrumb":{"@id":"https:\/\/www.africa-press.net\/senegal\/politique\/deux-cent-soixante-seize-projets-et-programmes-en-cours-de-finalisation-selon-le-premier-ministre#breadcrumb"},"inLanguage":"fr-FR","potentialAction":[{"@type":"ReadAction","target":["https:\/\/www.africa-press.net\/senegal\/politique\/deux-cent-soixante-seize-projets-et-programmes-en-cours-de-finalisation-selon-le-premier-ministre"]}]},{"@type":"ImageObject","inLanguage":"fr-FR","@id":"https:\/\/www.africa-press.net\/senegal\/politique\/deux-cent-soixante-seize-projets-et-programmes-en-cours-de-finalisation-selon-le-premier-ministre#primaryimage","url":"https:\/\/static.africa-press.net\/senegal\/sites\/13\/2025\/02\/sm_1738924091.089532.jpg","contentUrl":"https:\/\/static.africa-press.net\/senegal\/sites\/13\/2025\/02\/sm_1738924091.089532.jpg","width":1003,"height":565,"caption":"Deux Cent Soixante-Seize Projets et Programmes en Cours de Finalisation, Selon le Premier Ministre"},{"@type":"BreadcrumbList","@id":"https:\/\/www.africa-press.net\/senegal\/politique\/deux-cent-soixante-seize-projets-et-programmes-en-cours-de-finalisation-selon-le-premier-ministre#breadcrumb","itemListElement":[{"@type":"ListItem","position":1,"name":"Accueil","item":"https:\/\/www.africa-press.net\/senegal\/"},{"@type":"ListItem","position":2,"name":"Deux Cent Soixante-Seize Projets et Programmes en Cours de Finalisation, Selon le Premier Ministre"}]},{"@type":"WebSite","@id":"https:\/\/www.africa-press.net\/senegal\/#website","url":"https:\/\/www.africa-press.net\/senegal\/","name":"Africa Press | Senegal | Homepage","description":"Just another Africa News Agency Sites site","potentialAction":[{"@type":"SearchAction","target":{"@type":"EntryPoint","urlTemplate":"https:\/\/www.africa-press.net\/senegal\/?s={search_term_string}"},"query-input":{"@type":"PropertyValueSpecification","valueRequired":true,"valueName":"search_term_string"}}],"inLanguage":"fr-FR"},{"@type":"Person","@id":"https:\/\/www.africa-press.net\/senegal\/#\/schema\/person\/2b1cf3cd81a31e3cd26889ca66d677f1","name":"cfeditorfr","url":"https:\/\/www.africa-press.net\/senegal\/author\/cfeditorfr"}]}},"_links":{"self":[{"href":"https:\/\/www.africa-press.net\/senegal\/wp-json\/wp\/v2\/posts\/65287","targetHints":{"allow":["GET"]}}],"collection":[{"href":"https:\/\/www.africa-press.net\/senegal\/wp-json\/wp\/v2\/posts"}],"about":[{"href":"https:\/\/www.africa-press.net\/senegal\/wp-json\/wp\/v2\/types\/post"}],"author":[{"embeddable":true,"href":"https:\/\/www.africa-press.net\/senegal\/wp-json\/wp\/v2\/users\/82"}],"replies":[{"embeddable":true,"href":"https:\/\/www.africa-press.net\/senegal\/wp-json\/wp\/v2\/comments?post=65287"}],"version-history":[{"count":0,"href":"https:\/\/www.africa-press.net\/senegal\/wp-json\/wp\/v2\/posts\/65287\/revisions"}],"wp:featuredmedia":[{"embeddable":true,"href":"https:\/\/www.africa-press.net\/senegal\/wp-json\/wp\/v2\/media\/65286"}],"wp:attachment":[{"href":"https:\/\/www.africa-press.net\/senegal\/wp-json\/wp\/v2\/media?parent=65287"}],"wp:term":[{"taxonomy":"category","embeddable":true,"href":"https:\/\/www.africa-press.net\/senegal\/wp-json\/wp\/v2\/categories?post=65287"},{"taxonomy":"post_tag","embeddable":true,"href":"https:\/\/www.africa-press.net\/senegal\/wp-json\/wp\/v2\/tags?post=65287"}],"curies":[{"name":"wp","href":"https:\/\/api.w.org\/{rel}","templated":true}]}}