{"id":65290,"date":"2025-02-07T14:00:00","date_gmt":"2025-02-07T14:00:00","guid":{"rendered":"https:\/\/www.africa-press.net\/senegal\/politique\/mali-senegal-vers-le-renforcement-de-la-cooperation-militaire"},"modified":"2025-02-07T14:00:00","modified_gmt":"2025-02-07T14:00:00","slug":"mali-senegal-vers-le-renforcement-de-la-cooperation-militaire","status":"publish","type":"post","link":"https:\/\/www.africa-press.net\/senegal\/politique\/mali-senegal-vers-le-renforcement-de-la-cooperation-militaire","title":{"rendered":"Mali-S\u00e9n\u00e9gal : vers le Renforcement de la Coop\u00e9ration Militaire"},"content":{"rendered":"<p><span style=\"color: #ff6600\"><strong>Africa-Press &#8211; Senegal. <\/strong><\/span>Les ministres de la De\u0301fense malien et se\u0301ne\u0301galais se sont engage\u0301s a\u0300 Bamako a\u0300 renforcer leur coope\u0301ration bilate\u0301rale, notamment dans la lutte contre le terrorisme et la criminalite\u0301 transfrontalie\u0300re. Une rencontre de deux jours qui intervient apre\u0300s le retrait du Mali de la Ce\u0301de\u0301ao.<\/p>\n<p>\u00ab Le Mali a quitte\u0301 la Ce\u0301de\u0301ao mais reste dispose\u0301 a\u0300 ba\u0302tir des relations fe\u0301condes \u00bb avec ses partenaires, notamment le Se\u0301ne\u0301gal. C\u2019est ce qu\u2019a de\u0301clare\u0301 le ge\u0301ne\u0301ral Sadio Camara, ministre malien de la De\u0301fense, lors d\u2019une rencontre avec son homologue se\u0301ne\u0301galais Birame Diop a\u0300 Bamako.<\/p>\n<p>Cette rencontre de haut niveau, qui a dure\u0301 deux jours, intervient dans un contexte re\u0301gional tendu. Le ministre se\u0301ne\u0301galais a souligne\u0301 avoir rec\u0327u des \u00ab instructions du pre\u0301sident Bassirou Diomaye Faye, qui accorde une priorite\u0301 absolue au renforcement de la coope\u0301ration entre le Se\u0301ne\u0301gal et le Mali \u00bb, rapporte l\u2019arme\u0301e malienne.<\/p>\n<p>Les deux pays, qui partagent une frontie\u0300re de 419 kilome\u0300tres, font face a\u0300 des de\u0301fis se\u0301curitaires communs. \u00ab La lutte contre le terrorisme et l\u2019extre\u0301misme violent, la criminalite\u0301 transfrontalie\u0300re, les trafics illicites et les re\u0301seaux criminels ne\u0301cessitent la mutualisation des efforts \u00bb, a insiste\u0301 Birame Diop.<\/p>\n<p>Le ministre malien a par ailleurs e\u0301voque\u0301 la vision du pre\u0301sident de la Transition, le ge\u0301ne\u0301ral Assimi Goi\u0308ta, base\u0301e sur \u00ab le respect de la souverainete\u0301 du Mali, le respect des choix strate\u0301giques et le choix des partenaires ainsi que la prise en compte des inte\u0301re\u0302ts du peuple malien \u00bb.<\/p>\n<p>La coope\u0301ration militaire entre les deux pays s\u2019est de\u0301ja\u0300 concre\u0301tise\u0301e par des e\u0301changes de stagiaires dans les e\u0301coles militaires et des patrouilles frontalie\u0300res communes depuis la signature d\u2019un accord militaire technique en mars 2021. Les discussions ont e\u0301galement aborde\u0301 la question environnementale, notamment la pre\u0301servation du fleuve Fale\u0301me\u0301, ou\u0300 l\u2019exploitation aurife\u0300re a e\u0301te\u0301 suspendue co\u0302te\u0301 se\u0301ne\u0301galais.<\/p>\n<p><strong>Pour plus d&rsquo;informations et d&rsquo;analyses sur la <span style=\"color: #ff6600\">Senegal<\/span>, suivez <span style=\"color: #ff6600\">Africa-Press<span style=\"color: #ff6600\"><\/span><\/strong><\/p>\n","protected":false},"excerpt":{"rendered":"<p>Africa-Press &#8211; Senegal. Les ministres de la De\u0301fense malien et se\u0301ne\u0301galais se sont engage\u0301s a\u0300 Bamako a\u0300 renforcer leur coope\u0301ration bilate\u0301rale, notamment dans la lutte contre le terrorisme et la criminalite\u0301 transfrontalie\u0300re. Une rencontre de deux jours qui intervient apre\u0300s le retrait du Mali de la Ce\u0301de\u0301ao. \u00ab Le Mali a quitte\u0301 la Ce\u0301de\u0301ao mais [&hellip;]<\/p>\n","protected":false},"author":82,"featured_media":65289,"comment_status":"open","ping_status":"closed","sticky":false,"template":"","format":"standard","meta":{"footnotes":""},"categories":[2,20,10],"tags":[44],"class_list":["post-65290","post","type-post","status-publish","format-standard","has-post-thumbnail","hentry","category-politique","category-top-nouvelles","category-toutes-les-actualites","tag-senegal-2"],"yoast_head":"<!-- This site is optimized with the Yoast SEO Premium plugin v26.1 (Yoast SEO v27.0) - https:\/\/yoast.com\/product\/yoast-seo-premium-wordpress\/ -->\n<title>Mali-S\u00e9n\u00e9gal : vers le Renforcement de la Coop\u00e9ration Militaire - Senegal<\/title>\n<meta name=\"robots\" content=\"index, follow, max-snippet:-1, max-image-preview:large, max-video-preview:-1\" \/>\n<link rel=\"canonical\" href=\"https:\/\/www.africa-press.net\/senegal\/politique\/mali-senegal-vers-le-renforcement-de-la-cooperation-militaire\" \/>\n<meta property=\"og:locale\" content=\"fr_FR\" \/>\n<meta property=\"og:type\" content=\"article\" \/>\n<meta property=\"og:title\" content=\"Mali-S\u00e9n\u00e9gal : vers le Renforcement de la Coop\u00e9ration Militaire\" \/>\n<meta property=\"og:description\" content=\"Africa-Press &#8211; Senegal. Les ministres de la De\u0301fense malien et se\u0301ne\u0301galais se sont engage\u0301s a\u0300 Bamako a\u0300 renforcer leur coope\u0301ration bilate\u0301rale, notamment dans la lutte contre le terrorisme et la criminalite\u0301 transfrontalie\u0300re. Une rencontre de deux jours qui intervient apre\u0300s le retrait du Mali de la Ce\u0301de\u0301ao. \u00ab Le Mali a quitte\u0301 la Ce\u0301de\u0301ao mais [&hellip;]\" \/>\n<meta property=\"og:url\" content=\"https:\/\/www.africa-press.net\/senegal\/politique\/mali-senegal-vers-le-renforcement-de-la-cooperation-militaire\" \/>\n<meta property=\"og:site_name\" content=\"Senegal\" \/>\n<meta property=\"article:published_time\" content=\"2025-02-07T14:00:00+00:00\" \/>\n<meta name=\"author\" content=\"cfeditorfr\" \/>\n<meta name=\"twitter:card\" content=\"summary_large_image\" \/>\n<meta name=\"twitter:label1\" content=\"\u00c9crit par\" \/>\n\t<meta name=\"twitter:data1\" content=\"cfeditorfr\" \/>\n\t<meta name=\"twitter:label2\" content=\"Dur\u00e9e de lecture estim\u00e9e\" \/>\n\t<meta name=\"twitter:data2\" content=\"2 minutes\" \/>\n<script type=\"application\/ld+json\" class=\"yoast-schema-graph\">{\"@context\":\"https:\/\/schema.org\",\"@graph\":[{\"@type\":\"Article\",\"@id\":\"https:\/\/www.africa-press.net\/senegal\/politique\/mali-senegal-vers-le-renforcement-de-la-cooperation-militaire#article\",\"isPartOf\":{\"@id\":\"https:\/\/www.africa-press.net\/senegal\/politique\/mali-senegal-vers-le-renforcement-de-la-cooperation-militaire\"},\"author\":{\"name\":\"cfeditorfr\",\"@id\":\"https:\/\/www.africa-press.net\/senegal\/#\/schema\/person\/2b1cf3cd81a31e3cd26889ca66d677f1\"},\"headline\":\"Mali-S\u00e9n\u00e9gal : vers le Renforcement de la Coop\u00e9ration Militaire\",\"datePublished\":\"2025-02-07T14:00:00+00:00\",\"mainEntityOfPage\":{\"@id\":\"https:\/\/www.africa-press.net\/senegal\/politique\/mali-senegal-vers-le-renforcement-de-la-cooperation-militaire\"},\"wordCount\":380,\"commentCount\":0,\"image\":{\"@id\":\"https:\/\/www.africa-press.net\/senegal\/politique\/mali-senegal-vers-le-renforcement-de-la-cooperation-militaire#primaryimage\"},\"thumbnailUrl\":\"https:\/\/static.africa-press.net\/senegal\/sites\/13\/2025\/02\/sm_1738993822.473766.jpg\",\"keywords\":[\"Senegal\"],\"articleSection\":[\"Politique\",\"Top Nouvelles\",\"Toutes les actualit\u00e9s\"],\"inLanguage\":\"fr-FR\",\"potentialAction\":[{\"@type\":\"CommentAction\",\"name\":\"Comment\",\"target\":[\"https:\/\/www.africa-press.net\/senegal\/politique\/mali-senegal-vers-le-renforcement-de-la-cooperation-militaire#respond\"]}]},{\"@type\":\"WebPage\",\"@id\":\"https:\/\/www.africa-press.net\/senegal\/politique\/mali-senegal-vers-le-renforcement-de-la-cooperation-militaire\",\"url\":\"https:\/\/www.africa-press.net\/senegal\/politique\/mali-senegal-vers-le-renforcement-de-la-cooperation-militaire\",\"name\":\"Mali-S\u00e9n\u00e9gal : vers le Renforcement de la Coop\u00e9ration Militaire - Senegal\",\"isPartOf\":{\"@id\":\"https:\/\/www.africa-press.net\/senegal\/#website\"},\"primaryImageOfPage\":{\"@id\":\"https:\/\/www.africa-press.net\/senegal\/politique\/mali-senegal-vers-le-renforcement-de-la-cooperation-militaire#primaryimage\"},\"image\":{\"@id\":\"https:\/\/www.africa-press.net\/senegal\/politique\/mali-senegal-vers-le-renforcement-de-la-cooperation-militaire#primaryimage\"},\"thumbnailUrl\":\"https:\/\/static.africa-press.net\/senegal\/sites\/13\/2025\/02\/sm_1738993822.473766.jpg\",\"datePublished\":\"2025-02-07T14:00:00+00:00\",\"author\":{\"@id\":\"https:\/\/www.africa-press.net\/senegal\/#\/schema\/person\/2b1cf3cd81a31e3cd26889ca66d677f1\"},\"breadcrumb\":{\"@id\":\"https:\/\/www.africa-press.net\/senegal\/politique\/mali-senegal-vers-le-renforcement-de-la-cooperation-militaire#breadcrumb\"},\"inLanguage\":\"fr-FR\",\"potentialAction\":[{\"@type\":\"ReadAction\",\"target\":[\"https:\/\/www.africa-press.net\/senegal\/politique\/mali-senegal-vers-le-renforcement-de-la-cooperation-militaire\"]}]},{\"@type\":\"ImageObject\",\"inLanguage\":\"fr-FR\",\"@id\":\"https:\/\/www.africa-press.net\/senegal\/politique\/mali-senegal-vers-le-renforcement-de-la-cooperation-militaire#primaryimage\",\"url\":\"https:\/\/static.africa-press.net\/senegal\/sites\/13\/2025\/02\/sm_1738993822.473766.jpg\",\"contentUrl\":\"https:\/\/static.africa-press.net\/senegal\/sites\/13\/2025\/02\/sm_1738993822.473766.jpg\",\"width\":1280,\"height\":720,\"caption\":\"Mali-S\u00e9n\u00e9gal : vers le Renforcement de la Coop\u00e9ration Militaire\"},{\"@type\":\"BreadcrumbList\",\"@id\":\"https:\/\/www.africa-press.net\/senegal\/politique\/mali-senegal-vers-le-renforcement-de-la-cooperation-militaire#breadcrumb\",\"itemListElement\":[{\"@type\":\"ListItem\",\"position\":1,\"name\":\"Accueil\",\"item\":\"https:\/\/www.africa-press.net\/senegal\/\"},{\"@type\":\"ListItem\",\"position\":2,\"name\":\"Mali-S\u00e9n\u00e9gal : vers le Renforcement de la Coop\u00e9ration Militaire\"}]},{\"@type\":\"WebSite\",\"@id\":\"https:\/\/www.africa-press.net\/senegal\/#website\",\"url\":\"https:\/\/www.africa-press.net\/senegal\/\",\"name\":\"Africa Press | Senegal | Homepage\",\"description\":\"Just another Africa News Agency Sites site\",\"potentialAction\":[{\"@type\":\"SearchAction\",\"target\":{\"@type\":\"EntryPoint\",\"urlTemplate\":\"https:\/\/www.africa-press.net\/senegal\/?s={search_term_string}\"},\"query-input\":{\"@type\":\"PropertyValueSpecification\",\"valueRequired\":true,\"valueName\":\"search_term_string\"}}],\"inLanguage\":\"fr-FR\"},{\"@type\":\"Person\",\"@id\":\"https:\/\/www.africa-press.net\/senegal\/#\/schema\/person\/2b1cf3cd81a31e3cd26889ca66d677f1\",\"name\":\"cfeditorfr\",\"url\":\"https:\/\/www.africa-press.net\/senegal\/author\/cfeditorfr\"}]}<\/script>\n<!-- \/ Yoast SEO Premium plugin. -->","yoast_head_json":{"title":"Mali-S\u00e9n\u00e9gal : vers le Renforcement de la Coop\u00e9ration Militaire - Senegal","robots":{"index":"index","follow":"follow","max-snippet":"max-snippet:-1","max-image-preview":"max-image-preview:large","max-video-preview":"max-video-preview:-1"},"canonical":"https:\/\/www.africa-press.net\/senegal\/politique\/mali-senegal-vers-le-renforcement-de-la-cooperation-militaire","og_locale":"fr_FR","og_type":"article","og_title":"Mali-S\u00e9n\u00e9gal : vers le Renforcement de la Coop\u00e9ration Militaire","og_description":"Africa-Press &#8211; Senegal. Les ministres de la De\u0301fense malien et se\u0301ne\u0301galais se sont engage\u0301s a\u0300 Bamako a\u0300 renforcer leur coope\u0301ration bilate\u0301rale, notamment dans la lutte contre le terrorisme et la criminalite\u0301 transfrontalie\u0300re. Une rencontre de deux jours qui intervient apre\u0300s le retrait du Mali de la Ce\u0301de\u0301ao. \u00ab Le Mali a quitte\u0301 la Ce\u0301de\u0301ao mais [&hellip;]","og_url":"https:\/\/www.africa-press.net\/senegal\/politique\/mali-senegal-vers-le-renforcement-de-la-cooperation-militaire","og_site_name":"Senegal","article_published_time":"2025-02-07T14:00:00+00:00","author":"cfeditorfr","twitter_card":"summary_large_image","twitter_misc":{"\u00c9crit par":"cfeditorfr","Dur\u00e9e de lecture estim\u00e9e":"2 minutes"},"schema":{"@context":"https:\/\/schema.org","@graph":[{"@type":"Article","@id":"https:\/\/www.africa-press.net\/senegal\/politique\/mali-senegal-vers-le-renforcement-de-la-cooperation-militaire#article","isPartOf":{"@id":"https:\/\/www.africa-press.net\/senegal\/politique\/mali-senegal-vers-le-renforcement-de-la-cooperation-militaire"},"author":{"name":"cfeditorfr","@id":"https:\/\/www.africa-press.net\/senegal\/#\/schema\/person\/2b1cf3cd81a31e3cd26889ca66d677f1"},"headline":"Mali-S\u00e9n\u00e9gal : vers le Renforcement de la Coop\u00e9ration Militaire","datePublished":"2025-02-07T14:00:00+00:00","mainEntityOfPage":{"@id":"https:\/\/www.africa-press.net\/senegal\/politique\/mali-senegal-vers-le-renforcement-de-la-cooperation-militaire"},"wordCount":380,"commentCount":0,"image":{"@id":"https:\/\/www.africa-press.net\/senegal\/politique\/mali-senegal-vers-le-renforcement-de-la-cooperation-militaire#primaryimage"},"thumbnailUrl":"https:\/\/static.africa-press.net\/senegal\/sites\/13\/2025\/02\/sm_1738993822.473766.jpg","keywords":["Senegal"],"articleSection":["Politique","Top Nouvelles","Toutes les actualit\u00e9s"],"inLanguage":"fr-FR","potentialAction":[{"@type":"CommentAction","name":"Comment","target":["https:\/\/www.africa-press.net\/senegal\/politique\/mali-senegal-vers-le-renforcement-de-la-cooperation-militaire#respond"]}]},{"@type":"WebPage","@id":"https:\/\/www.africa-press.net\/senegal\/politique\/mali-senegal-vers-le-renforcement-de-la-cooperation-militaire","url":"https:\/\/www.africa-press.net\/senegal\/politique\/mali-senegal-vers-le-renforcement-de-la-cooperation-militaire","name":"Mali-S\u00e9n\u00e9gal : vers le Renforcement de la Coop\u00e9ration Militaire - Senegal","isPartOf":{"@id":"https:\/\/www.africa-press.net\/senegal\/#website"},"primaryImageOfPage":{"@id":"https:\/\/www.africa-press.net\/senegal\/politique\/mali-senegal-vers-le-renforcement-de-la-cooperation-militaire#primaryimage"},"image":{"@id":"https:\/\/www.africa-press.net\/senegal\/politique\/mali-senegal-vers-le-renforcement-de-la-cooperation-militaire#primaryimage"},"thumbnailUrl":"https:\/\/static.africa-press.net\/senegal\/sites\/13\/2025\/02\/sm_1738993822.473766.jpg","datePublished":"2025-02-07T14:00:00+00:00","author":{"@id":"https:\/\/www.africa-press.net\/senegal\/#\/schema\/person\/2b1cf3cd81a31e3cd26889ca66d677f1"},"breadcrumb":{"@id":"https:\/\/www.africa-press.net\/senegal\/politique\/mali-senegal-vers-le-renforcement-de-la-cooperation-militaire#breadcrumb"},"inLanguage":"fr-FR","potentialAction":[{"@type":"ReadAction","target":["https:\/\/www.africa-press.net\/senegal\/politique\/mali-senegal-vers-le-renforcement-de-la-cooperation-militaire"]}]},{"@type":"ImageObject","inLanguage":"fr-FR","@id":"https:\/\/www.africa-press.net\/senegal\/politique\/mali-senegal-vers-le-renforcement-de-la-cooperation-militaire#primaryimage","url":"https:\/\/static.africa-press.net\/senegal\/sites\/13\/2025\/02\/sm_1738993822.473766.jpg","contentUrl":"https:\/\/static.africa-press.net\/senegal\/sites\/13\/2025\/02\/sm_1738993822.473766.jpg","width":1280,"height":720,"caption":"Mali-S\u00e9n\u00e9gal : vers le Renforcement de la Coop\u00e9ration Militaire"},{"@type":"BreadcrumbList","@id":"https:\/\/www.africa-press.net\/senegal\/politique\/mali-senegal-vers-le-renforcement-de-la-cooperation-militaire#breadcrumb","itemListElement":[{"@type":"ListItem","position":1,"name":"Accueil","item":"https:\/\/www.africa-press.net\/senegal\/"},{"@type":"ListItem","position":2,"name":"Mali-S\u00e9n\u00e9gal : vers le Renforcement de la Coop\u00e9ration Militaire"}]},{"@type":"WebSite","@id":"https:\/\/www.africa-press.net\/senegal\/#website","url":"https:\/\/www.africa-press.net\/senegal\/","name":"Africa Press | Senegal | Homepage","description":"Just another Africa News Agency Sites site","potentialAction":[{"@type":"SearchAction","target":{"@type":"EntryPoint","urlTemplate":"https:\/\/www.africa-press.net\/senegal\/?s={search_term_string}"},"query-input":{"@type":"PropertyValueSpecification","valueRequired":true,"valueName":"search_term_string"}}],"inLanguage":"fr-FR"},{"@type":"Person","@id":"https:\/\/www.africa-press.net\/senegal\/#\/schema\/person\/2b1cf3cd81a31e3cd26889ca66d677f1","name":"cfeditorfr","url":"https:\/\/www.africa-press.net\/senegal\/author\/cfeditorfr"}]}},"_links":{"self":[{"href":"https:\/\/www.africa-press.net\/senegal\/wp-json\/wp\/v2\/posts\/65290","targetHints":{"allow":["GET"]}}],"collection":[{"href":"https:\/\/www.africa-press.net\/senegal\/wp-json\/wp\/v2\/posts"}],"about":[{"href":"https:\/\/www.africa-press.net\/senegal\/wp-json\/wp\/v2\/types\/post"}],"author":[{"embeddable":true,"href":"https:\/\/www.africa-press.net\/senegal\/wp-json\/wp\/v2\/users\/82"}],"replies":[{"embeddable":true,"href":"https:\/\/www.africa-press.net\/senegal\/wp-json\/wp\/v2\/comments?post=65290"}],"version-history":[{"count":0,"href":"https:\/\/www.africa-press.net\/senegal\/wp-json\/wp\/v2\/posts\/65290\/revisions"}],"wp:featuredmedia":[{"embeddable":true,"href":"https:\/\/www.africa-press.net\/senegal\/wp-json\/wp\/v2\/media\/65289"}],"wp:attachment":[{"href":"https:\/\/www.africa-press.net\/senegal\/wp-json\/wp\/v2\/media?parent=65290"}],"wp:term":[{"taxonomy":"category","embeddable":true,"href":"https:\/\/www.africa-press.net\/senegal\/wp-json\/wp\/v2\/categories?post=65290"},{"taxonomy":"post_tag","embeddable":true,"href":"https:\/\/www.africa-press.net\/senegal\/wp-json\/wp\/v2\/tags?post=65290"}],"curies":[{"name":"wp","href":"https:\/\/api.w.org\/{rel}","templated":true}]}}