{"id":65296,"date":"2025-02-08T21:29:45","date_gmt":"2025-02-08T21:29:45","guid":{"rendered":"https:\/\/www.africa-press.net\/senegal\/politique\/achraf-hakimi-prolonge-son-contrat-avec-le-psg"},"modified":"2025-05-05T20:05:42","modified_gmt":"2025-05-05T20:05:42","slug":"achraf-hakimi-prolonge-son-contrat-avec-le-psg","status":"publish","type":"post","link":"https:\/\/www.africa-press.net\/senegal\/sports\/achraf-hakimi-prolonge-son-contrat-avec-le-psg","title":{"rendered":"Achraf Hakimi Prolonge Son Contrat avec le PSG"},"content":{"rendered":"<p><span style=\"color: #ff6600\"><strong>Africa-Press &#8211; Senegal. <\/strong><\/span>Le Paris Saint-Germain avait de bonnes nouvelles contractuelles a\u0300 annoncer ce vendredi soir. Plusieurs contrats dont celui d\u2019Achraf Hakimi sont prolonge\u0301s.<\/p>\n<p>Le PSG annonce la prolongation jusqu\u2019en 2029 du contrat d\u2019Hakimi. Le contrat de l\u2019international marocain devait initialement expirer a\u0300 la mi-2026 et a e\u0301te\u0301 prolonge\u0301 de trois ans.<\/p>\n<p>D\u2019autres stars du club comme Vitinha et Nuno Mendes ont e\u0301te\u0301 prolonge\u0301s aussi. L\u2019entrai\u0302neur du PSG, Luis Enrique, a e\u0301galement signe\u0301 un nouveau contrat jusqu\u2019a\u0300 l\u2019e\u0301te\u0301 2027.<\/p>\n<p><strong>Pour plus d&rsquo;informations et d&rsquo;analyses sur la <span style=\"color: #ff6600\">Senegal<\/span>, suivez <span style=\"color: #ff6600\">Africa-Press<\/span><\/strong><\/p>\n","protected":false},"excerpt":{"rendered":"<p>Africa-Press &#8211; Senegal. Le Paris Saint-Germain avait de bonnes nouvelles contractuelles a\u0300 annoncer ce vendredi soir. Plusieurs contrats dont celui d\u2019Achraf Hakimi sont prolonge\u0301s. Le PSG annonce la prolongation jusqu\u2019en 2029 du contrat d\u2019Hakimi. Le contrat de l\u2019international marocain devait initialement expirer a\u0300 la mi-2026 et a e\u0301te\u0301 prolonge\u0301 de trois ans. D\u2019autres stars du [&hellip;]<\/p>\n","protected":false},"author":82,"featured_media":65295,"comment_status":"open","ping_status":"closed","sticky":false,"template":"","format":"standard","meta":{"footnotes":""},"categories":[6,10],"tags":[44],"class_list":["post-65296","post","type-post","status-publish","format-standard","has-post-thumbnail","hentry","category-sports","category-toutes-les-actualites","tag-senegal-2"],"yoast_head":"<!-- This site is optimized with the Yoast SEO Premium plugin v26.1 (Yoast SEO v27.0) - https:\/\/yoast.com\/product\/yoast-seo-premium-wordpress\/ -->\n<title>Achraf Hakimi Prolonge Son Contrat avec le PSG - Senegal<\/title>\n<meta name=\"description\" content=\"Le Paris Saint-Germain avait de bonnes nouvelles contractuelles a\u0300 annoncer ce vendredi soir. Plusieurs contrats dont ce ...\" \/>\n<meta name=\"robots\" content=\"index, follow, max-snippet:-1, max-image-preview:large, max-video-preview:-1\" \/>\n<link rel=\"canonical\" href=\"https:\/\/www.africa-press.net\/senegal\/sports\/achraf-hakimi-prolonge-son-contrat-avec-le-psg\" \/>\n<meta property=\"og:locale\" content=\"fr_FR\" \/>\n<meta property=\"og:type\" content=\"article\" \/>\n<meta property=\"og:title\" content=\"Achraf Hakimi Prolonge Son Contrat avec le PSG\" \/>\n<meta property=\"og:description\" content=\"Le Paris Saint-Germain avait de bonnes nouvelles contractuelles a\u0300 annoncer ce vendredi soir. Plusieurs contrats dont ce ...\" \/>\n<meta property=\"og:url\" content=\"https:\/\/www.africa-press.net\/senegal\/sports\/achraf-hakimi-prolonge-son-contrat-avec-le-psg\" \/>\n<meta property=\"og:site_name\" content=\"Senegal\" \/>\n<meta property=\"article:published_time\" content=\"2025-02-08T21:29:45+00:00\" \/>\n<meta property=\"article:modified_time\" content=\"2025-05-05T20:05:42+00:00\" \/>\n<meta property=\"og:image\" content=\"https:\/\/static.africa-press.net\/senegal\/sites\/13\/2025\/02\/sm_1739040592.052034.jpg\" \/>\n\t<meta property=\"og:image:width\" content=\"1920\" \/>\n\t<meta property=\"og:image:height\" content=\"1079\" \/>\n\t<meta property=\"og:image:type\" content=\"image\/jpeg\" \/>\n<meta name=\"author\" content=\"cfeditorfr\" \/>\n<meta name=\"twitter:card\" content=\"summary_large_image\" \/>\n<meta name=\"twitter:label1\" content=\"\u00c9crit par\" \/>\n\t<meta name=\"twitter:data1\" content=\"cfeditorfr\" \/>\n\t<meta name=\"twitter:label2\" content=\"Dur\u00e9e de lecture estim\u00e9e\" \/>\n\t<meta name=\"twitter:data2\" content=\"1 minute\" \/>\n<script type=\"application\/ld+json\" class=\"yoast-schema-graph\">{\"@context\":\"https:\/\/schema.org\",\"@graph\":[{\"@type\":\"Article\",\"@id\":\"https:\/\/www.africa-press.net\/senegal\/sports\/achraf-hakimi-prolonge-son-contrat-avec-le-psg#article\",\"isPartOf\":{\"@id\":\"https:\/\/www.africa-press.net\/senegal\/sports\/achraf-hakimi-prolonge-son-contrat-avec-le-psg\"},\"author\":{\"name\":\"cfeditorfr\",\"@id\":\"https:\/\/www.africa-press.net\/senegal\/#\/schema\/person\/2b1cf3cd81a31e3cd26889ca66d677f1\"},\"headline\":\"Achraf Hakimi Prolonge Son Contrat avec le PSG\",\"datePublished\":\"2025-02-08T21:29:45+00:00\",\"dateModified\":\"2025-05-05T20:05:42+00:00\",\"mainEntityOfPage\":{\"@id\":\"https:\/\/www.africa-press.net\/senegal\/sports\/achraf-hakimi-prolonge-son-contrat-avec-le-psg\"},\"wordCount\":112,\"commentCount\":0,\"image\":{\"@id\":\"https:\/\/www.africa-press.net\/senegal\/sports\/achraf-hakimi-prolonge-son-contrat-avec-le-psg#primaryimage\"},\"thumbnailUrl\":\"https:\/\/static.africa-press.net\/senegal\/sites\/13\/2025\/02\/sm_1739040592.052034.jpg\",\"keywords\":[\"Senegal\"],\"articleSection\":[\"Sports\",\"Toutes les actualit\u00e9s\"],\"inLanguage\":\"fr-FR\",\"potentialAction\":[{\"@type\":\"CommentAction\",\"name\":\"Comment\",\"target\":[\"https:\/\/www.africa-press.net\/senegal\/sports\/achraf-hakimi-prolonge-son-contrat-avec-le-psg#respond\"]}]},{\"@type\":\"WebPage\",\"@id\":\"https:\/\/www.africa-press.net\/senegal\/sports\/achraf-hakimi-prolonge-son-contrat-avec-le-psg\",\"url\":\"https:\/\/www.africa-press.net\/senegal\/sports\/achraf-hakimi-prolonge-son-contrat-avec-le-psg\",\"name\":\"Achraf Hakimi Prolonge Son Contrat avec le PSG - Senegal\",\"isPartOf\":{\"@id\":\"https:\/\/www.africa-press.net\/senegal\/#website\"},\"primaryImageOfPage\":{\"@id\":\"https:\/\/www.africa-press.net\/senegal\/sports\/achraf-hakimi-prolonge-son-contrat-avec-le-psg#primaryimage\"},\"image\":{\"@id\":\"https:\/\/www.africa-press.net\/senegal\/sports\/achraf-hakimi-prolonge-son-contrat-avec-le-psg#primaryimage\"},\"thumbnailUrl\":\"https:\/\/static.africa-press.net\/senegal\/sites\/13\/2025\/02\/sm_1739040592.052034.jpg\",\"datePublished\":\"2025-02-08T21:29:45+00:00\",\"dateModified\":\"2025-05-05T20:05:42+00:00\",\"author\":{\"@id\":\"https:\/\/www.africa-press.net\/senegal\/#\/schema\/person\/2b1cf3cd81a31e3cd26889ca66d677f1\"},\"description\":\"Le Paris Saint-Germain avait de bonnes nouvelles contractuelles a\u0300 annoncer ce vendredi soir. Plusieurs contrats dont ce ...\",\"breadcrumb\":{\"@id\":\"https:\/\/www.africa-press.net\/senegal\/sports\/achraf-hakimi-prolonge-son-contrat-avec-le-psg#breadcrumb\"},\"inLanguage\":\"fr-FR\",\"potentialAction\":[{\"@type\":\"ReadAction\",\"target\":[\"https:\/\/www.africa-press.net\/senegal\/sports\/achraf-hakimi-prolonge-son-contrat-avec-le-psg\"]}]},{\"@type\":\"ImageObject\",\"inLanguage\":\"fr-FR\",\"@id\":\"https:\/\/www.africa-press.net\/senegal\/sports\/achraf-hakimi-prolonge-son-contrat-avec-le-psg#primaryimage\",\"url\":\"https:\/\/static.africa-press.net\/senegal\/sites\/13\/2025\/02\/sm_1739040592.052034.jpg\",\"contentUrl\":\"https:\/\/static.africa-press.net\/senegal\/sites\/13\/2025\/02\/sm_1739040592.052034.jpg\",\"width\":1920,\"height\":1079,\"caption\":\"Achraf Hakimi Prolonge Son Contrat avec le PSG\"},{\"@type\":\"BreadcrumbList\",\"@id\":\"https:\/\/www.africa-press.net\/senegal\/sports\/achraf-hakimi-prolonge-son-contrat-avec-le-psg#breadcrumb\",\"itemListElement\":[{\"@type\":\"ListItem\",\"position\":1,\"name\":\"Accueil\",\"item\":\"https:\/\/www.africa-press.net\/senegal\/\"},{\"@type\":\"ListItem\",\"position\":2,\"name\":\"Achraf Hakimi Prolonge Son Contrat avec le PSG\"}]},{\"@type\":\"WebSite\",\"@id\":\"https:\/\/www.africa-press.net\/senegal\/#website\",\"url\":\"https:\/\/www.africa-press.net\/senegal\/\",\"name\":\"Africa Press | Senegal | Homepage\",\"description\":\"Just another Africa News Agency Sites site\",\"potentialAction\":[{\"@type\":\"SearchAction\",\"target\":{\"@type\":\"EntryPoint\",\"urlTemplate\":\"https:\/\/www.africa-press.net\/senegal\/?s={search_term_string}\"},\"query-input\":{\"@type\":\"PropertyValueSpecification\",\"valueRequired\":true,\"valueName\":\"search_term_string\"}}],\"inLanguage\":\"fr-FR\"},{\"@type\":\"Person\",\"@id\":\"https:\/\/www.africa-press.net\/senegal\/#\/schema\/person\/2b1cf3cd81a31e3cd26889ca66d677f1\",\"name\":\"cfeditorfr\",\"url\":\"https:\/\/www.africa-press.net\/senegal\/author\/cfeditorfr\"}]}<\/script>\n<!-- \/ Yoast SEO Premium plugin. -->","yoast_head_json":{"title":"Achraf Hakimi Prolonge Son Contrat avec le PSG - Senegal","description":"Le Paris Saint-Germain avait de bonnes nouvelles contractuelles a\u0300 annoncer ce vendredi soir. Plusieurs contrats dont ce ...","robots":{"index":"index","follow":"follow","max-snippet":"max-snippet:-1","max-image-preview":"max-image-preview:large","max-video-preview":"max-video-preview:-1"},"canonical":"https:\/\/www.africa-press.net\/senegal\/sports\/achraf-hakimi-prolonge-son-contrat-avec-le-psg","og_locale":"fr_FR","og_type":"article","og_title":"Achraf Hakimi Prolonge Son Contrat avec le PSG","og_description":"Le Paris Saint-Germain avait de bonnes nouvelles contractuelles a\u0300 annoncer ce vendredi soir. Plusieurs contrats dont ce ...","og_url":"https:\/\/www.africa-press.net\/senegal\/sports\/achraf-hakimi-prolonge-son-contrat-avec-le-psg","og_site_name":"Senegal","article_published_time":"2025-02-08T21:29:45+00:00","article_modified_time":"2025-05-05T20:05:42+00:00","og_image":[{"width":1920,"height":1079,"url":"https:\/\/static.africa-press.net\/senegal\/sites\/13\/2025\/02\/sm_1739040592.052034.jpg","type":"image\/jpeg"}],"author":"cfeditorfr","twitter_card":"summary_large_image","twitter_misc":{"\u00c9crit par":"cfeditorfr","Dur\u00e9e de lecture estim\u00e9e":"1 minute"},"schema":{"@context":"https:\/\/schema.org","@graph":[{"@type":"Article","@id":"https:\/\/www.africa-press.net\/senegal\/sports\/achraf-hakimi-prolonge-son-contrat-avec-le-psg#article","isPartOf":{"@id":"https:\/\/www.africa-press.net\/senegal\/sports\/achraf-hakimi-prolonge-son-contrat-avec-le-psg"},"author":{"name":"cfeditorfr","@id":"https:\/\/www.africa-press.net\/senegal\/#\/schema\/person\/2b1cf3cd81a31e3cd26889ca66d677f1"},"headline":"Achraf Hakimi Prolonge Son Contrat avec le PSG","datePublished":"2025-02-08T21:29:45+00:00","dateModified":"2025-05-05T20:05:42+00:00","mainEntityOfPage":{"@id":"https:\/\/www.africa-press.net\/senegal\/sports\/achraf-hakimi-prolonge-son-contrat-avec-le-psg"},"wordCount":112,"commentCount":0,"image":{"@id":"https:\/\/www.africa-press.net\/senegal\/sports\/achraf-hakimi-prolonge-son-contrat-avec-le-psg#primaryimage"},"thumbnailUrl":"https:\/\/static.africa-press.net\/senegal\/sites\/13\/2025\/02\/sm_1739040592.052034.jpg","keywords":["Senegal"],"articleSection":["Sports","Toutes les actualit\u00e9s"],"inLanguage":"fr-FR","potentialAction":[{"@type":"CommentAction","name":"Comment","target":["https:\/\/www.africa-press.net\/senegal\/sports\/achraf-hakimi-prolonge-son-contrat-avec-le-psg#respond"]}]},{"@type":"WebPage","@id":"https:\/\/www.africa-press.net\/senegal\/sports\/achraf-hakimi-prolonge-son-contrat-avec-le-psg","url":"https:\/\/www.africa-press.net\/senegal\/sports\/achraf-hakimi-prolonge-son-contrat-avec-le-psg","name":"Achraf Hakimi Prolonge Son Contrat avec le PSG - Senegal","isPartOf":{"@id":"https:\/\/www.africa-press.net\/senegal\/#website"},"primaryImageOfPage":{"@id":"https:\/\/www.africa-press.net\/senegal\/sports\/achraf-hakimi-prolonge-son-contrat-avec-le-psg#primaryimage"},"image":{"@id":"https:\/\/www.africa-press.net\/senegal\/sports\/achraf-hakimi-prolonge-son-contrat-avec-le-psg#primaryimage"},"thumbnailUrl":"https:\/\/static.africa-press.net\/senegal\/sites\/13\/2025\/02\/sm_1739040592.052034.jpg","datePublished":"2025-02-08T21:29:45+00:00","dateModified":"2025-05-05T20:05:42+00:00","author":{"@id":"https:\/\/www.africa-press.net\/senegal\/#\/schema\/person\/2b1cf3cd81a31e3cd26889ca66d677f1"},"description":"Le Paris Saint-Germain avait de bonnes nouvelles contractuelles a\u0300 annoncer ce vendredi soir. Plusieurs contrats dont ce ...","breadcrumb":{"@id":"https:\/\/www.africa-press.net\/senegal\/sports\/achraf-hakimi-prolonge-son-contrat-avec-le-psg#breadcrumb"},"inLanguage":"fr-FR","potentialAction":[{"@type":"ReadAction","target":["https:\/\/www.africa-press.net\/senegal\/sports\/achraf-hakimi-prolonge-son-contrat-avec-le-psg"]}]},{"@type":"ImageObject","inLanguage":"fr-FR","@id":"https:\/\/www.africa-press.net\/senegal\/sports\/achraf-hakimi-prolonge-son-contrat-avec-le-psg#primaryimage","url":"https:\/\/static.africa-press.net\/senegal\/sites\/13\/2025\/02\/sm_1739040592.052034.jpg","contentUrl":"https:\/\/static.africa-press.net\/senegal\/sites\/13\/2025\/02\/sm_1739040592.052034.jpg","width":1920,"height":1079,"caption":"Achraf Hakimi Prolonge Son Contrat avec le PSG"},{"@type":"BreadcrumbList","@id":"https:\/\/www.africa-press.net\/senegal\/sports\/achraf-hakimi-prolonge-son-contrat-avec-le-psg#breadcrumb","itemListElement":[{"@type":"ListItem","position":1,"name":"Accueil","item":"https:\/\/www.africa-press.net\/senegal\/"},{"@type":"ListItem","position":2,"name":"Achraf Hakimi Prolonge Son Contrat avec le PSG"}]},{"@type":"WebSite","@id":"https:\/\/www.africa-press.net\/senegal\/#website","url":"https:\/\/www.africa-press.net\/senegal\/","name":"Africa Press | Senegal | Homepage","description":"Just another Africa News Agency Sites site","potentialAction":[{"@type":"SearchAction","target":{"@type":"EntryPoint","urlTemplate":"https:\/\/www.africa-press.net\/senegal\/?s={search_term_string}"},"query-input":{"@type":"PropertyValueSpecification","valueRequired":true,"valueName":"search_term_string"}}],"inLanguage":"fr-FR"},{"@type":"Person","@id":"https:\/\/www.africa-press.net\/senegal\/#\/schema\/person\/2b1cf3cd81a31e3cd26889ca66d677f1","name":"cfeditorfr","url":"https:\/\/www.africa-press.net\/senegal\/author\/cfeditorfr"}]}},"_links":{"self":[{"href":"https:\/\/www.africa-press.net\/senegal\/wp-json\/wp\/v2\/posts\/65296","targetHints":{"allow":["GET"]}}],"collection":[{"href":"https:\/\/www.africa-press.net\/senegal\/wp-json\/wp\/v2\/posts"}],"about":[{"href":"https:\/\/www.africa-press.net\/senegal\/wp-json\/wp\/v2\/types\/post"}],"author":[{"embeddable":true,"href":"https:\/\/www.africa-press.net\/senegal\/wp-json\/wp\/v2\/users\/82"}],"replies":[{"embeddable":true,"href":"https:\/\/www.africa-press.net\/senegal\/wp-json\/wp\/v2\/comments?post=65296"}],"version-history":[{"count":0,"href":"https:\/\/www.africa-press.net\/senegal\/wp-json\/wp\/v2\/posts\/65296\/revisions"}],"wp:featuredmedia":[{"embeddable":true,"href":"https:\/\/www.africa-press.net\/senegal\/wp-json\/wp\/v2\/media\/65295"}],"wp:attachment":[{"href":"https:\/\/www.africa-press.net\/senegal\/wp-json\/wp\/v2\/media?parent=65296"}],"wp:term":[{"taxonomy":"category","embeddable":true,"href":"https:\/\/www.africa-press.net\/senegal\/wp-json\/wp\/v2\/categories?post=65296"},{"taxonomy":"post_tag","embeddable":true,"href":"https:\/\/www.africa-press.net\/senegal\/wp-json\/wp\/v2\/tags?post=65296"}],"curies":[{"name":"wp","href":"https:\/\/api.w.org\/{rel}","templated":true}]}}