{"id":65298,"date":"2025-02-08T21:30:21","date_gmt":"2025-02-08T21:30:21","guid":{"rendered":"https:\/\/www.africa-press.net\/senegal\/politique\/afrique-du-sud-qualifiee-au-can-u17-avec-nouveau-format"},"modified":"2025-05-05T20:07:54","modified_gmt":"2025-05-05T20:07:54","slug":"afrique-du-sud-qualifiee-au-can-u17-avec-nouveau-format","status":"publish","type":"post","link":"https:\/\/www.africa-press.net\/senegal\/sports\/afrique-du-sud-qualifiee-au-can-u17-avec-nouveau-format","title":{"rendered":"Afrique du Sud Qualifi\u00e9e au CAN U17 avec Nouveau Format"},"content":{"rendered":"<p><span style=\"color: #ff6600\"><strong>Africa-Press &#8211; Senegal. <\/strong><\/span>L\u2019e\u0301quipe nationale sud-africaine des moins de 17 ans annonce sa qualification pour la CAN U17 2025.<\/p>\n<p>Le Amajimbos disputeront la CAN des moins de 17 ans de la CAF 2025. Cette e\u0301volution intervient apre\u0300s que la CAF a e\u0301tendu le nombre de nations participant a\u0300 la compe\u0301tition a\u0300 16, contre 12 initialement.<\/p>\n<p>L\u2019Afrique du Sud avait rate\u0301 de peu la qualification pour cette 15e e\u0301dition de la CAN U17. Elle s\u2019est qualifie\u0301e en tant que meilleure troisie\u0300me e\u0301quipe des e\u0301liminatoires de la zone COSAFA.<\/p>\n<p>Le tirage au sort de la CAN U17 2025 n\u2019a pas encore eu lieu. La CAN U17 de la CAF 2025 se tiendra au Maroc du 30 mars au 19 avril 2025, ou\u0300 10 nations africaines re\u0301serveront un billet pour la Coupe du Monde U17 de la FIFA 2025 en novembre 2025.<\/p>\n<p><strong>Pour plus d&rsquo;informations et d&rsquo;analyses sur la <span style=\"color: #ff6600\">Senegal<\/span>, suivez <span style=\"color: #ff6600\">Africa-Press<\/span><\/strong><\/p>\n","protected":false},"excerpt":{"rendered":"<p>Africa-Press &#8211; Senegal. L\u2019e\u0301quipe nationale sud-africaine des moins de 17 ans annonce sa qualification pour la CAN U17 2025. Le Amajimbos disputeront la CAN des moins de 17 ans de la CAF 2025. Cette e\u0301volution intervient apre\u0300s que la CAF a e\u0301tendu le nombre de nations participant a\u0300 la compe\u0301tition a\u0300 16, contre 12 initialement. [&hellip;]<\/p>\n","protected":false},"author":82,"featured_media":65297,"comment_status":"open","ping_status":"closed","sticky":false,"template":"","format":"standard","meta":{"footnotes":""},"categories":[6,10],"tags":[44],"class_list":["post-65298","post","type-post","status-publish","format-standard","has-post-thumbnail","hentry","category-sports","category-toutes-les-actualites","tag-senegal-2"],"yoast_head":"<!-- This site is optimized with the Yoast SEO Premium plugin v26.1 (Yoast SEO v27.0) - https:\/\/yoast.com\/product\/yoast-seo-premium-wordpress\/ -->\n<title>Afrique du Sud Qualifi\u00e9e au CAN U17 avec Nouveau Format - Senegal<\/title>\n<meta name=\"description\" content=\"L\u2019e\u0301quipe nationale sud-africaine des moins de 17 ans annonce sa qualification pour la CAN U17 2025. Le Amajimbos dispu ...\" \/>\n<meta name=\"robots\" content=\"index, follow, max-snippet:-1, max-image-preview:large, max-video-preview:-1\" \/>\n<link rel=\"canonical\" href=\"https:\/\/www.africa-press.net\/senegal\/sports\/afrique-du-sud-qualifiee-au-can-u17-avec-nouveau-format\" \/>\n<meta property=\"og:locale\" content=\"fr_FR\" \/>\n<meta property=\"og:type\" content=\"article\" \/>\n<meta property=\"og:title\" content=\"Afrique du Sud Qualifi\u00e9e au CAN U17 avec Nouveau Format\" \/>\n<meta property=\"og:description\" content=\"L\u2019e\u0301quipe nationale sud-africaine des moins de 17 ans annonce sa qualification pour la CAN U17 2025. Le Amajimbos dispu ...\" \/>\n<meta property=\"og:url\" content=\"https:\/\/www.africa-press.net\/senegal\/sports\/afrique-du-sud-qualifiee-au-can-u17-avec-nouveau-format\" \/>\n<meta property=\"og:site_name\" content=\"Senegal\" \/>\n<meta property=\"article:published_time\" content=\"2025-02-08T21:30:21+00:00\" \/>\n<meta property=\"article:modified_time\" content=\"2025-05-05T20:07:54+00:00\" \/>\n<meta property=\"og:image\" content=\"https:\/\/static.africa-press.net\/senegal\/sites\/13\/2025\/02\/sm_1739040696.539695.jpg\" \/>\n\t<meta property=\"og:image:width\" content=\"1080\" \/>\n\t<meta property=\"og:image:height\" content=\"675\" \/>\n\t<meta property=\"og:image:type\" content=\"image\/jpeg\" \/>\n<meta name=\"author\" content=\"cfeditorfr\" \/>\n<meta name=\"twitter:card\" content=\"summary_large_image\" \/>\n<meta name=\"twitter:label1\" content=\"\u00c9crit par\" \/>\n\t<meta name=\"twitter:data1\" content=\"cfeditorfr\" \/>\n\t<meta name=\"twitter:label2\" content=\"Dur\u00e9e de lecture estim\u00e9e\" \/>\n\t<meta name=\"twitter:data2\" content=\"1 minute\" \/>\n<script type=\"application\/ld+json\" class=\"yoast-schema-graph\">{\"@context\":\"https:\/\/schema.org\",\"@graph\":[{\"@type\":\"Article\",\"@id\":\"https:\/\/www.africa-press.net\/senegal\/sports\/afrique-du-sud-qualifiee-au-can-u17-avec-nouveau-format#article\",\"isPartOf\":{\"@id\":\"https:\/\/www.africa-press.net\/senegal\/sports\/afrique-du-sud-qualifiee-au-can-u17-avec-nouveau-format\"},\"author\":{\"name\":\"cfeditorfr\",\"@id\":\"https:\/\/www.africa-press.net\/senegal\/#\/schema\/person\/2b1cf3cd81a31e3cd26889ca66d677f1\"},\"headline\":\"Afrique du Sud Qualifi\u00e9e au CAN U17 avec Nouveau Format\",\"datePublished\":\"2025-02-08T21:30:21+00:00\",\"dateModified\":\"2025-05-05T20:07:54+00:00\",\"mainEntityOfPage\":{\"@id\":\"https:\/\/www.africa-press.net\/senegal\/sports\/afrique-du-sud-qualifiee-au-can-u17-avec-nouveau-format\"},\"wordCount\":163,\"commentCount\":0,\"image\":{\"@id\":\"https:\/\/www.africa-press.net\/senegal\/sports\/afrique-du-sud-qualifiee-au-can-u17-avec-nouveau-format#primaryimage\"},\"thumbnailUrl\":\"https:\/\/static.africa-press.net\/senegal\/sites\/13\/2025\/02\/sm_1739040696.539695.jpg\",\"keywords\":[\"Senegal\"],\"articleSection\":[\"Sports\",\"Toutes les actualit\u00e9s\"],\"inLanguage\":\"fr-FR\",\"potentialAction\":[{\"@type\":\"CommentAction\",\"name\":\"Comment\",\"target\":[\"https:\/\/www.africa-press.net\/senegal\/sports\/afrique-du-sud-qualifiee-au-can-u17-avec-nouveau-format#respond\"]}]},{\"@type\":\"WebPage\",\"@id\":\"https:\/\/www.africa-press.net\/senegal\/sports\/afrique-du-sud-qualifiee-au-can-u17-avec-nouveau-format\",\"url\":\"https:\/\/www.africa-press.net\/senegal\/sports\/afrique-du-sud-qualifiee-au-can-u17-avec-nouveau-format\",\"name\":\"Afrique du Sud Qualifi\u00e9e au CAN U17 avec Nouveau Format - Senegal\",\"isPartOf\":{\"@id\":\"https:\/\/www.africa-press.net\/senegal\/#website\"},\"primaryImageOfPage\":{\"@id\":\"https:\/\/www.africa-press.net\/senegal\/sports\/afrique-du-sud-qualifiee-au-can-u17-avec-nouveau-format#primaryimage\"},\"image\":{\"@id\":\"https:\/\/www.africa-press.net\/senegal\/sports\/afrique-du-sud-qualifiee-au-can-u17-avec-nouveau-format#primaryimage\"},\"thumbnailUrl\":\"https:\/\/static.africa-press.net\/senegal\/sites\/13\/2025\/02\/sm_1739040696.539695.jpg\",\"datePublished\":\"2025-02-08T21:30:21+00:00\",\"dateModified\":\"2025-05-05T20:07:54+00:00\",\"author\":{\"@id\":\"https:\/\/www.africa-press.net\/senegal\/#\/schema\/person\/2b1cf3cd81a31e3cd26889ca66d677f1\"},\"description\":\"L\u2019e\u0301quipe nationale sud-africaine des moins de 17 ans annonce sa qualification pour la CAN U17 2025. Le Amajimbos dispu ...\",\"breadcrumb\":{\"@id\":\"https:\/\/www.africa-press.net\/senegal\/sports\/afrique-du-sud-qualifiee-au-can-u17-avec-nouveau-format#breadcrumb\"},\"inLanguage\":\"fr-FR\",\"potentialAction\":[{\"@type\":\"ReadAction\",\"target\":[\"https:\/\/www.africa-press.net\/senegal\/sports\/afrique-du-sud-qualifiee-au-can-u17-avec-nouveau-format\"]}]},{\"@type\":\"ImageObject\",\"inLanguage\":\"fr-FR\",\"@id\":\"https:\/\/www.africa-press.net\/senegal\/sports\/afrique-du-sud-qualifiee-au-can-u17-avec-nouveau-format#primaryimage\",\"url\":\"https:\/\/static.africa-press.net\/senegal\/sites\/13\/2025\/02\/sm_1739040696.539695.jpg\",\"contentUrl\":\"https:\/\/static.africa-press.net\/senegal\/sites\/13\/2025\/02\/sm_1739040696.539695.jpg\",\"width\":1080,\"height\":675,\"caption\":\"Afrique du Sud Qualifi\u00e9e au CAN U17 avec Nouveau Format\"},{\"@type\":\"BreadcrumbList\",\"@id\":\"https:\/\/www.africa-press.net\/senegal\/sports\/afrique-du-sud-qualifiee-au-can-u17-avec-nouveau-format#breadcrumb\",\"itemListElement\":[{\"@type\":\"ListItem\",\"position\":1,\"name\":\"Accueil\",\"item\":\"https:\/\/www.africa-press.net\/senegal\/\"},{\"@type\":\"ListItem\",\"position\":2,\"name\":\"Afrique du Sud Qualifi\u00e9e au CAN U17 avec Nouveau Format\"}]},{\"@type\":\"WebSite\",\"@id\":\"https:\/\/www.africa-press.net\/senegal\/#website\",\"url\":\"https:\/\/www.africa-press.net\/senegal\/\",\"name\":\"Africa Press | Senegal | Homepage\",\"description\":\"Just another Africa News Agency Sites site\",\"potentialAction\":[{\"@type\":\"SearchAction\",\"target\":{\"@type\":\"EntryPoint\",\"urlTemplate\":\"https:\/\/www.africa-press.net\/senegal\/?s={search_term_string}\"},\"query-input\":{\"@type\":\"PropertyValueSpecification\",\"valueRequired\":true,\"valueName\":\"search_term_string\"}}],\"inLanguage\":\"fr-FR\"},{\"@type\":\"Person\",\"@id\":\"https:\/\/www.africa-press.net\/senegal\/#\/schema\/person\/2b1cf3cd81a31e3cd26889ca66d677f1\",\"name\":\"cfeditorfr\",\"url\":\"https:\/\/www.africa-press.net\/senegal\/author\/cfeditorfr\"}]}<\/script>\n<!-- \/ Yoast SEO Premium plugin. -->","yoast_head_json":{"title":"Afrique du Sud Qualifi\u00e9e au CAN U17 avec Nouveau Format - Senegal","description":"L\u2019e\u0301quipe nationale sud-africaine des moins de 17 ans annonce sa qualification pour la CAN U17 2025. Le Amajimbos dispu ...","robots":{"index":"index","follow":"follow","max-snippet":"max-snippet:-1","max-image-preview":"max-image-preview:large","max-video-preview":"max-video-preview:-1"},"canonical":"https:\/\/www.africa-press.net\/senegal\/sports\/afrique-du-sud-qualifiee-au-can-u17-avec-nouveau-format","og_locale":"fr_FR","og_type":"article","og_title":"Afrique du Sud Qualifi\u00e9e au CAN U17 avec Nouveau Format","og_description":"L\u2019e\u0301quipe nationale sud-africaine des moins de 17 ans annonce sa qualification pour la CAN U17 2025. Le Amajimbos dispu ...","og_url":"https:\/\/www.africa-press.net\/senegal\/sports\/afrique-du-sud-qualifiee-au-can-u17-avec-nouveau-format","og_site_name":"Senegal","article_published_time":"2025-02-08T21:30:21+00:00","article_modified_time":"2025-05-05T20:07:54+00:00","og_image":[{"width":1080,"height":675,"url":"https:\/\/static.africa-press.net\/senegal\/sites\/13\/2025\/02\/sm_1739040696.539695.jpg","type":"image\/jpeg"}],"author":"cfeditorfr","twitter_card":"summary_large_image","twitter_misc":{"\u00c9crit par":"cfeditorfr","Dur\u00e9e de lecture estim\u00e9e":"1 minute"},"schema":{"@context":"https:\/\/schema.org","@graph":[{"@type":"Article","@id":"https:\/\/www.africa-press.net\/senegal\/sports\/afrique-du-sud-qualifiee-au-can-u17-avec-nouveau-format#article","isPartOf":{"@id":"https:\/\/www.africa-press.net\/senegal\/sports\/afrique-du-sud-qualifiee-au-can-u17-avec-nouveau-format"},"author":{"name":"cfeditorfr","@id":"https:\/\/www.africa-press.net\/senegal\/#\/schema\/person\/2b1cf3cd81a31e3cd26889ca66d677f1"},"headline":"Afrique du Sud Qualifi\u00e9e au CAN U17 avec Nouveau Format","datePublished":"2025-02-08T21:30:21+00:00","dateModified":"2025-05-05T20:07:54+00:00","mainEntityOfPage":{"@id":"https:\/\/www.africa-press.net\/senegal\/sports\/afrique-du-sud-qualifiee-au-can-u17-avec-nouveau-format"},"wordCount":163,"commentCount":0,"image":{"@id":"https:\/\/www.africa-press.net\/senegal\/sports\/afrique-du-sud-qualifiee-au-can-u17-avec-nouveau-format#primaryimage"},"thumbnailUrl":"https:\/\/static.africa-press.net\/senegal\/sites\/13\/2025\/02\/sm_1739040696.539695.jpg","keywords":["Senegal"],"articleSection":["Sports","Toutes les actualit\u00e9s"],"inLanguage":"fr-FR","potentialAction":[{"@type":"CommentAction","name":"Comment","target":["https:\/\/www.africa-press.net\/senegal\/sports\/afrique-du-sud-qualifiee-au-can-u17-avec-nouveau-format#respond"]}]},{"@type":"WebPage","@id":"https:\/\/www.africa-press.net\/senegal\/sports\/afrique-du-sud-qualifiee-au-can-u17-avec-nouveau-format","url":"https:\/\/www.africa-press.net\/senegal\/sports\/afrique-du-sud-qualifiee-au-can-u17-avec-nouveau-format","name":"Afrique du Sud Qualifi\u00e9e au CAN U17 avec Nouveau Format - Senegal","isPartOf":{"@id":"https:\/\/www.africa-press.net\/senegal\/#website"},"primaryImageOfPage":{"@id":"https:\/\/www.africa-press.net\/senegal\/sports\/afrique-du-sud-qualifiee-au-can-u17-avec-nouveau-format#primaryimage"},"image":{"@id":"https:\/\/www.africa-press.net\/senegal\/sports\/afrique-du-sud-qualifiee-au-can-u17-avec-nouveau-format#primaryimage"},"thumbnailUrl":"https:\/\/static.africa-press.net\/senegal\/sites\/13\/2025\/02\/sm_1739040696.539695.jpg","datePublished":"2025-02-08T21:30:21+00:00","dateModified":"2025-05-05T20:07:54+00:00","author":{"@id":"https:\/\/www.africa-press.net\/senegal\/#\/schema\/person\/2b1cf3cd81a31e3cd26889ca66d677f1"},"description":"L\u2019e\u0301quipe nationale sud-africaine des moins de 17 ans annonce sa qualification pour la CAN U17 2025. Le Amajimbos dispu ...","breadcrumb":{"@id":"https:\/\/www.africa-press.net\/senegal\/sports\/afrique-du-sud-qualifiee-au-can-u17-avec-nouveau-format#breadcrumb"},"inLanguage":"fr-FR","potentialAction":[{"@type":"ReadAction","target":["https:\/\/www.africa-press.net\/senegal\/sports\/afrique-du-sud-qualifiee-au-can-u17-avec-nouveau-format"]}]},{"@type":"ImageObject","inLanguage":"fr-FR","@id":"https:\/\/www.africa-press.net\/senegal\/sports\/afrique-du-sud-qualifiee-au-can-u17-avec-nouveau-format#primaryimage","url":"https:\/\/static.africa-press.net\/senegal\/sites\/13\/2025\/02\/sm_1739040696.539695.jpg","contentUrl":"https:\/\/static.africa-press.net\/senegal\/sites\/13\/2025\/02\/sm_1739040696.539695.jpg","width":1080,"height":675,"caption":"Afrique du Sud Qualifi\u00e9e au CAN U17 avec Nouveau Format"},{"@type":"BreadcrumbList","@id":"https:\/\/www.africa-press.net\/senegal\/sports\/afrique-du-sud-qualifiee-au-can-u17-avec-nouveau-format#breadcrumb","itemListElement":[{"@type":"ListItem","position":1,"name":"Accueil","item":"https:\/\/www.africa-press.net\/senegal\/"},{"@type":"ListItem","position":2,"name":"Afrique du Sud Qualifi\u00e9e au CAN U17 avec Nouveau Format"}]},{"@type":"WebSite","@id":"https:\/\/www.africa-press.net\/senegal\/#website","url":"https:\/\/www.africa-press.net\/senegal\/","name":"Africa Press | Senegal | Homepage","description":"Just another Africa News Agency Sites site","potentialAction":[{"@type":"SearchAction","target":{"@type":"EntryPoint","urlTemplate":"https:\/\/www.africa-press.net\/senegal\/?s={search_term_string}"},"query-input":{"@type":"PropertyValueSpecification","valueRequired":true,"valueName":"search_term_string"}}],"inLanguage":"fr-FR"},{"@type":"Person","@id":"https:\/\/www.africa-press.net\/senegal\/#\/schema\/person\/2b1cf3cd81a31e3cd26889ca66d677f1","name":"cfeditorfr","url":"https:\/\/www.africa-press.net\/senegal\/author\/cfeditorfr"}]}},"_links":{"self":[{"href":"https:\/\/www.africa-press.net\/senegal\/wp-json\/wp\/v2\/posts\/65298","targetHints":{"allow":["GET"]}}],"collection":[{"href":"https:\/\/www.africa-press.net\/senegal\/wp-json\/wp\/v2\/posts"}],"about":[{"href":"https:\/\/www.africa-press.net\/senegal\/wp-json\/wp\/v2\/types\/post"}],"author":[{"embeddable":true,"href":"https:\/\/www.africa-press.net\/senegal\/wp-json\/wp\/v2\/users\/82"}],"replies":[{"embeddable":true,"href":"https:\/\/www.africa-press.net\/senegal\/wp-json\/wp\/v2\/comments?post=65298"}],"version-history":[{"count":0,"href":"https:\/\/www.africa-press.net\/senegal\/wp-json\/wp\/v2\/posts\/65298\/revisions"}],"wp:featuredmedia":[{"embeddable":true,"href":"https:\/\/www.africa-press.net\/senegal\/wp-json\/wp\/v2\/media\/65297"}],"wp:attachment":[{"href":"https:\/\/www.africa-press.net\/senegal\/wp-json\/wp\/v2\/media?parent=65298"}],"wp:term":[{"taxonomy":"category","embeddable":true,"href":"https:\/\/www.africa-press.net\/senegal\/wp-json\/wp\/v2\/categories?post=65298"},{"taxonomy":"post_tag","embeddable":true,"href":"https:\/\/www.africa-press.net\/senegal\/wp-json\/wp\/v2\/tags?post=65298"}],"curies":[{"name":"wp","href":"https:\/\/api.w.org\/{rel}","templated":true}]}}