{"id":65348,"date":"2025-02-09T12:00:00","date_gmt":"2025-02-09T12:00:00","guid":{"rendered":"https:\/\/www.africa-press.net\/senegal\/politique\/des-archeologues-trouvent-lemplacement-exact-de-lun-des-lieux-oublies-de-la-tapisserie-de-bayeux"},"modified":"2025-02-09T12:00:00","modified_gmt":"2025-02-09T12:00:00","slug":"des-archeologues-trouvent-lemplacement-exact-de-lun-des-lieux-oublies-de-la-tapisserie-de-bayeux","status":"publish","type":"post","link":"https:\/\/www.africa-press.net\/senegal\/toutes-les-actualites\/des-archeologues-trouvent-lemplacement-exact-de-lun-des-lieux-oublies-de-la-tapisserie-de-bayeux","title":{"rendered":"Des Arch\u00e9ologues Trouvent L\u2019Emplacement Exact de L\u2019Un des Lieux \u00ab Oubli\u00e9s \u00bb de la Tapisserie de Bayeux"},"content":{"rendered":"<p><span style=\"color: #ff6600\"><strong>Africa-Press &#8211; Senegal. <\/strong><\/span>Vient-on de localiser l\u2019emplacement exact de la re\u0301sidence d\u2019Harold, le dernier roi anglo-saxon d\u2019Angleterre, repre\u0301sente\u0301e sur la tapisserie de Bayeux ? Selon une e\u0301quipe d\u2019arche\u0301ologues des universite\u0301s de Newcastle et d\u2019Exeter, au Royaume-Uni, la re\u0301ponse est oui. Cette dernie\u0300re pense avoir retrouve\u0301 l\u2019endroit pre\u0301cis ou\u0300 avait e\u0301te\u0301 implante\u0301 il y a pre\u0300s d\u2019un mille\u0301naire le centre de pouvoir de ce souverain tue\u0301 d\u2019une fle\u0300che dans l\u2019\u0153il lors de la bataille d\u2019Hastings en 1066.<\/p>\n<p>La tapisserie de Bayeux, broderie du 11e sie\u0300cle illustrant la conque\u0302te de l\u2019Angleterre par Guillaume le Conque\u0301rant \u2013 et notamment la bataille d\u2019Hastings -, compte parmi les tre\u0301sors du Moyen A\u0302ge parvenus jusqu\u2019a\u0300 nous. Longue de pre\u0300s de 70 me\u0300tres de long, elle raconte en une se\u0301rie de sce\u0300nes continues les e\u0301ve\u0301nements menant a\u0300 la victoire normande. En cela, elle est conside\u0301re\u0301e par certains historiens comme la toute premie\u0300re \u00ab bande dessine\u0301e \u00bb de l\u2019histoire.<\/p>\n<p><b>Le sie\u0300ge du pouvoir d\u2019Harold, roi d\u2019Angleterre en 1066<\/b><\/p>\n<p>Deux de ses sce\u0300nes se tiennent a\u0300 Bosham, sur la co\u0302te ouest du comte\u0301 du Sussex. Dans la premie\u0300re, Harold prend part a\u0300 un festin dans une salle extravagante de son palais avant de s\u2019embarquer pour la Normandie, ou\u0300 il est fait prisonnier par le comte Guy de Ponthieu. Il doit sa libe\u0301ration a\u0300 Guillaume dit \u00ab le Ba\u0302tard \u00bb, duc de Normandie, a\u0300 qui il pre\u0302te serment: il s\u2019engage a\u0300 soutenir Guillaume comme futur roi d\u2019Angleterre apre\u0300s la mort de l\u2019actuel roi, E\u0301douard le Confesseur (dans une sce\u0300ne cle\u0301 de la tapisserie, Harold jure notamment fide\u0301lite\u0301 a\u0300 Guillaume sur des reliques sacre\u0301es).<\/p>\n<p>Mais la suite des e\u0301ve\u0301nements est tout autre. Harold est de retour a\u0300 Bosham, ou\u0300 il apparai\u0302t une seconde fois sur la tapisserie. A\u0300 la mort d\u2019E\u0301douard, Harold monte sur le tro\u0302ne d\u2019Angleterre avec l\u2019accord d\u2019une assemble\u0301e et trahit ainsi sa parole. S\u2019ensuit une guerre e\u0301clair mene\u0301e par Guillaume a\u0300 partir de septembre 1066, qui se de\u0301roule dans le sud de l\u2019Angleterre. Le 14 octobre 1066, soit pre\u0300s de dix mois apre\u0300s le couronnement d\u2019Harold, la confrontation de\u0301cisive entre les deux arme\u0301es a lieu a\u0300 Hastings, a\u0300 85 kilome\u0300tres au sud de Londres. Apre\u0300s plusieurs heures de combat, Harold est tue\u0301 \u2013 selon la le\u0301gende, d\u2019une fle\u0300che dans l\u2019\u0153il donc. Guillaume remporte la victoire et devient Guillaume le Conque\u0301rant.<\/p>\n<p><b>Des vestiges sous une habitation<\/b><\/p>\n<p>Jusqu\u2019ici, l\u2019emplacement de la re\u0301sidence d\u2019Harold a\u0300 Bosham restait inde\u0301termine\u0301, me\u0302me si les arche\u0301ologues et les historiens soupc\u0327onnaient depuis de nombreuses anne\u0301es une maison du village \u2013 aujourd\u2019hui une habitation prive\u0301e \u2013 d\u2019en recouvrir les vestiges. L\u2019e\u0301quipe dirige\u0301e par Duncan Wright, mai\u0302tre de confe\u0301rences en arche\u0301ologie me\u0301die\u0301vale a\u0300 l\u2019universite\u0301 de Newcastle (Royaume-Uni), a de\u0301cide\u0301 de ve\u0301rifier une bonne fois pour toutes si cette hypothe\u0300se e\u0301tait ou non la bonne.<\/p>\n<p>Le chercheur et ses colle\u0300gues ont ainsi employe\u0301 une se\u0301rie de me\u0301thodes pour e\u0301lucider les de\u0301buts de l\u2019histoire de la proprie\u0301te\u0301, notamment une e\u0301tude ge\u0301ophysique de la zone environnante, l\u2019e\u0301valuation des vestiges encore pre\u0301sents, l\u2019examen minutieux des cartes et des archives et le re\u0301examen des rapports de fouilles de\u0301ja\u0300 mene\u0301es sur place en 2006 par une socie\u0301te\u0301 prive\u0301e, West Sussex Archaeology.<\/p>\n<p>Leurs travaux ont ainsi pu confirmer l\u2019existence de deux ba\u0302timents me\u0301die\u0301vaux non identifie\u0301s auparavant: un premier inte\u0301gre\u0301 a\u0300 la maison actuelle, et l\u2019autre dans le jardin. \u00ab L\u2019indication cruciale que le site avait des origines encore plus anciennes provient des fouilles de 2006, qui ont permis d\u2019identifier des latrines dans un grand ba\u0302timent en bois \u00bb, expliquent les chercheurs dans un communique\u0301.<\/p>\n<p><b>Une salle de bain, un luxe re\u0301serve\u0301 a\u0300 l\u2019e\u0301lite<\/b><\/p>\n<p>En quoi la pre\u0301sence de latrines constitue-t-elle un indice de\u0301terminant ? \u00ab Depuis une dizaine d\u2019anne\u0301es, les arche\u0301ologues reconnaissent qu\u2019en Angleterre, a\u0300 partir du 10e sie\u0300cle apre\u0300s J.-C., les maisons de haut rang avaient tendance a\u0300 inte\u0301grer des toilettes \u00bb, e\u0301crivent les arche\u0301ologues. Bingo. Pour l\u2019e\u0301quipe, il ne fait aucun doute que le ba\u0302timent en bois e\u0301quipe\u0301 de commodite\u0301s abritait une partie de l\u2019e\u0301lite dirigeante.<\/p>\n<p>\u00ab Nous avons re\u0301alise\u0301 que lors des fouilles de 2006, une salle de bain anglo-saxonne avait e\u0301te\u0301 trouve\u0301e. Elle nous a permis de confirmer que cette maison se trouve sur le site d\u2019une re\u0301sidence d\u2019e\u0301lite ante\u0301rieure a\u0300 la conque\u0302te normande. En examinant cet indice crucial, ainsi que tous nos autres e\u0301le\u0301ments de preuve, il ne fait aucun doute que nous avons ici l\u2019emplacement du centre de pouvoir prive\u0301 d\u2019Harold Godwinson, celui-la\u0300 me\u0302me qui est repre\u0301sente\u0301 de fac\u0327on ce\u0301le\u0300bre sur la tapisserie de Bayeux. \u00bb<\/p>\n<p>La salle faisait partie d\u2019un complexe plus vaste, qui comprenait e\u0301galement une e\u0301glise, qui elle subsiste encore. Les re\u0301sultats de ces recherches ont e\u0301te\u0301 publie\u0301s dans The Antiquaries Journal le 9 janvier 2025.<\/p>\n<p><strong>Pour plus d&rsquo;informations et d&rsquo;analyses sur la <span style=\"color: #ff6600\">Senegal<\/span>, suivez <span style=\"color: #ff6600\">Africa-Press<span style=\"color: #ff6600\"><\/span><\/strong><\/p>\n","protected":false},"excerpt":{"rendered":"<p>Africa-Press &#8211; Senegal. Vient-on de localiser l\u2019emplacement exact de la re\u0301sidence d\u2019Harold, le dernier roi anglo-saxon d\u2019Angleterre, repre\u0301sente\u0301e sur la tapisserie de Bayeux ? Selon une e\u0301quipe d\u2019arche\u0301ologues des universite\u0301s de Newcastle et d\u2019Exeter, au Royaume-Uni, la re\u0301ponse est oui. Cette dernie\u0300re pense avoir retrouve\u0301 l\u2019endroit pre\u0301cis ou\u0300 avait e\u0301te\u0301 implante\u0301 il y a pre\u0300s [&hellip;]<\/p>\n","protected":false},"author":82,"featured_media":65347,"comment_status":"open","ping_status":"closed","sticky":false,"template":"","format":"standard","meta":{"footnotes":""},"categories":[22,10],"tags":[44],"class_list":["post-65348","post","type-post","status-publish","format-standard","has-post-thumbnail","hentry","category-divers","category-toutes-les-actualites","tag-senegal-2"],"yoast_head":"<!-- This site is optimized with the Yoast SEO Premium plugin v26.1 (Yoast SEO v27.0) - https:\/\/yoast.com\/product\/yoast-seo-premium-wordpress\/ -->\n<title>Des Arch\u00e9ologues Trouvent L\u2019Emplacement Exact de L\u2019Un des Lieux \u00ab Oubli\u00e9s \u00bb de la Tapisserie de Bayeux - Senegal<\/title>\n<meta name=\"robots\" content=\"index, follow, max-snippet:-1, max-image-preview:large, max-video-preview:-1\" \/>\n<link rel=\"canonical\" href=\"https:\/\/www.africa-press.net\/senegal\/politique\/des-archeologues-trouvent-lemplacement-exact-de-lun-des-lieux-oublies-de-la-tapisserie-de-bayeux\" \/>\n<meta property=\"og:locale\" content=\"fr_FR\" \/>\n<meta property=\"og:type\" content=\"article\" \/>\n<meta property=\"og:title\" content=\"Des Arch\u00e9ologues Trouvent L\u2019Emplacement Exact de L\u2019Un des Lieux \u00ab Oubli\u00e9s \u00bb de la Tapisserie de Bayeux\" \/>\n<meta property=\"og:description\" content=\"Africa-Press &#8211; Senegal. Vient-on de localiser l\u2019emplacement exact de la re\u0301sidence d\u2019Harold, le dernier roi anglo-saxon d\u2019Angleterre, repre\u0301sente\u0301e sur la tapisserie de Bayeux ? Selon une e\u0301quipe d\u2019arche\u0301ologues des universite\u0301s de Newcastle et d\u2019Exeter, au Royaume-Uni, la re\u0301ponse est oui. Cette dernie\u0300re pense avoir retrouve\u0301 l\u2019endroit pre\u0301cis ou\u0300 avait e\u0301te\u0301 implante\u0301 il y a pre\u0300s [&hellip;]\" \/>\n<meta property=\"og:url\" content=\"https:\/\/www.africa-press.net\/senegal\/politique\/des-archeologues-trouvent-lemplacement-exact-de-lun-des-lieux-oublies-de-la-tapisserie-de-bayeux\" \/>\n<meta property=\"og:site_name\" content=\"Senegal\" \/>\n<meta property=\"article:published_time\" content=\"2025-02-09T12:00:00+00:00\" \/>\n<meta name=\"author\" content=\"cfeditorfr\" \/>\n<meta name=\"twitter:card\" content=\"summary_large_image\" \/>\n<meta name=\"twitter:label1\" content=\"\u00c9crit par\" \/>\n\t<meta name=\"twitter:data1\" content=\"cfeditorfr\" \/>\n\t<meta name=\"twitter:label2\" content=\"Dur\u00e9e de lecture estim\u00e9e\" \/>\n\t<meta name=\"twitter:data2\" content=\"5 minutes\" \/>\n<script type=\"application\/ld+json\" class=\"yoast-schema-graph\">{\"@context\":\"https:\/\/schema.org\",\"@graph\":[{\"@type\":\"Article\",\"@id\":\"https:\/\/www.africa-press.net\/senegal\/politique\/des-archeologues-trouvent-lemplacement-exact-de-lun-des-lieux-oublies-de-la-tapisserie-de-bayeux#article\",\"isPartOf\":{\"@id\":\"https:\/\/www.africa-press.net\/senegal\/politique\/des-archeologues-trouvent-lemplacement-exact-de-lun-des-lieux-oublies-de-la-tapisserie-de-bayeux\"},\"author\":{\"name\":\"cfeditorfr\",\"@id\":\"https:\/\/www.africa-press.net\/senegal\/#\/schema\/person\/2b1cf3cd81a31e3cd26889ca66d677f1\"},\"headline\":\"Des Arch\u00e9ologues Trouvent L\u2019Emplacement Exact de L\u2019Un des Lieux \u00ab Oubli\u00e9s \u00bb de la Tapisserie de Bayeux\",\"datePublished\":\"2025-02-09T12:00:00+00:00\",\"mainEntityOfPage\":{\"@id\":\"https:\/\/www.africa-press.net\/senegal\/politique\/des-archeologues-trouvent-lemplacement-exact-de-lun-des-lieux-oublies-de-la-tapisserie-de-bayeux\"},\"wordCount\":959,\"commentCount\":0,\"image\":{\"@id\":\"https:\/\/www.africa-press.net\/senegal\/politique\/des-archeologues-trouvent-lemplacement-exact-de-lun-des-lieux-oublies-de-la-tapisserie-de-bayeux#primaryimage\"},\"thumbnailUrl\":\"https:\/\/static.africa-press.net\/senegal\/sites\/13\/2025\/02\/sm_1739182465.017084.jpg\",\"keywords\":[\"Senegal\"],\"articleSection\":[\"Divers\",\"Toutes les actualit\u00e9s\"],\"inLanguage\":\"fr-FR\",\"potentialAction\":[{\"@type\":\"CommentAction\",\"name\":\"Comment\",\"target\":[\"https:\/\/www.africa-press.net\/senegal\/politique\/des-archeologues-trouvent-lemplacement-exact-de-lun-des-lieux-oublies-de-la-tapisserie-de-bayeux#respond\"]}]},{\"@type\":\"WebPage\",\"@id\":\"https:\/\/www.africa-press.net\/senegal\/politique\/des-archeologues-trouvent-lemplacement-exact-de-lun-des-lieux-oublies-de-la-tapisserie-de-bayeux\",\"url\":\"https:\/\/www.africa-press.net\/senegal\/politique\/des-archeologues-trouvent-lemplacement-exact-de-lun-des-lieux-oublies-de-la-tapisserie-de-bayeux\",\"name\":\"Des Arch\u00e9ologues Trouvent L\u2019Emplacement Exact de L\u2019Un des Lieux \u00ab Oubli\u00e9s \u00bb de la Tapisserie de Bayeux - Senegal\",\"isPartOf\":{\"@id\":\"https:\/\/www.africa-press.net\/senegal\/#website\"},\"primaryImageOfPage\":{\"@id\":\"https:\/\/www.africa-press.net\/senegal\/politique\/des-archeologues-trouvent-lemplacement-exact-de-lun-des-lieux-oublies-de-la-tapisserie-de-bayeux#primaryimage\"},\"image\":{\"@id\":\"https:\/\/www.africa-press.net\/senegal\/politique\/des-archeologues-trouvent-lemplacement-exact-de-lun-des-lieux-oublies-de-la-tapisserie-de-bayeux#primaryimage\"},\"thumbnailUrl\":\"https:\/\/static.africa-press.net\/senegal\/sites\/13\/2025\/02\/sm_1739182465.017084.jpg\",\"datePublished\":\"2025-02-09T12:00:00+00:00\",\"author\":{\"@id\":\"https:\/\/www.africa-press.net\/senegal\/#\/schema\/person\/2b1cf3cd81a31e3cd26889ca66d677f1\"},\"breadcrumb\":{\"@id\":\"https:\/\/www.africa-press.net\/senegal\/politique\/des-archeologues-trouvent-lemplacement-exact-de-lun-des-lieux-oublies-de-la-tapisserie-de-bayeux#breadcrumb\"},\"inLanguage\":\"fr-FR\",\"potentialAction\":[{\"@type\":\"ReadAction\",\"target\":[\"https:\/\/www.africa-press.net\/senegal\/politique\/des-archeologues-trouvent-lemplacement-exact-de-lun-des-lieux-oublies-de-la-tapisserie-de-bayeux\"]}]},{\"@type\":\"ImageObject\",\"inLanguage\":\"fr-FR\",\"@id\":\"https:\/\/www.africa-press.net\/senegal\/politique\/des-archeologues-trouvent-lemplacement-exact-de-lun-des-lieux-oublies-de-la-tapisserie-de-bayeux#primaryimage\",\"url\":\"https:\/\/static.africa-press.net\/senegal\/sites\/13\/2025\/02\/sm_1739182465.017084.jpg\",\"contentUrl\":\"https:\/\/static.africa-press.net\/senegal\/sites\/13\/2025\/02\/sm_1739182465.017084.jpg\",\"width\":1280,\"height\":720,\"caption\":\"Des Arch\u00e9ologues Trouvent L\u2019Emplacement Exact de L\u2019Un des Lieux \u00ab Oubli\u00e9s \u00bb de la Tapisserie de Bayeux\"},{\"@type\":\"BreadcrumbList\",\"@id\":\"https:\/\/www.africa-press.net\/senegal\/politique\/des-archeologues-trouvent-lemplacement-exact-de-lun-des-lieux-oublies-de-la-tapisserie-de-bayeux#breadcrumb\",\"itemListElement\":[{\"@type\":\"ListItem\",\"position\":1,\"name\":\"Accueil\",\"item\":\"https:\/\/www.africa-press.net\/senegal\/\"},{\"@type\":\"ListItem\",\"position\":2,\"name\":\"Des Arch\u00e9ologues Trouvent L\u2019Emplacement Exact de L\u2019Un des Lieux \u00ab Oubli\u00e9s \u00bb de la Tapisserie de Bayeux\"}]},{\"@type\":\"WebSite\",\"@id\":\"https:\/\/www.africa-press.net\/senegal\/#website\",\"url\":\"https:\/\/www.africa-press.net\/senegal\/\",\"name\":\"Africa Press | Senegal | Homepage\",\"description\":\"Just another Africa News Agency Sites site\",\"potentialAction\":[{\"@type\":\"SearchAction\",\"target\":{\"@type\":\"EntryPoint\",\"urlTemplate\":\"https:\/\/www.africa-press.net\/senegal\/?s={search_term_string}\"},\"query-input\":{\"@type\":\"PropertyValueSpecification\",\"valueRequired\":true,\"valueName\":\"search_term_string\"}}],\"inLanguage\":\"fr-FR\"},{\"@type\":\"Person\",\"@id\":\"https:\/\/www.africa-press.net\/senegal\/#\/schema\/person\/2b1cf3cd81a31e3cd26889ca66d677f1\",\"name\":\"cfeditorfr\",\"url\":\"https:\/\/www.africa-press.net\/senegal\/author\/cfeditorfr\"}]}<\/script>\n<!-- \/ Yoast SEO Premium plugin. -->","yoast_head_json":{"title":"Des Arch\u00e9ologues Trouvent L\u2019Emplacement Exact de L\u2019Un des Lieux \u00ab Oubli\u00e9s \u00bb de la Tapisserie de Bayeux - Senegal","robots":{"index":"index","follow":"follow","max-snippet":"max-snippet:-1","max-image-preview":"max-image-preview:large","max-video-preview":"max-video-preview:-1"},"canonical":"https:\/\/www.africa-press.net\/senegal\/politique\/des-archeologues-trouvent-lemplacement-exact-de-lun-des-lieux-oublies-de-la-tapisserie-de-bayeux","og_locale":"fr_FR","og_type":"article","og_title":"Des Arch\u00e9ologues Trouvent L\u2019Emplacement Exact de L\u2019Un des Lieux \u00ab Oubli\u00e9s \u00bb de la Tapisserie de Bayeux","og_description":"Africa-Press &#8211; Senegal. Vient-on de localiser l\u2019emplacement exact de la re\u0301sidence d\u2019Harold, le dernier roi anglo-saxon d\u2019Angleterre, repre\u0301sente\u0301e sur la tapisserie de Bayeux ? Selon une e\u0301quipe d\u2019arche\u0301ologues des universite\u0301s de Newcastle et d\u2019Exeter, au Royaume-Uni, la re\u0301ponse est oui. Cette dernie\u0300re pense avoir retrouve\u0301 l\u2019endroit pre\u0301cis ou\u0300 avait e\u0301te\u0301 implante\u0301 il y a pre\u0300s [&hellip;]","og_url":"https:\/\/www.africa-press.net\/senegal\/politique\/des-archeologues-trouvent-lemplacement-exact-de-lun-des-lieux-oublies-de-la-tapisserie-de-bayeux","og_site_name":"Senegal","article_published_time":"2025-02-09T12:00:00+00:00","author":"cfeditorfr","twitter_card":"summary_large_image","twitter_misc":{"\u00c9crit par":"cfeditorfr","Dur\u00e9e de lecture estim\u00e9e":"5 minutes"},"schema":{"@context":"https:\/\/schema.org","@graph":[{"@type":"Article","@id":"https:\/\/www.africa-press.net\/senegal\/politique\/des-archeologues-trouvent-lemplacement-exact-de-lun-des-lieux-oublies-de-la-tapisserie-de-bayeux#article","isPartOf":{"@id":"https:\/\/www.africa-press.net\/senegal\/politique\/des-archeologues-trouvent-lemplacement-exact-de-lun-des-lieux-oublies-de-la-tapisserie-de-bayeux"},"author":{"name":"cfeditorfr","@id":"https:\/\/www.africa-press.net\/senegal\/#\/schema\/person\/2b1cf3cd81a31e3cd26889ca66d677f1"},"headline":"Des Arch\u00e9ologues Trouvent L\u2019Emplacement Exact de L\u2019Un des Lieux \u00ab Oubli\u00e9s \u00bb de la Tapisserie de Bayeux","datePublished":"2025-02-09T12:00:00+00:00","mainEntityOfPage":{"@id":"https:\/\/www.africa-press.net\/senegal\/politique\/des-archeologues-trouvent-lemplacement-exact-de-lun-des-lieux-oublies-de-la-tapisserie-de-bayeux"},"wordCount":959,"commentCount":0,"image":{"@id":"https:\/\/www.africa-press.net\/senegal\/politique\/des-archeologues-trouvent-lemplacement-exact-de-lun-des-lieux-oublies-de-la-tapisserie-de-bayeux#primaryimage"},"thumbnailUrl":"https:\/\/static.africa-press.net\/senegal\/sites\/13\/2025\/02\/sm_1739182465.017084.jpg","keywords":["Senegal"],"articleSection":["Divers","Toutes les actualit\u00e9s"],"inLanguage":"fr-FR","potentialAction":[{"@type":"CommentAction","name":"Comment","target":["https:\/\/www.africa-press.net\/senegal\/politique\/des-archeologues-trouvent-lemplacement-exact-de-lun-des-lieux-oublies-de-la-tapisserie-de-bayeux#respond"]}]},{"@type":"WebPage","@id":"https:\/\/www.africa-press.net\/senegal\/politique\/des-archeologues-trouvent-lemplacement-exact-de-lun-des-lieux-oublies-de-la-tapisserie-de-bayeux","url":"https:\/\/www.africa-press.net\/senegal\/politique\/des-archeologues-trouvent-lemplacement-exact-de-lun-des-lieux-oublies-de-la-tapisserie-de-bayeux","name":"Des Arch\u00e9ologues Trouvent L\u2019Emplacement Exact de L\u2019Un des Lieux \u00ab Oubli\u00e9s \u00bb de la Tapisserie de Bayeux - Senegal","isPartOf":{"@id":"https:\/\/www.africa-press.net\/senegal\/#website"},"primaryImageOfPage":{"@id":"https:\/\/www.africa-press.net\/senegal\/politique\/des-archeologues-trouvent-lemplacement-exact-de-lun-des-lieux-oublies-de-la-tapisserie-de-bayeux#primaryimage"},"image":{"@id":"https:\/\/www.africa-press.net\/senegal\/politique\/des-archeologues-trouvent-lemplacement-exact-de-lun-des-lieux-oublies-de-la-tapisserie-de-bayeux#primaryimage"},"thumbnailUrl":"https:\/\/static.africa-press.net\/senegal\/sites\/13\/2025\/02\/sm_1739182465.017084.jpg","datePublished":"2025-02-09T12:00:00+00:00","author":{"@id":"https:\/\/www.africa-press.net\/senegal\/#\/schema\/person\/2b1cf3cd81a31e3cd26889ca66d677f1"},"breadcrumb":{"@id":"https:\/\/www.africa-press.net\/senegal\/politique\/des-archeologues-trouvent-lemplacement-exact-de-lun-des-lieux-oublies-de-la-tapisserie-de-bayeux#breadcrumb"},"inLanguage":"fr-FR","potentialAction":[{"@type":"ReadAction","target":["https:\/\/www.africa-press.net\/senegal\/politique\/des-archeologues-trouvent-lemplacement-exact-de-lun-des-lieux-oublies-de-la-tapisserie-de-bayeux"]}]},{"@type":"ImageObject","inLanguage":"fr-FR","@id":"https:\/\/www.africa-press.net\/senegal\/politique\/des-archeologues-trouvent-lemplacement-exact-de-lun-des-lieux-oublies-de-la-tapisserie-de-bayeux#primaryimage","url":"https:\/\/static.africa-press.net\/senegal\/sites\/13\/2025\/02\/sm_1739182465.017084.jpg","contentUrl":"https:\/\/static.africa-press.net\/senegal\/sites\/13\/2025\/02\/sm_1739182465.017084.jpg","width":1280,"height":720,"caption":"Des Arch\u00e9ologues Trouvent L\u2019Emplacement Exact de L\u2019Un des Lieux \u00ab Oubli\u00e9s \u00bb de la Tapisserie de Bayeux"},{"@type":"BreadcrumbList","@id":"https:\/\/www.africa-press.net\/senegal\/politique\/des-archeologues-trouvent-lemplacement-exact-de-lun-des-lieux-oublies-de-la-tapisserie-de-bayeux#breadcrumb","itemListElement":[{"@type":"ListItem","position":1,"name":"Accueil","item":"https:\/\/www.africa-press.net\/senegal\/"},{"@type":"ListItem","position":2,"name":"Des Arch\u00e9ologues Trouvent L\u2019Emplacement Exact de L\u2019Un des Lieux \u00ab Oubli\u00e9s \u00bb de la Tapisserie de Bayeux"}]},{"@type":"WebSite","@id":"https:\/\/www.africa-press.net\/senegal\/#website","url":"https:\/\/www.africa-press.net\/senegal\/","name":"Africa Press | Senegal | Homepage","description":"Just another Africa News Agency Sites site","potentialAction":[{"@type":"SearchAction","target":{"@type":"EntryPoint","urlTemplate":"https:\/\/www.africa-press.net\/senegal\/?s={search_term_string}"},"query-input":{"@type":"PropertyValueSpecification","valueRequired":true,"valueName":"search_term_string"}}],"inLanguage":"fr-FR"},{"@type":"Person","@id":"https:\/\/www.africa-press.net\/senegal\/#\/schema\/person\/2b1cf3cd81a31e3cd26889ca66d677f1","name":"cfeditorfr","url":"https:\/\/www.africa-press.net\/senegal\/author\/cfeditorfr"}]}},"_links":{"self":[{"href":"https:\/\/www.africa-press.net\/senegal\/wp-json\/wp\/v2\/posts\/65348","targetHints":{"allow":["GET"]}}],"collection":[{"href":"https:\/\/www.africa-press.net\/senegal\/wp-json\/wp\/v2\/posts"}],"about":[{"href":"https:\/\/www.africa-press.net\/senegal\/wp-json\/wp\/v2\/types\/post"}],"author":[{"embeddable":true,"href":"https:\/\/www.africa-press.net\/senegal\/wp-json\/wp\/v2\/users\/82"}],"replies":[{"embeddable":true,"href":"https:\/\/www.africa-press.net\/senegal\/wp-json\/wp\/v2\/comments?post=65348"}],"version-history":[{"count":0,"href":"https:\/\/www.africa-press.net\/senegal\/wp-json\/wp\/v2\/posts\/65348\/revisions"}],"wp:featuredmedia":[{"embeddable":true,"href":"https:\/\/www.africa-press.net\/senegal\/wp-json\/wp\/v2\/media\/65347"}],"wp:attachment":[{"href":"https:\/\/www.africa-press.net\/senegal\/wp-json\/wp\/v2\/media?parent=65348"}],"wp:term":[{"taxonomy":"category","embeddable":true,"href":"https:\/\/www.africa-press.net\/senegal\/wp-json\/wp\/v2\/categories?post=65348"},{"taxonomy":"post_tag","embeddable":true,"href":"https:\/\/www.africa-press.net\/senegal\/wp-json\/wp\/v2\/tags?post=65348"}],"curies":[{"name":"wp","href":"https:\/\/api.w.org\/{rel}","templated":true}]}}