{"id":65362,"date":"2025-02-06T13:52:38","date_gmt":"2025-02-06T13:52:38","guid":{"rendered":"https:\/\/www.africa-press.net\/senegal\/politique\/cinquante-ans-de-la-cedeao"},"modified":"2025-05-05T19:20:07","modified_gmt":"2025-05-05T19:20:07","slug":"cinquante-ans-de-la-cedeao","status":"publish","type":"post","link":"https:\/\/www.africa-press.net\/senegal\/dossiers\/cinquante-ans-de-la-cedeao","title":{"rendered":"Cinquante Ans de la CEDEAO"},"content":{"rendered":"<p><b>Jorge Mandinga<\/b><\/p>\n<p><span style=\"color: #ff6600\"><strong>Africa-Press &#8211; Senegal. <\/strong><\/span>Cette anne\u0301e, nous ce\u0301le\u0301brons le jubile\u0301 d&rsquo;or (cinquante ans) de la cre\u0301ation de la CEDEAO. Toutefois, le 29 janvier, la sortie conteste\u0301e du Mali, du Burkina Faso et du Niger (Association des E\u0301tats du Sahel &#8211; AES) de l&rsquo;organisation e\u0301conomique re\u0301gionale a e\u0301galement eu lieu, marquant un tournant important.<\/p>\n<p>Les dirigeants souverainistes et les pays fondateurs de la CEDEAO ont cre\u0301e\u0301 cette organisation pour promouvoir notre de\u0301veloppement, e\u0301liminer les barrie\u0300res entre nous (les frontie\u0300res coloniales), promouvoir la cohe\u0301sion et garantir notre souverainete\u0301.<\/p>\n<p>La guerre civile au Nige\u0301ria (1967-1970), l&rsquo;une des plus grandes trage\u0301dies humanitaires re\u0301centes, a renforce\u0301 la prise de conscience des leaders et des peuples des E\u0301tats de l&rsquo;Afrique de l&rsquo;Ouest quant a\u0300 la ne\u0301cessite\u0301 de cre\u0301er des organisations re\u0301gionales pour maintenir et ame\u0301liorer la cohe\u0301sion des nouveaux E\u0301tats.<\/p>\n<p>Aujourd&rsquo;hui, le Biafra est un exemple historique. Ce fut un moment ou\u0300 les leaders ont re\u0301alise\u0301 que seul l&rsquo;unite\u0301 permettrait de faire face aux de\u0301fis de la se\u0301curite\u0301 et du de\u0301veloppement.<\/p>\n<p>Cependant, la CEDEAO a e\u0301volue\u0301, mais la situation dans certains pays, comme le Se\u0301ne\u0301gal, la Guine\u0301e-Conakry et d&rsquo;autres, nous montre que nous devons renforcer notre coope\u0301ration pour mieux faire face aux de\u0301fis communs.<\/p>\n<p>L&rsquo;anne\u0301e 2025 est une occasion de re\u0301fle\u0301chir sur les 50 ans de la CEDEAO et de proposer des solutions pour rendre l&rsquo;organisation plus fonctionnelle, attractive et be\u0301ne\u0301fique pour les peuples de l&rsquo;Afrique de l&rsquo;Ouest.<\/p>\n<p>Pour que la CEDEAO soit re\u0301ellement une organisation des peuples de l&rsquo;Afrique de l&rsquo;Ouest, il est ne\u0301cessaire d&rsquo;inte\u0301grer des ministres expatrie\u0301s de certains pays pour ame\u0301liorer la gestion de certains secteurs cle\u0301s comme la justice, l&rsquo;industrie, la sante\u0301, l&rsquo;e\u0301ducation, l&rsquo;e\u0301nergie et les infrastructures.<\/p>\n<p><strong>Pour plus d&rsquo;informations et d&rsquo;analyses sur la <span style=\"color: #ff6600\">Senegal<\/span>, suivez <span style=\"color: #ff6600\">Africa-Press<\/span><\/strong><\/p>\n","protected":false},"excerpt":{"rendered":"<p>Jorge Mandinga Africa-Press &#8211; Senegal. Cette anne\u0301e, nous ce\u0301le\u0301brons le jubile\u0301 d&rsquo;or (cinquante ans) de la cre\u0301ation de la CEDEAO. Toutefois, le 29 janvier, la sortie conteste\u0301e du Mali, du Burkina Faso et du Niger (Association des E\u0301tats du Sahel &#8211; AES) de l&rsquo;organisation e\u0301conomique re\u0301gionale a e\u0301galement eu lieu, marquant un tournant important. Les [&hellip;]<\/p>\n","protected":false},"author":82,"featured_media":65361,"comment_status":"open","ping_status":"closed","sticky":false,"template":"","format":"standard","meta":{"footnotes":""},"categories":[7,10],"tags":[44],"class_list":["post-65362","post","type-post","status-publish","format-standard","has-post-thumbnail","hentry","category-dossiers","category-toutes-les-actualites","tag-senegal-2"],"yoast_head":"<!-- This site is optimized with the Yoast SEO Premium plugin v26.1 (Yoast SEO v27.0) - https:\/\/yoast.com\/product\/yoast-seo-premium-wordpress\/ -->\n<title>Cinquante Ans de la CEDEAO - Senegal<\/title>\n<meta name=\"description\" content=\"Cette anne\u0301e, nous ce\u0301le\u0301brons le jubile\u0301 d&#039;or (cinquante ans) de la cre\u0301ation de la CEDEAO. Toutefois, le 29 janvier, l ...\" \/>\n<meta name=\"robots\" content=\"index, follow, max-snippet:-1, max-image-preview:large, max-video-preview:-1\" \/>\n<link rel=\"canonical\" href=\"https:\/\/www.africa-press.net\/senegal\/dossiers\/cinquante-ans-de-la-cedeao\" \/>\n<meta property=\"og:locale\" content=\"fr_FR\" \/>\n<meta property=\"og:type\" content=\"article\" \/>\n<meta property=\"og:title\" content=\"Cinquante Ans de la CEDEAO\" \/>\n<meta property=\"og:description\" content=\"Cette anne\u0301e, nous ce\u0301le\u0301brons le jubile\u0301 d&#039;or (cinquante ans) de la cre\u0301ation de la CEDEAO. Toutefois, le 29 janvier, l ...\" \/>\n<meta property=\"og:url\" content=\"https:\/\/www.africa-press.net\/senegal\/dossiers\/cinquante-ans-de-la-cedeao\" \/>\n<meta property=\"og:site_name\" content=\"Senegal\" \/>\n<meta property=\"article:published_time\" content=\"2025-02-06T13:52:38+00:00\" \/>\n<meta property=\"article:modified_time\" content=\"2025-05-05T19:20:07+00:00\" \/>\n<meta property=\"og:image\" content=\"https:\/\/static.africa-press.net\/senegal\/sites\/13\/2025\/02\/sm_1739265003.379547.jpg\" \/>\n\t<meta property=\"og:image:width\" content=\"1280\" \/>\n\t<meta property=\"og:image:height\" content=\"720\" \/>\n\t<meta property=\"og:image:type\" content=\"image\/jpeg\" \/>\n<meta name=\"author\" content=\"cfeditorfr\" \/>\n<meta name=\"twitter:card\" content=\"summary_large_image\" \/>\n<meta name=\"twitter:label1\" content=\"\u00c9crit par\" \/>\n\t<meta name=\"twitter:data1\" content=\"cfeditorfr\" \/>\n\t<meta name=\"twitter:label2\" content=\"Dur\u00e9e de lecture estim\u00e9e\" \/>\n\t<meta name=\"twitter:data2\" content=\"2 minutes\" \/>\n<script type=\"application\/ld+json\" class=\"yoast-schema-graph\">{\"@context\":\"https:\/\/schema.org\",\"@graph\":[{\"@type\":\"Article\",\"@id\":\"https:\/\/www.africa-press.net\/senegal\/dossiers\/cinquante-ans-de-la-cedeao#article\",\"isPartOf\":{\"@id\":\"https:\/\/www.africa-press.net\/senegal\/dossiers\/cinquante-ans-de-la-cedeao\"},\"author\":{\"name\":\"cfeditorfr\",\"@id\":\"https:\/\/www.africa-press.net\/senegal\/#\/schema\/person\/2b1cf3cd81a31e3cd26889ca66d677f1\"},\"headline\":\"Cinquante Ans de la CEDEAO\",\"datePublished\":\"2025-02-06T13:52:38+00:00\",\"dateModified\":\"2025-05-05T19:20:07+00:00\",\"mainEntityOfPage\":{\"@id\":\"https:\/\/www.africa-press.net\/senegal\/dossiers\/cinquante-ans-de-la-cedeao\"},\"wordCount\":356,\"commentCount\":0,\"image\":{\"@id\":\"https:\/\/www.africa-press.net\/senegal\/dossiers\/cinquante-ans-de-la-cedeao#primaryimage\"},\"thumbnailUrl\":\"https:\/\/static.africa-press.net\/senegal\/sites\/13\/2025\/02\/sm_1739265003.379547.jpg\",\"keywords\":[\"Senegal\"],\"articleSection\":[\"Dossiers\",\"Toutes les actualit\u00e9s\"],\"inLanguage\":\"fr-FR\",\"potentialAction\":[{\"@type\":\"CommentAction\",\"name\":\"Comment\",\"target\":[\"https:\/\/www.africa-press.net\/senegal\/dossiers\/cinquante-ans-de-la-cedeao#respond\"]}]},{\"@type\":\"WebPage\",\"@id\":\"https:\/\/www.africa-press.net\/senegal\/dossiers\/cinquante-ans-de-la-cedeao\",\"url\":\"https:\/\/www.africa-press.net\/senegal\/dossiers\/cinquante-ans-de-la-cedeao\",\"name\":\"Cinquante Ans de la CEDEAO - Senegal\",\"isPartOf\":{\"@id\":\"https:\/\/www.africa-press.net\/senegal\/#website\"},\"primaryImageOfPage\":{\"@id\":\"https:\/\/www.africa-press.net\/senegal\/dossiers\/cinquante-ans-de-la-cedeao#primaryimage\"},\"image\":{\"@id\":\"https:\/\/www.africa-press.net\/senegal\/dossiers\/cinquante-ans-de-la-cedeao#primaryimage\"},\"thumbnailUrl\":\"https:\/\/static.africa-press.net\/senegal\/sites\/13\/2025\/02\/sm_1739265003.379547.jpg\",\"datePublished\":\"2025-02-06T13:52:38+00:00\",\"dateModified\":\"2025-05-05T19:20:07+00:00\",\"author\":{\"@id\":\"https:\/\/www.africa-press.net\/senegal\/#\/schema\/person\/2b1cf3cd81a31e3cd26889ca66d677f1\"},\"description\":\"Cette anne\u0301e, nous ce\u0301le\u0301brons le jubile\u0301 d'or (cinquante ans) de la cre\u0301ation de la CEDEAO. Toutefois, le 29 janvier, l ...\",\"breadcrumb\":{\"@id\":\"https:\/\/www.africa-press.net\/senegal\/dossiers\/cinquante-ans-de-la-cedeao#breadcrumb\"},\"inLanguage\":\"fr-FR\",\"potentialAction\":[{\"@type\":\"ReadAction\",\"target\":[\"https:\/\/www.africa-press.net\/senegal\/dossiers\/cinquante-ans-de-la-cedeao\"]}]},{\"@type\":\"ImageObject\",\"inLanguage\":\"fr-FR\",\"@id\":\"https:\/\/www.africa-press.net\/senegal\/dossiers\/cinquante-ans-de-la-cedeao#primaryimage\",\"url\":\"https:\/\/static.africa-press.net\/senegal\/sites\/13\/2025\/02\/sm_1739265003.379547.jpg\",\"contentUrl\":\"https:\/\/static.africa-press.net\/senegal\/sites\/13\/2025\/02\/sm_1739265003.379547.jpg\",\"width\":1280,\"height\":720,\"caption\":\"Cinquante Ans de la CEDEAO\"},{\"@type\":\"BreadcrumbList\",\"@id\":\"https:\/\/www.africa-press.net\/senegal\/dossiers\/cinquante-ans-de-la-cedeao#breadcrumb\",\"itemListElement\":[{\"@type\":\"ListItem\",\"position\":1,\"name\":\"Accueil\",\"item\":\"https:\/\/www.africa-press.net\/senegal\/\"},{\"@type\":\"ListItem\",\"position\":2,\"name\":\"Cinquante Ans de la CEDEAO\"}]},{\"@type\":\"WebSite\",\"@id\":\"https:\/\/www.africa-press.net\/senegal\/#website\",\"url\":\"https:\/\/www.africa-press.net\/senegal\/\",\"name\":\"Africa Press | Senegal | Homepage\",\"description\":\"Just another Africa News Agency Sites site\",\"potentialAction\":[{\"@type\":\"SearchAction\",\"target\":{\"@type\":\"EntryPoint\",\"urlTemplate\":\"https:\/\/www.africa-press.net\/senegal\/?s={search_term_string}\"},\"query-input\":{\"@type\":\"PropertyValueSpecification\",\"valueRequired\":true,\"valueName\":\"search_term_string\"}}],\"inLanguage\":\"fr-FR\"},{\"@type\":\"Person\",\"@id\":\"https:\/\/www.africa-press.net\/senegal\/#\/schema\/person\/2b1cf3cd81a31e3cd26889ca66d677f1\",\"name\":\"cfeditorfr\",\"url\":\"https:\/\/www.africa-press.net\/senegal\/author\/cfeditorfr\"}]}<\/script>\n<!-- \/ Yoast SEO Premium plugin. -->","yoast_head_json":{"title":"Cinquante Ans de la CEDEAO - Senegal","description":"Cette anne\u0301e, nous ce\u0301le\u0301brons le jubile\u0301 d'or (cinquante ans) de la cre\u0301ation de la CEDEAO. Toutefois, le 29 janvier, l ...","robots":{"index":"index","follow":"follow","max-snippet":"max-snippet:-1","max-image-preview":"max-image-preview:large","max-video-preview":"max-video-preview:-1"},"canonical":"https:\/\/www.africa-press.net\/senegal\/dossiers\/cinquante-ans-de-la-cedeao","og_locale":"fr_FR","og_type":"article","og_title":"Cinquante Ans de la CEDEAO","og_description":"Cette anne\u0301e, nous ce\u0301le\u0301brons le jubile\u0301 d'or (cinquante ans) de la cre\u0301ation de la CEDEAO. Toutefois, le 29 janvier, l ...","og_url":"https:\/\/www.africa-press.net\/senegal\/dossiers\/cinquante-ans-de-la-cedeao","og_site_name":"Senegal","article_published_time":"2025-02-06T13:52:38+00:00","article_modified_time":"2025-05-05T19:20:07+00:00","og_image":[{"width":1280,"height":720,"url":"https:\/\/static.africa-press.net\/senegal\/sites\/13\/2025\/02\/sm_1739265003.379547.jpg","type":"image\/jpeg"}],"author":"cfeditorfr","twitter_card":"summary_large_image","twitter_misc":{"\u00c9crit par":"cfeditorfr","Dur\u00e9e de lecture estim\u00e9e":"2 minutes"},"schema":{"@context":"https:\/\/schema.org","@graph":[{"@type":"Article","@id":"https:\/\/www.africa-press.net\/senegal\/dossiers\/cinquante-ans-de-la-cedeao#article","isPartOf":{"@id":"https:\/\/www.africa-press.net\/senegal\/dossiers\/cinquante-ans-de-la-cedeao"},"author":{"name":"cfeditorfr","@id":"https:\/\/www.africa-press.net\/senegal\/#\/schema\/person\/2b1cf3cd81a31e3cd26889ca66d677f1"},"headline":"Cinquante Ans de la CEDEAO","datePublished":"2025-02-06T13:52:38+00:00","dateModified":"2025-05-05T19:20:07+00:00","mainEntityOfPage":{"@id":"https:\/\/www.africa-press.net\/senegal\/dossiers\/cinquante-ans-de-la-cedeao"},"wordCount":356,"commentCount":0,"image":{"@id":"https:\/\/www.africa-press.net\/senegal\/dossiers\/cinquante-ans-de-la-cedeao#primaryimage"},"thumbnailUrl":"https:\/\/static.africa-press.net\/senegal\/sites\/13\/2025\/02\/sm_1739265003.379547.jpg","keywords":["Senegal"],"articleSection":["Dossiers","Toutes les actualit\u00e9s"],"inLanguage":"fr-FR","potentialAction":[{"@type":"CommentAction","name":"Comment","target":["https:\/\/www.africa-press.net\/senegal\/dossiers\/cinquante-ans-de-la-cedeao#respond"]}]},{"@type":"WebPage","@id":"https:\/\/www.africa-press.net\/senegal\/dossiers\/cinquante-ans-de-la-cedeao","url":"https:\/\/www.africa-press.net\/senegal\/dossiers\/cinquante-ans-de-la-cedeao","name":"Cinquante Ans de la CEDEAO - Senegal","isPartOf":{"@id":"https:\/\/www.africa-press.net\/senegal\/#website"},"primaryImageOfPage":{"@id":"https:\/\/www.africa-press.net\/senegal\/dossiers\/cinquante-ans-de-la-cedeao#primaryimage"},"image":{"@id":"https:\/\/www.africa-press.net\/senegal\/dossiers\/cinquante-ans-de-la-cedeao#primaryimage"},"thumbnailUrl":"https:\/\/static.africa-press.net\/senegal\/sites\/13\/2025\/02\/sm_1739265003.379547.jpg","datePublished":"2025-02-06T13:52:38+00:00","dateModified":"2025-05-05T19:20:07+00:00","author":{"@id":"https:\/\/www.africa-press.net\/senegal\/#\/schema\/person\/2b1cf3cd81a31e3cd26889ca66d677f1"},"description":"Cette anne\u0301e, nous ce\u0301le\u0301brons le jubile\u0301 d'or (cinquante ans) de la cre\u0301ation de la CEDEAO. Toutefois, le 29 janvier, l ...","breadcrumb":{"@id":"https:\/\/www.africa-press.net\/senegal\/dossiers\/cinquante-ans-de-la-cedeao#breadcrumb"},"inLanguage":"fr-FR","potentialAction":[{"@type":"ReadAction","target":["https:\/\/www.africa-press.net\/senegal\/dossiers\/cinquante-ans-de-la-cedeao"]}]},{"@type":"ImageObject","inLanguage":"fr-FR","@id":"https:\/\/www.africa-press.net\/senegal\/dossiers\/cinquante-ans-de-la-cedeao#primaryimage","url":"https:\/\/static.africa-press.net\/senegal\/sites\/13\/2025\/02\/sm_1739265003.379547.jpg","contentUrl":"https:\/\/static.africa-press.net\/senegal\/sites\/13\/2025\/02\/sm_1739265003.379547.jpg","width":1280,"height":720,"caption":"Cinquante Ans de la CEDEAO"},{"@type":"BreadcrumbList","@id":"https:\/\/www.africa-press.net\/senegal\/dossiers\/cinquante-ans-de-la-cedeao#breadcrumb","itemListElement":[{"@type":"ListItem","position":1,"name":"Accueil","item":"https:\/\/www.africa-press.net\/senegal\/"},{"@type":"ListItem","position":2,"name":"Cinquante Ans de la CEDEAO"}]},{"@type":"WebSite","@id":"https:\/\/www.africa-press.net\/senegal\/#website","url":"https:\/\/www.africa-press.net\/senegal\/","name":"Africa Press | Senegal | Homepage","description":"Just another Africa News Agency Sites site","potentialAction":[{"@type":"SearchAction","target":{"@type":"EntryPoint","urlTemplate":"https:\/\/www.africa-press.net\/senegal\/?s={search_term_string}"},"query-input":{"@type":"PropertyValueSpecification","valueRequired":true,"valueName":"search_term_string"}}],"inLanguage":"fr-FR"},{"@type":"Person","@id":"https:\/\/www.africa-press.net\/senegal\/#\/schema\/person\/2b1cf3cd81a31e3cd26889ca66d677f1","name":"cfeditorfr","url":"https:\/\/www.africa-press.net\/senegal\/author\/cfeditorfr"}]}},"_links":{"self":[{"href":"https:\/\/www.africa-press.net\/senegal\/wp-json\/wp\/v2\/posts\/65362","targetHints":{"allow":["GET"]}}],"collection":[{"href":"https:\/\/www.africa-press.net\/senegal\/wp-json\/wp\/v2\/posts"}],"about":[{"href":"https:\/\/www.africa-press.net\/senegal\/wp-json\/wp\/v2\/types\/post"}],"author":[{"embeddable":true,"href":"https:\/\/www.africa-press.net\/senegal\/wp-json\/wp\/v2\/users\/82"}],"replies":[{"embeddable":true,"href":"https:\/\/www.africa-press.net\/senegal\/wp-json\/wp\/v2\/comments?post=65362"}],"version-history":[{"count":0,"href":"https:\/\/www.africa-press.net\/senegal\/wp-json\/wp\/v2\/posts\/65362\/revisions"}],"wp:featuredmedia":[{"embeddable":true,"href":"https:\/\/www.africa-press.net\/senegal\/wp-json\/wp\/v2\/media\/65361"}],"wp:attachment":[{"href":"https:\/\/www.africa-press.net\/senegal\/wp-json\/wp\/v2\/media?parent=65362"}],"wp:term":[{"taxonomy":"category","embeddable":true,"href":"https:\/\/www.africa-press.net\/senegal\/wp-json\/wp\/v2\/categories?post=65362"},{"taxonomy":"post_tag","embeddable":true,"href":"https:\/\/www.africa-press.net\/senegal\/wp-json\/wp\/v2\/tags?post=65362"}],"curies":[{"name":"wp","href":"https:\/\/api.w.org\/{rel}","templated":true}]}}