{"id":65364,"date":"2025-02-08T12:09:00","date_gmt":"2025-02-08T12:09:00","guid":{"rendered":"https:\/\/www.africa-press.net\/senegal\/politique\/forum-2025-industrialisation-et-chaines-de-valeur-en-afrique"},"modified":"2025-05-05T19:22:46","modified_gmt":"2025-05-05T19:22:46","slug":"forum-2025-industrialisation-et-chaines-de-valeur-en-afrique","status":"publish","type":"post","link":"https:\/\/www.africa-press.net\/senegal\/economie\/forum-2025-industrialisation-et-chaines-de-valeur-en-afrique","title":{"rendered":"Forum 2025 : Industrialisation et Cha\u00eenes de Valeur en Afrique"},"content":{"rendered":"<p><span style=\"color: #ff6600\"><strong>Africa-Press &#8211; Senegal. <\/strong><\/span>Le Forum annuel des entreprises africaines se concentrera sur les chai\u0302nes de valeur re\u0301gionales de l&rsquo;Afrique.<\/p>\n<p>Le huitie\u0300me Forum des entreprises africaines se tiendra le 17 fe\u0301vrier 2025 a\u0300 Addis-Abeba, en E\u0301thiopie, paralle\u0300lement a\u0300 la trente-huitie\u0300me session ordinaire de l&rsquo;Assemble\u0301e des chefs d&rsquo;E\u0301tat et de gouvernement de l&rsquo;Union africaine.<\/p>\n<p>Sous le the\u0300me \u00ab\u00a0Du potentiel a\u0300 la prospe\u0301rite\u0301: activation des chai\u0302nes de valeur re\u0301gionales de l&rsquo;Afrique\u00a0\u00bb, le forum se concentrera sur des initiatives visant a\u0300 promouvoir l&rsquo;investissement et la cre\u0301ation d&#8217;emplois sur le continent.<\/p>\n<p>L&rsquo;e\u0301ve\u0301nement est organise\u0301 par la Commission e\u0301conomique pour l&rsquo;Afrique (CEA), en collaboration avec la Corporation financie\u0300re africaine (AFC) et la Banque arabe pour le de\u0301veloppement e\u0301conomique en Afrique (BADEA). Des repre\u0301sentants des gouvernements, des entreprises prive\u0301es, des investisseurs nationaux et internationaux, des institutions financie\u0300res et de la socie\u0301te\u0301 civile participeront.<\/p>\n<p>Les chai\u0302nes de valeur re\u0301gionales africaines repre\u0301sentent un moyen strate\u0301gique d&rsquo;acce\u0301le\u0301rer l&rsquo;industrialisation du continent, permettant aux investisseurs d&rsquo;acce\u0301der a\u0300 un marche\u0301 en pleine expansion.<\/p>\n<p>Le Forum des entreprises africaines permettra aux participants de:<\/p>\n<p>&#8211; Explorer des opportunite\u0301s d&rsquo;investissement dans les chai\u0302nes de valeur re\u0301gionales et les zones e\u0301conomiques spe\u0301ciales.<\/p>\n<p>&#8211; Comprendre l&rsquo;offre et la demande actuelles de financement pour des projets strate\u0301giques.<\/p>\n<p>&#8211; Identifier des solutions aux de\u0301fis de mise en \u0153uvre de ces initiatives.<\/p>\n<p>&#8211; Encourager la collaboration entre investisseurs, E\u0301tats et entite\u0301s financie\u0300res.<\/p>\n<p>Les principaux objectifs du forum sont de:<\/p>\n<p>&#8211; Promouvoir l&rsquo;investissement dans les chai\u0302nes de valeur re\u0301gionales et les zones e\u0301conomiques spe\u0301ciales dans des secteurs cle\u0301s tels que l&rsquo;agro-industrie, l&rsquo;e\u0301levage et l&rsquo;industrie pharmaceutique.<\/p>\n<p>&#8211; Accroi\u0302tre la sensibilisation a\u0300 l&rsquo;importance de ces chai\u0302nes de valeur au niveau national, re\u0301gional et international.<\/p>\n<p>&#8211; E\u0301tablir une compre\u0301hension commune entre les parties prenantes sur des solutions viables pour stimuler leur de\u0301veloppement.<\/p>\n<p>&#8211; Cre\u0301er une plateforme d&rsquo;e\u0301change entre les financiers traditionnels et non traditionnels.<\/p>\n<p>&#8211; E\u0301valuer la ne\u0301cessite\u0301 d&rsquo;une plateforme nume\u0301rique facilitant l&rsquo;information sur les tendances et les opportunite\u0301s d&rsquo;investissement dans les chai\u0302nes de valeur re\u0301gionales et les zones e\u0301conomiques spe\u0301ciales.<\/p>\n<p>Le forum mettra e\u0301galement en e\u0301vidence le de\u0301veloppement des chai\u0302nes de valeur re\u0301gionales et des zones e\u0301conomiques spe\u0301ciales dans les secteurs de l&rsquo;e\u0301levage, de l&rsquo;agro-industrie et de la pharmacie, ainsi que les initiatives des gouvernements, des communaute\u0301s e\u0301conomiques re\u0301gionales (CER) et des institutions financie\u0300res pour promouvoir la valeur ajoute\u0301e, l&rsquo;industrialisation durable, l&#8217;emploi et la se\u0301curite\u0301 alimentaire sur le continent.<\/p>\n<p><strong>Pour plus d&rsquo;informations et d&rsquo;analyses sur la <span style=\"color: #ff6600\">Senegal<\/span>, suivez <span style=\"color: #ff6600\">Africa-Press<\/span><\/strong><\/p>\n","protected":false},"excerpt":{"rendered":"<p>Africa-Press &#8211; Senegal. Le Forum annuel des entreprises africaines se concentrera sur les chai\u0302nes de valeur re\u0301gionales de l&rsquo;Afrique. Le huitie\u0300me Forum des entreprises africaines se tiendra le 17 fe\u0301vrier 2025 a\u0300 Addis-Abeba, en E\u0301thiopie, paralle\u0300lement a\u0300 la trente-huitie\u0300me session ordinaire de l&rsquo;Assemble\u0301e des chefs d&rsquo;E\u0301tat et de gouvernement de l&rsquo;Union africaine. Sous le the\u0300me [&hellip;]<\/p>\n","protected":false},"author":82,"featured_media":65363,"comment_status":"open","ping_status":"closed","sticky":false,"template":"","format":"standard","meta":{"footnotes":""},"categories":[3,10],"tags":[44],"class_list":["post-65364","post","type-post","status-publish","format-standard","has-post-thumbnail","hentry","category-economie","category-toutes-les-actualites","tag-senegal-2"],"yoast_head":"<!-- This site is optimized with the Yoast SEO Premium plugin v26.1 (Yoast SEO v27.0) - https:\/\/yoast.com\/product\/yoast-seo-premium-wordpress\/ -->\n<title>Forum 2025 : Industrialisation et Cha\u00eenes de Valeur en Afrique - Senegal<\/title>\n<meta name=\"description\" content=\"Le Forum annuel des entreprises africaines se concentrera sur les chai\u0302nes de valeur re\u0301gionales de l&#039;Afrique. Le huiti ...\" \/>\n<meta name=\"robots\" content=\"index, follow, max-snippet:-1, max-image-preview:large, max-video-preview:-1\" \/>\n<link rel=\"canonical\" href=\"https:\/\/www.africa-press.net\/senegal\/economie\/forum-2025-industrialisation-et-chaines-de-valeur-en-afrique\" \/>\n<meta property=\"og:locale\" content=\"fr_FR\" \/>\n<meta property=\"og:type\" content=\"article\" \/>\n<meta property=\"og:title\" content=\"Forum 2025 : Industrialisation et Cha\u00eenes de Valeur en Afrique\" \/>\n<meta property=\"og:description\" content=\"Le Forum annuel des entreprises africaines se concentrera sur les chai\u0302nes de valeur re\u0301gionales de l&#039;Afrique. Le huiti ...\" \/>\n<meta property=\"og:url\" content=\"https:\/\/www.africa-press.net\/senegal\/economie\/forum-2025-industrialisation-et-chaines-de-valeur-en-afrique\" \/>\n<meta property=\"og:site_name\" content=\"Senegal\" \/>\n<meta property=\"article:published_time\" content=\"2025-02-08T12:09:00+00:00\" \/>\n<meta property=\"article:modified_time\" content=\"2025-05-05T19:22:46+00:00\" \/>\n<meta property=\"og:image\" content=\"https:\/\/static.africa-press.net\/senegal\/sites\/13\/2025\/02\/sm_1739265104.843885.jpg\" \/>\n\t<meta property=\"og:image:width\" content=\"1000\" \/>\n\t<meta property=\"og:image:height\" content=\"442\" \/>\n\t<meta property=\"og:image:type\" content=\"image\/jpeg\" \/>\n<meta name=\"author\" content=\"cfeditorfr\" \/>\n<meta name=\"twitter:card\" content=\"summary_large_image\" \/>\n<meta name=\"twitter:label1\" content=\"\u00c9crit par\" \/>\n\t<meta name=\"twitter:data1\" content=\"cfeditorfr\" \/>\n\t<meta name=\"twitter:label2\" content=\"Dur\u00e9e de lecture estim\u00e9e\" \/>\n\t<meta name=\"twitter:data2\" content=\"2 minutes\" \/>\n<script type=\"application\/ld+json\" class=\"yoast-schema-graph\">{\"@context\":\"https:\/\/schema.org\",\"@graph\":[{\"@type\":\"Article\",\"@id\":\"https:\/\/www.africa-press.net\/senegal\/economie\/forum-2025-industrialisation-et-chaines-de-valeur-en-afrique#article\",\"isPartOf\":{\"@id\":\"https:\/\/www.africa-press.net\/senegal\/economie\/forum-2025-industrialisation-et-chaines-de-valeur-en-afrique\"},\"author\":{\"name\":\"cfeditorfr\",\"@id\":\"https:\/\/www.africa-press.net\/senegal\/#\/schema\/person\/2b1cf3cd81a31e3cd26889ca66d677f1\"},\"headline\":\"Forum 2025 : Industrialisation et Cha\u00eenes de Valeur en Afrique\",\"datePublished\":\"2025-02-08T12:09:00+00:00\",\"dateModified\":\"2025-05-05T19:22:46+00:00\",\"mainEntityOfPage\":{\"@id\":\"https:\/\/www.africa-press.net\/senegal\/economie\/forum-2025-industrialisation-et-chaines-de-valeur-en-afrique\"},\"wordCount\":508,\"commentCount\":0,\"image\":{\"@id\":\"https:\/\/www.africa-press.net\/senegal\/economie\/forum-2025-industrialisation-et-chaines-de-valeur-en-afrique#primaryimage\"},\"thumbnailUrl\":\"https:\/\/static.africa-press.net\/senegal\/sites\/13\/2025\/02\/sm_1739265104.843885.jpg\",\"keywords\":[\"Senegal\"],\"articleSection\":[\"\u00c9conomie\",\"Toutes les actualit\u00e9s\"],\"inLanguage\":\"fr-FR\",\"potentialAction\":[{\"@type\":\"CommentAction\",\"name\":\"Comment\",\"target\":[\"https:\/\/www.africa-press.net\/senegal\/economie\/forum-2025-industrialisation-et-chaines-de-valeur-en-afrique#respond\"]}]},{\"@type\":\"WebPage\",\"@id\":\"https:\/\/www.africa-press.net\/senegal\/economie\/forum-2025-industrialisation-et-chaines-de-valeur-en-afrique\",\"url\":\"https:\/\/www.africa-press.net\/senegal\/economie\/forum-2025-industrialisation-et-chaines-de-valeur-en-afrique\",\"name\":\"Forum 2025 : Industrialisation et Cha\u00eenes de Valeur en Afrique - Senegal\",\"isPartOf\":{\"@id\":\"https:\/\/www.africa-press.net\/senegal\/#website\"},\"primaryImageOfPage\":{\"@id\":\"https:\/\/www.africa-press.net\/senegal\/economie\/forum-2025-industrialisation-et-chaines-de-valeur-en-afrique#primaryimage\"},\"image\":{\"@id\":\"https:\/\/www.africa-press.net\/senegal\/economie\/forum-2025-industrialisation-et-chaines-de-valeur-en-afrique#primaryimage\"},\"thumbnailUrl\":\"https:\/\/static.africa-press.net\/senegal\/sites\/13\/2025\/02\/sm_1739265104.843885.jpg\",\"datePublished\":\"2025-02-08T12:09:00+00:00\",\"dateModified\":\"2025-05-05T19:22:46+00:00\",\"author\":{\"@id\":\"https:\/\/www.africa-press.net\/senegal\/#\/schema\/person\/2b1cf3cd81a31e3cd26889ca66d677f1\"},\"description\":\"Le Forum annuel des entreprises africaines se concentrera sur les chai\u0302nes de valeur re\u0301gionales de l'Afrique. Le huiti ...\",\"breadcrumb\":{\"@id\":\"https:\/\/www.africa-press.net\/senegal\/economie\/forum-2025-industrialisation-et-chaines-de-valeur-en-afrique#breadcrumb\"},\"inLanguage\":\"fr-FR\",\"potentialAction\":[{\"@type\":\"ReadAction\",\"target\":[\"https:\/\/www.africa-press.net\/senegal\/economie\/forum-2025-industrialisation-et-chaines-de-valeur-en-afrique\"]}]},{\"@type\":\"ImageObject\",\"inLanguage\":\"fr-FR\",\"@id\":\"https:\/\/www.africa-press.net\/senegal\/economie\/forum-2025-industrialisation-et-chaines-de-valeur-en-afrique#primaryimage\",\"url\":\"https:\/\/static.africa-press.net\/senegal\/sites\/13\/2025\/02\/sm_1739265104.843885.jpg\",\"contentUrl\":\"https:\/\/static.africa-press.net\/senegal\/sites\/13\/2025\/02\/sm_1739265104.843885.jpg\",\"width\":1000,\"height\":442,\"caption\":\"Forum 2025 : Industrialisation et Cha\u00eenes de Valeur en Afrique\"},{\"@type\":\"BreadcrumbList\",\"@id\":\"https:\/\/www.africa-press.net\/senegal\/economie\/forum-2025-industrialisation-et-chaines-de-valeur-en-afrique#breadcrumb\",\"itemListElement\":[{\"@type\":\"ListItem\",\"position\":1,\"name\":\"Accueil\",\"item\":\"https:\/\/www.africa-press.net\/senegal\/\"},{\"@type\":\"ListItem\",\"position\":2,\"name\":\"Forum 2025 : Industrialisation et Cha\u00eenes de Valeur en Afrique\"}]},{\"@type\":\"WebSite\",\"@id\":\"https:\/\/www.africa-press.net\/senegal\/#website\",\"url\":\"https:\/\/www.africa-press.net\/senegal\/\",\"name\":\"Africa Press | Senegal | Homepage\",\"description\":\"Just another Africa News Agency Sites site\",\"potentialAction\":[{\"@type\":\"SearchAction\",\"target\":{\"@type\":\"EntryPoint\",\"urlTemplate\":\"https:\/\/www.africa-press.net\/senegal\/?s={search_term_string}\"},\"query-input\":{\"@type\":\"PropertyValueSpecification\",\"valueRequired\":true,\"valueName\":\"search_term_string\"}}],\"inLanguage\":\"fr-FR\"},{\"@type\":\"Person\",\"@id\":\"https:\/\/www.africa-press.net\/senegal\/#\/schema\/person\/2b1cf3cd81a31e3cd26889ca66d677f1\",\"name\":\"cfeditorfr\",\"url\":\"https:\/\/www.africa-press.net\/senegal\/author\/cfeditorfr\"}]}<\/script>\n<!-- \/ Yoast SEO Premium plugin. -->","yoast_head_json":{"title":"Forum 2025 : Industrialisation et Cha\u00eenes de Valeur en Afrique - Senegal","description":"Le Forum annuel des entreprises africaines se concentrera sur les chai\u0302nes de valeur re\u0301gionales de l'Afrique. Le huiti ...","robots":{"index":"index","follow":"follow","max-snippet":"max-snippet:-1","max-image-preview":"max-image-preview:large","max-video-preview":"max-video-preview:-1"},"canonical":"https:\/\/www.africa-press.net\/senegal\/economie\/forum-2025-industrialisation-et-chaines-de-valeur-en-afrique","og_locale":"fr_FR","og_type":"article","og_title":"Forum 2025 : Industrialisation et Cha\u00eenes de Valeur en Afrique","og_description":"Le Forum annuel des entreprises africaines se concentrera sur les chai\u0302nes de valeur re\u0301gionales de l'Afrique. Le huiti ...","og_url":"https:\/\/www.africa-press.net\/senegal\/economie\/forum-2025-industrialisation-et-chaines-de-valeur-en-afrique","og_site_name":"Senegal","article_published_time":"2025-02-08T12:09:00+00:00","article_modified_time":"2025-05-05T19:22:46+00:00","og_image":[{"width":1000,"height":442,"url":"https:\/\/static.africa-press.net\/senegal\/sites\/13\/2025\/02\/sm_1739265104.843885.jpg","type":"image\/jpeg"}],"author":"cfeditorfr","twitter_card":"summary_large_image","twitter_misc":{"\u00c9crit par":"cfeditorfr","Dur\u00e9e de lecture estim\u00e9e":"2 minutes"},"schema":{"@context":"https:\/\/schema.org","@graph":[{"@type":"Article","@id":"https:\/\/www.africa-press.net\/senegal\/economie\/forum-2025-industrialisation-et-chaines-de-valeur-en-afrique#article","isPartOf":{"@id":"https:\/\/www.africa-press.net\/senegal\/economie\/forum-2025-industrialisation-et-chaines-de-valeur-en-afrique"},"author":{"name":"cfeditorfr","@id":"https:\/\/www.africa-press.net\/senegal\/#\/schema\/person\/2b1cf3cd81a31e3cd26889ca66d677f1"},"headline":"Forum 2025 : Industrialisation et Cha\u00eenes de Valeur en Afrique","datePublished":"2025-02-08T12:09:00+00:00","dateModified":"2025-05-05T19:22:46+00:00","mainEntityOfPage":{"@id":"https:\/\/www.africa-press.net\/senegal\/economie\/forum-2025-industrialisation-et-chaines-de-valeur-en-afrique"},"wordCount":508,"commentCount":0,"image":{"@id":"https:\/\/www.africa-press.net\/senegal\/economie\/forum-2025-industrialisation-et-chaines-de-valeur-en-afrique#primaryimage"},"thumbnailUrl":"https:\/\/static.africa-press.net\/senegal\/sites\/13\/2025\/02\/sm_1739265104.843885.jpg","keywords":["Senegal"],"articleSection":["\u00c9conomie","Toutes les actualit\u00e9s"],"inLanguage":"fr-FR","potentialAction":[{"@type":"CommentAction","name":"Comment","target":["https:\/\/www.africa-press.net\/senegal\/economie\/forum-2025-industrialisation-et-chaines-de-valeur-en-afrique#respond"]}]},{"@type":"WebPage","@id":"https:\/\/www.africa-press.net\/senegal\/economie\/forum-2025-industrialisation-et-chaines-de-valeur-en-afrique","url":"https:\/\/www.africa-press.net\/senegal\/economie\/forum-2025-industrialisation-et-chaines-de-valeur-en-afrique","name":"Forum 2025 : Industrialisation et Cha\u00eenes de Valeur en Afrique - Senegal","isPartOf":{"@id":"https:\/\/www.africa-press.net\/senegal\/#website"},"primaryImageOfPage":{"@id":"https:\/\/www.africa-press.net\/senegal\/economie\/forum-2025-industrialisation-et-chaines-de-valeur-en-afrique#primaryimage"},"image":{"@id":"https:\/\/www.africa-press.net\/senegal\/economie\/forum-2025-industrialisation-et-chaines-de-valeur-en-afrique#primaryimage"},"thumbnailUrl":"https:\/\/static.africa-press.net\/senegal\/sites\/13\/2025\/02\/sm_1739265104.843885.jpg","datePublished":"2025-02-08T12:09:00+00:00","dateModified":"2025-05-05T19:22:46+00:00","author":{"@id":"https:\/\/www.africa-press.net\/senegal\/#\/schema\/person\/2b1cf3cd81a31e3cd26889ca66d677f1"},"description":"Le Forum annuel des entreprises africaines se concentrera sur les chai\u0302nes de valeur re\u0301gionales de l'Afrique. Le huiti ...","breadcrumb":{"@id":"https:\/\/www.africa-press.net\/senegal\/economie\/forum-2025-industrialisation-et-chaines-de-valeur-en-afrique#breadcrumb"},"inLanguage":"fr-FR","potentialAction":[{"@type":"ReadAction","target":["https:\/\/www.africa-press.net\/senegal\/economie\/forum-2025-industrialisation-et-chaines-de-valeur-en-afrique"]}]},{"@type":"ImageObject","inLanguage":"fr-FR","@id":"https:\/\/www.africa-press.net\/senegal\/economie\/forum-2025-industrialisation-et-chaines-de-valeur-en-afrique#primaryimage","url":"https:\/\/static.africa-press.net\/senegal\/sites\/13\/2025\/02\/sm_1739265104.843885.jpg","contentUrl":"https:\/\/static.africa-press.net\/senegal\/sites\/13\/2025\/02\/sm_1739265104.843885.jpg","width":1000,"height":442,"caption":"Forum 2025 : Industrialisation et Cha\u00eenes de Valeur en Afrique"},{"@type":"BreadcrumbList","@id":"https:\/\/www.africa-press.net\/senegal\/economie\/forum-2025-industrialisation-et-chaines-de-valeur-en-afrique#breadcrumb","itemListElement":[{"@type":"ListItem","position":1,"name":"Accueil","item":"https:\/\/www.africa-press.net\/senegal\/"},{"@type":"ListItem","position":2,"name":"Forum 2025 : Industrialisation et Cha\u00eenes de Valeur en Afrique"}]},{"@type":"WebSite","@id":"https:\/\/www.africa-press.net\/senegal\/#website","url":"https:\/\/www.africa-press.net\/senegal\/","name":"Africa Press | Senegal | Homepage","description":"Just another Africa News Agency Sites site","potentialAction":[{"@type":"SearchAction","target":{"@type":"EntryPoint","urlTemplate":"https:\/\/www.africa-press.net\/senegal\/?s={search_term_string}"},"query-input":{"@type":"PropertyValueSpecification","valueRequired":true,"valueName":"search_term_string"}}],"inLanguage":"fr-FR"},{"@type":"Person","@id":"https:\/\/www.africa-press.net\/senegal\/#\/schema\/person\/2b1cf3cd81a31e3cd26889ca66d677f1","name":"cfeditorfr","url":"https:\/\/www.africa-press.net\/senegal\/author\/cfeditorfr"}]}},"_links":{"self":[{"href":"https:\/\/www.africa-press.net\/senegal\/wp-json\/wp\/v2\/posts\/65364","targetHints":{"allow":["GET"]}}],"collection":[{"href":"https:\/\/www.africa-press.net\/senegal\/wp-json\/wp\/v2\/posts"}],"about":[{"href":"https:\/\/www.africa-press.net\/senegal\/wp-json\/wp\/v2\/types\/post"}],"author":[{"embeddable":true,"href":"https:\/\/www.africa-press.net\/senegal\/wp-json\/wp\/v2\/users\/82"}],"replies":[{"embeddable":true,"href":"https:\/\/www.africa-press.net\/senegal\/wp-json\/wp\/v2\/comments?post=65364"}],"version-history":[{"count":0,"href":"https:\/\/www.africa-press.net\/senegal\/wp-json\/wp\/v2\/posts\/65364\/revisions"}],"wp:featuredmedia":[{"embeddable":true,"href":"https:\/\/www.africa-press.net\/senegal\/wp-json\/wp\/v2\/media\/65363"}],"wp:attachment":[{"href":"https:\/\/www.africa-press.net\/senegal\/wp-json\/wp\/v2\/media?parent=65364"}],"wp:term":[{"taxonomy":"category","embeddable":true,"href":"https:\/\/www.africa-press.net\/senegal\/wp-json\/wp\/v2\/categories?post=65364"},{"taxonomy":"post_tag","embeddable":true,"href":"https:\/\/www.africa-press.net\/senegal\/wp-json\/wp\/v2\/tags?post=65364"}],"curies":[{"name":"wp","href":"https:\/\/api.w.org\/{rel}","templated":true}]}}