{"id":65370,"date":"2025-02-09T14:38:00","date_gmt":"2025-02-09T14:38:00","guid":{"rendered":"https:\/\/www.africa-press.net\/senegal\/politique\/victor-osimhen-ce-geant-veut-le-ramener-en-serie-a"},"modified":"2025-05-05T20:45:26","modified_gmt":"2025-05-05T20:45:26","slug":"victor-osimhen-ce-geant-veut-le-ramener-en-serie-a","status":"publish","type":"post","link":"https:\/\/www.africa-press.net\/senegal\/sports\/victor-osimhen-ce-geant-veut-le-ramener-en-serie-a","title":{"rendered":"Victor Osimhen : ce G\u00e9ant Veut le Ramener en Serie A"},"content":{"rendered":"<p><span style=\"color: #ff6600\"><strong>Africa-Press &#8211; Senegal. <\/strong><\/span>La Juventus pre\u0301pare de\u0301ja\u0300 son prochain mercato estival. Le directeur financier Cristiano Giuntoli cible un attaquant de premier plan, avec Victor Osimhen en te\u0302te.<\/p>\n<p>L\u2019attaquant nige\u0301rian est actuellement a\u0300 Galatasaray, mais pre\u0302te\u0301 par Naples. Cependant, il pourrait rejoindre la Serie A l\u2019e\u0301te\u0301 prochain, en raison du de\u0301part imminent de Dusan Vlahovic.<\/p>\n<p>Sous contrat avec Naples jusqu\u2019en 2026, Osimhen posse\u0300de une clause libe\u0301ratoire de 75 a\u0300 80 millions d\u2019euros pour les clubs e\u0301trangers. La Juventus, en que\u0302te d\u2019un avant-centre de classe mondiale, espe\u0300re conclure un accord pour cet e\u0301te\u0301.<\/p>\n<p><strong>Pour plus d&rsquo;informations et d&rsquo;analyses sur la <span style=\"color: #ff6600\">Senegal<\/span>, suivez <span style=\"color: #ff6600\">Africa-Press<\/span><\/strong><\/p>\n","protected":false},"excerpt":{"rendered":"<p>Africa-Press &#8211; Senegal. La Juventus pre\u0301pare de\u0301ja\u0300 son prochain mercato estival. Le directeur financier Cristiano Giuntoli cible un attaquant de premier plan, avec Victor Osimhen en te\u0302te. L\u2019attaquant nige\u0301rian est actuellement a\u0300 Galatasaray, mais pre\u0302te\u0301 par Naples. Cependant, il pourrait rejoindre la Serie A l\u2019e\u0301te\u0301 prochain, en raison du de\u0301part imminent de Dusan Vlahovic. Sous [&hellip;]<\/p>\n","protected":false},"author":82,"featured_media":65369,"comment_status":"open","ping_status":"closed","sticky":false,"template":"","format":"standard","meta":{"footnotes":""},"categories":[6,10],"tags":[44],"class_list":["post-65370","post","type-post","status-publish","format-standard","has-post-thumbnail","hentry","category-sports","category-toutes-les-actualites","tag-senegal-2"],"yoast_head":"<!-- This site is optimized with the Yoast SEO Premium plugin v26.1 (Yoast SEO v27.0) - https:\/\/yoast.com\/product\/yoast-seo-premium-wordpress\/ -->\n<title>Victor Osimhen : ce G\u00e9ant Veut le Ramener en Serie A - Senegal<\/title>\n<meta name=\"description\" content=\"La Juventus pre\u0301pare de\u0301ja\u0300 son prochain mercato estival. Le directeur financier Cristiano Giuntoli cible un attaquant d ...\" \/>\n<meta name=\"robots\" content=\"index, follow, max-snippet:-1, max-image-preview:large, max-video-preview:-1\" \/>\n<link rel=\"canonical\" href=\"https:\/\/www.africa-press.net\/senegal\/sports\/victor-osimhen-ce-geant-veut-le-ramener-en-serie-a\" \/>\n<meta property=\"og:locale\" content=\"fr_FR\" \/>\n<meta property=\"og:type\" content=\"article\" \/>\n<meta property=\"og:title\" content=\"Victor Osimhen : ce G\u00e9ant Veut le Ramener en Serie A\" \/>\n<meta property=\"og:description\" content=\"La Juventus pre\u0301pare de\u0301ja\u0300 son prochain mercato estival. Le directeur financier Cristiano Giuntoli cible un attaquant d ...\" \/>\n<meta property=\"og:url\" content=\"https:\/\/www.africa-press.net\/senegal\/sports\/victor-osimhen-ce-geant-veut-le-ramener-en-serie-a\" \/>\n<meta property=\"og:site_name\" content=\"Senegal\" \/>\n<meta property=\"article:published_time\" content=\"2025-02-09T14:38:00+00:00\" \/>\n<meta property=\"article:modified_time\" content=\"2025-05-05T20:45:26+00:00\" \/>\n<meta property=\"og:image\" content=\"https:\/\/static.africa-press.net\/senegal\/sites\/13\/2025\/02\/sm_1739272625.808394.jpg\" \/>\n\t<meta property=\"og:image:width\" content=\"1728\" \/>\n\t<meta property=\"og:image:height\" content=\"1076\" \/>\n\t<meta property=\"og:image:type\" content=\"image\/jpeg\" \/>\n<meta name=\"author\" content=\"cfeditorfr\" \/>\n<meta name=\"twitter:card\" content=\"summary_large_image\" \/>\n<meta name=\"twitter:label1\" content=\"\u00c9crit par\" \/>\n\t<meta name=\"twitter:data1\" content=\"cfeditorfr\" \/>\n\t<meta name=\"twitter:label2\" content=\"Dur\u00e9e de lecture estim\u00e9e\" \/>\n\t<meta name=\"twitter:data2\" content=\"1 minute\" \/>\n<script type=\"application\/ld+json\" class=\"yoast-schema-graph\">{\"@context\":\"https:\/\/schema.org\",\"@graph\":[{\"@type\":\"Article\",\"@id\":\"https:\/\/www.africa-press.net\/senegal\/sports\/victor-osimhen-ce-geant-veut-le-ramener-en-serie-a#article\",\"isPartOf\":{\"@id\":\"https:\/\/www.africa-press.net\/senegal\/sports\/victor-osimhen-ce-geant-veut-le-ramener-en-serie-a\"},\"author\":{\"name\":\"cfeditorfr\",\"@id\":\"https:\/\/www.africa-press.net\/senegal\/#\/schema\/person\/2b1cf3cd81a31e3cd26889ca66d677f1\"},\"headline\":\"Victor Osimhen : ce G\u00e9ant Veut le Ramener en Serie A\",\"datePublished\":\"2025-02-09T14:38:00+00:00\",\"dateModified\":\"2025-05-05T20:45:26+00:00\",\"mainEntityOfPage\":{\"@id\":\"https:\/\/www.africa-press.net\/senegal\/sports\/victor-osimhen-ce-geant-veut-le-ramener-en-serie-a\"},\"wordCount\":129,\"commentCount\":0,\"image\":{\"@id\":\"https:\/\/www.africa-press.net\/senegal\/sports\/victor-osimhen-ce-geant-veut-le-ramener-en-serie-a#primaryimage\"},\"thumbnailUrl\":\"https:\/\/static.africa-press.net\/senegal\/sites\/13\/2025\/02\/sm_1739272625.808394.jpg\",\"keywords\":[\"Senegal\"],\"articleSection\":[\"Sports\",\"Toutes les actualit\u00e9s\"],\"inLanguage\":\"fr-FR\",\"potentialAction\":[{\"@type\":\"CommentAction\",\"name\":\"Comment\",\"target\":[\"https:\/\/www.africa-press.net\/senegal\/sports\/victor-osimhen-ce-geant-veut-le-ramener-en-serie-a#respond\"]}]},{\"@type\":\"WebPage\",\"@id\":\"https:\/\/www.africa-press.net\/senegal\/sports\/victor-osimhen-ce-geant-veut-le-ramener-en-serie-a\",\"url\":\"https:\/\/www.africa-press.net\/senegal\/sports\/victor-osimhen-ce-geant-veut-le-ramener-en-serie-a\",\"name\":\"Victor Osimhen : ce G\u00e9ant Veut le Ramener en Serie A - Senegal\",\"isPartOf\":{\"@id\":\"https:\/\/www.africa-press.net\/senegal\/#website\"},\"primaryImageOfPage\":{\"@id\":\"https:\/\/www.africa-press.net\/senegal\/sports\/victor-osimhen-ce-geant-veut-le-ramener-en-serie-a#primaryimage\"},\"image\":{\"@id\":\"https:\/\/www.africa-press.net\/senegal\/sports\/victor-osimhen-ce-geant-veut-le-ramener-en-serie-a#primaryimage\"},\"thumbnailUrl\":\"https:\/\/static.africa-press.net\/senegal\/sites\/13\/2025\/02\/sm_1739272625.808394.jpg\",\"datePublished\":\"2025-02-09T14:38:00+00:00\",\"dateModified\":\"2025-05-05T20:45:26+00:00\",\"author\":{\"@id\":\"https:\/\/www.africa-press.net\/senegal\/#\/schema\/person\/2b1cf3cd81a31e3cd26889ca66d677f1\"},\"description\":\"La Juventus pre\u0301pare de\u0301ja\u0300 son prochain mercato estival. Le directeur financier Cristiano Giuntoli cible un attaquant d ...\",\"breadcrumb\":{\"@id\":\"https:\/\/www.africa-press.net\/senegal\/sports\/victor-osimhen-ce-geant-veut-le-ramener-en-serie-a#breadcrumb\"},\"inLanguage\":\"fr-FR\",\"potentialAction\":[{\"@type\":\"ReadAction\",\"target\":[\"https:\/\/www.africa-press.net\/senegal\/sports\/victor-osimhen-ce-geant-veut-le-ramener-en-serie-a\"]}]},{\"@type\":\"ImageObject\",\"inLanguage\":\"fr-FR\",\"@id\":\"https:\/\/www.africa-press.net\/senegal\/sports\/victor-osimhen-ce-geant-veut-le-ramener-en-serie-a#primaryimage\",\"url\":\"https:\/\/static.africa-press.net\/senegal\/sites\/13\/2025\/02\/sm_1739272625.808394.jpg\",\"contentUrl\":\"https:\/\/static.africa-press.net\/senegal\/sites\/13\/2025\/02\/sm_1739272625.808394.jpg\",\"width\":1728,\"height\":1076,\"caption\":\"Victor Osimhen : ce G\u00e9ant Veut le Ramener en Serie A\"},{\"@type\":\"BreadcrumbList\",\"@id\":\"https:\/\/www.africa-press.net\/senegal\/sports\/victor-osimhen-ce-geant-veut-le-ramener-en-serie-a#breadcrumb\",\"itemListElement\":[{\"@type\":\"ListItem\",\"position\":1,\"name\":\"Accueil\",\"item\":\"https:\/\/www.africa-press.net\/senegal\/\"},{\"@type\":\"ListItem\",\"position\":2,\"name\":\"Victor Osimhen : ce G\u00e9ant Veut le Ramener en Serie A\"}]},{\"@type\":\"WebSite\",\"@id\":\"https:\/\/www.africa-press.net\/senegal\/#website\",\"url\":\"https:\/\/www.africa-press.net\/senegal\/\",\"name\":\"Africa Press | Senegal | Homepage\",\"description\":\"Just another Africa News Agency Sites site\",\"potentialAction\":[{\"@type\":\"SearchAction\",\"target\":{\"@type\":\"EntryPoint\",\"urlTemplate\":\"https:\/\/www.africa-press.net\/senegal\/?s={search_term_string}\"},\"query-input\":{\"@type\":\"PropertyValueSpecification\",\"valueRequired\":true,\"valueName\":\"search_term_string\"}}],\"inLanguage\":\"fr-FR\"},{\"@type\":\"Person\",\"@id\":\"https:\/\/www.africa-press.net\/senegal\/#\/schema\/person\/2b1cf3cd81a31e3cd26889ca66d677f1\",\"name\":\"cfeditorfr\",\"url\":\"https:\/\/www.africa-press.net\/senegal\/author\/cfeditorfr\"}]}<\/script>\n<!-- \/ Yoast SEO Premium plugin. -->","yoast_head_json":{"title":"Victor Osimhen : ce G\u00e9ant Veut le Ramener en Serie A - Senegal","description":"La Juventus pre\u0301pare de\u0301ja\u0300 son prochain mercato estival. Le directeur financier Cristiano Giuntoli cible un attaquant d ...","robots":{"index":"index","follow":"follow","max-snippet":"max-snippet:-1","max-image-preview":"max-image-preview:large","max-video-preview":"max-video-preview:-1"},"canonical":"https:\/\/www.africa-press.net\/senegal\/sports\/victor-osimhen-ce-geant-veut-le-ramener-en-serie-a","og_locale":"fr_FR","og_type":"article","og_title":"Victor Osimhen : ce G\u00e9ant Veut le Ramener en Serie A","og_description":"La Juventus pre\u0301pare de\u0301ja\u0300 son prochain mercato estival. Le directeur financier Cristiano Giuntoli cible un attaquant d ...","og_url":"https:\/\/www.africa-press.net\/senegal\/sports\/victor-osimhen-ce-geant-veut-le-ramener-en-serie-a","og_site_name":"Senegal","article_published_time":"2025-02-09T14:38:00+00:00","article_modified_time":"2025-05-05T20:45:26+00:00","og_image":[{"width":1728,"height":1076,"url":"https:\/\/static.africa-press.net\/senegal\/sites\/13\/2025\/02\/sm_1739272625.808394.jpg","type":"image\/jpeg"}],"author":"cfeditorfr","twitter_card":"summary_large_image","twitter_misc":{"\u00c9crit par":"cfeditorfr","Dur\u00e9e de lecture estim\u00e9e":"1 minute"},"schema":{"@context":"https:\/\/schema.org","@graph":[{"@type":"Article","@id":"https:\/\/www.africa-press.net\/senegal\/sports\/victor-osimhen-ce-geant-veut-le-ramener-en-serie-a#article","isPartOf":{"@id":"https:\/\/www.africa-press.net\/senegal\/sports\/victor-osimhen-ce-geant-veut-le-ramener-en-serie-a"},"author":{"name":"cfeditorfr","@id":"https:\/\/www.africa-press.net\/senegal\/#\/schema\/person\/2b1cf3cd81a31e3cd26889ca66d677f1"},"headline":"Victor Osimhen : ce G\u00e9ant Veut le Ramener en Serie A","datePublished":"2025-02-09T14:38:00+00:00","dateModified":"2025-05-05T20:45:26+00:00","mainEntityOfPage":{"@id":"https:\/\/www.africa-press.net\/senegal\/sports\/victor-osimhen-ce-geant-veut-le-ramener-en-serie-a"},"wordCount":129,"commentCount":0,"image":{"@id":"https:\/\/www.africa-press.net\/senegal\/sports\/victor-osimhen-ce-geant-veut-le-ramener-en-serie-a#primaryimage"},"thumbnailUrl":"https:\/\/static.africa-press.net\/senegal\/sites\/13\/2025\/02\/sm_1739272625.808394.jpg","keywords":["Senegal"],"articleSection":["Sports","Toutes les actualit\u00e9s"],"inLanguage":"fr-FR","potentialAction":[{"@type":"CommentAction","name":"Comment","target":["https:\/\/www.africa-press.net\/senegal\/sports\/victor-osimhen-ce-geant-veut-le-ramener-en-serie-a#respond"]}]},{"@type":"WebPage","@id":"https:\/\/www.africa-press.net\/senegal\/sports\/victor-osimhen-ce-geant-veut-le-ramener-en-serie-a","url":"https:\/\/www.africa-press.net\/senegal\/sports\/victor-osimhen-ce-geant-veut-le-ramener-en-serie-a","name":"Victor Osimhen : ce G\u00e9ant Veut le Ramener en Serie A - Senegal","isPartOf":{"@id":"https:\/\/www.africa-press.net\/senegal\/#website"},"primaryImageOfPage":{"@id":"https:\/\/www.africa-press.net\/senegal\/sports\/victor-osimhen-ce-geant-veut-le-ramener-en-serie-a#primaryimage"},"image":{"@id":"https:\/\/www.africa-press.net\/senegal\/sports\/victor-osimhen-ce-geant-veut-le-ramener-en-serie-a#primaryimage"},"thumbnailUrl":"https:\/\/static.africa-press.net\/senegal\/sites\/13\/2025\/02\/sm_1739272625.808394.jpg","datePublished":"2025-02-09T14:38:00+00:00","dateModified":"2025-05-05T20:45:26+00:00","author":{"@id":"https:\/\/www.africa-press.net\/senegal\/#\/schema\/person\/2b1cf3cd81a31e3cd26889ca66d677f1"},"description":"La Juventus pre\u0301pare de\u0301ja\u0300 son prochain mercato estival. Le directeur financier Cristiano Giuntoli cible un attaquant d ...","breadcrumb":{"@id":"https:\/\/www.africa-press.net\/senegal\/sports\/victor-osimhen-ce-geant-veut-le-ramener-en-serie-a#breadcrumb"},"inLanguage":"fr-FR","potentialAction":[{"@type":"ReadAction","target":["https:\/\/www.africa-press.net\/senegal\/sports\/victor-osimhen-ce-geant-veut-le-ramener-en-serie-a"]}]},{"@type":"ImageObject","inLanguage":"fr-FR","@id":"https:\/\/www.africa-press.net\/senegal\/sports\/victor-osimhen-ce-geant-veut-le-ramener-en-serie-a#primaryimage","url":"https:\/\/static.africa-press.net\/senegal\/sites\/13\/2025\/02\/sm_1739272625.808394.jpg","contentUrl":"https:\/\/static.africa-press.net\/senegal\/sites\/13\/2025\/02\/sm_1739272625.808394.jpg","width":1728,"height":1076,"caption":"Victor Osimhen : ce G\u00e9ant Veut le Ramener en Serie A"},{"@type":"BreadcrumbList","@id":"https:\/\/www.africa-press.net\/senegal\/sports\/victor-osimhen-ce-geant-veut-le-ramener-en-serie-a#breadcrumb","itemListElement":[{"@type":"ListItem","position":1,"name":"Accueil","item":"https:\/\/www.africa-press.net\/senegal\/"},{"@type":"ListItem","position":2,"name":"Victor Osimhen : ce G\u00e9ant Veut le Ramener en Serie A"}]},{"@type":"WebSite","@id":"https:\/\/www.africa-press.net\/senegal\/#website","url":"https:\/\/www.africa-press.net\/senegal\/","name":"Africa Press | Senegal | Homepage","description":"Just another Africa News Agency Sites site","potentialAction":[{"@type":"SearchAction","target":{"@type":"EntryPoint","urlTemplate":"https:\/\/www.africa-press.net\/senegal\/?s={search_term_string}"},"query-input":{"@type":"PropertyValueSpecification","valueRequired":true,"valueName":"search_term_string"}}],"inLanguage":"fr-FR"},{"@type":"Person","@id":"https:\/\/www.africa-press.net\/senegal\/#\/schema\/person\/2b1cf3cd81a31e3cd26889ca66d677f1","name":"cfeditorfr","url":"https:\/\/www.africa-press.net\/senegal\/author\/cfeditorfr"}]}},"_links":{"self":[{"href":"https:\/\/www.africa-press.net\/senegal\/wp-json\/wp\/v2\/posts\/65370","targetHints":{"allow":["GET"]}}],"collection":[{"href":"https:\/\/www.africa-press.net\/senegal\/wp-json\/wp\/v2\/posts"}],"about":[{"href":"https:\/\/www.africa-press.net\/senegal\/wp-json\/wp\/v2\/types\/post"}],"author":[{"embeddable":true,"href":"https:\/\/www.africa-press.net\/senegal\/wp-json\/wp\/v2\/users\/82"}],"replies":[{"embeddable":true,"href":"https:\/\/www.africa-press.net\/senegal\/wp-json\/wp\/v2\/comments?post=65370"}],"version-history":[{"count":0,"href":"https:\/\/www.africa-press.net\/senegal\/wp-json\/wp\/v2\/posts\/65370\/revisions"}],"wp:featuredmedia":[{"embeddable":true,"href":"https:\/\/www.africa-press.net\/senegal\/wp-json\/wp\/v2\/media\/65369"}],"wp:attachment":[{"href":"https:\/\/www.africa-press.net\/senegal\/wp-json\/wp\/v2\/media?parent=65370"}],"wp:term":[{"taxonomy":"category","embeddable":true,"href":"https:\/\/www.africa-press.net\/senegal\/wp-json\/wp\/v2\/categories?post=65370"},{"taxonomy":"post_tag","embeddable":true,"href":"https:\/\/www.africa-press.net\/senegal\/wp-json\/wp\/v2\/tags?post=65370"}],"curies":[{"name":"wp","href":"https:\/\/api.w.org\/{rel}","templated":true}]}}