{"id":65410,"date":"2025-02-12T14:00:00","date_gmt":"2025-02-12T14:00:00","guid":{"rendered":"https:\/\/www.africa-press.net\/senegal\/politique\/les-enjeux-du-38e-sommet-de-lunion-africaine-elections-et-rivalites-au-menu"},"modified":"2025-02-12T14:00:00","modified_gmt":"2025-02-12T14:00:00","slug":"les-enjeux-du-38e-sommet-de-lunion-africaine-elections-et-rivalites-au-menu","status":"publish","type":"post","link":"https:\/\/www.africa-press.net\/senegal\/politique\/les-enjeux-du-38e-sommet-de-lunion-africaine-elections-et-rivalites-au-menu","title":{"rendered":"Les Enjeux du 38E Sommet de L\u2019Union Africaine: \u00c9lections et Rivalit\u00e9s au Menu"},"content":{"rendered":"<p><span style=\"color: #ff6600\"><strong>Africa-Press &#8211; Senegal. <\/strong><\/span>Addis-Abeba accueillera, les 15 et 16 fe\u0301vrier, la 38e\u0300me session ordinaire de l\u2019Assemble\u0301e de l\u2019Union africaine lors de laquelle les e\u0301lections a\u0300 la pre\u0301sidence et a\u0300 la vice-pre\u0301sidence de la Commission de l\u2019UA focaliseront l\u2019attention. Trois candidats des pays d\u2019Afrique de l\u2019Est s\u2019affrontent pour le poste de la pre\u0301sidence alors que quatre autres issues des pays d\u2019Afrique du Nord concourent pour celui de vice-pre\u0301sidente. Pour ce dernier poste, un duel Maroc-Alge\u0301rie avec l\u2019E\u0301gypte a\u0300 l\u2019affu\u0302t.<\/p>\n<p>La 38e\u0300me session ordinaire de l\u2019Assemble\u0301e de l\u2019Union africaine re\u0301unira les 15 et 16 fe\u0301vrier 2025 a\u0300 Addis-Abeba les chefs d\u2019E\u0301tat et de gouvernement. Il s\u2019agit d\u2019une re\u0301union aux nombreux enjeux qui sera marque\u0301e par les e\u0301lections aux postes cle\u0301s de l\u2019instance africaine dont les postes de pre\u0301sident de la Commission africaine, de la vice-pre\u0301sidence et des chefs des six commissions qui seront e\u0301lus par le Conseil exe\u0301cutif de l\u2019UA, compose\u0301 des ministres des Affaires e\u0301trange\u0300res (ou tout autre ministre ou responsable de\u0301signe\u0301 par un E\u0301tat membre pour le repre\u0301senter), qui se re\u0301unissent les 12 et 13 fe\u0301vrier.<\/p>\n<p>Ces commissions sont: Affaires politiques, paix et se\u0301curite\u0301, De\u0301veloppement e\u0301conomique, commerce, industrie et mines, Agriculture, de\u0301veloppement rural, e\u0301conomie bleue et de\u0301veloppement durable, E\u0301ducation, sciences, technologie et innovation, et, enfin, Sante\u0301, affaires humanitaires et de\u0301veloppement social.<\/p>\n<p><strong>Pour plus d&rsquo;informations et d&rsquo;analyses sur la <span style=\"color: #ff6600\">Senegal<\/span>, suivez <span style=\"color: #ff6600\">Africa-Press<span style=\"color: #ff6600\"><\/span><\/strong><\/p>\n","protected":false},"excerpt":{"rendered":"<p>Africa-Press &#8211; Senegal. Addis-Abeba accueillera, les 15 et 16 fe\u0301vrier, la 38e\u0300me session ordinaire de l\u2019Assemble\u0301e de l\u2019Union africaine lors de laquelle les e\u0301lections a\u0300 la pre\u0301sidence et a\u0300 la vice-pre\u0301sidence de la Commission de l\u2019UA focaliseront l\u2019attention. Trois candidats des pays d\u2019Afrique de l\u2019Est s\u2019affrontent pour le poste de la pre\u0301sidence alors que quatre [&hellip;]<\/p>\n","protected":false},"author":82,"featured_media":65409,"comment_status":"open","ping_status":"closed","sticky":false,"template":"","format":"standard","meta":{"footnotes":""},"categories":[2,10],"tags":[44],"class_list":["post-65410","post","type-post","status-publish","format-standard","has-post-thumbnail","hentry","category-politique","category-toutes-les-actualites","tag-senegal-2"],"yoast_head":"<!-- This site is optimized with the Yoast SEO Premium plugin v26.1 (Yoast SEO v27.0) - https:\/\/yoast.com\/product\/yoast-seo-premium-wordpress\/ -->\n<title>Les Enjeux du 38E Sommet de L\u2019Union Africaine: \u00c9lections et Rivalit\u00e9s au Menu - Senegal<\/title>\n<meta name=\"robots\" content=\"index, follow, max-snippet:-1, max-image-preview:large, max-video-preview:-1\" \/>\n<link rel=\"canonical\" href=\"https:\/\/www.africa-press.net\/senegal\/politique\/les-enjeux-du-38e-sommet-de-lunion-africaine-elections-et-rivalites-au-menu\" \/>\n<meta property=\"og:locale\" content=\"fr_FR\" \/>\n<meta property=\"og:type\" content=\"article\" \/>\n<meta property=\"og:title\" content=\"Les Enjeux du 38E Sommet de L\u2019Union Africaine: \u00c9lections et Rivalit\u00e9s au Menu\" \/>\n<meta property=\"og:description\" content=\"Africa-Press &#8211; Senegal. Addis-Abeba accueillera, les 15 et 16 fe\u0301vrier, la 38e\u0300me session ordinaire de l\u2019Assemble\u0301e de l\u2019Union africaine lors de laquelle les e\u0301lections a\u0300 la pre\u0301sidence et a\u0300 la vice-pre\u0301sidence de la Commission de l\u2019UA focaliseront l\u2019attention. Trois candidats des pays d\u2019Afrique de l\u2019Est s\u2019affrontent pour le poste de la pre\u0301sidence alors que quatre [&hellip;]\" \/>\n<meta property=\"og:url\" content=\"https:\/\/www.africa-press.net\/senegal\/politique\/les-enjeux-du-38e-sommet-de-lunion-africaine-elections-et-rivalites-au-menu\" \/>\n<meta property=\"og:site_name\" content=\"Senegal\" \/>\n<meta property=\"article:published_time\" content=\"2025-02-12T14:00:00+00:00\" \/>\n<meta name=\"author\" content=\"cfeditorfr\" \/>\n<meta name=\"twitter:card\" content=\"summary_large_image\" \/>\n<meta name=\"twitter:label1\" content=\"\u00c9crit par\" \/>\n\t<meta name=\"twitter:data1\" content=\"cfeditorfr\" \/>\n\t<meta name=\"twitter:label2\" content=\"Dur\u00e9e de lecture estim\u00e9e\" \/>\n\t<meta name=\"twitter:data2\" content=\"1 minute\" \/>\n<script type=\"application\/ld+json\" class=\"yoast-schema-graph\">{\"@context\":\"https:\/\/schema.org\",\"@graph\":[{\"@type\":\"Article\",\"@id\":\"https:\/\/www.africa-press.net\/senegal\/politique\/les-enjeux-du-38e-sommet-de-lunion-africaine-elections-et-rivalites-au-menu#article\",\"isPartOf\":{\"@id\":\"https:\/\/www.africa-press.net\/senegal\/politique\/les-enjeux-du-38e-sommet-de-lunion-africaine-elections-et-rivalites-au-menu\"},\"author\":{\"name\":\"cfeditorfr\",\"@id\":\"https:\/\/www.africa-press.net\/senegal\/#\/schema\/person\/2b1cf3cd81a31e3cd26889ca66d677f1\"},\"headline\":\"Les Enjeux du 38E Sommet de L\u2019Union Africaine: \u00c9lections et Rivalit\u00e9s au Menu\",\"datePublished\":\"2025-02-12T14:00:00+00:00\",\"mainEntityOfPage\":{\"@id\":\"https:\/\/www.africa-press.net\/senegal\/politique\/les-enjeux-du-38e-sommet-de-lunion-africaine-elections-et-rivalites-au-menu\"},\"wordCount\":287,\"commentCount\":0,\"image\":{\"@id\":\"https:\/\/www.africa-press.net\/senegal\/politique\/les-enjeux-du-38e-sommet-de-lunion-africaine-elections-et-rivalites-au-menu#primaryimage\"},\"thumbnailUrl\":\"https:\/\/static.africa-press.net\/senegal\/sites\/13\/2025\/02\/sm_1739430463.630617.jpg\",\"keywords\":[\"Senegal\"],\"articleSection\":[\"Politique\",\"Toutes les actualit\u00e9s\"],\"inLanguage\":\"fr-FR\",\"potentialAction\":[{\"@type\":\"CommentAction\",\"name\":\"Comment\",\"target\":[\"https:\/\/www.africa-press.net\/senegal\/politique\/les-enjeux-du-38e-sommet-de-lunion-africaine-elections-et-rivalites-au-menu#respond\"]}]},{\"@type\":\"WebPage\",\"@id\":\"https:\/\/www.africa-press.net\/senegal\/politique\/les-enjeux-du-38e-sommet-de-lunion-africaine-elections-et-rivalites-au-menu\",\"url\":\"https:\/\/www.africa-press.net\/senegal\/politique\/les-enjeux-du-38e-sommet-de-lunion-africaine-elections-et-rivalites-au-menu\",\"name\":\"Les Enjeux du 38E Sommet de L\u2019Union Africaine: \u00c9lections et Rivalit\u00e9s au Menu - Senegal\",\"isPartOf\":{\"@id\":\"https:\/\/www.africa-press.net\/senegal\/#website\"},\"primaryImageOfPage\":{\"@id\":\"https:\/\/www.africa-press.net\/senegal\/politique\/les-enjeux-du-38e-sommet-de-lunion-africaine-elections-et-rivalites-au-menu#primaryimage\"},\"image\":{\"@id\":\"https:\/\/www.africa-press.net\/senegal\/politique\/les-enjeux-du-38e-sommet-de-lunion-africaine-elections-et-rivalites-au-menu#primaryimage\"},\"thumbnailUrl\":\"https:\/\/static.africa-press.net\/senegal\/sites\/13\/2025\/02\/sm_1739430463.630617.jpg\",\"datePublished\":\"2025-02-12T14:00:00+00:00\",\"author\":{\"@id\":\"https:\/\/www.africa-press.net\/senegal\/#\/schema\/person\/2b1cf3cd81a31e3cd26889ca66d677f1\"},\"breadcrumb\":{\"@id\":\"https:\/\/www.africa-press.net\/senegal\/politique\/les-enjeux-du-38e-sommet-de-lunion-africaine-elections-et-rivalites-au-menu#breadcrumb\"},\"inLanguage\":\"fr-FR\",\"potentialAction\":[{\"@type\":\"ReadAction\",\"target\":[\"https:\/\/www.africa-press.net\/senegal\/politique\/les-enjeux-du-38e-sommet-de-lunion-africaine-elections-et-rivalites-au-menu\"]}]},{\"@type\":\"ImageObject\",\"inLanguage\":\"fr-FR\",\"@id\":\"https:\/\/www.africa-press.net\/senegal\/politique\/les-enjeux-du-38e-sommet-de-lunion-africaine-elections-et-rivalites-au-menu#primaryimage\",\"url\":\"https:\/\/static.africa-press.net\/senegal\/sites\/13\/2025\/02\/sm_1739430463.630617.jpg\",\"contentUrl\":\"https:\/\/static.africa-press.net\/senegal\/sites\/13\/2025\/02\/sm_1739430463.630617.jpg\",\"width\":720,\"height\":404,\"caption\":\"Les Enjeux du 38E Sommet de L\u2019Union Africaine: \u00c9lections et Rivalit\u00e9s au Menu\"},{\"@type\":\"BreadcrumbList\",\"@id\":\"https:\/\/www.africa-press.net\/senegal\/politique\/les-enjeux-du-38e-sommet-de-lunion-africaine-elections-et-rivalites-au-menu#breadcrumb\",\"itemListElement\":[{\"@type\":\"ListItem\",\"position\":1,\"name\":\"Accueil\",\"item\":\"https:\/\/www.africa-press.net\/senegal\/\"},{\"@type\":\"ListItem\",\"position\":2,\"name\":\"Les Enjeux du 38E Sommet de L\u2019Union Africaine: \u00c9lections et Rivalit\u00e9s au Menu\"}]},{\"@type\":\"WebSite\",\"@id\":\"https:\/\/www.africa-press.net\/senegal\/#website\",\"url\":\"https:\/\/www.africa-press.net\/senegal\/\",\"name\":\"Africa Press | Senegal | Homepage\",\"description\":\"Just another Africa News Agency Sites site\",\"potentialAction\":[{\"@type\":\"SearchAction\",\"target\":{\"@type\":\"EntryPoint\",\"urlTemplate\":\"https:\/\/www.africa-press.net\/senegal\/?s={search_term_string}\"},\"query-input\":{\"@type\":\"PropertyValueSpecification\",\"valueRequired\":true,\"valueName\":\"search_term_string\"}}],\"inLanguage\":\"fr-FR\"},{\"@type\":\"Person\",\"@id\":\"https:\/\/www.africa-press.net\/senegal\/#\/schema\/person\/2b1cf3cd81a31e3cd26889ca66d677f1\",\"name\":\"cfeditorfr\",\"url\":\"https:\/\/www.africa-press.net\/senegal\/author\/cfeditorfr\"}]}<\/script>\n<!-- \/ Yoast SEO Premium plugin. -->","yoast_head_json":{"title":"Les Enjeux du 38E Sommet de L\u2019Union Africaine: \u00c9lections et Rivalit\u00e9s au Menu - Senegal","robots":{"index":"index","follow":"follow","max-snippet":"max-snippet:-1","max-image-preview":"max-image-preview:large","max-video-preview":"max-video-preview:-1"},"canonical":"https:\/\/www.africa-press.net\/senegal\/politique\/les-enjeux-du-38e-sommet-de-lunion-africaine-elections-et-rivalites-au-menu","og_locale":"fr_FR","og_type":"article","og_title":"Les Enjeux du 38E Sommet de L\u2019Union Africaine: \u00c9lections et Rivalit\u00e9s au Menu","og_description":"Africa-Press &#8211; Senegal. Addis-Abeba accueillera, les 15 et 16 fe\u0301vrier, la 38e\u0300me session ordinaire de l\u2019Assemble\u0301e de l\u2019Union africaine lors de laquelle les e\u0301lections a\u0300 la pre\u0301sidence et a\u0300 la vice-pre\u0301sidence de la Commission de l\u2019UA focaliseront l\u2019attention. Trois candidats des pays d\u2019Afrique de l\u2019Est s\u2019affrontent pour le poste de la pre\u0301sidence alors que quatre [&hellip;]","og_url":"https:\/\/www.africa-press.net\/senegal\/politique\/les-enjeux-du-38e-sommet-de-lunion-africaine-elections-et-rivalites-au-menu","og_site_name":"Senegal","article_published_time":"2025-02-12T14:00:00+00:00","author":"cfeditorfr","twitter_card":"summary_large_image","twitter_misc":{"\u00c9crit par":"cfeditorfr","Dur\u00e9e de lecture estim\u00e9e":"1 minute"},"schema":{"@context":"https:\/\/schema.org","@graph":[{"@type":"Article","@id":"https:\/\/www.africa-press.net\/senegal\/politique\/les-enjeux-du-38e-sommet-de-lunion-africaine-elections-et-rivalites-au-menu#article","isPartOf":{"@id":"https:\/\/www.africa-press.net\/senegal\/politique\/les-enjeux-du-38e-sommet-de-lunion-africaine-elections-et-rivalites-au-menu"},"author":{"name":"cfeditorfr","@id":"https:\/\/www.africa-press.net\/senegal\/#\/schema\/person\/2b1cf3cd81a31e3cd26889ca66d677f1"},"headline":"Les Enjeux du 38E Sommet de L\u2019Union Africaine: \u00c9lections et Rivalit\u00e9s au Menu","datePublished":"2025-02-12T14:00:00+00:00","mainEntityOfPage":{"@id":"https:\/\/www.africa-press.net\/senegal\/politique\/les-enjeux-du-38e-sommet-de-lunion-africaine-elections-et-rivalites-au-menu"},"wordCount":287,"commentCount":0,"image":{"@id":"https:\/\/www.africa-press.net\/senegal\/politique\/les-enjeux-du-38e-sommet-de-lunion-africaine-elections-et-rivalites-au-menu#primaryimage"},"thumbnailUrl":"https:\/\/static.africa-press.net\/senegal\/sites\/13\/2025\/02\/sm_1739430463.630617.jpg","keywords":["Senegal"],"articleSection":["Politique","Toutes les actualit\u00e9s"],"inLanguage":"fr-FR","potentialAction":[{"@type":"CommentAction","name":"Comment","target":["https:\/\/www.africa-press.net\/senegal\/politique\/les-enjeux-du-38e-sommet-de-lunion-africaine-elections-et-rivalites-au-menu#respond"]}]},{"@type":"WebPage","@id":"https:\/\/www.africa-press.net\/senegal\/politique\/les-enjeux-du-38e-sommet-de-lunion-africaine-elections-et-rivalites-au-menu","url":"https:\/\/www.africa-press.net\/senegal\/politique\/les-enjeux-du-38e-sommet-de-lunion-africaine-elections-et-rivalites-au-menu","name":"Les Enjeux du 38E Sommet de L\u2019Union Africaine: \u00c9lections et Rivalit\u00e9s au Menu - Senegal","isPartOf":{"@id":"https:\/\/www.africa-press.net\/senegal\/#website"},"primaryImageOfPage":{"@id":"https:\/\/www.africa-press.net\/senegal\/politique\/les-enjeux-du-38e-sommet-de-lunion-africaine-elections-et-rivalites-au-menu#primaryimage"},"image":{"@id":"https:\/\/www.africa-press.net\/senegal\/politique\/les-enjeux-du-38e-sommet-de-lunion-africaine-elections-et-rivalites-au-menu#primaryimage"},"thumbnailUrl":"https:\/\/static.africa-press.net\/senegal\/sites\/13\/2025\/02\/sm_1739430463.630617.jpg","datePublished":"2025-02-12T14:00:00+00:00","author":{"@id":"https:\/\/www.africa-press.net\/senegal\/#\/schema\/person\/2b1cf3cd81a31e3cd26889ca66d677f1"},"breadcrumb":{"@id":"https:\/\/www.africa-press.net\/senegal\/politique\/les-enjeux-du-38e-sommet-de-lunion-africaine-elections-et-rivalites-au-menu#breadcrumb"},"inLanguage":"fr-FR","potentialAction":[{"@type":"ReadAction","target":["https:\/\/www.africa-press.net\/senegal\/politique\/les-enjeux-du-38e-sommet-de-lunion-africaine-elections-et-rivalites-au-menu"]}]},{"@type":"ImageObject","inLanguage":"fr-FR","@id":"https:\/\/www.africa-press.net\/senegal\/politique\/les-enjeux-du-38e-sommet-de-lunion-africaine-elections-et-rivalites-au-menu#primaryimage","url":"https:\/\/static.africa-press.net\/senegal\/sites\/13\/2025\/02\/sm_1739430463.630617.jpg","contentUrl":"https:\/\/static.africa-press.net\/senegal\/sites\/13\/2025\/02\/sm_1739430463.630617.jpg","width":720,"height":404,"caption":"Les Enjeux du 38E Sommet de L\u2019Union Africaine: \u00c9lections et Rivalit\u00e9s au Menu"},{"@type":"BreadcrumbList","@id":"https:\/\/www.africa-press.net\/senegal\/politique\/les-enjeux-du-38e-sommet-de-lunion-africaine-elections-et-rivalites-au-menu#breadcrumb","itemListElement":[{"@type":"ListItem","position":1,"name":"Accueil","item":"https:\/\/www.africa-press.net\/senegal\/"},{"@type":"ListItem","position":2,"name":"Les Enjeux du 38E Sommet de L\u2019Union Africaine: \u00c9lections et Rivalit\u00e9s au Menu"}]},{"@type":"WebSite","@id":"https:\/\/www.africa-press.net\/senegal\/#website","url":"https:\/\/www.africa-press.net\/senegal\/","name":"Africa Press | Senegal | Homepage","description":"Just another Africa News Agency Sites site","potentialAction":[{"@type":"SearchAction","target":{"@type":"EntryPoint","urlTemplate":"https:\/\/www.africa-press.net\/senegal\/?s={search_term_string}"},"query-input":{"@type":"PropertyValueSpecification","valueRequired":true,"valueName":"search_term_string"}}],"inLanguage":"fr-FR"},{"@type":"Person","@id":"https:\/\/www.africa-press.net\/senegal\/#\/schema\/person\/2b1cf3cd81a31e3cd26889ca66d677f1","name":"cfeditorfr","url":"https:\/\/www.africa-press.net\/senegal\/author\/cfeditorfr"}]}},"_links":{"self":[{"href":"https:\/\/www.africa-press.net\/senegal\/wp-json\/wp\/v2\/posts\/65410","targetHints":{"allow":["GET"]}}],"collection":[{"href":"https:\/\/www.africa-press.net\/senegal\/wp-json\/wp\/v2\/posts"}],"about":[{"href":"https:\/\/www.africa-press.net\/senegal\/wp-json\/wp\/v2\/types\/post"}],"author":[{"embeddable":true,"href":"https:\/\/www.africa-press.net\/senegal\/wp-json\/wp\/v2\/users\/82"}],"replies":[{"embeddable":true,"href":"https:\/\/www.africa-press.net\/senegal\/wp-json\/wp\/v2\/comments?post=65410"}],"version-history":[{"count":0,"href":"https:\/\/www.africa-press.net\/senegal\/wp-json\/wp\/v2\/posts\/65410\/revisions"}],"wp:featuredmedia":[{"embeddable":true,"href":"https:\/\/www.africa-press.net\/senegal\/wp-json\/wp\/v2\/media\/65409"}],"wp:attachment":[{"href":"https:\/\/www.africa-press.net\/senegal\/wp-json\/wp\/v2\/media?parent=65410"}],"wp:term":[{"taxonomy":"category","embeddable":true,"href":"https:\/\/www.africa-press.net\/senegal\/wp-json\/wp\/v2\/categories?post=65410"},{"taxonomy":"post_tag","embeddable":true,"href":"https:\/\/www.africa-press.net\/senegal\/wp-json\/wp\/v2\/tags?post=65410"}],"curies":[{"name":"wp","href":"https:\/\/api.w.org\/{rel}","templated":true}]}}