{"id":65424,"date":"2025-02-12T10:44:49","date_gmt":"2025-02-12T10:44:49","guid":{"rendered":"https:\/\/www.africa-press.net\/senegal\/politique\/migrants-africains-en-detresse-face-aux-raids-de-trump"},"modified":"2025-05-05T19:32:12","modified_gmt":"2025-05-05T19:32:12","slug":"migrants-africains-en-detresse-face-aux-raids-de-trump","status":"publish","type":"post","link":"https:\/\/www.africa-press.net\/senegal\/dossiers\/migrants-africains-en-detresse-face-aux-raids-de-trump","title":{"rendered":"Migrants Africains en D\u00e9tresse Face aux Raids de Trump"},"content":{"rendered":"<p><span style=\"color: #ff6600\"><strong>Africa-Press &#8211; Senegal. <\/strong><\/span>La peur d&rsquo;e\u0302tre perquisitionne\u0301, de\u0301tenu et expulse\u0301 a un effet dissuasif sur de nombreuses communaute\u0301s d&rsquo;immigre\u0301s africains aux E\u0301tats-Unis, obligeant certains d&rsquo;entre eux a\u0300 entrer dans la clandestinite\u0301.<\/p>\n<p>Des immigre\u0301s ont de\u0301clare\u0301 a\u0300 la BBC qu&rsquo;ils restaient a\u0300 l&rsquo;inte\u0301rieur, qu&rsquo;ils ne travaillaient pas, qu&rsquo;ils limitaient leur pre\u0301sence dans les lieux publics et qu&rsquo;ils empe\u0302chaient leurs enfants d&rsquo;aller a\u0300 l&rsquo;e\u0301cole par crainte d&rsquo;e\u0302tre arre\u0302te\u0301s par des agents de l&rsquo;Immigration and Customs Enforcement (ICE).<\/p>\n<p>L&rsquo;un d&rsquo;entre eux est Kaduli, un migrant congolais qui est entre\u0301 aux E\u0301tats-Unis il y a 11 ans.<\/p>\n<p>Kaduli est ne\u0301 a\u0300 Bukavu, dans l&rsquo;est de la Re\u0301publique de\u0301mocratique du Congo, juste a\u0300 co\u0302te\u0301 de Goma, qui a re\u0301cemment e\u0301te\u0301 capture\u0301e par les rebelles du M23.<\/p>\n<p>Il e\u0301tait me\u0301decin ge\u0301ne\u0301raliste avant de fuir la RDC pour e\u0301chapper a\u0300 l&rsquo;arrestation apre\u0300s avoir critique\u0301 le pre\u0301sident de l&rsquo;e\u0301poque, Joseph Kabila, pour avoir modifie\u0301 la constitution afin de repousser la limite de son mandat.<\/p>\n<p>M. Kaduli explique a\u0300 la BBC qu&rsquo;il a re\u0301duit ses de\u0301placements aux E\u0301tats-Unis, y compris ses visites dans les restaurants et les centres commerciaux, parce qu&rsquo;il craint d&rsquo;e\u0302tre expulse\u0301 de force.<\/p>\n<p>\u00ab Le raid actuel nous plonge dans une peur permanente car ils confondent tous les immigrants avec des criminels, ce qui n&rsquo;est pas vrai \u00bb, dit-il.<\/p>\n<p>\u00ab J&rsquo;ai peur parce que le Congo continue sa guerre, le Congo continue son re\u0301gime d&rsquo;oppression. Renvoyer quelqu&rsquo;un au Congo, c&rsquo;est le mettre a\u0300 mort \u00bb.<\/p>\n<p>Comme Kaduli, Abdul, originaire du Nigeria, est lui aussi sur les nerfs.<\/p>\n<p>Il est arrive\u0301 aux E\u0301tats-Unis avec son pe\u0300re a\u0300 l&rsquo;a\u0302ge de dix ans, il y a 30 ans.<\/p>\n<p>\u00ab J&rsquo;essaie simplement de rester a\u0300 l&rsquo;e\u0301cart et de croire en Allah pour que tout se passe bien \u00bb, explique cet habitant du Wisconsin.<\/p>\n<p>Abdul a entendu et observe\u0301 la manie\u0300re dont les agents de l&rsquo;ICE me\u0300nent leurs ope\u0301rations dans d&rsquo;autres villes. Il craint de subir le me\u0302me sort.<\/p>\n<p>\u00ab C&rsquo;est fou qu&rsquo;ils traitent les gens comme c\u0327a, comme si nous n&rsquo;e\u0301tions pas des humains nous aussi. Nous sommes tous des e\u0302tres humains et nous saignons tous de la me\u0302me fac\u0327on \u00bb, de\u0301clare-t-il.<\/p>\n<p>Tous les migrants interroge\u0301s dans le cadre de cet article ont demande\u0301 a\u0300 n&rsquo;e\u0302tre identifie\u0301s que par leur pre\u0301nom, par crainte de repre\u0301sailles ou d&rsquo;attirer l&rsquo;attention des autorite\u0301s.<\/p>\n<p>Depuis son retour a\u0300 la Maison-Blanche en janvier, l&rsquo;administration Trump a donne\u0301 un coup d&rsquo;acce\u0301le\u0301rateur a\u0300 sa campagne d&rsquo;expulsions massives, en menant des raids contre les sans-papiers dans les grandes villes.<\/p>\n<p>Elle a re\u0301oriente\u0301 les ressources militaires pour permettre aux agents de l&rsquo;immigration de proce\u0301der a\u0300 davantage d&rsquo;arrestations, notamment dans les e\u0301coles, les e\u0301glises et les ho\u0302pitaux, ce qui a suscite\u0301 des critiques de la part des groupes de de\u0301fense des droits civiques et des droits des immigre\u0301s.<\/p>\n<p>Des milliers de personnes, criminelles ou non, ont e\u0301te\u0301 place\u0301es en de\u0301tention.<\/p>\n<p>La semaine dernie\u0300re, les agents de l&rsquo;ICE ont multiplie\u0301 les arrestations, de\u0301tenant environ un millier de personnes par jour.<\/p>\n<p>A\u0300 titre de comparaison, l&rsquo;administration de Joe Biden proce\u0301dait en moyenne a\u0300 311 de\u0301portations par jour, principalement de criminels, selon l&rsquo;ICE.<\/p>\n<p>Le gouvernement Trump envisage e\u0301galement d&rsquo;appliquer la loi sur les ennemis e\u0301trangers (Alien Enemies Act), qui pourrait permettre aux autorite\u0301s d&rsquo;expulser rapidement les migrants conside\u0301re\u0301s comme faisant partie d&rsquo;une \u00ab invasion ou d&rsquo;une incursion pre\u0301datrice \u00bb &#8211; une loi qui n&rsquo;e\u0301tait auparavant invoque\u0301e qu&rsquo;en temps de guerre.<\/p>\n<p>Pious Ali, conseiller municipal de Portland, dans l&rsquo;E\u0301tat du Maine, explique que si les de\u0301portations ne sont pas nouvelles, la proce\u0301dure est de\u0301tourne\u0301e par des descentes dans des lieux tels que les e\u0301coles, les e\u0301glises et les synagogues et par la \u00ab pre\u0301sentation e\u0301honte\u0301e de personnes \u00bb comme des criminels.<\/p>\n<p>Pour les migrants qui s&rsquo;inquie\u0300tent, il est important de \u00ab re\u0301diger un plan pour leur famille et de mettre de la nourriture et de l&rsquo;argent de co\u0302te\u0301 \u00bb.<\/p>\n<p>\u00ab Si l&rsquo;agent frappe a\u0300 votre porte, il ne peut entrer sans un mandat du tribunal \u00bb, ajoute-t-il.<\/p>\n<p>De nombreux migrants africains vivent dans l&rsquo;incertitude quant au renouvellement du statut de leur pays dans le cadre du programme de statut de protection temporaire (TPS).<\/p>\n<p>Ce programme accorde aux migrants originaires de pays qualifie\u0301s &#8211; ge\u0301ne\u0301ralement des pays te\u0301moins de conflits arme\u0301s, de catastrophes naturelles ou d&rsquo;autres conditions \u00ab extraordinaires et temporaires \u00bb &#8211; la se\u0301curite\u0301 de rester aux E\u0301tats-Unis et de demander un permis de travail.<\/p>\n<p>Sylvie Bello, directrice ge\u0301ne\u0301rale du Cameroon American Council (CAC), une organisation base\u0301e a\u0300 Washington qui de\u0301fend les inte\u0301re\u0302ts des migrants centrafricains, estime que l&rsquo;incertitude actuelle est due aux politiques de l&rsquo;administration Biden pre\u0301ce\u0301dente.<\/p>\n<p>Elle explique que sa communaute\u0301 avait espe\u0301re\u0301 que M. Biden e\u0301tendrait le TPS a\u0300 l&rsquo;Angola et a\u0300 la Re\u0301publique de\u0301mocratique du Congo lorsqu&rsquo;il s&rsquo;est rendu dans ces pays en novembre, son seul voyage sur le continent.<\/p>\n<p>\u00ab Mais il les a de\u0301c\u0327us \u00bb, dit-elle.<\/p>\n<p>\u00ab Les Africains noirs qui n&rsquo;ont pas obtenu l&rsquo;extension du TPS risquent maintenant d&rsquo;e\u0302tre expulse\u0301s sous Trump \u00bb, ajoute-t-elle.<\/p>\n<p>Environ un million d&rsquo;immigrants originaires de 17 pays &#8211; dont 5 en Afrique &#8211; sont prote\u0301ge\u0301s par le programme TPS. Le TPS pour les immigrants du Cameroun, de l&rsquo;E\u0301thiopie et du Soudan du Sud doit prendre fin cette anne\u0301e. Le TPS pour les migrants de Somalie et du Soudan prendra fin en 2026.<\/p>\n<p>\u00ab Toutes mes communaute\u0301s souffrent de l&rsquo;angoisse de l&rsquo;expulsion \u00bb, de\u0301clare Sylvie Bello.<\/p>\n<p><b>Vivre dans les limbes<\/b><\/p>\n<p>Ces dernie\u0300res anne\u0301es, les Africains se sont de plus en plus tourne\u0301s vers les routes migratoires vers les E\u0301tats-Unis en passant par l&rsquo;Ame\u0301rique du Sud et le Mexique. Nneka Achapu, strate\u0300ge en politique ame\u0301ricano-africaine base\u0301e au Texas, explique ce phe\u0301nome\u0300ne par le fait que la traverse\u0301e de la Me\u0301diterrane\u0301e vers l&rsquo;Europe est juge\u0301e trop dangereuse.<\/p>\n<p>Selon le rapport annuel de l&rsquo;ICE pour 2024, environ 1 818 Africains ont e\u0301te\u0301 expulse\u0301s des E\u0301tats-Unis, le Se\u0301ne\u0301gal, la Mauritanie et le Nige\u0301ria arrivant en te\u0302te de liste.<\/p>\n<p>Sur les 1,4 million de non-citoyens devant e\u0302tre expulse\u0301s du pays par l&rsquo;ICE en novembre 2024, les Africains ne repre\u0301sentent que 3 %.<\/p>\n<p>La Somalie est en te\u0302te de liste avec 4 090 personnes, suivie de la Mauritanie avec 3 822, du Nigeria avec 3 690 et du Ghana avec 3 228.<\/p>\n<p>Le fait de savoir que ces personnes font l&rsquo;objet d&rsquo;un ordre d&rsquo;expulsion de\u0301finitif ajoute a\u0300 l&rsquo;incertitude et a\u0300 l&rsquo;anxie\u0301te\u0301 ressenties par les migrants africains.<\/p>\n<p>\u00ab Nous devrons vivre cette situation pendant quatre ans ou pendant toute la dure\u0301e de la proce\u0301dure \u00bb, de\u0301clare Abdul.<\/p>\n<p>Toutefois, Nneka Achapu, strate\u0300ge politique pour les E\u0301tats-Unis et l&rsquo;Afrique, estime que cette situation pourrait e\u0302tre l&rsquo;occasion pour la communaute\u0301 africaine des E\u0301tats-Unis de faire preuve de re\u0301silience.<\/p>\n<p>\u00ab Alors que les gens sont confronte\u0301s a\u0300 de nouvelles attaques contre les immigre\u0301s, nous nous rappelons que la force des communaute\u0301s africaines re\u0301side dans la collaboration, la protection des plus vulne\u0301rables et le partage des ressources essentielles \u00bb, de\u0301clare-t-elle.<\/p>\n<p>Mme Achapu estime que cette pe\u0301riode d&rsquo;incertitude est l&rsquo;occasion pour les gouvernements africains de se re\u0301organiser, de s&rsquo;attaquer aux causes profondes de la migration et de cre\u0301er des opportunite\u0301s e\u0301conomiques pour leur population.<\/p>\n<p>\u00ab Si les E\u0301tats-Unis continuent de repousser les immigrants, la Chine, la Russie et d&rsquo;autres puissances mondiales pourraient saisir l&rsquo;occasion d&rsquo;e\u0301tendre leur influence en Afrique, en proposant d&rsquo;autres voies de migration, des partenariats e\u0301conomiques et des accords commerciaux qui pourraient remodeler les relations entre les E\u0301tats-Unis et l&rsquo;Afrique d&rsquo;une manie\u0300re que nous n&rsquo;avons pas encore pleinement comprise \u00bb, de\u0301clare-t-elle.<\/p>\n<p>Kaduli, l&rsquo;ancien me\u0301decin de la RDC, a e\u0301galement un message pour Trump.<\/p>\n<p>\u00ab Pour que l&rsquo;Ame\u0301rique redevienne grande, les E\u0301tats-Unis doivent de\u0301fendre les droits de l&rsquo;homme et prendre en compte les talents des migrants pour servir le pays et aider l&rsquo;e\u0301conomie \u00bb, de\u0301clare-t-il.<\/p>\n<p>\u00ab Je dirais au pre\u0301sident de faire passer les raisons humanitaires avant la politique \u00bb.<\/p>\n<p><strong>Pour plus d&rsquo;informations et d&rsquo;analyses sur la <span style=\"color: #ff6600\">Senegal<\/span>, suivez <span style=\"color: #ff6600\">Africa-Press<\/span><\/strong><\/p>\n","protected":false},"excerpt":{"rendered":"<p>Africa-Press &#8211; Senegal. La peur d&rsquo;e\u0302tre perquisitionne\u0301, de\u0301tenu et expulse\u0301 a un effet dissuasif sur de nombreuses communaute\u0301s d&rsquo;immigre\u0301s africains aux E\u0301tats-Unis, obligeant certains d&rsquo;entre eux a\u0300 entrer dans la clandestinite\u0301. Des immigre\u0301s ont de\u0301clare\u0301 a\u0300 la BBC qu&rsquo;ils restaient a\u0300 l&rsquo;inte\u0301rieur, qu&rsquo;ils ne travaillaient pas, qu&rsquo;ils limitaient leur pre\u0301sence dans les lieux publics et [&hellip;]<\/p>\n","protected":false},"author":82,"featured_media":65423,"comment_status":"open","ping_status":"closed","sticky":false,"template":"","format":"standard","meta":{"footnotes":""},"categories":[7,10],"tags":[44],"class_list":["post-65424","post","type-post","status-publish","format-standard","has-post-thumbnail","hentry","category-dossiers","category-toutes-les-actualites","tag-senegal-2"],"yoast_head":"<!-- This site is optimized with the Yoast SEO Premium plugin v26.1 (Yoast SEO v27.0) - https:\/\/yoast.com\/product\/yoast-seo-premium-wordpress\/ -->\n<title>Migrants Africains en D\u00e9tresse Face aux Raids de Trump - Senegal<\/title>\n<meta name=\"description\" content=\"La peur d&#039;e\u0302tre perquisitionne\u0301, de\u0301tenu et expulse\u0301 a un effet dissuasif sur de nombreuses communaute\u0301s d&#039;immigre\u0301s afr ...\" \/>\n<meta name=\"robots\" content=\"index, follow, max-snippet:-1, max-image-preview:large, max-video-preview:-1\" \/>\n<link rel=\"canonical\" href=\"https:\/\/www.africa-press.net\/senegal\/dossiers\/migrants-africains-en-detresse-face-aux-raids-de-trump\" \/>\n<meta property=\"og:locale\" content=\"fr_FR\" \/>\n<meta property=\"og:type\" content=\"article\" \/>\n<meta property=\"og:title\" content=\"Migrants Africains en D\u00e9tresse Face aux Raids de Trump\" \/>\n<meta property=\"og:description\" content=\"La peur d&#039;e\u0302tre perquisitionne\u0301, de\u0301tenu et expulse\u0301 a un effet dissuasif sur de nombreuses communaute\u0301s d&#039;immigre\u0301s afr ...\" \/>\n<meta property=\"og:url\" content=\"https:\/\/www.africa-press.net\/senegal\/dossiers\/migrants-africains-en-detresse-face-aux-raids-de-trump\" \/>\n<meta property=\"og:site_name\" content=\"Senegal\" \/>\n<meta property=\"article:published_time\" content=\"2025-02-12T10:44:49+00:00\" \/>\n<meta property=\"article:modified_time\" content=\"2025-05-05T19:32:12+00:00\" \/>\n<meta property=\"og:image\" content=\"https:\/\/static.africa-press.net\/senegal\/sites\/13\/2025\/02\/sm_1739433129.209898.jpg\" \/>\n\t<meta property=\"og:image:width\" content=\"800\" \/>\n\t<meta property=\"og:image:height\" content=\"450\" \/>\n\t<meta property=\"og:image:type\" content=\"image\/jpeg\" \/>\n<meta name=\"author\" content=\"cfeditorfr\" \/>\n<meta name=\"twitter:card\" content=\"summary_large_image\" \/>\n<meta name=\"twitter:label1\" content=\"\u00c9crit par\" \/>\n\t<meta name=\"twitter:data1\" content=\"cfeditorfr\" \/>\n\t<meta name=\"twitter:label2\" content=\"Dur\u00e9e de lecture estim\u00e9e\" \/>\n\t<meta name=\"twitter:data2\" content=\"7 minutes\" \/>\n<script type=\"application\/ld+json\" class=\"yoast-schema-graph\">{\"@context\":\"https:\/\/schema.org\",\"@graph\":[{\"@type\":\"Article\",\"@id\":\"https:\/\/www.africa-press.net\/senegal\/dossiers\/migrants-africains-en-detresse-face-aux-raids-de-trump#article\",\"isPartOf\":{\"@id\":\"https:\/\/www.africa-press.net\/senegal\/dossiers\/migrants-africains-en-detresse-face-aux-raids-de-trump\"},\"author\":{\"name\":\"cfeditorfr\",\"@id\":\"https:\/\/www.africa-press.net\/senegal\/#\/schema\/person\/2b1cf3cd81a31e3cd26889ca66d677f1\"},\"headline\":\"Migrants Africains en D\u00e9tresse Face aux Raids de Trump\",\"datePublished\":\"2025-02-12T10:44:49+00:00\",\"dateModified\":\"2025-05-05T19:32:12+00:00\",\"mainEntityOfPage\":{\"@id\":\"https:\/\/www.africa-press.net\/senegal\/dossiers\/migrants-africains-en-detresse-face-aux-raids-de-trump\"},\"wordCount\":1525,\"commentCount\":0,\"image\":{\"@id\":\"https:\/\/www.africa-press.net\/senegal\/dossiers\/migrants-africains-en-detresse-face-aux-raids-de-trump#primaryimage\"},\"thumbnailUrl\":\"https:\/\/static.africa-press.net\/senegal\/sites\/13\/2025\/02\/sm_1739433129.209898.jpg\",\"keywords\":[\"Senegal\"],\"articleSection\":[\"Dossiers\",\"Toutes les actualit\u00e9s\"],\"inLanguage\":\"fr-FR\",\"potentialAction\":[{\"@type\":\"CommentAction\",\"name\":\"Comment\",\"target\":[\"https:\/\/www.africa-press.net\/senegal\/dossiers\/migrants-africains-en-detresse-face-aux-raids-de-trump#respond\"]}]},{\"@type\":\"WebPage\",\"@id\":\"https:\/\/www.africa-press.net\/senegal\/dossiers\/migrants-africains-en-detresse-face-aux-raids-de-trump\",\"url\":\"https:\/\/www.africa-press.net\/senegal\/dossiers\/migrants-africains-en-detresse-face-aux-raids-de-trump\",\"name\":\"Migrants Africains en D\u00e9tresse Face aux Raids de Trump - Senegal\",\"isPartOf\":{\"@id\":\"https:\/\/www.africa-press.net\/senegal\/#website\"},\"primaryImageOfPage\":{\"@id\":\"https:\/\/www.africa-press.net\/senegal\/dossiers\/migrants-africains-en-detresse-face-aux-raids-de-trump#primaryimage\"},\"image\":{\"@id\":\"https:\/\/www.africa-press.net\/senegal\/dossiers\/migrants-africains-en-detresse-face-aux-raids-de-trump#primaryimage\"},\"thumbnailUrl\":\"https:\/\/static.africa-press.net\/senegal\/sites\/13\/2025\/02\/sm_1739433129.209898.jpg\",\"datePublished\":\"2025-02-12T10:44:49+00:00\",\"dateModified\":\"2025-05-05T19:32:12+00:00\",\"author\":{\"@id\":\"https:\/\/www.africa-press.net\/senegal\/#\/schema\/person\/2b1cf3cd81a31e3cd26889ca66d677f1\"},\"description\":\"La peur d'e\u0302tre perquisitionne\u0301, de\u0301tenu et expulse\u0301 a un effet dissuasif sur de nombreuses communaute\u0301s d'immigre\u0301s afr ...\",\"breadcrumb\":{\"@id\":\"https:\/\/www.africa-press.net\/senegal\/dossiers\/migrants-africains-en-detresse-face-aux-raids-de-trump#breadcrumb\"},\"inLanguage\":\"fr-FR\",\"potentialAction\":[{\"@type\":\"ReadAction\",\"target\":[\"https:\/\/www.africa-press.net\/senegal\/dossiers\/migrants-africains-en-detresse-face-aux-raids-de-trump\"]}]},{\"@type\":\"ImageObject\",\"inLanguage\":\"fr-FR\",\"@id\":\"https:\/\/www.africa-press.net\/senegal\/dossiers\/migrants-africains-en-detresse-face-aux-raids-de-trump#primaryimage\",\"url\":\"https:\/\/static.africa-press.net\/senegal\/sites\/13\/2025\/02\/sm_1739433129.209898.jpg\",\"contentUrl\":\"https:\/\/static.africa-press.net\/senegal\/sites\/13\/2025\/02\/sm_1739433129.209898.jpg\",\"width\":800,\"height\":450,\"caption\":\"Migrants Africains en D\u00e9tresse Face aux Raids de Trump\"},{\"@type\":\"BreadcrumbList\",\"@id\":\"https:\/\/www.africa-press.net\/senegal\/dossiers\/migrants-africains-en-detresse-face-aux-raids-de-trump#breadcrumb\",\"itemListElement\":[{\"@type\":\"ListItem\",\"position\":1,\"name\":\"Accueil\",\"item\":\"https:\/\/www.africa-press.net\/senegal\/\"},{\"@type\":\"ListItem\",\"position\":2,\"name\":\"Migrants Africains en D\u00e9tresse Face aux Raids de Trump\"}]},{\"@type\":\"WebSite\",\"@id\":\"https:\/\/www.africa-press.net\/senegal\/#website\",\"url\":\"https:\/\/www.africa-press.net\/senegal\/\",\"name\":\"Africa Press | Senegal | Homepage\",\"description\":\"Just another Africa News Agency Sites site\",\"potentialAction\":[{\"@type\":\"SearchAction\",\"target\":{\"@type\":\"EntryPoint\",\"urlTemplate\":\"https:\/\/www.africa-press.net\/senegal\/?s={search_term_string}\"},\"query-input\":{\"@type\":\"PropertyValueSpecification\",\"valueRequired\":true,\"valueName\":\"search_term_string\"}}],\"inLanguage\":\"fr-FR\"},{\"@type\":\"Person\",\"@id\":\"https:\/\/www.africa-press.net\/senegal\/#\/schema\/person\/2b1cf3cd81a31e3cd26889ca66d677f1\",\"name\":\"cfeditorfr\",\"url\":\"https:\/\/www.africa-press.net\/senegal\/author\/cfeditorfr\"}]}<\/script>\n<!-- \/ Yoast SEO Premium plugin. -->","yoast_head_json":{"title":"Migrants Africains en D\u00e9tresse Face aux Raids de Trump - Senegal","description":"La peur d'e\u0302tre perquisitionne\u0301, de\u0301tenu et expulse\u0301 a un effet dissuasif sur de nombreuses communaute\u0301s d'immigre\u0301s afr ...","robots":{"index":"index","follow":"follow","max-snippet":"max-snippet:-1","max-image-preview":"max-image-preview:large","max-video-preview":"max-video-preview:-1"},"canonical":"https:\/\/www.africa-press.net\/senegal\/dossiers\/migrants-africains-en-detresse-face-aux-raids-de-trump","og_locale":"fr_FR","og_type":"article","og_title":"Migrants Africains en D\u00e9tresse Face aux Raids de Trump","og_description":"La peur d'e\u0302tre perquisitionne\u0301, de\u0301tenu et expulse\u0301 a un effet dissuasif sur de nombreuses communaute\u0301s d'immigre\u0301s afr ...","og_url":"https:\/\/www.africa-press.net\/senegal\/dossiers\/migrants-africains-en-detresse-face-aux-raids-de-trump","og_site_name":"Senegal","article_published_time":"2025-02-12T10:44:49+00:00","article_modified_time":"2025-05-05T19:32:12+00:00","og_image":[{"width":800,"height":450,"url":"https:\/\/static.africa-press.net\/senegal\/sites\/13\/2025\/02\/sm_1739433129.209898.jpg","type":"image\/jpeg"}],"author":"cfeditorfr","twitter_card":"summary_large_image","twitter_misc":{"\u00c9crit par":"cfeditorfr","Dur\u00e9e de lecture estim\u00e9e":"7 minutes"},"schema":{"@context":"https:\/\/schema.org","@graph":[{"@type":"Article","@id":"https:\/\/www.africa-press.net\/senegal\/dossiers\/migrants-africains-en-detresse-face-aux-raids-de-trump#article","isPartOf":{"@id":"https:\/\/www.africa-press.net\/senegal\/dossiers\/migrants-africains-en-detresse-face-aux-raids-de-trump"},"author":{"name":"cfeditorfr","@id":"https:\/\/www.africa-press.net\/senegal\/#\/schema\/person\/2b1cf3cd81a31e3cd26889ca66d677f1"},"headline":"Migrants Africains en D\u00e9tresse Face aux Raids de Trump","datePublished":"2025-02-12T10:44:49+00:00","dateModified":"2025-05-05T19:32:12+00:00","mainEntityOfPage":{"@id":"https:\/\/www.africa-press.net\/senegal\/dossiers\/migrants-africains-en-detresse-face-aux-raids-de-trump"},"wordCount":1525,"commentCount":0,"image":{"@id":"https:\/\/www.africa-press.net\/senegal\/dossiers\/migrants-africains-en-detresse-face-aux-raids-de-trump#primaryimage"},"thumbnailUrl":"https:\/\/static.africa-press.net\/senegal\/sites\/13\/2025\/02\/sm_1739433129.209898.jpg","keywords":["Senegal"],"articleSection":["Dossiers","Toutes les actualit\u00e9s"],"inLanguage":"fr-FR","potentialAction":[{"@type":"CommentAction","name":"Comment","target":["https:\/\/www.africa-press.net\/senegal\/dossiers\/migrants-africains-en-detresse-face-aux-raids-de-trump#respond"]}]},{"@type":"WebPage","@id":"https:\/\/www.africa-press.net\/senegal\/dossiers\/migrants-africains-en-detresse-face-aux-raids-de-trump","url":"https:\/\/www.africa-press.net\/senegal\/dossiers\/migrants-africains-en-detresse-face-aux-raids-de-trump","name":"Migrants Africains en D\u00e9tresse Face aux Raids de Trump - Senegal","isPartOf":{"@id":"https:\/\/www.africa-press.net\/senegal\/#website"},"primaryImageOfPage":{"@id":"https:\/\/www.africa-press.net\/senegal\/dossiers\/migrants-africains-en-detresse-face-aux-raids-de-trump#primaryimage"},"image":{"@id":"https:\/\/www.africa-press.net\/senegal\/dossiers\/migrants-africains-en-detresse-face-aux-raids-de-trump#primaryimage"},"thumbnailUrl":"https:\/\/static.africa-press.net\/senegal\/sites\/13\/2025\/02\/sm_1739433129.209898.jpg","datePublished":"2025-02-12T10:44:49+00:00","dateModified":"2025-05-05T19:32:12+00:00","author":{"@id":"https:\/\/www.africa-press.net\/senegal\/#\/schema\/person\/2b1cf3cd81a31e3cd26889ca66d677f1"},"description":"La peur d'e\u0302tre perquisitionne\u0301, de\u0301tenu et expulse\u0301 a un effet dissuasif sur de nombreuses communaute\u0301s d'immigre\u0301s afr ...","breadcrumb":{"@id":"https:\/\/www.africa-press.net\/senegal\/dossiers\/migrants-africains-en-detresse-face-aux-raids-de-trump#breadcrumb"},"inLanguage":"fr-FR","potentialAction":[{"@type":"ReadAction","target":["https:\/\/www.africa-press.net\/senegal\/dossiers\/migrants-africains-en-detresse-face-aux-raids-de-trump"]}]},{"@type":"ImageObject","inLanguage":"fr-FR","@id":"https:\/\/www.africa-press.net\/senegal\/dossiers\/migrants-africains-en-detresse-face-aux-raids-de-trump#primaryimage","url":"https:\/\/static.africa-press.net\/senegal\/sites\/13\/2025\/02\/sm_1739433129.209898.jpg","contentUrl":"https:\/\/static.africa-press.net\/senegal\/sites\/13\/2025\/02\/sm_1739433129.209898.jpg","width":800,"height":450,"caption":"Migrants Africains en D\u00e9tresse Face aux Raids de Trump"},{"@type":"BreadcrumbList","@id":"https:\/\/www.africa-press.net\/senegal\/dossiers\/migrants-africains-en-detresse-face-aux-raids-de-trump#breadcrumb","itemListElement":[{"@type":"ListItem","position":1,"name":"Accueil","item":"https:\/\/www.africa-press.net\/senegal\/"},{"@type":"ListItem","position":2,"name":"Migrants Africains en D\u00e9tresse Face aux Raids de Trump"}]},{"@type":"WebSite","@id":"https:\/\/www.africa-press.net\/senegal\/#website","url":"https:\/\/www.africa-press.net\/senegal\/","name":"Africa Press | Senegal | Homepage","description":"Just another Africa News Agency Sites site","potentialAction":[{"@type":"SearchAction","target":{"@type":"EntryPoint","urlTemplate":"https:\/\/www.africa-press.net\/senegal\/?s={search_term_string}"},"query-input":{"@type":"PropertyValueSpecification","valueRequired":true,"valueName":"search_term_string"}}],"inLanguage":"fr-FR"},{"@type":"Person","@id":"https:\/\/www.africa-press.net\/senegal\/#\/schema\/person\/2b1cf3cd81a31e3cd26889ca66d677f1","name":"cfeditorfr","url":"https:\/\/www.africa-press.net\/senegal\/author\/cfeditorfr"}]}},"_links":{"self":[{"href":"https:\/\/www.africa-press.net\/senegal\/wp-json\/wp\/v2\/posts\/65424","targetHints":{"allow":["GET"]}}],"collection":[{"href":"https:\/\/www.africa-press.net\/senegal\/wp-json\/wp\/v2\/posts"}],"about":[{"href":"https:\/\/www.africa-press.net\/senegal\/wp-json\/wp\/v2\/types\/post"}],"author":[{"embeddable":true,"href":"https:\/\/www.africa-press.net\/senegal\/wp-json\/wp\/v2\/users\/82"}],"replies":[{"embeddable":true,"href":"https:\/\/www.africa-press.net\/senegal\/wp-json\/wp\/v2\/comments?post=65424"}],"version-history":[{"count":0,"href":"https:\/\/www.africa-press.net\/senegal\/wp-json\/wp\/v2\/posts\/65424\/revisions"}],"wp:featuredmedia":[{"embeddable":true,"href":"https:\/\/www.africa-press.net\/senegal\/wp-json\/wp\/v2\/media\/65423"}],"wp:attachment":[{"href":"https:\/\/www.africa-press.net\/senegal\/wp-json\/wp\/v2\/media?parent=65424"}],"wp:term":[{"taxonomy":"category","embeddable":true,"href":"https:\/\/www.africa-press.net\/senegal\/wp-json\/wp\/v2\/categories?post=65424"},{"taxonomy":"post_tag","embeddable":true,"href":"https:\/\/www.africa-press.net\/senegal\/wp-json\/wp\/v2\/tags?post=65424"}],"curies":[{"name":"wp","href":"https:\/\/api.w.org\/{rel}","templated":true}]}}