{"id":65432,"date":"2025-02-13T11:11:27","date_gmt":"2025-02-13T11:11:27","guid":{"rendered":"https:\/\/www.africa-press.net\/senegal\/politique\/pourquoi-trump-supprime-t-il-laide-a-lafrique-du-sud-a-cause-dun-projet-de-reforme-agraire"},"modified":"2025-05-05T19:40:52","modified_gmt":"2025-05-05T19:40:52","slug":"pourquoi-trump-supprime-t-il-laide-a-lafrique-du-sud-a-cause-dun-projet-de-reforme-agraire","status":"publish","type":"post","link":"https:\/\/www.africa-press.net\/senegal\/politique\/pourquoi-trump-supprime-t-il-laide-a-lafrique-du-sud-a-cause-dun-projet-de-reforme-agraire","title":{"rendered":"Pourquoi Trump Supprime-T-Il L&rsquo;Aide \u00e0 L&rsquo;Afrique du Sud \u00e0 Cause D&rsquo;Un Projet de R\u00e9forme Agraire ?"},"content":{"rendered":"<p><b>Nomsa Maseko<\/b><\/p>\n<p><span style=\"color: #ff6600\"><strong>Africa-Press &#8211; Senegal. <\/strong><\/span>Le pre\u0301sident Trump a signe\u0301 un de\u0301cret interrompant formellement toute aide a\u0300 l&rsquo;Afrique du Sud, affirmant que la nouvelle loi foncie\u0300re du pays viole les droits de l&rsquo;homme de la minorite\u0301 blanche du pays.<\/p>\n<p>M. Trump affirme que la nouvelle loi sud-africaine sur l&rsquo;expropriation permet de confisquer sans compensation les terres agricoles appartenant a\u0300 la minorite\u0301 blanche.<\/p>\n<p>Il a demande\u0301 a\u0300 son cabinet d&rsquo;e\u0301laborer un programme de re\u0301installation pour les Afrikaners qui, selon lui, \u00ab sont victimes d&rsquo;une discrimination raciale injuste \u00bb.<\/p>\n<p>Les Afrikaners sont un groupe ethnique descendant des colonisateurs europe\u0301ens, principalement ne\u0301erlandais.<\/p>\n<p>\u00ab L&rsquo;Afrique du Sud confisque des terres et traite tre\u0300s mal certaines cate\u0301gories de personnes \u00bb, a e\u0301crit le pre\u0301sident Trump sur son compte Truth Social.<\/p>\n<p>Son proche conseiller Elon Musk, qui est ne\u0301 en Afrique du Sud, s&rsquo;est e\u0301galement joint a\u0300 la critique, demandant sur X pourquoi le pre\u0301sident Cyril Ramaphosa avait \u00ab des lois ouvertement racistes sur la proprie\u0301te\u0301 \u00bb.<\/p>\n<p><b>Pourquoi la question de la terre est-elle si importante en Afrique du Sud ?<\/b><\/p>\n<p>Plus de trente ans apre\u0300s la fin de l&rsquo;apartheid, la proprie\u0301te\u0301 foncie\u0300re en Afrique du Sud reste une question explosive et tre\u0300s sensible.<\/p>\n<p>La re\u0301forme agraire est au c\u0153ur du programme de transformation du pays depuis l&rsquo;ave\u0300nement de la de\u0301mocratie en 1994.<\/p>\n<p>La loi sur l&rsquo;expropriation re\u0301cemment signe\u0301e rappelle comment la terre a e\u0301te\u0301 arrache\u0301e de force a\u0300 la majorite\u0301 noire par l&rsquo;ancien gouvernement raciste de l&rsquo;apartheid.<\/p>\n<p>En vertu de la loi sur les terres indige\u0300nes de 1913, la proprie\u0301te\u0301 foncie\u0300re des Noirs e\u0301tait limite\u0301e a\u0300 7 %. Cette limite a ensuite e\u0301te\u0301 porte\u0301e a\u0300 13 % en vertu de la loi sud-africaine de 1936 sur les terres et le fide\u0301icommis indige\u0300nes (Native Trust and Land Act).<\/p>\n<p>Ces lois ont permis aux Blancs de posse\u0301der pre\u0300s de 90 % des terres, tandis que la majorite\u0301 noire se de\u0301battait pour obtenir ce qui restait.<\/p>\n<p>En conse\u0301quence, les Noirs ont e\u0301te\u0301 reloge\u0301s sur des terres surpeuple\u0301es ou\u0300 ont e\u0301te\u0301 construits des townships mal planifie\u0301s.<\/p>\n<p>Pour rappeler les injustices du passe\u0301, l&rsquo;Afrique du Sud a comme\u0301more\u0301 cette semaine le 70e anniversaire de l&rsquo;expulsion force\u0301e de 65 000 Noirs par le re\u0301gime de l&rsquo;apartheid pour faire place a\u0300 une banlieue re\u0301serve\u0301e aux Blancs.<\/p>\n<p><b>Que dit la nouvelle loi ?<\/b><\/p>\n<p>La nouvelle le\u0301gislation vise principalement a\u0300 corriger les ine\u0301galite\u0301s historiques tout en favorisant la croissance e\u0301conomique.<\/p>\n<p>Elle permet au gouvernement de prendre des terres pour le bien public, comme le de\u0301veloppement d&rsquo;infrastructures, y compris la construction de routes et de maisons, tout en garantissant que les proprie\u0301taires soient indemnise\u0301s et traite\u0301s e\u0301quitablement.<\/p>\n<p>La nouvelle le\u0301gislation remplace la loi sur l&rsquo;expropriation de 1975, ante\u0301rieure a\u0300 la de\u0301mocratie, qui obligeait l&rsquo;E\u0301tat a\u0300 payer les proprie\u0301taires auxquels il voulait prendre des terres, selon le principe \u00ab vendeur consentant, acheteur consentant \u00bb.<\/p>\n<p>Au lieu de cela, cette loi exige une indemnisation e\u0301quitable pour les terres exproprie\u0301es, sauf dans certaines circonstances spe\u0301cifiques ou\u0300 il est juge\u0301 \u00ab juste et e\u0301quitable et dans l&rsquo;inte\u0301re\u0302t public \u00bb de ne pas l&rsquo;accorder.<\/p>\n<p>Il s&rsquo;agit notamment des cas ou\u0300 la proprie\u0301te\u0301 n&rsquo;est pas utilise\u0301e et ou\u0300 il n&rsquo;y a pas d&rsquo;intention de la de\u0301velopper ou d&rsquo;en tirer profit, ou lorsqu&rsquo;elle pre\u0301sente un risque pour les personnes.<\/p>\n<p>Dans ces circonstances, la loi stipule qu&rsquo;aucune confiscation n&rsquo;aura lieu sans proce\u0301dure re\u0301gulie\u0300re et e\u0301quitable.<\/p>\n<p><b>A\u0300 qui appartiennent les terres de l&rsquo;Afrique du Sud ?<\/b><\/p>\n<p>Bien que l&rsquo;apartheid ait pris fin il y a plus de trente ans, les Blancs contro\u0302lent toujours la majeure partie des terres arables du pays.<\/p>\n<p>Les statistiques actuelles montrent que les Blancs posse\u0300dent les trois quarts des terres prive\u0301es, alors qu&rsquo;ils repre\u0301sentent moins de 10 % de la population totale.<\/p>\n<p>Le gouvernement ne posse\u0300de qu&rsquo;environ 14 % des terres.<\/p>\n<p><b>Source: BBC<\/b><\/p>\n<p><strong>Pour plus d&rsquo;informations et d&rsquo;analyses sur la <span style=\"color: #ff6600\">Senegal<\/span>, suivez <span style=\"color: #ff6600\">Africa-Press<\/span><\/strong><\/p>\n","protected":false},"excerpt":{"rendered":"<p>Nomsa Maseko Africa-Press &#8211; Senegal. Le pre\u0301sident Trump a signe\u0301 un de\u0301cret interrompant formellement toute aide a\u0300 l&rsquo;Afrique du Sud, affirmant que la nouvelle loi foncie\u0300re du pays viole les droits de l&rsquo;homme de la minorite\u0301 blanche du pays. M. Trump affirme que la nouvelle loi sud-africaine sur l&rsquo;expropriation permet de confisquer sans compensation les [&hellip;]<\/p>\n","protected":false},"author":82,"featured_media":65431,"comment_status":"open","ping_status":"closed","sticky":false,"template":"","format":"standard","meta":{"footnotes":""},"categories":[2,10],"tags":[44],"class_list":["post-65432","post","type-post","status-publish","format-standard","has-post-thumbnail","hentry","category-politique","category-toutes-les-actualites","tag-senegal-2"],"yoast_head":"<!-- This site is optimized with the Yoast SEO Premium plugin v26.1 (Yoast SEO v27.0) - https:\/\/yoast.com\/product\/yoast-seo-premium-wordpress\/ -->\n<title>Pourquoi Trump Supprime-T-Il L&#039;Aide \u00e0 L&#039;Afrique du Sud \u00e0 Cause D&#039;Un Projet de R\u00e9forme Agraire ? - Senegal<\/title>\n<meta name=\"description\" content=\"Le pre\u0301sident Trump a signe\u0301 un de\u0301cret interrompant formellement toute aide a\u0300 l&#039;Afrique du Sud, affirmant que la nouve ...\" \/>\n<meta name=\"robots\" content=\"index, follow, max-snippet:-1, max-image-preview:large, max-video-preview:-1\" \/>\n<link rel=\"canonical\" href=\"https:\/\/www.africa-press.net\/senegal\/politique\/pourquoi-trump-supprime-t-il-laide-a-lafrique-du-sud-a-cause-dun-projet-de-reforme-agraire\" \/>\n<meta property=\"og:locale\" content=\"fr_FR\" \/>\n<meta property=\"og:type\" content=\"article\" \/>\n<meta property=\"og:title\" content=\"Pourquoi Trump Supprime-T-Il L&#039;Aide \u00e0 L&#039;Afrique du Sud \u00e0 Cause D&#039;Un Projet de R\u00e9forme Agraire ?\" \/>\n<meta property=\"og:description\" content=\"Le pre\u0301sident Trump a signe\u0301 un de\u0301cret interrompant formellement toute aide a\u0300 l&#039;Afrique du Sud, affirmant que la nouve ...\" \/>\n<meta property=\"og:url\" content=\"https:\/\/www.africa-press.net\/senegal\/politique\/pourquoi-trump-supprime-t-il-laide-a-lafrique-du-sud-a-cause-dun-projet-de-reforme-agraire\" \/>\n<meta property=\"og:site_name\" content=\"Senegal\" \/>\n<meta property=\"article:published_time\" content=\"2025-02-13T11:11:27+00:00\" \/>\n<meta property=\"article:modified_time\" content=\"2025-05-05T19:40:52+00:00\" \/>\n<meta property=\"og:image\" content=\"https:\/\/static.africa-press.net\/senegal\/sites\/13\/2025\/02\/sm_1739433471.334384.jpg\" \/>\n\t<meta property=\"og:image:width\" content=\"800\" \/>\n\t<meta property=\"og:image:height\" content=\"450\" \/>\n\t<meta property=\"og:image:type\" content=\"image\/jpeg\" \/>\n<meta name=\"author\" content=\"cfeditorfr\" \/>\n<meta name=\"twitter:card\" content=\"summary_large_image\" \/>\n<meta name=\"twitter:label1\" content=\"\u00c9crit par\" \/>\n\t<meta name=\"twitter:data1\" content=\"cfeditorfr\" \/>\n\t<meta name=\"twitter:label2\" content=\"Dur\u00e9e de lecture estim\u00e9e\" \/>\n\t<meta name=\"twitter:data2\" content=\"3 minutes\" \/>\n<script type=\"application\/ld+json\" class=\"yoast-schema-graph\">{\"@context\":\"https:\/\/schema.org\",\"@graph\":[{\"@type\":\"Article\",\"@id\":\"https:\/\/www.africa-press.net\/senegal\/politique\/pourquoi-trump-supprime-t-il-laide-a-lafrique-du-sud-a-cause-dun-projet-de-reforme-agraire#article\",\"isPartOf\":{\"@id\":\"https:\/\/www.africa-press.net\/senegal\/politique\/pourquoi-trump-supprime-t-il-laide-a-lafrique-du-sud-a-cause-dun-projet-de-reforme-agraire\"},\"author\":{\"name\":\"cfeditorfr\",\"@id\":\"https:\/\/www.africa-press.net\/senegal\/#\/schema\/person\/2b1cf3cd81a31e3cd26889ca66d677f1\"},\"headline\":\"Pourquoi Trump Supprime-T-Il L&rsquo;Aide \u00e0 L&rsquo;Afrique du Sud \u00e0 Cause D&rsquo;Un Projet de R\u00e9forme Agraire ?\",\"datePublished\":\"2025-02-13T11:11:27+00:00\",\"dateModified\":\"2025-05-05T19:40:52+00:00\",\"mainEntityOfPage\":{\"@id\":\"https:\/\/www.africa-press.net\/senegal\/politique\/pourquoi-trump-supprime-t-il-laide-a-lafrique-du-sud-a-cause-dun-projet-de-reforme-agraire\"},\"wordCount\":737,\"commentCount\":0,\"image\":{\"@id\":\"https:\/\/www.africa-press.net\/senegal\/politique\/pourquoi-trump-supprime-t-il-laide-a-lafrique-du-sud-a-cause-dun-projet-de-reforme-agraire#primaryimage\"},\"thumbnailUrl\":\"https:\/\/static.africa-press.net\/senegal\/sites\/13\/2025\/02\/sm_1739433471.334384.jpg\",\"keywords\":[\"Senegal\"],\"articleSection\":[\"Politique\",\"Toutes les actualit\u00e9s\"],\"inLanguage\":\"fr-FR\",\"potentialAction\":[{\"@type\":\"CommentAction\",\"name\":\"Comment\",\"target\":[\"https:\/\/www.africa-press.net\/senegal\/politique\/pourquoi-trump-supprime-t-il-laide-a-lafrique-du-sud-a-cause-dun-projet-de-reforme-agraire#respond\"]}]},{\"@type\":\"WebPage\",\"@id\":\"https:\/\/www.africa-press.net\/senegal\/politique\/pourquoi-trump-supprime-t-il-laide-a-lafrique-du-sud-a-cause-dun-projet-de-reforme-agraire\",\"url\":\"https:\/\/www.africa-press.net\/senegal\/politique\/pourquoi-trump-supprime-t-il-laide-a-lafrique-du-sud-a-cause-dun-projet-de-reforme-agraire\",\"name\":\"Pourquoi Trump Supprime-T-Il L'Aide \u00e0 L'Afrique du Sud \u00e0 Cause D'Un Projet de R\u00e9forme Agraire ? - Senegal\",\"isPartOf\":{\"@id\":\"https:\/\/www.africa-press.net\/senegal\/#website\"},\"primaryImageOfPage\":{\"@id\":\"https:\/\/www.africa-press.net\/senegal\/politique\/pourquoi-trump-supprime-t-il-laide-a-lafrique-du-sud-a-cause-dun-projet-de-reforme-agraire#primaryimage\"},\"image\":{\"@id\":\"https:\/\/www.africa-press.net\/senegal\/politique\/pourquoi-trump-supprime-t-il-laide-a-lafrique-du-sud-a-cause-dun-projet-de-reforme-agraire#primaryimage\"},\"thumbnailUrl\":\"https:\/\/static.africa-press.net\/senegal\/sites\/13\/2025\/02\/sm_1739433471.334384.jpg\",\"datePublished\":\"2025-02-13T11:11:27+00:00\",\"dateModified\":\"2025-05-05T19:40:52+00:00\",\"author\":{\"@id\":\"https:\/\/www.africa-press.net\/senegal\/#\/schema\/person\/2b1cf3cd81a31e3cd26889ca66d677f1\"},\"description\":\"Le pre\u0301sident Trump a signe\u0301 un de\u0301cret interrompant formellement toute aide a\u0300 l'Afrique du Sud, affirmant que la nouve ...\",\"breadcrumb\":{\"@id\":\"https:\/\/www.africa-press.net\/senegal\/politique\/pourquoi-trump-supprime-t-il-laide-a-lafrique-du-sud-a-cause-dun-projet-de-reforme-agraire#breadcrumb\"},\"inLanguage\":\"fr-FR\",\"potentialAction\":[{\"@type\":\"ReadAction\",\"target\":[\"https:\/\/www.africa-press.net\/senegal\/politique\/pourquoi-trump-supprime-t-il-laide-a-lafrique-du-sud-a-cause-dun-projet-de-reforme-agraire\"]}]},{\"@type\":\"ImageObject\",\"inLanguage\":\"fr-FR\",\"@id\":\"https:\/\/www.africa-press.net\/senegal\/politique\/pourquoi-trump-supprime-t-il-laide-a-lafrique-du-sud-a-cause-dun-projet-de-reforme-agraire#primaryimage\",\"url\":\"https:\/\/static.africa-press.net\/senegal\/sites\/13\/2025\/02\/sm_1739433471.334384.jpg\",\"contentUrl\":\"https:\/\/static.africa-press.net\/senegal\/sites\/13\/2025\/02\/sm_1739433471.334384.jpg\",\"width\":800,\"height\":450,\"caption\":\"Pourquoi Trump Supprime-T-Il L'Aide \u00e0 L'Afrique du Sud \u00e0 Cause D'Un Projet de R\u00e9forme Agraire ?\"},{\"@type\":\"BreadcrumbList\",\"@id\":\"https:\/\/www.africa-press.net\/senegal\/politique\/pourquoi-trump-supprime-t-il-laide-a-lafrique-du-sud-a-cause-dun-projet-de-reforme-agraire#breadcrumb\",\"itemListElement\":[{\"@type\":\"ListItem\",\"position\":1,\"name\":\"Accueil\",\"item\":\"https:\/\/www.africa-press.net\/senegal\/\"},{\"@type\":\"ListItem\",\"position\":2,\"name\":\"Pourquoi Trump Supprime-T-Il L&rsquo;Aide \u00e0 L&rsquo;Afrique du Sud \u00e0 Cause D&rsquo;Un Projet de R\u00e9forme Agraire ?\"}]},{\"@type\":\"WebSite\",\"@id\":\"https:\/\/www.africa-press.net\/senegal\/#website\",\"url\":\"https:\/\/www.africa-press.net\/senegal\/\",\"name\":\"Africa Press | Senegal | Homepage\",\"description\":\"Just another Africa News Agency Sites site\",\"potentialAction\":[{\"@type\":\"SearchAction\",\"target\":{\"@type\":\"EntryPoint\",\"urlTemplate\":\"https:\/\/www.africa-press.net\/senegal\/?s={search_term_string}\"},\"query-input\":{\"@type\":\"PropertyValueSpecification\",\"valueRequired\":true,\"valueName\":\"search_term_string\"}}],\"inLanguage\":\"fr-FR\"},{\"@type\":\"Person\",\"@id\":\"https:\/\/www.africa-press.net\/senegal\/#\/schema\/person\/2b1cf3cd81a31e3cd26889ca66d677f1\",\"name\":\"cfeditorfr\",\"url\":\"https:\/\/www.africa-press.net\/senegal\/author\/cfeditorfr\"}]}<\/script>\n<!-- \/ Yoast SEO Premium plugin. -->","yoast_head_json":{"title":"Pourquoi Trump Supprime-T-Il L'Aide \u00e0 L'Afrique du Sud \u00e0 Cause D'Un Projet de R\u00e9forme Agraire ? - Senegal","description":"Le pre\u0301sident Trump a signe\u0301 un de\u0301cret interrompant formellement toute aide a\u0300 l'Afrique du Sud, affirmant que la nouve ...","robots":{"index":"index","follow":"follow","max-snippet":"max-snippet:-1","max-image-preview":"max-image-preview:large","max-video-preview":"max-video-preview:-1"},"canonical":"https:\/\/www.africa-press.net\/senegal\/politique\/pourquoi-trump-supprime-t-il-laide-a-lafrique-du-sud-a-cause-dun-projet-de-reforme-agraire","og_locale":"fr_FR","og_type":"article","og_title":"Pourquoi Trump Supprime-T-Il L'Aide \u00e0 L'Afrique du Sud \u00e0 Cause D'Un Projet de R\u00e9forme Agraire ?","og_description":"Le pre\u0301sident Trump a signe\u0301 un de\u0301cret interrompant formellement toute aide a\u0300 l'Afrique du Sud, affirmant que la nouve ...","og_url":"https:\/\/www.africa-press.net\/senegal\/politique\/pourquoi-trump-supprime-t-il-laide-a-lafrique-du-sud-a-cause-dun-projet-de-reforme-agraire","og_site_name":"Senegal","article_published_time":"2025-02-13T11:11:27+00:00","article_modified_time":"2025-05-05T19:40:52+00:00","og_image":[{"width":800,"height":450,"url":"https:\/\/static.africa-press.net\/senegal\/sites\/13\/2025\/02\/sm_1739433471.334384.jpg","type":"image\/jpeg"}],"author":"cfeditorfr","twitter_card":"summary_large_image","twitter_misc":{"\u00c9crit par":"cfeditorfr","Dur\u00e9e de lecture estim\u00e9e":"3 minutes"},"schema":{"@context":"https:\/\/schema.org","@graph":[{"@type":"Article","@id":"https:\/\/www.africa-press.net\/senegal\/politique\/pourquoi-trump-supprime-t-il-laide-a-lafrique-du-sud-a-cause-dun-projet-de-reforme-agraire#article","isPartOf":{"@id":"https:\/\/www.africa-press.net\/senegal\/politique\/pourquoi-trump-supprime-t-il-laide-a-lafrique-du-sud-a-cause-dun-projet-de-reforme-agraire"},"author":{"name":"cfeditorfr","@id":"https:\/\/www.africa-press.net\/senegal\/#\/schema\/person\/2b1cf3cd81a31e3cd26889ca66d677f1"},"headline":"Pourquoi Trump Supprime-T-Il L&rsquo;Aide \u00e0 L&rsquo;Afrique du Sud \u00e0 Cause D&rsquo;Un Projet de R\u00e9forme Agraire ?","datePublished":"2025-02-13T11:11:27+00:00","dateModified":"2025-05-05T19:40:52+00:00","mainEntityOfPage":{"@id":"https:\/\/www.africa-press.net\/senegal\/politique\/pourquoi-trump-supprime-t-il-laide-a-lafrique-du-sud-a-cause-dun-projet-de-reforme-agraire"},"wordCount":737,"commentCount":0,"image":{"@id":"https:\/\/www.africa-press.net\/senegal\/politique\/pourquoi-trump-supprime-t-il-laide-a-lafrique-du-sud-a-cause-dun-projet-de-reforme-agraire#primaryimage"},"thumbnailUrl":"https:\/\/static.africa-press.net\/senegal\/sites\/13\/2025\/02\/sm_1739433471.334384.jpg","keywords":["Senegal"],"articleSection":["Politique","Toutes les actualit\u00e9s"],"inLanguage":"fr-FR","potentialAction":[{"@type":"CommentAction","name":"Comment","target":["https:\/\/www.africa-press.net\/senegal\/politique\/pourquoi-trump-supprime-t-il-laide-a-lafrique-du-sud-a-cause-dun-projet-de-reforme-agraire#respond"]}]},{"@type":"WebPage","@id":"https:\/\/www.africa-press.net\/senegal\/politique\/pourquoi-trump-supprime-t-il-laide-a-lafrique-du-sud-a-cause-dun-projet-de-reforme-agraire","url":"https:\/\/www.africa-press.net\/senegal\/politique\/pourquoi-trump-supprime-t-il-laide-a-lafrique-du-sud-a-cause-dun-projet-de-reforme-agraire","name":"Pourquoi Trump Supprime-T-Il L'Aide \u00e0 L'Afrique du Sud \u00e0 Cause D'Un Projet de R\u00e9forme Agraire ? - Senegal","isPartOf":{"@id":"https:\/\/www.africa-press.net\/senegal\/#website"},"primaryImageOfPage":{"@id":"https:\/\/www.africa-press.net\/senegal\/politique\/pourquoi-trump-supprime-t-il-laide-a-lafrique-du-sud-a-cause-dun-projet-de-reforme-agraire#primaryimage"},"image":{"@id":"https:\/\/www.africa-press.net\/senegal\/politique\/pourquoi-trump-supprime-t-il-laide-a-lafrique-du-sud-a-cause-dun-projet-de-reforme-agraire#primaryimage"},"thumbnailUrl":"https:\/\/static.africa-press.net\/senegal\/sites\/13\/2025\/02\/sm_1739433471.334384.jpg","datePublished":"2025-02-13T11:11:27+00:00","dateModified":"2025-05-05T19:40:52+00:00","author":{"@id":"https:\/\/www.africa-press.net\/senegal\/#\/schema\/person\/2b1cf3cd81a31e3cd26889ca66d677f1"},"description":"Le pre\u0301sident Trump a signe\u0301 un de\u0301cret interrompant formellement toute aide a\u0300 l'Afrique du Sud, affirmant que la nouve ...","breadcrumb":{"@id":"https:\/\/www.africa-press.net\/senegal\/politique\/pourquoi-trump-supprime-t-il-laide-a-lafrique-du-sud-a-cause-dun-projet-de-reforme-agraire#breadcrumb"},"inLanguage":"fr-FR","potentialAction":[{"@type":"ReadAction","target":["https:\/\/www.africa-press.net\/senegal\/politique\/pourquoi-trump-supprime-t-il-laide-a-lafrique-du-sud-a-cause-dun-projet-de-reforme-agraire"]}]},{"@type":"ImageObject","inLanguage":"fr-FR","@id":"https:\/\/www.africa-press.net\/senegal\/politique\/pourquoi-trump-supprime-t-il-laide-a-lafrique-du-sud-a-cause-dun-projet-de-reforme-agraire#primaryimage","url":"https:\/\/static.africa-press.net\/senegal\/sites\/13\/2025\/02\/sm_1739433471.334384.jpg","contentUrl":"https:\/\/static.africa-press.net\/senegal\/sites\/13\/2025\/02\/sm_1739433471.334384.jpg","width":800,"height":450,"caption":"Pourquoi Trump Supprime-T-Il L'Aide \u00e0 L'Afrique du Sud \u00e0 Cause D'Un Projet de R\u00e9forme Agraire ?"},{"@type":"BreadcrumbList","@id":"https:\/\/www.africa-press.net\/senegal\/politique\/pourquoi-trump-supprime-t-il-laide-a-lafrique-du-sud-a-cause-dun-projet-de-reforme-agraire#breadcrumb","itemListElement":[{"@type":"ListItem","position":1,"name":"Accueil","item":"https:\/\/www.africa-press.net\/senegal\/"},{"@type":"ListItem","position":2,"name":"Pourquoi Trump Supprime-T-Il L&rsquo;Aide \u00e0 L&rsquo;Afrique du Sud \u00e0 Cause D&rsquo;Un Projet de R\u00e9forme Agraire ?"}]},{"@type":"WebSite","@id":"https:\/\/www.africa-press.net\/senegal\/#website","url":"https:\/\/www.africa-press.net\/senegal\/","name":"Africa Press | Senegal | Homepage","description":"Just another Africa News Agency Sites site","potentialAction":[{"@type":"SearchAction","target":{"@type":"EntryPoint","urlTemplate":"https:\/\/www.africa-press.net\/senegal\/?s={search_term_string}"},"query-input":{"@type":"PropertyValueSpecification","valueRequired":true,"valueName":"search_term_string"}}],"inLanguage":"fr-FR"},{"@type":"Person","@id":"https:\/\/www.africa-press.net\/senegal\/#\/schema\/person\/2b1cf3cd81a31e3cd26889ca66d677f1","name":"cfeditorfr","url":"https:\/\/www.africa-press.net\/senegal\/author\/cfeditorfr"}]}},"_links":{"self":[{"href":"https:\/\/www.africa-press.net\/senegal\/wp-json\/wp\/v2\/posts\/65432","targetHints":{"allow":["GET"]}}],"collection":[{"href":"https:\/\/www.africa-press.net\/senegal\/wp-json\/wp\/v2\/posts"}],"about":[{"href":"https:\/\/www.africa-press.net\/senegal\/wp-json\/wp\/v2\/types\/post"}],"author":[{"embeddable":true,"href":"https:\/\/www.africa-press.net\/senegal\/wp-json\/wp\/v2\/users\/82"}],"replies":[{"embeddable":true,"href":"https:\/\/www.africa-press.net\/senegal\/wp-json\/wp\/v2\/comments?post=65432"}],"version-history":[{"count":0,"href":"https:\/\/www.africa-press.net\/senegal\/wp-json\/wp\/v2\/posts\/65432\/revisions"}],"wp:featuredmedia":[{"embeddable":true,"href":"https:\/\/www.africa-press.net\/senegal\/wp-json\/wp\/v2\/media\/65431"}],"wp:attachment":[{"href":"https:\/\/www.africa-press.net\/senegal\/wp-json\/wp\/v2\/media?parent=65432"}],"wp:term":[{"taxonomy":"category","embeddable":true,"href":"https:\/\/www.africa-press.net\/senegal\/wp-json\/wp\/v2\/categories?post=65432"},{"taxonomy":"post_tag","embeddable":true,"href":"https:\/\/www.africa-press.net\/senegal\/wp-json\/wp\/v2\/tags?post=65432"}],"curies":[{"name":"wp","href":"https:\/\/api.w.org\/{rel}","templated":true}]}}