{"id":65434,"date":"2025-02-12T00:05:01","date_gmt":"2025-02-12T00:05:01","guid":{"rendered":"https:\/\/www.africa-press.net\/senegal\/politique\/la-38e-sommet-de-lunion-africaine-en-ethiopie"},"modified":"2025-05-05T19:44:25","modified_gmt":"2025-05-05T19:44:25","slug":"la-38e-sommet-de-lunion-africaine-en-ethiopie","status":"publish","type":"post","link":"https:\/\/www.africa-press.net\/senegal\/politique\/la-38e-sommet-de-lunion-africaine-en-ethiopie","title":{"rendered":"La 38E Sommet de L&rsquo;Union Africaine en \u00c9thiopie"},"content":{"rendered":"<p><span style=\"color: #ff6600\"><strong>Africa-Press &#8211; Senegal. <\/strong><\/span>Du 15 au 16 fe\u0301vrier, Addis-Abeba, capitale de l&rsquo;E\u0301thiopie, accueillera la 38e Session Ordinaire de l&rsquo;Assemble\u0301e de l&rsquo;Union Africaine (UA). Cet e\u0301ve\u0301nement rassemblera les chefs d&rsquo;E\u0301tat et de gouvernement du continent.<\/p>\n<p>Avant la confe\u0301rence des chefs d&rsquo;E\u0301tat, la 46e Session Ordinaire du Conseil Exe\u0301cutif de l&rsquo;UA se tiendra du 12 au 13 fe\u0301vrier 2025, compose\u0301e des ministres des Affaires e\u0301trange\u0300res des pays membres. Cet organe pre\u0301paratoire examinera les grandes questions du moment et de\u0301finira les priorite\u0301s strate\u0301giques de l&rsquo;organisation.<\/p>\n<p>Le sommet se de\u0301roule dans un contexte ge\u0301opolitique tendu, ou\u0300 les coups d&rsquo;E\u0301tat militaires, les crises de se\u0301curite\u0301 et les de\u0301bats sur l&rsquo;avenir institutionnel de l&rsquo;Union Africaine dominent les discussions. Plusieurs chefs d&rsquo;E\u0301tat devraient aborder les sanctions contre les re\u0301gimes militaires au Sahel, les tensions croissantes en Afrique de l&rsquo;Est, ainsi que les de\u0301fis lie\u0301s a\u0300 l&rsquo;inte\u0301gration e\u0301conomique et au financement de l&rsquo;organisation.<\/p>\n<p><b>Un de\u0301fi de gouvernance<\/b><\/p>\n<p>L&rsquo;Union Africaine est souvent critique\u0301e pour son manque d&rsquo;efficacite\u0301 dans la gestion des crises et devra e\u0301galement re\u0301pondre aux attentes concernant sa re\u0301forme institutionnelle et son autonomie financie\u0300re. L&rsquo;e\u0301lection de nouveaux commissaires pourrait e\u0302tre une occasion de donner un nouvel e\u0301lan au changement et de renforcer l&rsquo;influence de l&rsquo;institution sur la sce\u0300ne internationale.<\/p>\n<p>Dans un contexte ou\u0300 les relations entre l&rsquo;Afrique et les grandes puissances mondiales e\u0301voluent, ce 38e sommet sera suivi de pre\u0300s, notamment concernant les orientations e\u0301conomiques et diplomatiques que les dirigeants africains adopteront pour l&rsquo;avenir du continent.<\/p>\n<p><strong>Pour plus d&rsquo;informations et d&rsquo;analyses sur la <span style=\"color: #ff6600\">Senegal<\/span>, suivez <span style=\"color: #ff6600\">Africa-Press<\/span><\/strong><\/p>\n","protected":false},"excerpt":{"rendered":"<p>Africa-Press &#8211; Senegal. Du 15 au 16 fe\u0301vrier, Addis-Abeba, capitale de l&rsquo;E\u0301thiopie, accueillera la 38e Session Ordinaire de l&rsquo;Assemble\u0301e de l&rsquo;Union Africaine (UA). Cet e\u0301ve\u0301nement rassemblera les chefs d&rsquo;E\u0301tat et de gouvernement du continent. Avant la confe\u0301rence des chefs d&rsquo;E\u0301tat, la 46e Session Ordinaire du Conseil Exe\u0301cutif de l&rsquo;UA se tiendra du 12 au 13 [&hellip;]<\/p>\n","protected":false},"author":82,"featured_media":65433,"comment_status":"open","ping_status":"closed","sticky":false,"template":"","format":"standard","meta":{"footnotes":""},"categories":[2,10],"tags":[44],"class_list":["post-65434","post","type-post","status-publish","format-standard","has-post-thumbnail","hentry","category-politique","category-toutes-les-actualites","tag-senegal-2"],"yoast_head":"<!-- This site is optimized with the Yoast SEO Premium plugin v26.1 (Yoast SEO v27.0) - https:\/\/yoast.com\/product\/yoast-seo-premium-wordpress\/ -->\n<title>La 38E Sommet de L&#039;Union Africaine en \u00c9thiopie - Senegal<\/title>\n<meta name=\"description\" content=\"Du 15 au 16 fe\u0301vrier, Addis-Abeba, capitale de l&#039;E\u0301thiopie, accueillera la 38e Session Ordinaire de l&#039;Assemble\u0301e de l&#039;Un ...\" \/>\n<meta name=\"robots\" content=\"index, follow, max-snippet:-1, max-image-preview:large, max-video-preview:-1\" \/>\n<link rel=\"canonical\" href=\"https:\/\/www.africa-press.net\/senegal\/politique\/la-38e-sommet-de-lunion-africaine-en-ethiopie\" \/>\n<meta property=\"og:locale\" content=\"fr_FR\" \/>\n<meta property=\"og:type\" content=\"article\" \/>\n<meta property=\"og:title\" content=\"La 38E Sommet de L&#039;Union Africaine en \u00c9thiopie\" \/>\n<meta property=\"og:description\" content=\"Du 15 au 16 fe\u0301vrier, Addis-Abeba, capitale de l&#039;E\u0301thiopie, accueillera la 38e Session Ordinaire de l&#039;Assemble\u0301e de l&#039;Un ...\" \/>\n<meta property=\"og:url\" content=\"https:\/\/www.africa-press.net\/senegal\/politique\/la-38e-sommet-de-lunion-africaine-en-ethiopie\" \/>\n<meta property=\"og:site_name\" content=\"Senegal\" \/>\n<meta property=\"article:published_time\" content=\"2025-02-12T00:05:01+00:00\" \/>\n<meta property=\"article:modified_time\" content=\"2025-05-05T19:44:25+00:00\" \/>\n<meta property=\"og:image\" content=\"https:\/\/static.africa-press.net\/senegal\/sites\/13\/2025\/02\/sm_1739437777.122103.jpg\" \/>\n\t<meta property=\"og:image:width\" content=\"863\" \/>\n\t<meta property=\"og:image:height\" content=\"486\" \/>\n\t<meta property=\"og:image:type\" content=\"image\/jpeg\" \/>\n<meta name=\"author\" content=\"cfeditorfr\" \/>\n<meta name=\"twitter:card\" content=\"summary_large_image\" \/>\n<meta name=\"twitter:label1\" content=\"\u00c9crit par\" \/>\n\t<meta name=\"twitter:data1\" content=\"cfeditorfr\" \/>\n\t<meta name=\"twitter:label2\" content=\"Dur\u00e9e de lecture estim\u00e9e\" \/>\n\t<meta name=\"twitter:data2\" content=\"2 minutes\" \/>\n<script type=\"application\/ld+json\" class=\"yoast-schema-graph\">{\"@context\":\"https:\/\/schema.org\",\"@graph\":[{\"@type\":\"Article\",\"@id\":\"https:\/\/www.africa-press.net\/senegal\/politique\/la-38e-sommet-de-lunion-africaine-en-ethiopie#article\",\"isPartOf\":{\"@id\":\"https:\/\/www.africa-press.net\/senegal\/politique\/la-38e-sommet-de-lunion-africaine-en-ethiopie\"},\"author\":{\"name\":\"cfeditorfr\",\"@id\":\"https:\/\/www.africa-press.net\/senegal\/#\/schema\/person\/2b1cf3cd81a31e3cd26889ca66d677f1\"},\"headline\":\"La 38E Sommet de L&rsquo;Union Africaine en \u00c9thiopie\",\"datePublished\":\"2025-02-12T00:05:01+00:00\",\"dateModified\":\"2025-05-05T19:44:25+00:00\",\"mainEntityOfPage\":{\"@id\":\"https:\/\/www.africa-press.net\/senegal\/politique\/la-38e-sommet-de-lunion-africaine-en-ethiopie\"},\"wordCount\":317,\"commentCount\":0,\"image\":{\"@id\":\"https:\/\/www.africa-press.net\/senegal\/politique\/la-38e-sommet-de-lunion-africaine-en-ethiopie#primaryimage\"},\"thumbnailUrl\":\"https:\/\/static.africa-press.net\/senegal\/sites\/13\/2025\/02\/sm_1739437777.122103.jpg\",\"keywords\":[\"Senegal\"],\"articleSection\":[\"Politique\",\"Toutes les actualit\u00e9s\"],\"inLanguage\":\"fr-FR\",\"potentialAction\":[{\"@type\":\"CommentAction\",\"name\":\"Comment\",\"target\":[\"https:\/\/www.africa-press.net\/senegal\/politique\/la-38e-sommet-de-lunion-africaine-en-ethiopie#respond\"]}]},{\"@type\":\"WebPage\",\"@id\":\"https:\/\/www.africa-press.net\/senegal\/politique\/la-38e-sommet-de-lunion-africaine-en-ethiopie\",\"url\":\"https:\/\/www.africa-press.net\/senegal\/politique\/la-38e-sommet-de-lunion-africaine-en-ethiopie\",\"name\":\"La 38E Sommet de L'Union Africaine en \u00c9thiopie - Senegal\",\"isPartOf\":{\"@id\":\"https:\/\/www.africa-press.net\/senegal\/#website\"},\"primaryImageOfPage\":{\"@id\":\"https:\/\/www.africa-press.net\/senegal\/politique\/la-38e-sommet-de-lunion-africaine-en-ethiopie#primaryimage\"},\"image\":{\"@id\":\"https:\/\/www.africa-press.net\/senegal\/politique\/la-38e-sommet-de-lunion-africaine-en-ethiopie#primaryimage\"},\"thumbnailUrl\":\"https:\/\/static.africa-press.net\/senegal\/sites\/13\/2025\/02\/sm_1739437777.122103.jpg\",\"datePublished\":\"2025-02-12T00:05:01+00:00\",\"dateModified\":\"2025-05-05T19:44:25+00:00\",\"author\":{\"@id\":\"https:\/\/www.africa-press.net\/senegal\/#\/schema\/person\/2b1cf3cd81a31e3cd26889ca66d677f1\"},\"description\":\"Du 15 au 16 fe\u0301vrier, Addis-Abeba, capitale de l'E\u0301thiopie, accueillera la 38e Session Ordinaire de l'Assemble\u0301e de l'Un ...\",\"breadcrumb\":{\"@id\":\"https:\/\/www.africa-press.net\/senegal\/politique\/la-38e-sommet-de-lunion-africaine-en-ethiopie#breadcrumb\"},\"inLanguage\":\"fr-FR\",\"potentialAction\":[{\"@type\":\"ReadAction\",\"target\":[\"https:\/\/www.africa-press.net\/senegal\/politique\/la-38e-sommet-de-lunion-africaine-en-ethiopie\"]}]},{\"@type\":\"ImageObject\",\"inLanguage\":\"fr-FR\",\"@id\":\"https:\/\/www.africa-press.net\/senegal\/politique\/la-38e-sommet-de-lunion-africaine-en-ethiopie#primaryimage\",\"url\":\"https:\/\/static.africa-press.net\/senegal\/sites\/13\/2025\/02\/sm_1739437777.122103.jpg\",\"contentUrl\":\"https:\/\/static.africa-press.net\/senegal\/sites\/13\/2025\/02\/sm_1739437777.122103.jpg\",\"width\":863,\"height\":486,\"caption\":\"La 38E Sommet de L'Union Africaine en \u00c9thiopie\"},{\"@type\":\"BreadcrumbList\",\"@id\":\"https:\/\/www.africa-press.net\/senegal\/politique\/la-38e-sommet-de-lunion-africaine-en-ethiopie#breadcrumb\",\"itemListElement\":[{\"@type\":\"ListItem\",\"position\":1,\"name\":\"Accueil\",\"item\":\"https:\/\/www.africa-press.net\/senegal\/\"},{\"@type\":\"ListItem\",\"position\":2,\"name\":\"La 38E Sommet de L&rsquo;Union Africaine en \u00c9thiopie\"}]},{\"@type\":\"WebSite\",\"@id\":\"https:\/\/www.africa-press.net\/senegal\/#website\",\"url\":\"https:\/\/www.africa-press.net\/senegal\/\",\"name\":\"Africa Press | Senegal | Homepage\",\"description\":\"Just another Africa News Agency Sites site\",\"potentialAction\":[{\"@type\":\"SearchAction\",\"target\":{\"@type\":\"EntryPoint\",\"urlTemplate\":\"https:\/\/www.africa-press.net\/senegal\/?s={search_term_string}\"},\"query-input\":{\"@type\":\"PropertyValueSpecification\",\"valueRequired\":true,\"valueName\":\"search_term_string\"}}],\"inLanguage\":\"fr-FR\"},{\"@type\":\"Person\",\"@id\":\"https:\/\/www.africa-press.net\/senegal\/#\/schema\/person\/2b1cf3cd81a31e3cd26889ca66d677f1\",\"name\":\"cfeditorfr\",\"url\":\"https:\/\/www.africa-press.net\/senegal\/author\/cfeditorfr\"}]}<\/script>\n<!-- \/ Yoast SEO Premium plugin. -->","yoast_head_json":{"title":"La 38E Sommet de L'Union Africaine en \u00c9thiopie - Senegal","description":"Du 15 au 16 fe\u0301vrier, Addis-Abeba, capitale de l'E\u0301thiopie, accueillera la 38e Session Ordinaire de l'Assemble\u0301e de l'Un ...","robots":{"index":"index","follow":"follow","max-snippet":"max-snippet:-1","max-image-preview":"max-image-preview:large","max-video-preview":"max-video-preview:-1"},"canonical":"https:\/\/www.africa-press.net\/senegal\/politique\/la-38e-sommet-de-lunion-africaine-en-ethiopie","og_locale":"fr_FR","og_type":"article","og_title":"La 38E Sommet de L'Union Africaine en \u00c9thiopie","og_description":"Du 15 au 16 fe\u0301vrier, Addis-Abeba, capitale de l'E\u0301thiopie, accueillera la 38e Session Ordinaire de l'Assemble\u0301e de l'Un ...","og_url":"https:\/\/www.africa-press.net\/senegal\/politique\/la-38e-sommet-de-lunion-africaine-en-ethiopie","og_site_name":"Senegal","article_published_time":"2025-02-12T00:05:01+00:00","article_modified_time":"2025-05-05T19:44:25+00:00","og_image":[{"width":863,"height":486,"url":"https:\/\/static.africa-press.net\/senegal\/sites\/13\/2025\/02\/sm_1739437777.122103.jpg","type":"image\/jpeg"}],"author":"cfeditorfr","twitter_card":"summary_large_image","twitter_misc":{"\u00c9crit par":"cfeditorfr","Dur\u00e9e de lecture estim\u00e9e":"2 minutes"},"schema":{"@context":"https:\/\/schema.org","@graph":[{"@type":"Article","@id":"https:\/\/www.africa-press.net\/senegal\/politique\/la-38e-sommet-de-lunion-africaine-en-ethiopie#article","isPartOf":{"@id":"https:\/\/www.africa-press.net\/senegal\/politique\/la-38e-sommet-de-lunion-africaine-en-ethiopie"},"author":{"name":"cfeditorfr","@id":"https:\/\/www.africa-press.net\/senegal\/#\/schema\/person\/2b1cf3cd81a31e3cd26889ca66d677f1"},"headline":"La 38E Sommet de L&rsquo;Union Africaine en \u00c9thiopie","datePublished":"2025-02-12T00:05:01+00:00","dateModified":"2025-05-05T19:44:25+00:00","mainEntityOfPage":{"@id":"https:\/\/www.africa-press.net\/senegal\/politique\/la-38e-sommet-de-lunion-africaine-en-ethiopie"},"wordCount":317,"commentCount":0,"image":{"@id":"https:\/\/www.africa-press.net\/senegal\/politique\/la-38e-sommet-de-lunion-africaine-en-ethiopie#primaryimage"},"thumbnailUrl":"https:\/\/static.africa-press.net\/senegal\/sites\/13\/2025\/02\/sm_1739437777.122103.jpg","keywords":["Senegal"],"articleSection":["Politique","Toutes les actualit\u00e9s"],"inLanguage":"fr-FR","potentialAction":[{"@type":"CommentAction","name":"Comment","target":["https:\/\/www.africa-press.net\/senegal\/politique\/la-38e-sommet-de-lunion-africaine-en-ethiopie#respond"]}]},{"@type":"WebPage","@id":"https:\/\/www.africa-press.net\/senegal\/politique\/la-38e-sommet-de-lunion-africaine-en-ethiopie","url":"https:\/\/www.africa-press.net\/senegal\/politique\/la-38e-sommet-de-lunion-africaine-en-ethiopie","name":"La 38E Sommet de L'Union Africaine en \u00c9thiopie - Senegal","isPartOf":{"@id":"https:\/\/www.africa-press.net\/senegal\/#website"},"primaryImageOfPage":{"@id":"https:\/\/www.africa-press.net\/senegal\/politique\/la-38e-sommet-de-lunion-africaine-en-ethiopie#primaryimage"},"image":{"@id":"https:\/\/www.africa-press.net\/senegal\/politique\/la-38e-sommet-de-lunion-africaine-en-ethiopie#primaryimage"},"thumbnailUrl":"https:\/\/static.africa-press.net\/senegal\/sites\/13\/2025\/02\/sm_1739437777.122103.jpg","datePublished":"2025-02-12T00:05:01+00:00","dateModified":"2025-05-05T19:44:25+00:00","author":{"@id":"https:\/\/www.africa-press.net\/senegal\/#\/schema\/person\/2b1cf3cd81a31e3cd26889ca66d677f1"},"description":"Du 15 au 16 fe\u0301vrier, Addis-Abeba, capitale de l'E\u0301thiopie, accueillera la 38e Session Ordinaire de l'Assemble\u0301e de l'Un ...","breadcrumb":{"@id":"https:\/\/www.africa-press.net\/senegal\/politique\/la-38e-sommet-de-lunion-africaine-en-ethiopie#breadcrumb"},"inLanguage":"fr-FR","potentialAction":[{"@type":"ReadAction","target":["https:\/\/www.africa-press.net\/senegal\/politique\/la-38e-sommet-de-lunion-africaine-en-ethiopie"]}]},{"@type":"ImageObject","inLanguage":"fr-FR","@id":"https:\/\/www.africa-press.net\/senegal\/politique\/la-38e-sommet-de-lunion-africaine-en-ethiopie#primaryimage","url":"https:\/\/static.africa-press.net\/senegal\/sites\/13\/2025\/02\/sm_1739437777.122103.jpg","contentUrl":"https:\/\/static.africa-press.net\/senegal\/sites\/13\/2025\/02\/sm_1739437777.122103.jpg","width":863,"height":486,"caption":"La 38E Sommet de L'Union Africaine en \u00c9thiopie"},{"@type":"BreadcrumbList","@id":"https:\/\/www.africa-press.net\/senegal\/politique\/la-38e-sommet-de-lunion-africaine-en-ethiopie#breadcrumb","itemListElement":[{"@type":"ListItem","position":1,"name":"Accueil","item":"https:\/\/www.africa-press.net\/senegal\/"},{"@type":"ListItem","position":2,"name":"La 38E Sommet de L&rsquo;Union Africaine en \u00c9thiopie"}]},{"@type":"WebSite","@id":"https:\/\/www.africa-press.net\/senegal\/#website","url":"https:\/\/www.africa-press.net\/senegal\/","name":"Africa Press | Senegal | Homepage","description":"Just another Africa News Agency Sites site","potentialAction":[{"@type":"SearchAction","target":{"@type":"EntryPoint","urlTemplate":"https:\/\/www.africa-press.net\/senegal\/?s={search_term_string}"},"query-input":{"@type":"PropertyValueSpecification","valueRequired":true,"valueName":"search_term_string"}}],"inLanguage":"fr-FR"},{"@type":"Person","@id":"https:\/\/www.africa-press.net\/senegal\/#\/schema\/person\/2b1cf3cd81a31e3cd26889ca66d677f1","name":"cfeditorfr","url":"https:\/\/www.africa-press.net\/senegal\/author\/cfeditorfr"}]}},"_links":{"self":[{"href":"https:\/\/www.africa-press.net\/senegal\/wp-json\/wp\/v2\/posts\/65434","targetHints":{"allow":["GET"]}}],"collection":[{"href":"https:\/\/www.africa-press.net\/senegal\/wp-json\/wp\/v2\/posts"}],"about":[{"href":"https:\/\/www.africa-press.net\/senegal\/wp-json\/wp\/v2\/types\/post"}],"author":[{"embeddable":true,"href":"https:\/\/www.africa-press.net\/senegal\/wp-json\/wp\/v2\/users\/82"}],"replies":[{"embeddable":true,"href":"https:\/\/www.africa-press.net\/senegal\/wp-json\/wp\/v2\/comments?post=65434"}],"version-history":[{"count":0,"href":"https:\/\/www.africa-press.net\/senegal\/wp-json\/wp\/v2\/posts\/65434\/revisions"}],"wp:featuredmedia":[{"embeddable":true,"href":"https:\/\/www.africa-press.net\/senegal\/wp-json\/wp\/v2\/media\/65433"}],"wp:attachment":[{"href":"https:\/\/www.africa-press.net\/senegal\/wp-json\/wp\/v2\/media?parent=65434"}],"wp:term":[{"taxonomy":"category","embeddable":true,"href":"https:\/\/www.africa-press.net\/senegal\/wp-json\/wp\/v2\/categories?post=65434"},{"taxonomy":"post_tag","embeddable":true,"href":"https:\/\/www.africa-press.net\/senegal\/wp-json\/wp\/v2\/tags?post=65434"}],"curies":[{"name":"wp","href":"https:\/\/api.w.org\/{rel}","templated":true}]}}