{"id":65442,"date":"2025-02-13T12:20:00","date_gmt":"2025-02-13T12:20:00","guid":{"rendered":"https:\/\/www.africa-press.net\/senegal\/politique\/ngueweul-rythme-la-fusion-des-percussions-traditionnelles-du-senegal"},"modified":"2025-02-13T12:20:00","modified_gmt":"2025-02-13T12:20:00","slug":"ngueweul-rythme-la-fusion-des-percussions-traditionnelles-du-senegal","status":"publish","type":"post","link":"https:\/\/www.africa-press.net\/senegal\/culture-et-art\/ngueweul-rythme-la-fusion-des-percussions-traditionnelles-du-senegal","title":{"rendered":"Ngueweul Rythme : la Fusion des Percussions Traditionnelles du S\u00e9n\u00e9gal"},"content":{"rendered":"<p><span style=\"color: #ff6600\"><strong>Africa-Press &#8211; Senegal. <\/strong><\/span>Cheikh Ma Djimbira Ndiaye, alias Ndiguel, voit le jour a\u0300 Kebemer, dans le nord du Se\u0301ne\u0301gal, au sein d\u2019une famille de griots.<\/p>\n<p>Ces poe\u0300tes et musiciens traditionnels, ve\u0301ritables gardiens de la me\u0301moire collective, jouent un ro\u0302le crucial dans la pre\u0301servation des traditions orales africaines et la sauvegarde de l\u2019identite\u0301 culturelle du continent.<\/p>\n<p>Ndiguel a grandi impre\u0301gne\u0301 des re\u0301cits historiques transmis par son grand-pe\u0300re et ses ai\u0302ne\u0301s, chaque histoire e\u0301tant accompagne\u0301e des rythmes percussifs qui font la richesse de la tradition.<\/p>\n<p>De\u0300s son plus jeune a\u0302ge, il se familiarise avec la musique et de\u0301cide de fonder un groupe de\u0301die\u0301 aux rythmes traditionnels et aux instruments de percussion.<\/p>\n<p>Baptise\u0301 \u00ab\u00a0Ngueweul\u00a0\u00bb, signifiant \u00ab\u00a0famille de griots\u00a0\u00bb en wolof, son groupe voit le jour en 1998, marquant le de\u0301but de sa carrie\u0300re professionnelle.<\/p>\n<p>Au de\u0301part, Ndiguel ne savait jouer que la percussion traditionnelle \u00ab\u00a0sabar\u00a0\u00bb du groupe ethnique wolof.<\/p>\n<p>Cependant, au fil du temps, il a parcouru le Se\u0301ne\u0301gal pour apprendre les percussions et les danses d&rsquo;autres groupes ethniques.<\/p>\n<p>Avec le temps, Ndiguel a e\u0301largi son groupe en rassemblant toutes les percussions du Se\u0301ne\u0301gal et a commence\u0301 a\u0300 organiser divers spectacles culturels.<\/p>\n<p>Ndiguel et son groupe, notamment lors des e\u0301ve\u0301nements destine\u0301s aux touristes, offrent une immersion dans les percussions traditionnelles du Se\u0301ne\u0301gal, en retrac\u0327ant leur histoire et en de\u0301voilant les liens avec les diffe\u0301rents groupes ethniques auxquels elles sont rattache\u0301es.<\/p>\n<p>A\u0300 travers des performances saisissantes, Ngueweul interpre\u0300te les rythmes ancestraux dans un style distinctif, parfois dans une fore\u0302t pare\u0301e de baobabs, parfois autour d\u2019un feu dans le de\u0301sert, e\u0301clairant ainsi le riche passe\u0301 du Se\u0301ne\u0301gal.<\/p>\n<p><b>\u00ab\u00a0Nous avons rassemble\u0301 les rythmes de toutes les origines ethniques du Se\u0301ne\u0301gal\u00a0\u00bb<\/b><\/p>\n<p>Un correspondant d&rsquo;Anadolu, a rencontre\u0301 Ndiguel et son groupe Ngueweul Rythme pour discuter de la place primordiale de la percussion dans l\u2019histoire africaine et des projets a\u0300 venir du groupe. Selon Ndiguel, la percussion est au c\u0153ur de la vie en Afrique et constitue un vecteur essentiel de compre\u0301hension du continent.<\/p>\n<p>\u00ab\u00a0A\u0300 la naissance, on joue de la percussion, elle accompagne la ce\u0301re\u0301monie de circoncision, elle rythme le mariage, et a\u0300 la mort, c\u2019est encore elle qui re\u0301sonne lors des fune\u0301railles\u00a0\u00bb, a-t-il explique\u0301, mettant en lumie\u0300re l&rsquo;omnipre\u0301sence de cet art a\u0300 chaque e\u0301tape majeure de l&rsquo;existence.<\/p>\n<p>Ndiguel, originaires du groupe ethnique wolof, a explique\u0301 qu&rsquo;au de\u0301part, ils n&rsquo;e\u0301taient familiers qu&rsquo;avec les instruments des Wolof. Il a raconte\u0301 qu&rsquo;ils ont voyage\u0301 du nord du Se\u0301ne\u0301gal, a\u0300 Kebemer, jusqu&rsquo;au sud, en Casamance, pour de\u0301couvrir la musique des diffe\u0301rents groupes ethniques.<\/p>\n<p><b>Ndiguel a de\u0301clare\u0301:<\/b><\/p>\n<p>\u00ab\u00a0Nous voulions rassembler toutes les percussions du Se\u0301ne\u0301gal. En re\u0301alite\u0301, il ne s&rsquo;agit pas seulement du Se\u0301ne\u0301gal, mais aussi de percussions provenant d&rsquo;Afrique de l&rsquo;Ouest. Par exemple, le &lsquo;tabala&rsquo;, une percussion sacre\u0301e utilise\u0301e dans les chants et les invocations par le tarikat Kadiri en Mauritanie et dans les environs. Il y a aussi le &lsquo;khine&rsquo;, une percussion he\u0301rite\u0301e de l&rsquo;e\u0301poque animiste mais utilise\u0301e par la communaute\u0301 musulmane Baye Fall. Nous jouons le &lsquo;sabar&rsquo;, percussion des ethnies Serer et Wolof, le &lsquo;bougarabou&rsquo; des Diola, le &lsquo;sowrouba&rsquo; des Mandinka, et le &lsquo;tama&rsquo;, un tambour parlant du groupe ethnique Waalo-Waalo. Ainsi, notre groupe a rassemble\u0301 les rythmes de toutes les origines ethniques du Se\u0301ne\u0301gal.\u00a0\u00bb<\/p>\n<p><b>Le documentaire \u00ab\u00a0Le Pouvoir de la Percussion\u00a0\u00bb<\/b><\/p>\n<p>Ndiguel a souligne\u0301 qu&rsquo;il avait remarque\u0301 que, lors de leurs repre\u0301sentations a\u0300 l&rsquo;e\u0301tranger, les messages porte\u0301s par les percussions n&rsquo;e\u0301taient pas toujours bien compris. C&rsquo;est a\u0300 partir de cette observation qu&rsquo;il a de\u0301cide\u0301 de prendre une initiative plus durable pour promouvoir les percussions, en de\u0301clarant:<\/p>\n<p>\u00ab\u00a0J&rsquo;ai re\u0301alise\u0301 un documentaire intitule\u0301 &lsquo;Le Pouvoir de la Percussion&rsquo; pour expliquer l&rsquo;origine de chaque percussion, qui les joue et me\u0302me comment elles sont fabrique\u0301es. Pour ce documentaire, j&rsquo;ai parcouru tout le Se\u0301ne\u0301gal, j&rsquo;ai discute\u0301 avec nos ai\u0302ne\u0301s et leur ai fait raconter leurs histoires. Les tournages sont termine\u0301s, il ne reste plus que les de\u0301tails techniques. Pendant la pe\u0301riode coloniale, les Franc\u0327ais avaient rassemble\u0301 tous les griots de la re\u0301gion, y compris mon grand-pe\u0300re, pour obtenir des informations de\u0301taille\u0301es sur la dislocation du Royaume de Cayor en 1549.<\/p>\n<p>Comme l&rsquo;histoire n&rsquo;e\u0301tait pas e\u0301crite, elle e\u0301tait transmise oralement. Mon grand-pe\u0300re a raconte\u0301 toute l&rsquo;histoire de la re\u0301gion aux Franc\u0327ais.<\/p>\n<p>Mon enfance a e\u0301te\u0301 marque\u0301e par l&rsquo;e\u0301coute de ces histoires, mais nous n&rsquo;avons jamais e\u0301crit ce que nous entendions. Aujourd&rsquo;hui, la narration d&rsquo;histoires a pris une dimension plus large et je ne voulais pas me limiter a\u0300 l&rsquo;e\u0301criture, c&rsquo;est pourquoi j&rsquo;ai de\u0301cide\u0301 de re\u0301aliser un documentaire.\u00a0\u00bb<\/p>\n<p>Ndiguel, qui est e\u0301galement le directeur artistique du Carnaval de Dakar, a e\u0301galement exprime\u0301 son souhait de cre\u0301er un muse\u0301e virtuel de la percussion.<\/p>\n<p>Il a ajoute\u0301 qu&rsquo;il travaillait actuellement sur une come\u0301die musicale base\u0301e sur le personnage traditionnel de \u00ab\u00a0Simb\u00a0\u00bb (faux lion), un personnage du folklore se\u0301ne\u0301galais ou\u0300 une personne se transforme en lion.<\/p>\n<p><strong>Pour plus d&rsquo;informations et d&rsquo;analyses sur la <span style=\"color: #ff6600\">Senegal<\/span>, suivez <span style=\"color: #ff6600\">Africa-Press<span style=\"color: #ff6600\"><\/span><\/strong><\/p>\n","protected":false},"excerpt":{"rendered":"<p>Africa-Press &#8211; Senegal. Cheikh Ma Djimbira Ndiaye, alias Ndiguel, voit le jour a\u0300 Kebemer, dans le nord du Se\u0301ne\u0301gal, au sein d\u2019une famille de griots. Ces poe\u0300tes et musiciens traditionnels, ve\u0301ritables gardiens de la me\u0301moire collective, jouent un ro\u0302le crucial dans la pre\u0301servation des traditions orales africaines et la sauvegarde de l\u2019identite\u0301 culturelle du continent. [&hellip;]<\/p>\n","protected":false},"author":82,"featured_media":65441,"comment_status":"open","ping_status":"closed","sticky":false,"template":"","format":"standard","meta":{"footnotes":""},"categories":[5,10],"tags":[5279,44,29],"class_list":["post-65442","post","type-post","status-publish","format-standard","has-post-thumbnail","hentry","category-culture-et-art","category-toutes-les-actualites","tag-ngueweul-rythme","tag-senegal-2","tag-senegal"],"yoast_head":"<!-- This site is optimized with the Yoast SEO Premium plugin v26.1 (Yoast SEO v27.0) - https:\/\/yoast.com\/product\/yoast-seo-premium-wordpress\/ -->\n<title>Ngueweul Rythme : la Fusion des Percussions Traditionnelles du S\u00e9n\u00e9gal - Senegal<\/title>\n<meta name=\"robots\" content=\"index, follow, max-snippet:-1, max-image-preview:large, max-video-preview:-1\" \/>\n<link rel=\"canonical\" href=\"https:\/\/www.africa-press.net\/senegal\/politique\/ngueweul-rythme-la-fusion-des-percussions-traditionnelles-du-senegal\" \/>\n<meta property=\"og:locale\" content=\"fr_FR\" \/>\n<meta property=\"og:type\" content=\"article\" \/>\n<meta property=\"og:title\" content=\"Ngueweul Rythme : la Fusion des Percussions Traditionnelles du S\u00e9n\u00e9gal\" \/>\n<meta property=\"og:description\" content=\"Africa-Press &#8211; Senegal. Cheikh Ma Djimbira Ndiaye, alias Ndiguel, voit le jour a\u0300 Kebemer, dans le nord du Se\u0301ne\u0301gal, au sein d\u2019une famille de griots. Ces poe\u0300tes et musiciens traditionnels, ve\u0301ritables gardiens de la me\u0301moire collective, jouent un ro\u0302le crucial dans la pre\u0301servation des traditions orales africaines et la sauvegarde de l\u2019identite\u0301 culturelle du continent. [&hellip;]\" \/>\n<meta property=\"og:url\" content=\"https:\/\/www.africa-press.net\/senegal\/politique\/ngueweul-rythme-la-fusion-des-percussions-traditionnelles-du-senegal\" \/>\n<meta property=\"og:site_name\" content=\"Senegal\" \/>\n<meta property=\"article:published_time\" content=\"2025-02-13T12:20:00+00:00\" \/>\n<meta name=\"author\" content=\"cfeditorfr\" \/>\n<meta name=\"twitter:card\" content=\"summary_large_image\" \/>\n<meta name=\"twitter:label1\" content=\"\u00c9crit par\" \/>\n\t<meta name=\"twitter:data1\" content=\"cfeditorfr\" \/>\n\t<meta name=\"twitter:label2\" content=\"Dur\u00e9e de lecture estim\u00e9e\" \/>\n\t<meta name=\"twitter:data2\" content=\"5 minutes\" \/>\n<script type=\"application\/ld+json\" class=\"yoast-schema-graph\">{\"@context\":\"https:\/\/schema.org\",\"@graph\":[{\"@type\":\"Article\",\"@id\":\"https:\/\/www.africa-press.net\/senegal\/politique\/ngueweul-rythme-la-fusion-des-percussions-traditionnelles-du-senegal#article\",\"isPartOf\":{\"@id\":\"https:\/\/www.africa-press.net\/senegal\/politique\/ngueweul-rythme-la-fusion-des-percussions-traditionnelles-du-senegal\"},\"author\":{\"name\":\"cfeditorfr\",\"@id\":\"https:\/\/www.africa-press.net\/senegal\/#\/schema\/person\/2b1cf3cd81a31e3cd26889ca66d677f1\"},\"headline\":\"Ngueweul Rythme : la Fusion des Percussions Traditionnelles du S\u00e9n\u00e9gal\",\"datePublished\":\"2025-02-13T12:20:00+00:00\",\"mainEntityOfPage\":{\"@id\":\"https:\/\/www.africa-press.net\/senegal\/politique\/ngueweul-rythme-la-fusion-des-percussions-traditionnelles-du-senegal\"},\"wordCount\":962,\"commentCount\":0,\"image\":{\"@id\":\"https:\/\/www.africa-press.net\/senegal\/politique\/ngueweul-rythme-la-fusion-des-percussions-traditionnelles-du-senegal#primaryimage\"},\"thumbnailUrl\":\"https:\/\/static.africa-press.net\/senegal\/sites\/13\/2025\/02\/sm_1739525273.512952.jpg\",\"keywords\":[\"Ngueweul Rythme\",\"Senegal\",\"S\u00e9n\u00e9gal\"],\"articleSection\":[\"Culture et Art\",\"Toutes les actualit\u00e9s\"],\"inLanguage\":\"fr-FR\",\"potentialAction\":[{\"@type\":\"CommentAction\",\"name\":\"Comment\",\"target\":[\"https:\/\/www.africa-press.net\/senegal\/politique\/ngueweul-rythme-la-fusion-des-percussions-traditionnelles-du-senegal#respond\"]}]},{\"@type\":\"WebPage\",\"@id\":\"https:\/\/www.africa-press.net\/senegal\/politique\/ngueweul-rythme-la-fusion-des-percussions-traditionnelles-du-senegal\",\"url\":\"https:\/\/www.africa-press.net\/senegal\/politique\/ngueweul-rythme-la-fusion-des-percussions-traditionnelles-du-senegal\",\"name\":\"Ngueweul Rythme : la Fusion des Percussions Traditionnelles du S\u00e9n\u00e9gal - Senegal\",\"isPartOf\":{\"@id\":\"https:\/\/www.africa-press.net\/senegal\/#website\"},\"primaryImageOfPage\":{\"@id\":\"https:\/\/www.africa-press.net\/senegal\/politique\/ngueweul-rythme-la-fusion-des-percussions-traditionnelles-du-senegal#primaryimage\"},\"image\":{\"@id\":\"https:\/\/www.africa-press.net\/senegal\/politique\/ngueweul-rythme-la-fusion-des-percussions-traditionnelles-du-senegal#primaryimage\"},\"thumbnailUrl\":\"https:\/\/static.africa-press.net\/senegal\/sites\/13\/2025\/02\/sm_1739525273.512952.jpg\",\"datePublished\":\"2025-02-13T12:20:00+00:00\",\"author\":{\"@id\":\"https:\/\/www.africa-press.net\/senegal\/#\/schema\/person\/2b1cf3cd81a31e3cd26889ca66d677f1\"},\"breadcrumb\":{\"@id\":\"https:\/\/www.africa-press.net\/senegal\/politique\/ngueweul-rythme-la-fusion-des-percussions-traditionnelles-du-senegal#breadcrumb\"},\"inLanguage\":\"fr-FR\",\"potentialAction\":[{\"@type\":\"ReadAction\",\"target\":[\"https:\/\/www.africa-press.net\/senegal\/politique\/ngueweul-rythme-la-fusion-des-percussions-traditionnelles-du-senegal\"]}]},{\"@type\":\"ImageObject\",\"inLanguage\":\"fr-FR\",\"@id\":\"https:\/\/www.africa-press.net\/senegal\/politique\/ngueweul-rythme-la-fusion-des-percussions-traditionnelles-du-senegal#primaryimage\",\"url\":\"https:\/\/static.africa-press.net\/senegal\/sites\/13\/2025\/02\/sm_1739525273.512952.jpg\",\"contentUrl\":\"https:\/\/static.africa-press.net\/senegal\/sites\/13\/2025\/02\/sm_1739525273.512952.jpg\",\"width\":864,\"height\":486,\"caption\":\"Ngueweul Rythme : la Fusion des Percussions Traditionnelles du S\u00e9n\u00e9gal\"},{\"@type\":\"BreadcrumbList\",\"@id\":\"https:\/\/www.africa-press.net\/senegal\/politique\/ngueweul-rythme-la-fusion-des-percussions-traditionnelles-du-senegal#breadcrumb\",\"itemListElement\":[{\"@type\":\"ListItem\",\"position\":1,\"name\":\"Accueil\",\"item\":\"https:\/\/www.africa-press.net\/senegal\/\"},{\"@type\":\"ListItem\",\"position\":2,\"name\":\"Ngueweul Rythme : la Fusion des Percussions Traditionnelles du S\u00e9n\u00e9gal\"}]},{\"@type\":\"WebSite\",\"@id\":\"https:\/\/www.africa-press.net\/senegal\/#website\",\"url\":\"https:\/\/www.africa-press.net\/senegal\/\",\"name\":\"Africa Press | Senegal | Homepage\",\"description\":\"Just another Africa News Agency Sites site\",\"potentialAction\":[{\"@type\":\"SearchAction\",\"target\":{\"@type\":\"EntryPoint\",\"urlTemplate\":\"https:\/\/www.africa-press.net\/senegal\/?s={search_term_string}\"},\"query-input\":{\"@type\":\"PropertyValueSpecification\",\"valueRequired\":true,\"valueName\":\"search_term_string\"}}],\"inLanguage\":\"fr-FR\"},{\"@type\":\"Person\",\"@id\":\"https:\/\/www.africa-press.net\/senegal\/#\/schema\/person\/2b1cf3cd81a31e3cd26889ca66d677f1\",\"name\":\"cfeditorfr\",\"url\":\"https:\/\/www.africa-press.net\/senegal\/author\/cfeditorfr\"}]}<\/script>\n<!-- \/ Yoast SEO Premium plugin. -->","yoast_head_json":{"title":"Ngueweul Rythme : la Fusion des Percussions Traditionnelles du S\u00e9n\u00e9gal - Senegal","robots":{"index":"index","follow":"follow","max-snippet":"max-snippet:-1","max-image-preview":"max-image-preview:large","max-video-preview":"max-video-preview:-1"},"canonical":"https:\/\/www.africa-press.net\/senegal\/politique\/ngueweul-rythme-la-fusion-des-percussions-traditionnelles-du-senegal","og_locale":"fr_FR","og_type":"article","og_title":"Ngueweul Rythme : la Fusion des Percussions Traditionnelles du S\u00e9n\u00e9gal","og_description":"Africa-Press &#8211; Senegal. Cheikh Ma Djimbira Ndiaye, alias Ndiguel, voit le jour a\u0300 Kebemer, dans le nord du Se\u0301ne\u0301gal, au sein d\u2019une famille de griots. Ces poe\u0300tes et musiciens traditionnels, ve\u0301ritables gardiens de la me\u0301moire collective, jouent un ro\u0302le crucial dans la pre\u0301servation des traditions orales africaines et la sauvegarde de l\u2019identite\u0301 culturelle du continent. [&hellip;]","og_url":"https:\/\/www.africa-press.net\/senegal\/politique\/ngueweul-rythme-la-fusion-des-percussions-traditionnelles-du-senegal","og_site_name":"Senegal","article_published_time":"2025-02-13T12:20:00+00:00","author":"cfeditorfr","twitter_card":"summary_large_image","twitter_misc":{"\u00c9crit par":"cfeditorfr","Dur\u00e9e de lecture estim\u00e9e":"5 minutes"},"schema":{"@context":"https:\/\/schema.org","@graph":[{"@type":"Article","@id":"https:\/\/www.africa-press.net\/senegal\/politique\/ngueweul-rythme-la-fusion-des-percussions-traditionnelles-du-senegal#article","isPartOf":{"@id":"https:\/\/www.africa-press.net\/senegal\/politique\/ngueweul-rythme-la-fusion-des-percussions-traditionnelles-du-senegal"},"author":{"name":"cfeditorfr","@id":"https:\/\/www.africa-press.net\/senegal\/#\/schema\/person\/2b1cf3cd81a31e3cd26889ca66d677f1"},"headline":"Ngueweul Rythme : la Fusion des Percussions Traditionnelles du S\u00e9n\u00e9gal","datePublished":"2025-02-13T12:20:00+00:00","mainEntityOfPage":{"@id":"https:\/\/www.africa-press.net\/senegal\/politique\/ngueweul-rythme-la-fusion-des-percussions-traditionnelles-du-senegal"},"wordCount":962,"commentCount":0,"image":{"@id":"https:\/\/www.africa-press.net\/senegal\/politique\/ngueweul-rythme-la-fusion-des-percussions-traditionnelles-du-senegal#primaryimage"},"thumbnailUrl":"https:\/\/static.africa-press.net\/senegal\/sites\/13\/2025\/02\/sm_1739525273.512952.jpg","keywords":["Ngueweul Rythme","Senegal","S\u00e9n\u00e9gal"],"articleSection":["Culture et Art","Toutes les actualit\u00e9s"],"inLanguage":"fr-FR","potentialAction":[{"@type":"CommentAction","name":"Comment","target":["https:\/\/www.africa-press.net\/senegal\/politique\/ngueweul-rythme-la-fusion-des-percussions-traditionnelles-du-senegal#respond"]}]},{"@type":"WebPage","@id":"https:\/\/www.africa-press.net\/senegal\/politique\/ngueweul-rythme-la-fusion-des-percussions-traditionnelles-du-senegal","url":"https:\/\/www.africa-press.net\/senegal\/politique\/ngueweul-rythme-la-fusion-des-percussions-traditionnelles-du-senegal","name":"Ngueweul Rythme : la Fusion des Percussions Traditionnelles du S\u00e9n\u00e9gal - Senegal","isPartOf":{"@id":"https:\/\/www.africa-press.net\/senegal\/#website"},"primaryImageOfPage":{"@id":"https:\/\/www.africa-press.net\/senegal\/politique\/ngueweul-rythme-la-fusion-des-percussions-traditionnelles-du-senegal#primaryimage"},"image":{"@id":"https:\/\/www.africa-press.net\/senegal\/politique\/ngueweul-rythme-la-fusion-des-percussions-traditionnelles-du-senegal#primaryimage"},"thumbnailUrl":"https:\/\/static.africa-press.net\/senegal\/sites\/13\/2025\/02\/sm_1739525273.512952.jpg","datePublished":"2025-02-13T12:20:00+00:00","author":{"@id":"https:\/\/www.africa-press.net\/senegal\/#\/schema\/person\/2b1cf3cd81a31e3cd26889ca66d677f1"},"breadcrumb":{"@id":"https:\/\/www.africa-press.net\/senegal\/politique\/ngueweul-rythme-la-fusion-des-percussions-traditionnelles-du-senegal#breadcrumb"},"inLanguage":"fr-FR","potentialAction":[{"@type":"ReadAction","target":["https:\/\/www.africa-press.net\/senegal\/politique\/ngueweul-rythme-la-fusion-des-percussions-traditionnelles-du-senegal"]}]},{"@type":"ImageObject","inLanguage":"fr-FR","@id":"https:\/\/www.africa-press.net\/senegal\/politique\/ngueweul-rythme-la-fusion-des-percussions-traditionnelles-du-senegal#primaryimage","url":"https:\/\/static.africa-press.net\/senegal\/sites\/13\/2025\/02\/sm_1739525273.512952.jpg","contentUrl":"https:\/\/static.africa-press.net\/senegal\/sites\/13\/2025\/02\/sm_1739525273.512952.jpg","width":864,"height":486,"caption":"Ngueweul Rythme : la Fusion des Percussions Traditionnelles du S\u00e9n\u00e9gal"},{"@type":"BreadcrumbList","@id":"https:\/\/www.africa-press.net\/senegal\/politique\/ngueweul-rythme-la-fusion-des-percussions-traditionnelles-du-senegal#breadcrumb","itemListElement":[{"@type":"ListItem","position":1,"name":"Accueil","item":"https:\/\/www.africa-press.net\/senegal\/"},{"@type":"ListItem","position":2,"name":"Ngueweul Rythme : la Fusion des Percussions Traditionnelles du S\u00e9n\u00e9gal"}]},{"@type":"WebSite","@id":"https:\/\/www.africa-press.net\/senegal\/#website","url":"https:\/\/www.africa-press.net\/senegal\/","name":"Africa Press | Senegal | Homepage","description":"Just another Africa News Agency Sites site","potentialAction":[{"@type":"SearchAction","target":{"@type":"EntryPoint","urlTemplate":"https:\/\/www.africa-press.net\/senegal\/?s={search_term_string}"},"query-input":{"@type":"PropertyValueSpecification","valueRequired":true,"valueName":"search_term_string"}}],"inLanguage":"fr-FR"},{"@type":"Person","@id":"https:\/\/www.africa-press.net\/senegal\/#\/schema\/person\/2b1cf3cd81a31e3cd26889ca66d677f1","name":"cfeditorfr","url":"https:\/\/www.africa-press.net\/senegal\/author\/cfeditorfr"}]}},"_links":{"self":[{"href":"https:\/\/www.africa-press.net\/senegal\/wp-json\/wp\/v2\/posts\/65442","targetHints":{"allow":["GET"]}}],"collection":[{"href":"https:\/\/www.africa-press.net\/senegal\/wp-json\/wp\/v2\/posts"}],"about":[{"href":"https:\/\/www.africa-press.net\/senegal\/wp-json\/wp\/v2\/types\/post"}],"author":[{"embeddable":true,"href":"https:\/\/www.africa-press.net\/senegal\/wp-json\/wp\/v2\/users\/82"}],"replies":[{"embeddable":true,"href":"https:\/\/www.africa-press.net\/senegal\/wp-json\/wp\/v2\/comments?post=65442"}],"version-history":[{"count":0,"href":"https:\/\/www.africa-press.net\/senegal\/wp-json\/wp\/v2\/posts\/65442\/revisions"}],"wp:featuredmedia":[{"embeddable":true,"href":"https:\/\/www.africa-press.net\/senegal\/wp-json\/wp\/v2\/media\/65441"}],"wp:attachment":[{"href":"https:\/\/www.africa-press.net\/senegal\/wp-json\/wp\/v2\/media?parent=65442"}],"wp:term":[{"taxonomy":"category","embeddable":true,"href":"https:\/\/www.africa-press.net\/senegal\/wp-json\/wp\/v2\/categories?post=65442"},{"taxonomy":"post_tag","embeddable":true,"href":"https:\/\/www.africa-press.net\/senegal\/wp-json\/wp\/v2\/tags?post=65442"}],"curies":[{"name":"wp","href":"https:\/\/api.w.org\/{rel}","templated":true}]}}