{"id":65495,"date":"2025-02-16T11:58:05","date_gmt":"2025-02-16T11:58:05","guid":{"rendered":"https:\/\/www.africa-press.net\/senegal\/politique\/derniere-etape-de-la-mission-du-bresil-en-afrique-de-louest"},"modified":"2025-05-05T21:17:45","modified_gmt":"2025-05-05T21:17:45","slug":"derniere-etape-de-la-mission-du-bresil-en-afrique-de-louest","status":"publish","type":"post","link":"https:\/\/www.africa-press.net\/senegal\/dossiers\/derniere-etape-de-la-mission-du-bresil-en-afrique-de-louest","title":{"rendered":"Derni\u00e8re \u00c9tape de la Mission du Br\u00e9sil en Afrique de L&rsquo;Ouest"},"content":{"rendered":"<p><span style=\"color: #ff6600\"><strong>Africa-Press &#8211; Senegal. <\/strong><\/span>La mission organise\u0301e par le Ministe\u0300re des Relations Exte\u0301rieures du Bre\u0301sil, ApexBrasil et le Ministe\u0300re de l&rsquo;Agriculture et de l&rsquo;E\u0301levage a traverse\u0301 quatre pays pour connecter les entreprises et entite\u0301s bre\u0301siliennes avec des partenaires africains.<\/p>\n<p>Dakar, Se\u0301ne\u0301gal, a e\u0301te\u0301 le dernier arre\u0302t de la mission du Ministe\u0300re des Relations Exte\u0301rieures (MRE), de l&rsquo;Agence Bre\u0301silienne de Promotion des Exportations et des Investissements (ApexBrasil) et du Ministe\u0300re de l&rsquo;Agriculture et de l&rsquo;E\u0301levage (Mapa). Ils ont organise\u0301 le se\u0301minaire Se\u0301ne\u0301gal-Bre\u0301sil en pre\u0301sence des autorite\u0301s des deux pays. Selon le Profil du Commerce et des Investissements du Se\u0301ne\u0301gal, une e\u0301tude publie\u0301e par l&rsquo;Intelligence de Marche\u0301 d&rsquo;ApexBrasil, le pays devrait croi\u0302tre de 8% en 2025, compare\u0301 a\u0300 une estimation de 6,0% en 2024, ce qui en fera le marche\u0301 a\u0300 la croissance la plus rapide de l&rsquo;Afrique subsaharienne en 2025.<\/p>\n<p>De\u0300s que le pre\u0301sident Lula a pris ses fonctions en janvier 2023, il a clairement indique\u0301 que notre politique e\u0301trange\u0300re devrait avoir un regard objectif et de rapprochement avec l&rsquo;Afrique, et c&rsquo;est ce que nous, ApexBrasil et MRE, cherchons a\u0300 faire avec la mission en Afrique de l&rsquo;Ouest. Mais nous ne voulons pas seulement augmenter nos exportations, nous voulons densifier nos chai\u0302nes de production par une plus grande inte\u0301gration entre les secteurs prive\u0301s de nos pays.<\/p>\n<p><b>Ana Repezza, directrice des Affaires Commerciales d&rsquo;ApexBrasil<\/b><\/p>\n<p>La mission bre\u0301silienne au Se\u0301ne\u0301gal visait a\u0300 faciliter l&rsquo;e\u0301change d&rsquo;expe\u0301riences et la cre\u0301ation de partenariats entre les entrepreneurs bre\u0301siliens et les acteurs e\u0301conomiques se\u0301ne\u0301galais. Selon l&rsquo;ambassadeur bre\u0301silien a\u0300 Dakar, Bruno Luiz Cobuccio, \u00ab nous cherchons a\u0300 rattraper le temps perdu, et l&rsquo;exploration de nouvelles opportunite\u0301s commerciales est un outil essentiel pour dynamiser les relations entre le Bre\u0301sil et le Se\u0301ne\u0301gal, deux nations partageant des liens historiques d&rsquo;amitie\u0301, ainsi que des affinite\u0301s sociales et culturelles. \u00bb<\/p>\n<p>Le pre\u0301sident de la Chambre de Commerce, d&rsquo;Industrie et d&rsquo;Agriculture de Dakar (CCIAD), Abdoulaye Sow, a souligne\u0301 l&rsquo;importance de la pre\u0301sence des entrepreneurs bre\u0301siliens au Se\u0301ne\u0301gal, en soulignant que les deux pays avaient de\u0301ja\u0300 e\u0301tabli des partenariats strate\u0301giques dans des secteurs tels que l&rsquo;horticulture, l&rsquo;e\u0301levage, la production de riz, la culture de manioc, l&rsquo;agriculture familiale, les biocarburants et la lutte contre l&rsquo;ane\u0301mie falciforme. Cependant, il a note\u0301 que \u00ab le volume de nos e\u0301changes commerciaux ne refle\u0300te pas encore pleinement l&rsquo;excellente coope\u0301ration que nous entretenons. \u00bb<\/p>\n<p>Pour Sow, la re\u0301union multisectorielle entre les ope\u0301rateurs e\u0301conomiques bre\u0301siliens et se\u0301ne\u0301galais est essentielle pour changer cette situation. \u00ab C&rsquo;est une grande opportunite\u0301 pour renforcer nos relations et augmenter conside\u0301rablement le commerce bilate\u0301ral \u00bb, a-t-il de\u0301clare\u0301.<\/p>\n<p><b>De la Nige\u0301ria au Se\u0301ne\u0301gal<\/b><\/p>\n<p>La mission Afrique de l&rsquo;Ouest a traverse\u0301 le Nige\u0301ria, le Ghana, la Co\u0302te d&rsquo;Ivoire et le Se\u0301ne\u0301gal, et a laisse\u0301 une certitude: il existe un inte\u0301re\u0302t pour les produits, les investissements et la coope\u0301ration bre\u0301siliens dans divers secteurs.<\/p>\n<p>\u00ab Au Nige\u0301ria, nous avons pris contact avec une entreprise qui assemble des e\u0301quipements agricoles et des ve\u0301hicules, ce qui repre\u0301sente une opportunite\u0301. Ici a\u0300 Dakar, nous avons discute\u0301 avec la plus grande entreprise de transport du Se\u0301ne\u0301gal, ce qui a lance\u0301 un dialogue dont nous espe\u0301rons qu&rsquo;il produira des re\u0301sultats concrets \u00bb, a explique\u0301 Roberto Mischek, repre\u0301sentant de Volkswagen Trucks and Bus. L&rsquo;entreprise est solidement implante\u0301e en Angola et au Ghana, et cherche a\u0300 re\u0301cupe\u0301rer le marche\u0301 nige\u0301rian et a\u0300 ouvrir celui du Se\u0301ne\u0301gal. \u00ab Notre produit est tre\u0300s adapte\u0301 aux pays africains. Les conditions climatiques, les routes et l&rsquo;utilisation sont tre\u0300s similaires a\u0300 celles du Bre\u0301sil \u00bb, a conclu Mischek.<\/p>\n<p>Dans le secteur des chauffe-eaux e\u0301lectriques, la repre\u0301sentante de Fame, Maria Prado, indique que le produit est une solution bre\u0301silienne qui peut e\u0302tre tre\u0300s utile pour les pays africains. \u00ab Peu de gens le savent, mais le chauffe-eau e\u0301lectrique, ce petit mode\u0300le bon marche\u0301 que nous avons au Bre\u0301sil, est une invention bre\u0301silienne. Ici, ils n&rsquo;ont que des syste\u0300mes a\u0300 gaz, qui sont tre\u0300s chers. \u00bb Bien que le chauffe-eau e\u0301lectrique soit le syste\u0300me de chauffage d&rsquo;eau le plus e\u0301conomique au monde, il reste ne\u0301cessaire de cre\u0301er une demande locale pour ce produit. \u00ab Au Nige\u0301ria, il n&rsquo;y a pas encore la culture de l&rsquo;utilisation du chauffe-eau e\u0301lectrique, mais dans d&rsquo;autres pays, comme le Kenya, c&rsquo;est le cas. Ce dernier pays est l&rsquo;un de nos plus grands marche\u0301s. Au Ghana, nous avons fait notre meilleure entre\u0301e pendant la mission \u00bb, raconte l&rsquo;entrepreneure.<\/p>\n<p>Un autre secteur qui a marque\u0301 la mission est celui de la sante\u0301, avec la participation active de la Fondation Oswaldo Cruz (Fiocruz). L&rsquo;institution a une longue tradition de coope\u0301ration en Afrique. Lors de la dernie\u0300re re\u0301union de l&rsquo;Union africaine, le pre\u0301sident Lula a annonce\u0301 que Fiocruz ouvrirait e\u0301galement un bureau a\u0300 Addis-Abeba, en E\u0301thiopie. Selon le pre\u0301sident de Fiocruz, Mario Moreira, le bureau sera un point de re\u0301fe\u0301rence majeur pour l&rsquo;institution sur le continent, en lien avec l&rsquo;accord que le Bre\u0301sil signera avec l&rsquo;Africa Centres for Disease Control and Prevention (Africa CDC). \u00ab L&rsquo;ide\u0301e est qu&rsquo;a\u0300 long terme, une e\u0301cole de sante\u0301 publique soit installe\u0301e, avec une vocation pour aborder e\u0301galement des sujets scientifiques et technologiques, pas seulement la sante\u0301 publique \u00bb, a ajoute\u0301 Moreira.<\/p>\n<p>Toujours selon le pre\u0301sident de Fiocruz, \u00ab Le Bre\u0301sil a e\u0301te\u0301 contacte\u0301 par plusieurs ambassadeurs, ministres de la sante\u0301 d&rsquo;Afrique, de\u0301sireux d&rsquo;e\u0301tablir des conditions de production dans leur pays. \u00bb<\/p>\n<p>\u00ab L&rsquo;expe\u0301rience de Fiocruz, les contacts re\u0301alise\u0301s par Volkswagen, Fame, Baldan dans le secteur des e\u0301quipements agricoles, Detronix, e\u0301galement dans le secteur de la sante\u0301, avec des partenaires strate\u0301giques tout au long de la mission, montrent qu&rsquo;il y a une grande opportunite\u0301 pour le Bre\u0301sil d&rsquo;augmenter ses exportations vers le marche\u0301 africain \u00bb, a conclu Maria Paula Velloso, directrice des Industries et Services chez ApexBrasil.<\/p>\n<p><strong>Pour plus d&rsquo;informations et d&rsquo;analyses sur la <span style=\"color: #ff6600\">Senegal<\/span>, suivez <span style=\"color: #ff6600\">Africa-Press<\/span><\/strong><\/p>\n","protected":false},"excerpt":{"rendered":"<p>Africa-Press &#8211; Senegal. La mission organise\u0301e par le Ministe\u0300re des Relations Exte\u0301rieures du Bre\u0301sil, ApexBrasil et le Ministe\u0300re de l&rsquo;Agriculture et de l&rsquo;E\u0301levage a traverse\u0301 quatre pays pour connecter les entreprises et entite\u0301s bre\u0301siliennes avec des partenaires africains. Dakar, Se\u0301ne\u0301gal, a e\u0301te\u0301 le dernier arre\u0302t de la mission du Ministe\u0300re des Relations Exte\u0301rieures (MRE), de [&hellip;]<\/p>\n","protected":false},"author":82,"featured_media":65494,"comment_status":"open","ping_status":"closed","sticky":false,"template":"","format":"standard","meta":{"footnotes":""},"categories":[7,10],"tags":[44],"class_list":["post-65495","post","type-post","status-publish","format-standard","has-post-thumbnail","hentry","category-dossiers","category-toutes-les-actualites","tag-senegal-2"],"yoast_head":"<!-- This site is optimized with the Yoast SEO Premium plugin v26.1 (Yoast SEO v27.0) - https:\/\/yoast.com\/product\/yoast-seo-premium-wordpress\/ -->\n<title>Derni\u00e8re \u00c9tape de la Mission du Br\u00e9sil en Afrique de L&#039;Ouest - Senegal<\/title>\n<meta name=\"description\" content=\"La mission organise\u0301e par le Ministe\u0300re des Relations Exte\u0301rieures du Bre\u0301sil, ApexBrasil et le Ministe\u0300re de l&#039;Agricult ...\" \/>\n<meta name=\"robots\" content=\"index, follow, max-snippet:-1, max-image-preview:large, max-video-preview:-1\" \/>\n<link rel=\"canonical\" href=\"https:\/\/www.africa-press.net\/senegal\/dossiers\/derniere-etape-de-la-mission-du-bresil-en-afrique-de-louest\" \/>\n<meta property=\"og:locale\" content=\"fr_FR\" \/>\n<meta property=\"og:type\" content=\"article\" \/>\n<meta property=\"og:title\" content=\"Derni\u00e8re \u00c9tape de la Mission du Br\u00e9sil en Afrique de L&#039;Ouest\" \/>\n<meta property=\"og:description\" content=\"La mission organise\u0301e par le Ministe\u0300re des Relations Exte\u0301rieures du Bre\u0301sil, ApexBrasil et le Ministe\u0300re de l&#039;Agricult ...\" \/>\n<meta property=\"og:url\" content=\"https:\/\/www.africa-press.net\/senegal\/dossiers\/derniere-etape-de-la-mission-du-bresil-en-afrique-de-louest\" \/>\n<meta property=\"og:site_name\" content=\"Senegal\" \/>\n<meta property=\"article:published_time\" content=\"2025-02-16T11:58:05+00:00\" \/>\n<meta property=\"article:modified_time\" content=\"2025-05-05T21:17:45+00:00\" \/>\n<meta property=\"og:image\" content=\"https:\/\/static.africa-press.net\/senegal\/sites\/13\/2025\/02\/sm_1739782732.039739.jpg\" \/>\n\t<meta property=\"og:image:width\" content=\"800\" \/>\n\t<meta property=\"og:image:height\" content=\"450\" \/>\n\t<meta property=\"og:image:type\" content=\"image\/jpeg\" \/>\n<meta name=\"author\" content=\"cfeditorfr\" \/>\n<meta name=\"twitter:card\" content=\"summary_large_image\" \/>\n<meta name=\"twitter:label1\" content=\"\u00c9crit par\" \/>\n\t<meta name=\"twitter:data1\" content=\"cfeditorfr\" \/>\n\t<meta name=\"twitter:label2\" content=\"Dur\u00e9e de lecture estim\u00e9e\" \/>\n\t<meta name=\"twitter:data2\" content=\"5 minutes\" \/>\n<script type=\"application\/ld+json\" class=\"yoast-schema-graph\">{\"@context\":\"https:\/\/schema.org\",\"@graph\":[{\"@type\":\"Article\",\"@id\":\"https:\/\/www.africa-press.net\/senegal\/dossiers\/derniere-etape-de-la-mission-du-bresil-en-afrique-de-louest#article\",\"isPartOf\":{\"@id\":\"https:\/\/www.africa-press.net\/senegal\/dossiers\/derniere-etape-de-la-mission-du-bresil-en-afrique-de-louest\"},\"author\":{\"name\":\"cfeditorfr\",\"@id\":\"https:\/\/www.africa-press.net\/senegal\/#\/schema\/person\/2b1cf3cd81a31e3cd26889ca66d677f1\"},\"headline\":\"Derni\u00e8re \u00c9tape de la Mission du Br\u00e9sil en Afrique de L&rsquo;Ouest\",\"datePublished\":\"2025-02-16T11:58:05+00:00\",\"dateModified\":\"2025-05-05T21:17:45+00:00\",\"mainEntityOfPage\":{\"@id\":\"https:\/\/www.africa-press.net\/senegal\/dossiers\/derniere-etape-de-la-mission-du-bresil-en-afrique-de-louest\"},\"wordCount\":1135,\"commentCount\":0,\"image\":{\"@id\":\"https:\/\/www.africa-press.net\/senegal\/dossiers\/derniere-etape-de-la-mission-du-bresil-en-afrique-de-louest#primaryimage\"},\"thumbnailUrl\":\"https:\/\/static.africa-press.net\/senegal\/sites\/13\/2025\/02\/sm_1739782732.039739.jpg\",\"keywords\":[\"Senegal\"],\"articleSection\":[\"Dossiers\",\"Toutes les actualit\u00e9s\"],\"inLanguage\":\"fr-FR\",\"potentialAction\":[{\"@type\":\"CommentAction\",\"name\":\"Comment\",\"target\":[\"https:\/\/www.africa-press.net\/senegal\/dossiers\/derniere-etape-de-la-mission-du-bresil-en-afrique-de-louest#respond\"]}]},{\"@type\":\"WebPage\",\"@id\":\"https:\/\/www.africa-press.net\/senegal\/dossiers\/derniere-etape-de-la-mission-du-bresil-en-afrique-de-louest\",\"url\":\"https:\/\/www.africa-press.net\/senegal\/dossiers\/derniere-etape-de-la-mission-du-bresil-en-afrique-de-louest\",\"name\":\"Derni\u00e8re \u00c9tape de la Mission du Br\u00e9sil en Afrique de L'Ouest - Senegal\",\"isPartOf\":{\"@id\":\"https:\/\/www.africa-press.net\/senegal\/#website\"},\"primaryImageOfPage\":{\"@id\":\"https:\/\/www.africa-press.net\/senegal\/dossiers\/derniere-etape-de-la-mission-du-bresil-en-afrique-de-louest#primaryimage\"},\"image\":{\"@id\":\"https:\/\/www.africa-press.net\/senegal\/dossiers\/derniere-etape-de-la-mission-du-bresil-en-afrique-de-louest#primaryimage\"},\"thumbnailUrl\":\"https:\/\/static.africa-press.net\/senegal\/sites\/13\/2025\/02\/sm_1739782732.039739.jpg\",\"datePublished\":\"2025-02-16T11:58:05+00:00\",\"dateModified\":\"2025-05-05T21:17:45+00:00\",\"author\":{\"@id\":\"https:\/\/www.africa-press.net\/senegal\/#\/schema\/person\/2b1cf3cd81a31e3cd26889ca66d677f1\"},\"description\":\"La mission organise\u0301e par le Ministe\u0300re des Relations Exte\u0301rieures du Bre\u0301sil, ApexBrasil et le Ministe\u0300re de l'Agricult ...\",\"breadcrumb\":{\"@id\":\"https:\/\/www.africa-press.net\/senegal\/dossiers\/derniere-etape-de-la-mission-du-bresil-en-afrique-de-louest#breadcrumb\"},\"inLanguage\":\"fr-FR\",\"potentialAction\":[{\"@type\":\"ReadAction\",\"target\":[\"https:\/\/www.africa-press.net\/senegal\/dossiers\/derniere-etape-de-la-mission-du-bresil-en-afrique-de-louest\"]}]},{\"@type\":\"ImageObject\",\"inLanguage\":\"fr-FR\",\"@id\":\"https:\/\/www.africa-press.net\/senegal\/dossiers\/derniere-etape-de-la-mission-du-bresil-en-afrique-de-louest#primaryimage\",\"url\":\"https:\/\/static.africa-press.net\/senegal\/sites\/13\/2025\/02\/sm_1739782732.039739.jpg\",\"contentUrl\":\"https:\/\/static.africa-press.net\/senegal\/sites\/13\/2025\/02\/sm_1739782732.039739.jpg\",\"width\":800,\"height\":450,\"caption\":\"Derni\u00e8re \u00c9tape de la Mission du Br\u00e9sil en Afrique de L'Ouest\"},{\"@type\":\"BreadcrumbList\",\"@id\":\"https:\/\/www.africa-press.net\/senegal\/dossiers\/derniere-etape-de-la-mission-du-bresil-en-afrique-de-louest#breadcrumb\",\"itemListElement\":[{\"@type\":\"ListItem\",\"position\":1,\"name\":\"Accueil\",\"item\":\"https:\/\/www.africa-press.net\/senegal\/\"},{\"@type\":\"ListItem\",\"position\":2,\"name\":\"Derni\u00e8re \u00c9tape de la Mission du Br\u00e9sil en Afrique de L&rsquo;Ouest\"}]},{\"@type\":\"WebSite\",\"@id\":\"https:\/\/www.africa-press.net\/senegal\/#website\",\"url\":\"https:\/\/www.africa-press.net\/senegal\/\",\"name\":\"Africa Press | Senegal | Homepage\",\"description\":\"Just another Africa News Agency Sites site\",\"potentialAction\":[{\"@type\":\"SearchAction\",\"target\":{\"@type\":\"EntryPoint\",\"urlTemplate\":\"https:\/\/www.africa-press.net\/senegal\/?s={search_term_string}\"},\"query-input\":{\"@type\":\"PropertyValueSpecification\",\"valueRequired\":true,\"valueName\":\"search_term_string\"}}],\"inLanguage\":\"fr-FR\"},{\"@type\":\"Person\",\"@id\":\"https:\/\/www.africa-press.net\/senegal\/#\/schema\/person\/2b1cf3cd81a31e3cd26889ca66d677f1\",\"name\":\"cfeditorfr\",\"url\":\"https:\/\/www.africa-press.net\/senegal\/author\/cfeditorfr\"}]}<\/script>\n<!-- \/ Yoast SEO Premium plugin. -->","yoast_head_json":{"title":"Derni\u00e8re \u00c9tape de la Mission du Br\u00e9sil en Afrique de L'Ouest - Senegal","description":"La mission organise\u0301e par le Ministe\u0300re des Relations Exte\u0301rieures du Bre\u0301sil, ApexBrasil et le Ministe\u0300re de l'Agricult ...","robots":{"index":"index","follow":"follow","max-snippet":"max-snippet:-1","max-image-preview":"max-image-preview:large","max-video-preview":"max-video-preview:-1"},"canonical":"https:\/\/www.africa-press.net\/senegal\/dossiers\/derniere-etape-de-la-mission-du-bresil-en-afrique-de-louest","og_locale":"fr_FR","og_type":"article","og_title":"Derni\u00e8re \u00c9tape de la Mission du Br\u00e9sil en Afrique de L'Ouest","og_description":"La mission organise\u0301e par le Ministe\u0300re des Relations Exte\u0301rieures du Bre\u0301sil, ApexBrasil et le Ministe\u0300re de l'Agricult ...","og_url":"https:\/\/www.africa-press.net\/senegal\/dossiers\/derniere-etape-de-la-mission-du-bresil-en-afrique-de-louest","og_site_name":"Senegal","article_published_time":"2025-02-16T11:58:05+00:00","article_modified_time":"2025-05-05T21:17:45+00:00","og_image":[{"width":800,"height":450,"url":"https:\/\/static.africa-press.net\/senegal\/sites\/13\/2025\/02\/sm_1739782732.039739.jpg","type":"image\/jpeg"}],"author":"cfeditorfr","twitter_card":"summary_large_image","twitter_misc":{"\u00c9crit par":"cfeditorfr","Dur\u00e9e de lecture estim\u00e9e":"5 minutes"},"schema":{"@context":"https:\/\/schema.org","@graph":[{"@type":"Article","@id":"https:\/\/www.africa-press.net\/senegal\/dossiers\/derniere-etape-de-la-mission-du-bresil-en-afrique-de-louest#article","isPartOf":{"@id":"https:\/\/www.africa-press.net\/senegal\/dossiers\/derniere-etape-de-la-mission-du-bresil-en-afrique-de-louest"},"author":{"name":"cfeditorfr","@id":"https:\/\/www.africa-press.net\/senegal\/#\/schema\/person\/2b1cf3cd81a31e3cd26889ca66d677f1"},"headline":"Derni\u00e8re \u00c9tape de la Mission du Br\u00e9sil en Afrique de L&rsquo;Ouest","datePublished":"2025-02-16T11:58:05+00:00","dateModified":"2025-05-05T21:17:45+00:00","mainEntityOfPage":{"@id":"https:\/\/www.africa-press.net\/senegal\/dossiers\/derniere-etape-de-la-mission-du-bresil-en-afrique-de-louest"},"wordCount":1135,"commentCount":0,"image":{"@id":"https:\/\/www.africa-press.net\/senegal\/dossiers\/derniere-etape-de-la-mission-du-bresil-en-afrique-de-louest#primaryimage"},"thumbnailUrl":"https:\/\/static.africa-press.net\/senegal\/sites\/13\/2025\/02\/sm_1739782732.039739.jpg","keywords":["Senegal"],"articleSection":["Dossiers","Toutes les actualit\u00e9s"],"inLanguage":"fr-FR","potentialAction":[{"@type":"CommentAction","name":"Comment","target":["https:\/\/www.africa-press.net\/senegal\/dossiers\/derniere-etape-de-la-mission-du-bresil-en-afrique-de-louest#respond"]}]},{"@type":"WebPage","@id":"https:\/\/www.africa-press.net\/senegal\/dossiers\/derniere-etape-de-la-mission-du-bresil-en-afrique-de-louest","url":"https:\/\/www.africa-press.net\/senegal\/dossiers\/derniere-etape-de-la-mission-du-bresil-en-afrique-de-louest","name":"Derni\u00e8re \u00c9tape de la Mission du Br\u00e9sil en Afrique de L'Ouest - Senegal","isPartOf":{"@id":"https:\/\/www.africa-press.net\/senegal\/#website"},"primaryImageOfPage":{"@id":"https:\/\/www.africa-press.net\/senegal\/dossiers\/derniere-etape-de-la-mission-du-bresil-en-afrique-de-louest#primaryimage"},"image":{"@id":"https:\/\/www.africa-press.net\/senegal\/dossiers\/derniere-etape-de-la-mission-du-bresil-en-afrique-de-louest#primaryimage"},"thumbnailUrl":"https:\/\/static.africa-press.net\/senegal\/sites\/13\/2025\/02\/sm_1739782732.039739.jpg","datePublished":"2025-02-16T11:58:05+00:00","dateModified":"2025-05-05T21:17:45+00:00","author":{"@id":"https:\/\/www.africa-press.net\/senegal\/#\/schema\/person\/2b1cf3cd81a31e3cd26889ca66d677f1"},"description":"La mission organise\u0301e par le Ministe\u0300re des Relations Exte\u0301rieures du Bre\u0301sil, ApexBrasil et le Ministe\u0300re de l'Agricult ...","breadcrumb":{"@id":"https:\/\/www.africa-press.net\/senegal\/dossiers\/derniere-etape-de-la-mission-du-bresil-en-afrique-de-louest#breadcrumb"},"inLanguage":"fr-FR","potentialAction":[{"@type":"ReadAction","target":["https:\/\/www.africa-press.net\/senegal\/dossiers\/derniere-etape-de-la-mission-du-bresil-en-afrique-de-louest"]}]},{"@type":"ImageObject","inLanguage":"fr-FR","@id":"https:\/\/www.africa-press.net\/senegal\/dossiers\/derniere-etape-de-la-mission-du-bresil-en-afrique-de-louest#primaryimage","url":"https:\/\/static.africa-press.net\/senegal\/sites\/13\/2025\/02\/sm_1739782732.039739.jpg","contentUrl":"https:\/\/static.africa-press.net\/senegal\/sites\/13\/2025\/02\/sm_1739782732.039739.jpg","width":800,"height":450,"caption":"Derni\u00e8re \u00c9tape de la Mission du Br\u00e9sil en Afrique de L'Ouest"},{"@type":"BreadcrumbList","@id":"https:\/\/www.africa-press.net\/senegal\/dossiers\/derniere-etape-de-la-mission-du-bresil-en-afrique-de-louest#breadcrumb","itemListElement":[{"@type":"ListItem","position":1,"name":"Accueil","item":"https:\/\/www.africa-press.net\/senegal\/"},{"@type":"ListItem","position":2,"name":"Derni\u00e8re \u00c9tape de la Mission du Br\u00e9sil en Afrique de L&rsquo;Ouest"}]},{"@type":"WebSite","@id":"https:\/\/www.africa-press.net\/senegal\/#website","url":"https:\/\/www.africa-press.net\/senegal\/","name":"Africa Press | Senegal | Homepage","description":"Just another Africa News Agency Sites site","potentialAction":[{"@type":"SearchAction","target":{"@type":"EntryPoint","urlTemplate":"https:\/\/www.africa-press.net\/senegal\/?s={search_term_string}"},"query-input":{"@type":"PropertyValueSpecification","valueRequired":true,"valueName":"search_term_string"}}],"inLanguage":"fr-FR"},{"@type":"Person","@id":"https:\/\/www.africa-press.net\/senegal\/#\/schema\/person\/2b1cf3cd81a31e3cd26889ca66d677f1","name":"cfeditorfr","url":"https:\/\/www.africa-press.net\/senegal\/author\/cfeditorfr"}]}},"_links":{"self":[{"href":"https:\/\/www.africa-press.net\/senegal\/wp-json\/wp\/v2\/posts\/65495","targetHints":{"allow":["GET"]}}],"collection":[{"href":"https:\/\/www.africa-press.net\/senegal\/wp-json\/wp\/v2\/posts"}],"about":[{"href":"https:\/\/www.africa-press.net\/senegal\/wp-json\/wp\/v2\/types\/post"}],"author":[{"embeddable":true,"href":"https:\/\/www.africa-press.net\/senegal\/wp-json\/wp\/v2\/users\/82"}],"replies":[{"embeddable":true,"href":"https:\/\/www.africa-press.net\/senegal\/wp-json\/wp\/v2\/comments?post=65495"}],"version-history":[{"count":0,"href":"https:\/\/www.africa-press.net\/senegal\/wp-json\/wp\/v2\/posts\/65495\/revisions"}],"wp:featuredmedia":[{"embeddable":true,"href":"https:\/\/www.africa-press.net\/senegal\/wp-json\/wp\/v2\/media\/65494"}],"wp:attachment":[{"href":"https:\/\/www.africa-press.net\/senegal\/wp-json\/wp\/v2\/media?parent=65495"}],"wp:term":[{"taxonomy":"category","embeddable":true,"href":"https:\/\/www.africa-press.net\/senegal\/wp-json\/wp\/v2\/categories?post=65495"},{"taxonomy":"post_tag","embeddable":true,"href":"https:\/\/www.africa-press.net\/senegal\/wp-json\/wp\/v2\/tags?post=65495"}],"curies":[{"name":"wp","href":"https:\/\/api.w.org\/{rel}","templated":true}]}}