{"id":65497,"date":"2025-02-17T12:00:17","date_gmt":"2025-02-17T12:00:17","guid":{"rendered":"https:\/\/www.africa-press.net\/senegal\/politique\/vulnerabilites-humaines-une-route-de-collision"},"modified":"2025-05-05T21:19:52","modified_gmt":"2025-05-05T21:19:52","slug":"vulnerabilites-humaines-une-route-de-collision","status":"publish","type":"post","link":"https:\/\/www.africa-press.net\/senegal\/culture-et-art\/vulnerabilites-humaines-une-route-de-collision","title":{"rendered":"Vulnerabilit\u00e9s Humaines : une Route de Collision"},"content":{"rendered":"<p><b>Uemerson Florencio<\/b><\/p>\n<p><span style=\"color: #ff6600\"><strong>Africa-Press &#8211; Senegal. <\/strong><\/span>Quelles sont les principales vulne\u0301rabilite\u0301s e\u0301videntes chez de nombreux e\u0302tres humains aujourd&rsquo;hui ? La passivite\u0301, la dispersion, l&rsquo;inconsistance, la croyance aveugle en des fausses informations, la peur de confronter les conflits de sa propre vie et vouloir transfe\u0301rer ses responsabilite\u0301s a\u0300 d&rsquo;autres. Parmi d&rsquo;autres, on peut aussi mentionner: l&rsquo;incapacite\u0301 de dire non, le manque de positionnement ferme, le manque de cohe\u0301rence dans leurs de\u0301cisions. Combien de personnes vous viennent a\u0300 l&rsquo;esprit maintenant ? Mais est-ce que vous ne vous reconnaissez pas ici aussi ?<\/p>\n<p>Pour ceux qui croient que nos jours sont line\u0301aires, droits, pre\u0301visibles, ne vous attendez pas a\u0300 ce re\u0302ve, il est temps de vous re\u0301veiller. Aujourd&rsquo;hui, rien n&rsquo;est dans la tant attendue ligne d&rsquo;e\u0301quilibre, les conflits sont pre\u0301sents a\u0300 tous les niveaux \u2013 du personnel aux nations. Comme nous pouvons le constater, me\u0302me le syste\u0300me lui-me\u0302me est soutenu par des personnes fragilise\u0301es e\u0301motionnellement, qui re\u0301digent des lois sans les appliquer.<\/p>\n<p>Re\u0301fle\u0301chissons: Pouvons-nous identifier des exemples de personnalite\u0301s politiques pour nous inspirer ? Cela semble presque provoquer des rires, n&rsquo;est-ce pas ?<\/p>\n<p>Ainsi, je vous affirme que nous vivons des moments de grandes incertitudes, d&rsquo;instabilite\u0301 et d&rsquo;incohe\u0301rence. Sur cette re\u0301alite\u0301, nous constatons e\u0301galement ceci: Vous pouvez faire tous les plans que vous voulez, mais qui vous garantit que cela se de\u0301roulera comme vous l&rsquo;avez e\u0301labore\u0301 ou souhaite\u0301 ? J&rsquo;ajoute que vous ne pouvez aujourd&rsquo;hui rien faire sans prendre en compte les diffe\u0301rents sce\u0301narios autour de vous, car aujourd&rsquo;hui tout influence tout, et pour e\u0301viter une route de collision.<\/p>\n<p>Combien de personnes ont d&rsquo;excellentes formations et sont perdues dans la vie ? Combien d&rsquo;entrepreneurs ne savent pas comment positionner leurs affaires face aux besoins de leurs clients ? Combien de parents traversent des crises existentielles profondes parce qu&rsquo;ils ne savent pas comment e\u0301lever leurs enfants ?<\/p>\n<p>Quand on ne parvient pas a\u0300 voir les chemins, beaucoup de gens sont surpris par le sentiment d\u2019e\u0302tre sans direction, et se sentent alors impuissants ou faibles. C&rsquo;est a\u0300 ce moment que certaines personnes se dirigent vers la route de collision, de\u0301veloppant des troubles anxieux, des frustrations critiques, de la de\u0301pression et d&rsquo;autres troubles.<\/p>\n<p>Toutes les personnes ne parviennent pas a\u0300 rassembler les conditions mentales pour affronter leurs propres e\u0301checs, faute de force inte\u0301rieure, de maturite\u0301 e\u0301motionnelle, de vision de leurs propres limites et des potentiels de\u0301veloppe\u0301s et a\u0300 de\u0301velopper. Je souligne que nos jours exigent de chacun de nous des attitudes plus pragmatiques, tout en prenant en compte les variables du temps.<\/p>\n<p>Cela dit, nous voyons de nombreuses personnes souffrir de ne pas accepter la diffe\u0301rence et le temps des autres, oubliant qu&rsquo;il existe \u2013 leur propre temps, le temps de l&rsquo;autre, le temps de la socie\u0301te\u0301 et le temps de l&rsquo;univers. Quand avons-nous e\u0301te\u0301 en harmonie avec tous ces temps ? Difficile, n&rsquo;est-ce pas ?<\/p>\n<p>Quand au moins avez-vous re\u0301ussi a\u0300 aligner votre temps avec celui de l&rsquo;univers ? Certainement, lorsque cela deviendra une re\u0301alite\u0301, de nombreuses merveilles pourront e\u0302tre ressenties et concre\u0301tise\u0301es.<\/p>\n<p>Il est important de noter que l&rsquo;objectif de ce texte est de provoquer une re\u0301flexion et non de repre\u0301senter le manuscrit de la ve\u0301rite\u0301 absolue. Ainsi, re\u0301fle\u0301chir nous permet de\u0301ja\u0300 de changer divers comportements qui, la plupart du temps, repre\u0301sentent bien plus une fuite de soi-me\u0302me qu&rsquo;une de\u0301termination a\u0300 affronter. Comment vous percevez-vous aujourd&rsquo;hui ? Vivez-vous avec plus de douleurs que de joie ? Qu&rsquo;est-ce qui vous cause ces douleurs ? Vous de\u0301rangent-elles vraiment ou vous apportent-elles un certain confort ? Si elles vous de\u0301rangent vraiment, pourquoi les laissez-vous persister ? Il est temps de s&rsquo;engager dans le changement qui se produira dans vos pense\u0301es ou votre mentalite\u0301.<\/p>\n<p>* Uemerson Flore\u0302ncio \u2013 (Bre\u0301silien) Entrepreneur, entrai\u0302neur, confe\u0301rencier et correspondant international, il expose l&rsquo;analyse du langage corporel, la gestion de l&rsquo;image, la re\u0301putation et les crises.<\/p>\n<p><strong>Pour plus d&rsquo;informations et d&rsquo;analyses sur la <span style=\"color: #ff6600\">Senegal<\/span>, suivez <span style=\"color: #ff6600\">Africa-Press<\/span><\/strong><\/p>\n","protected":false},"excerpt":{"rendered":"<p>Uemerson Florencio Africa-Press &#8211; Senegal. Quelles sont les principales vulne\u0301rabilite\u0301s e\u0301videntes chez de nombreux e\u0302tres humains aujourd&rsquo;hui ? La passivite\u0301, la dispersion, l&rsquo;inconsistance, la croyance aveugle en des fausses informations, la peur de confronter les conflits de sa propre vie et vouloir transfe\u0301rer ses responsabilite\u0301s a\u0300 d&rsquo;autres. Parmi d&rsquo;autres, on peut aussi mentionner: l&rsquo;incapacite\u0301 de [&hellip;]<\/p>\n","protected":false},"author":82,"featured_media":65496,"comment_status":"open","ping_status":"closed","sticky":false,"template":"","format":"standard","meta":{"footnotes":""},"categories":[5,10],"tags":[44],"class_list":["post-65497","post","type-post","status-publish","format-standard","has-post-thumbnail","hentry","category-culture-et-art","category-toutes-les-actualites","tag-senegal-2"],"yoast_head":"<!-- This site is optimized with the Yoast SEO Premium plugin v26.1 (Yoast SEO v27.0) - https:\/\/yoast.com\/product\/yoast-seo-premium-wordpress\/ -->\n<title>Vulnerabilit\u00e9s Humaines : une Route de Collision - Senegal<\/title>\n<meta name=\"description\" content=\"Quelles sont les principales vulne\u0301rabilite\u0301s e\u0301videntes chez de nombreux e\u0302tres humains aujourd&#039;hui ? La passivite\u0301, la ...\" \/>\n<meta name=\"robots\" content=\"index, follow, max-snippet:-1, max-image-preview:large, max-video-preview:-1\" \/>\n<link rel=\"canonical\" href=\"https:\/\/www.africa-press.net\/senegal\/culture-et-art\/vulnerabilites-humaines-une-route-de-collision\" \/>\n<meta property=\"og:locale\" content=\"fr_FR\" \/>\n<meta property=\"og:type\" content=\"article\" \/>\n<meta property=\"og:title\" content=\"Vulnerabilit\u00e9s Humaines : une Route de Collision\" \/>\n<meta property=\"og:description\" content=\"Quelles sont les principales vulne\u0301rabilite\u0301s e\u0301videntes chez de nombreux e\u0302tres humains aujourd&#039;hui ? La passivite\u0301, la ...\" \/>\n<meta property=\"og:url\" content=\"https:\/\/www.africa-press.net\/senegal\/culture-et-art\/vulnerabilites-humaines-une-route-de-collision\" \/>\n<meta property=\"og:site_name\" content=\"Senegal\" \/>\n<meta property=\"article:published_time\" content=\"2025-02-17T12:00:17+00:00\" \/>\n<meta property=\"article:modified_time\" content=\"2025-05-05T21:19:52+00:00\" \/>\n<meta property=\"og:image\" content=\"https:\/\/static.africa-press.net\/senegal\/sites\/13\/2025\/02\/sm_1739782819.843569.jpg\" \/>\n\t<meta property=\"og:image:width\" content=\"1280\" \/>\n\t<meta property=\"og:image:height\" content=\"720\" \/>\n\t<meta property=\"og:image:type\" content=\"image\/jpeg\" \/>\n<meta name=\"author\" content=\"cfeditorfr\" \/>\n<meta name=\"twitter:card\" content=\"summary_large_image\" \/>\n<meta name=\"twitter:label1\" content=\"\u00c9crit par\" \/>\n\t<meta name=\"twitter:data1\" content=\"cfeditorfr\" \/>\n\t<meta name=\"twitter:label2\" content=\"Dur\u00e9e de lecture estim\u00e9e\" \/>\n\t<meta name=\"twitter:data2\" content=\"3 minutes\" \/>\n<script type=\"application\/ld+json\" class=\"yoast-schema-graph\">{\"@context\":\"https:\/\/schema.org\",\"@graph\":[{\"@type\":\"Article\",\"@id\":\"https:\/\/www.africa-press.net\/senegal\/culture-et-art\/vulnerabilites-humaines-une-route-de-collision#article\",\"isPartOf\":{\"@id\":\"https:\/\/www.africa-press.net\/senegal\/culture-et-art\/vulnerabilites-humaines-une-route-de-collision\"},\"author\":{\"name\":\"cfeditorfr\",\"@id\":\"https:\/\/www.africa-press.net\/senegal\/#\/schema\/person\/2b1cf3cd81a31e3cd26889ca66d677f1\"},\"headline\":\"Vulnerabilit\u00e9s Humaines : une Route de Collision\",\"datePublished\":\"2025-02-17T12:00:17+00:00\",\"dateModified\":\"2025-05-05T21:19:52+00:00\",\"mainEntityOfPage\":{\"@id\":\"https:\/\/www.africa-press.net\/senegal\/culture-et-art\/vulnerabilites-humaines-une-route-de-collision\"},\"wordCount\":729,\"commentCount\":0,\"image\":{\"@id\":\"https:\/\/www.africa-press.net\/senegal\/culture-et-art\/vulnerabilites-humaines-une-route-de-collision#primaryimage\"},\"thumbnailUrl\":\"https:\/\/static.africa-press.net\/senegal\/sites\/13\/2025\/02\/sm_1739782819.843569.jpg\",\"keywords\":[\"Senegal\"],\"articleSection\":[\"Culture et Art\",\"Toutes les actualit\u00e9s\"],\"inLanguage\":\"fr-FR\",\"potentialAction\":[{\"@type\":\"CommentAction\",\"name\":\"Comment\",\"target\":[\"https:\/\/www.africa-press.net\/senegal\/culture-et-art\/vulnerabilites-humaines-une-route-de-collision#respond\"]}]},{\"@type\":\"WebPage\",\"@id\":\"https:\/\/www.africa-press.net\/senegal\/culture-et-art\/vulnerabilites-humaines-une-route-de-collision\",\"url\":\"https:\/\/www.africa-press.net\/senegal\/culture-et-art\/vulnerabilites-humaines-une-route-de-collision\",\"name\":\"Vulnerabilit\u00e9s Humaines : une Route de Collision - Senegal\",\"isPartOf\":{\"@id\":\"https:\/\/www.africa-press.net\/senegal\/#website\"},\"primaryImageOfPage\":{\"@id\":\"https:\/\/www.africa-press.net\/senegal\/culture-et-art\/vulnerabilites-humaines-une-route-de-collision#primaryimage\"},\"image\":{\"@id\":\"https:\/\/www.africa-press.net\/senegal\/culture-et-art\/vulnerabilites-humaines-une-route-de-collision#primaryimage\"},\"thumbnailUrl\":\"https:\/\/static.africa-press.net\/senegal\/sites\/13\/2025\/02\/sm_1739782819.843569.jpg\",\"datePublished\":\"2025-02-17T12:00:17+00:00\",\"dateModified\":\"2025-05-05T21:19:52+00:00\",\"author\":{\"@id\":\"https:\/\/www.africa-press.net\/senegal\/#\/schema\/person\/2b1cf3cd81a31e3cd26889ca66d677f1\"},\"description\":\"Quelles sont les principales vulne\u0301rabilite\u0301s e\u0301videntes chez de nombreux e\u0302tres humains aujourd'hui ? La passivite\u0301, la ...\",\"breadcrumb\":{\"@id\":\"https:\/\/www.africa-press.net\/senegal\/culture-et-art\/vulnerabilites-humaines-une-route-de-collision#breadcrumb\"},\"inLanguage\":\"fr-FR\",\"potentialAction\":[{\"@type\":\"ReadAction\",\"target\":[\"https:\/\/www.africa-press.net\/senegal\/culture-et-art\/vulnerabilites-humaines-une-route-de-collision\"]}]},{\"@type\":\"ImageObject\",\"inLanguage\":\"fr-FR\",\"@id\":\"https:\/\/www.africa-press.net\/senegal\/culture-et-art\/vulnerabilites-humaines-une-route-de-collision#primaryimage\",\"url\":\"https:\/\/static.africa-press.net\/senegal\/sites\/13\/2025\/02\/sm_1739782819.843569.jpg\",\"contentUrl\":\"https:\/\/static.africa-press.net\/senegal\/sites\/13\/2025\/02\/sm_1739782819.843569.jpg\",\"width\":1280,\"height\":720,\"caption\":\"Vulnerabilit\u00e9s Humaines : une Route de Collision\"},{\"@type\":\"BreadcrumbList\",\"@id\":\"https:\/\/www.africa-press.net\/senegal\/culture-et-art\/vulnerabilites-humaines-une-route-de-collision#breadcrumb\",\"itemListElement\":[{\"@type\":\"ListItem\",\"position\":1,\"name\":\"Accueil\",\"item\":\"https:\/\/www.africa-press.net\/senegal\/\"},{\"@type\":\"ListItem\",\"position\":2,\"name\":\"Vulnerabilit\u00e9s Humaines : une Route de Collision\"}]},{\"@type\":\"WebSite\",\"@id\":\"https:\/\/www.africa-press.net\/senegal\/#website\",\"url\":\"https:\/\/www.africa-press.net\/senegal\/\",\"name\":\"Africa Press | Senegal | Homepage\",\"description\":\"Just another Africa News Agency Sites site\",\"potentialAction\":[{\"@type\":\"SearchAction\",\"target\":{\"@type\":\"EntryPoint\",\"urlTemplate\":\"https:\/\/www.africa-press.net\/senegal\/?s={search_term_string}\"},\"query-input\":{\"@type\":\"PropertyValueSpecification\",\"valueRequired\":true,\"valueName\":\"search_term_string\"}}],\"inLanguage\":\"fr-FR\"},{\"@type\":\"Person\",\"@id\":\"https:\/\/www.africa-press.net\/senegal\/#\/schema\/person\/2b1cf3cd81a31e3cd26889ca66d677f1\",\"name\":\"cfeditorfr\",\"url\":\"https:\/\/www.africa-press.net\/senegal\/author\/cfeditorfr\"}]}<\/script>\n<!-- \/ Yoast SEO Premium plugin. -->","yoast_head_json":{"title":"Vulnerabilit\u00e9s Humaines : une Route de Collision - Senegal","description":"Quelles sont les principales vulne\u0301rabilite\u0301s e\u0301videntes chez de nombreux e\u0302tres humains aujourd'hui ? La passivite\u0301, la ...","robots":{"index":"index","follow":"follow","max-snippet":"max-snippet:-1","max-image-preview":"max-image-preview:large","max-video-preview":"max-video-preview:-1"},"canonical":"https:\/\/www.africa-press.net\/senegal\/culture-et-art\/vulnerabilites-humaines-une-route-de-collision","og_locale":"fr_FR","og_type":"article","og_title":"Vulnerabilit\u00e9s Humaines : une Route de Collision","og_description":"Quelles sont les principales vulne\u0301rabilite\u0301s e\u0301videntes chez de nombreux e\u0302tres humains aujourd'hui ? La passivite\u0301, la ...","og_url":"https:\/\/www.africa-press.net\/senegal\/culture-et-art\/vulnerabilites-humaines-une-route-de-collision","og_site_name":"Senegal","article_published_time":"2025-02-17T12:00:17+00:00","article_modified_time":"2025-05-05T21:19:52+00:00","og_image":[{"width":1280,"height":720,"url":"https:\/\/static.africa-press.net\/senegal\/sites\/13\/2025\/02\/sm_1739782819.843569.jpg","type":"image\/jpeg"}],"author":"cfeditorfr","twitter_card":"summary_large_image","twitter_misc":{"\u00c9crit par":"cfeditorfr","Dur\u00e9e de lecture estim\u00e9e":"3 minutes"},"schema":{"@context":"https:\/\/schema.org","@graph":[{"@type":"Article","@id":"https:\/\/www.africa-press.net\/senegal\/culture-et-art\/vulnerabilites-humaines-une-route-de-collision#article","isPartOf":{"@id":"https:\/\/www.africa-press.net\/senegal\/culture-et-art\/vulnerabilites-humaines-une-route-de-collision"},"author":{"name":"cfeditorfr","@id":"https:\/\/www.africa-press.net\/senegal\/#\/schema\/person\/2b1cf3cd81a31e3cd26889ca66d677f1"},"headline":"Vulnerabilit\u00e9s Humaines : une Route de Collision","datePublished":"2025-02-17T12:00:17+00:00","dateModified":"2025-05-05T21:19:52+00:00","mainEntityOfPage":{"@id":"https:\/\/www.africa-press.net\/senegal\/culture-et-art\/vulnerabilites-humaines-une-route-de-collision"},"wordCount":729,"commentCount":0,"image":{"@id":"https:\/\/www.africa-press.net\/senegal\/culture-et-art\/vulnerabilites-humaines-une-route-de-collision#primaryimage"},"thumbnailUrl":"https:\/\/static.africa-press.net\/senegal\/sites\/13\/2025\/02\/sm_1739782819.843569.jpg","keywords":["Senegal"],"articleSection":["Culture et Art","Toutes les actualit\u00e9s"],"inLanguage":"fr-FR","potentialAction":[{"@type":"CommentAction","name":"Comment","target":["https:\/\/www.africa-press.net\/senegal\/culture-et-art\/vulnerabilites-humaines-une-route-de-collision#respond"]}]},{"@type":"WebPage","@id":"https:\/\/www.africa-press.net\/senegal\/culture-et-art\/vulnerabilites-humaines-une-route-de-collision","url":"https:\/\/www.africa-press.net\/senegal\/culture-et-art\/vulnerabilites-humaines-une-route-de-collision","name":"Vulnerabilit\u00e9s Humaines : une Route de Collision - Senegal","isPartOf":{"@id":"https:\/\/www.africa-press.net\/senegal\/#website"},"primaryImageOfPage":{"@id":"https:\/\/www.africa-press.net\/senegal\/culture-et-art\/vulnerabilites-humaines-une-route-de-collision#primaryimage"},"image":{"@id":"https:\/\/www.africa-press.net\/senegal\/culture-et-art\/vulnerabilites-humaines-une-route-de-collision#primaryimage"},"thumbnailUrl":"https:\/\/static.africa-press.net\/senegal\/sites\/13\/2025\/02\/sm_1739782819.843569.jpg","datePublished":"2025-02-17T12:00:17+00:00","dateModified":"2025-05-05T21:19:52+00:00","author":{"@id":"https:\/\/www.africa-press.net\/senegal\/#\/schema\/person\/2b1cf3cd81a31e3cd26889ca66d677f1"},"description":"Quelles sont les principales vulne\u0301rabilite\u0301s e\u0301videntes chez de nombreux e\u0302tres humains aujourd'hui ? La passivite\u0301, la ...","breadcrumb":{"@id":"https:\/\/www.africa-press.net\/senegal\/culture-et-art\/vulnerabilites-humaines-une-route-de-collision#breadcrumb"},"inLanguage":"fr-FR","potentialAction":[{"@type":"ReadAction","target":["https:\/\/www.africa-press.net\/senegal\/culture-et-art\/vulnerabilites-humaines-une-route-de-collision"]}]},{"@type":"ImageObject","inLanguage":"fr-FR","@id":"https:\/\/www.africa-press.net\/senegal\/culture-et-art\/vulnerabilites-humaines-une-route-de-collision#primaryimage","url":"https:\/\/static.africa-press.net\/senegal\/sites\/13\/2025\/02\/sm_1739782819.843569.jpg","contentUrl":"https:\/\/static.africa-press.net\/senegal\/sites\/13\/2025\/02\/sm_1739782819.843569.jpg","width":1280,"height":720,"caption":"Vulnerabilit\u00e9s Humaines : une Route de Collision"},{"@type":"BreadcrumbList","@id":"https:\/\/www.africa-press.net\/senegal\/culture-et-art\/vulnerabilites-humaines-une-route-de-collision#breadcrumb","itemListElement":[{"@type":"ListItem","position":1,"name":"Accueil","item":"https:\/\/www.africa-press.net\/senegal\/"},{"@type":"ListItem","position":2,"name":"Vulnerabilit\u00e9s Humaines : une Route de Collision"}]},{"@type":"WebSite","@id":"https:\/\/www.africa-press.net\/senegal\/#website","url":"https:\/\/www.africa-press.net\/senegal\/","name":"Africa Press | Senegal | Homepage","description":"Just another Africa News Agency Sites site","potentialAction":[{"@type":"SearchAction","target":{"@type":"EntryPoint","urlTemplate":"https:\/\/www.africa-press.net\/senegal\/?s={search_term_string}"},"query-input":{"@type":"PropertyValueSpecification","valueRequired":true,"valueName":"search_term_string"}}],"inLanguage":"fr-FR"},{"@type":"Person","@id":"https:\/\/www.africa-press.net\/senegal\/#\/schema\/person\/2b1cf3cd81a31e3cd26889ca66d677f1","name":"cfeditorfr","url":"https:\/\/www.africa-press.net\/senegal\/author\/cfeditorfr"}]}},"_links":{"self":[{"href":"https:\/\/www.africa-press.net\/senegal\/wp-json\/wp\/v2\/posts\/65497","targetHints":{"allow":["GET"]}}],"collection":[{"href":"https:\/\/www.africa-press.net\/senegal\/wp-json\/wp\/v2\/posts"}],"about":[{"href":"https:\/\/www.africa-press.net\/senegal\/wp-json\/wp\/v2\/types\/post"}],"author":[{"embeddable":true,"href":"https:\/\/www.africa-press.net\/senegal\/wp-json\/wp\/v2\/users\/82"}],"replies":[{"embeddable":true,"href":"https:\/\/www.africa-press.net\/senegal\/wp-json\/wp\/v2\/comments?post=65497"}],"version-history":[{"count":0,"href":"https:\/\/www.africa-press.net\/senegal\/wp-json\/wp\/v2\/posts\/65497\/revisions"}],"wp:featuredmedia":[{"embeddable":true,"href":"https:\/\/www.africa-press.net\/senegal\/wp-json\/wp\/v2\/media\/65496"}],"wp:attachment":[{"href":"https:\/\/www.africa-press.net\/senegal\/wp-json\/wp\/v2\/media?parent=65497"}],"wp:term":[{"taxonomy":"category","embeddable":true,"href":"https:\/\/www.africa-press.net\/senegal\/wp-json\/wp\/v2\/categories?post=65497"},{"taxonomy":"post_tag","embeddable":true,"href":"https:\/\/www.africa-press.net\/senegal\/wp-json\/wp\/v2\/tags?post=65497"}],"curies":[{"name":"wp","href":"https:\/\/api.w.org\/{rel}","templated":true}]}}