{"id":65499,"date":"2025-02-16T08:10:21","date_gmt":"2025-02-16T08:10:21","guid":{"rendered":"https:\/\/www.africa-press.net\/senegal\/politique\/lunion-africaine-met-en-garde-contre-une-balkanisation-de-la-rdc"},"modified":"2025-05-05T21:22:02","modified_gmt":"2025-05-05T21:22:02","slug":"lunion-africaine-met-en-garde-contre-une-balkanisation-de-la-rdc","status":"publish","type":"post","link":"https:\/\/www.africa-press.net\/senegal\/politique\/lunion-africaine-met-en-garde-contre-une-balkanisation-de-la-rdc","title":{"rendered":"L\u2019Union Africaine Met en Garde Contre une \u00ab Balkanisation \u00bb de la RDC"},"content":{"rendered":"<p><span style=\"color: #ff6600\"><strong>Africa-Press &#8211; Senegal. <\/strong><\/span>Alors que le M23 a fait, ce 16 fe\u0301vrier, son entre\u0301e dans la ville de Bukavu, dans l\u2019est de la RDC, le commissaire a\u0300 la Paix et la Se\u0301curite\u0301 de l\u2019UA, Bankole Adeoye, a appele\u0301 au \u00ab retrait imme\u0301diat du M23 et de ses partisans de toutes les villes occupe\u0301es \u00bb, sans nommer le Rwanda.<\/p>\n<p>L\u2019Union africaine (UA) a mis en garde ce 16 fe\u0301vrier contre une \u00ab balkanisation \u00bb de la RDC, alors que des combattants du M23 allie\u0301s a\u0300 des troupes rwandaises sont entre\u0301s dans Bukavu.<\/p>\n<p>\u00ab Nous ne voulons pas d\u2019une balkanisation de la RDC \u00bb, a plaide\u0301 lors d\u2019une confe\u0301rence de presse le commissaire a\u0300 la Paix et la Se\u0301curite\u0301 de l\u2019UA, Bankole Adeoye, tout en \u00ab appelant au retrait imme\u0301diat du M23 et de ses partisans de toutes les villes occupe\u0301es \u00bb, sans nommer le Rwanda.<\/p>\n<p><b>Ro\u0302le de me\u0301diation<\/b><\/p>\n<p>Des colonnes de combattants du M23 et leurs allie\u0301s rwandais sont entre\u0301s ce 16 fe\u0301vrier dans le centre de Bukavu, grande ville de l\u2019est de la RDC. Le groupe arme\u0301 antigouvernemental a pris fin janvier le contro\u0302le de Goma, capitale provinciale du Nord-Kivu, avant de progresser dans la re\u0301gion voisine du Sud-Kivu. Plusieurs pays, ainsi que les Nations unies, ont mis en garde contre les risques d\u2019une \u00ab escalade re\u0301gionale \u00bb.<\/p>\n<p>Bankole Adeoye, lors d\u2019une de\u0301claration faite durant le sommet annuel des chefs d\u2019E\u0301tat de l\u2019UA a\u0300 Addis-Abeba, a e\u0301galement appele\u0301 au \u00ab respect de la souverainete\u0301, de l\u2019unite\u0301 politique et de l\u2019inte\u0301grite\u0301 territoriale de la RDC \u00bb, tout comme la veille, le secre\u0301taire ge\u0301ne\u0301ral de l\u2019ONU, Anto\u0301nio Guterres.<\/p>\n<p>\u00ab La seule fac\u0327on de re\u0301soudre le proble\u0300me dans l\u2019est de la RDC est que toutes les parties s\u2019assoient autour de la table, et l\u2019Union africaine est pre\u0302te a\u0300 jouer ce ro\u0302le de me\u0301diation \u00bb, a e\u0301galement affirme\u0301 Bankole Adeoye.<\/p>\n<p><strong>Pour plus d&rsquo;informations et d&rsquo;analyses sur la <span style=\"color: #ff6600\">Senegal<\/span>, suivez <span style=\"color: #ff6600\">Africa-Press<\/span><\/strong><\/p>\n","protected":false},"excerpt":{"rendered":"<p>Africa-Press &#8211; Senegal. Alors que le M23 a fait, ce 16 fe\u0301vrier, son entre\u0301e dans la ville de Bukavu, dans l\u2019est de la RDC, le commissaire a\u0300 la Paix et la Se\u0301curite\u0301 de l\u2019UA, Bankole Adeoye, a appele\u0301 au \u00ab retrait imme\u0301diat du M23 et de ses partisans de toutes les villes occupe\u0301es \u00bb, sans [&hellip;]<\/p>\n","protected":false},"author":82,"featured_media":65498,"comment_status":"open","ping_status":"closed","sticky":false,"template":"","format":"standard","meta":{"footnotes":""},"categories":[2,10],"tags":[44],"class_list":["post-65499","post","type-post","status-publish","format-standard","has-post-thumbnail","hentry","category-politique","category-toutes-les-actualites","tag-senegal-2"],"yoast_head":"<!-- This site is optimized with the Yoast SEO Premium plugin v26.1 (Yoast SEO v27.0) - https:\/\/yoast.com\/product\/yoast-seo-premium-wordpress\/ -->\n<title>L\u2019Union Africaine Met en Garde Contre une \u00ab Balkanisation \u00bb de la RDC - Senegal<\/title>\n<meta name=\"description\" content=\"Alors que le M23 a fait, ce 16 fe\u0301vrier, son entre\u0301e dans la ville de Bukavu, dans l\u2019est de la RDC, le commissaire a\u0300 la ...\" \/>\n<meta name=\"robots\" content=\"index, follow, max-snippet:-1, max-image-preview:large, max-video-preview:-1\" \/>\n<link rel=\"canonical\" href=\"https:\/\/www.africa-press.net\/senegal\/politique\/lunion-africaine-met-en-garde-contre-une-balkanisation-de-la-rdc\" \/>\n<meta property=\"og:locale\" content=\"fr_FR\" \/>\n<meta property=\"og:type\" content=\"article\" \/>\n<meta property=\"og:title\" content=\"L\u2019Union Africaine Met en Garde Contre une \u00ab Balkanisation \u00bb de la RDC\" \/>\n<meta property=\"og:description\" content=\"Alors que le M23 a fait, ce 16 fe\u0301vrier, son entre\u0301e dans la ville de Bukavu, dans l\u2019est de la RDC, le commissaire a\u0300 la ...\" \/>\n<meta property=\"og:url\" content=\"https:\/\/www.africa-press.net\/senegal\/politique\/lunion-africaine-met-en-garde-contre-une-balkanisation-de-la-rdc\" \/>\n<meta property=\"og:site_name\" content=\"Senegal\" \/>\n<meta property=\"article:published_time\" content=\"2025-02-16T08:10:21+00:00\" \/>\n<meta property=\"article:modified_time\" content=\"2025-05-05T21:22:02+00:00\" \/>\n<meta property=\"og:image\" content=\"https:\/\/static.africa-press.net\/senegal\/sites\/13\/2025\/02\/sm_1739782911.15428.jpg\" \/>\n\t<meta property=\"og:image:width\" content=\"1750\" \/>\n\t<meta property=\"og:image:height\" content=\"1166\" \/>\n\t<meta property=\"og:image:type\" content=\"image\/jpeg\" \/>\n<meta name=\"author\" content=\"cfeditorfr\" \/>\n<meta name=\"twitter:card\" content=\"summary_large_image\" \/>\n<meta name=\"twitter:label1\" content=\"\u00c9crit par\" \/>\n\t<meta name=\"twitter:data1\" content=\"cfeditorfr\" \/>\n\t<meta name=\"twitter:label2\" content=\"Dur\u00e9e de lecture estim\u00e9e\" \/>\n\t<meta name=\"twitter:data2\" content=\"2 minutes\" \/>\n<script type=\"application\/ld+json\" class=\"yoast-schema-graph\">{\"@context\":\"https:\/\/schema.org\",\"@graph\":[{\"@type\":\"Article\",\"@id\":\"https:\/\/www.africa-press.net\/senegal\/politique\/lunion-africaine-met-en-garde-contre-une-balkanisation-de-la-rdc#article\",\"isPartOf\":{\"@id\":\"https:\/\/www.africa-press.net\/senegal\/politique\/lunion-africaine-met-en-garde-contre-une-balkanisation-de-la-rdc\"},\"author\":{\"name\":\"cfeditorfr\",\"@id\":\"https:\/\/www.africa-press.net\/senegal\/#\/schema\/person\/2b1cf3cd81a31e3cd26889ca66d677f1\"},\"headline\":\"L\u2019Union Africaine Met en Garde Contre une \u00ab Balkanisation \u00bb de la RDC\",\"datePublished\":\"2025-02-16T08:10:21+00:00\",\"dateModified\":\"2025-05-05T21:22:02+00:00\",\"mainEntityOfPage\":{\"@id\":\"https:\/\/www.africa-press.net\/senegal\/politique\/lunion-africaine-met-en-garde-contre-une-balkanisation-de-la-rdc\"},\"wordCount\":365,\"commentCount\":0,\"image\":{\"@id\":\"https:\/\/www.africa-press.net\/senegal\/politique\/lunion-africaine-met-en-garde-contre-une-balkanisation-de-la-rdc#primaryimage\"},\"thumbnailUrl\":\"https:\/\/static.africa-press.net\/senegal\/sites\/13\/2025\/02\/sm_1739782911.15428.jpg\",\"keywords\":[\"Senegal\"],\"articleSection\":[\"Politique\",\"Toutes les actualit\u00e9s\"],\"inLanguage\":\"fr-FR\",\"potentialAction\":[{\"@type\":\"CommentAction\",\"name\":\"Comment\",\"target\":[\"https:\/\/www.africa-press.net\/senegal\/politique\/lunion-africaine-met-en-garde-contre-une-balkanisation-de-la-rdc#respond\"]}]},{\"@type\":\"WebPage\",\"@id\":\"https:\/\/www.africa-press.net\/senegal\/politique\/lunion-africaine-met-en-garde-contre-une-balkanisation-de-la-rdc\",\"url\":\"https:\/\/www.africa-press.net\/senegal\/politique\/lunion-africaine-met-en-garde-contre-une-balkanisation-de-la-rdc\",\"name\":\"L\u2019Union Africaine Met en Garde Contre une \u00ab Balkanisation \u00bb de la RDC - Senegal\",\"isPartOf\":{\"@id\":\"https:\/\/www.africa-press.net\/senegal\/#website\"},\"primaryImageOfPage\":{\"@id\":\"https:\/\/www.africa-press.net\/senegal\/politique\/lunion-africaine-met-en-garde-contre-une-balkanisation-de-la-rdc#primaryimage\"},\"image\":{\"@id\":\"https:\/\/www.africa-press.net\/senegal\/politique\/lunion-africaine-met-en-garde-contre-une-balkanisation-de-la-rdc#primaryimage\"},\"thumbnailUrl\":\"https:\/\/static.africa-press.net\/senegal\/sites\/13\/2025\/02\/sm_1739782911.15428.jpg\",\"datePublished\":\"2025-02-16T08:10:21+00:00\",\"dateModified\":\"2025-05-05T21:22:02+00:00\",\"author\":{\"@id\":\"https:\/\/www.africa-press.net\/senegal\/#\/schema\/person\/2b1cf3cd81a31e3cd26889ca66d677f1\"},\"description\":\"Alors que le M23 a fait, ce 16 fe\u0301vrier, son entre\u0301e dans la ville de Bukavu, dans l\u2019est de la RDC, le commissaire a\u0300 la ...\",\"breadcrumb\":{\"@id\":\"https:\/\/www.africa-press.net\/senegal\/politique\/lunion-africaine-met-en-garde-contre-une-balkanisation-de-la-rdc#breadcrumb\"},\"inLanguage\":\"fr-FR\",\"potentialAction\":[{\"@type\":\"ReadAction\",\"target\":[\"https:\/\/www.africa-press.net\/senegal\/politique\/lunion-africaine-met-en-garde-contre-une-balkanisation-de-la-rdc\"]}]},{\"@type\":\"ImageObject\",\"inLanguage\":\"fr-FR\",\"@id\":\"https:\/\/www.africa-press.net\/senegal\/politique\/lunion-africaine-met-en-garde-contre-une-balkanisation-de-la-rdc#primaryimage\",\"url\":\"https:\/\/static.africa-press.net\/senegal\/sites\/13\/2025\/02\/sm_1739782911.15428.jpg\",\"contentUrl\":\"https:\/\/static.africa-press.net\/senegal\/sites\/13\/2025\/02\/sm_1739782911.15428.jpg\",\"width\":1750,\"height\":1166,\"caption\":\"L\u2019Union Africaine Met en Garde Contre une \u00ab Balkanisation \u00bb de la RDC\"},{\"@type\":\"BreadcrumbList\",\"@id\":\"https:\/\/www.africa-press.net\/senegal\/politique\/lunion-africaine-met-en-garde-contre-une-balkanisation-de-la-rdc#breadcrumb\",\"itemListElement\":[{\"@type\":\"ListItem\",\"position\":1,\"name\":\"Accueil\",\"item\":\"https:\/\/www.africa-press.net\/senegal\/\"},{\"@type\":\"ListItem\",\"position\":2,\"name\":\"L\u2019Union Africaine Met en Garde Contre une \u00ab Balkanisation \u00bb de la RDC\"}]},{\"@type\":\"WebSite\",\"@id\":\"https:\/\/www.africa-press.net\/senegal\/#website\",\"url\":\"https:\/\/www.africa-press.net\/senegal\/\",\"name\":\"Africa Press | Senegal | Homepage\",\"description\":\"Just another Africa News Agency Sites site\",\"potentialAction\":[{\"@type\":\"SearchAction\",\"target\":{\"@type\":\"EntryPoint\",\"urlTemplate\":\"https:\/\/www.africa-press.net\/senegal\/?s={search_term_string}\"},\"query-input\":{\"@type\":\"PropertyValueSpecification\",\"valueRequired\":true,\"valueName\":\"search_term_string\"}}],\"inLanguage\":\"fr-FR\"},{\"@type\":\"Person\",\"@id\":\"https:\/\/www.africa-press.net\/senegal\/#\/schema\/person\/2b1cf3cd81a31e3cd26889ca66d677f1\",\"name\":\"cfeditorfr\",\"url\":\"https:\/\/www.africa-press.net\/senegal\/author\/cfeditorfr\"}]}<\/script>\n<!-- \/ Yoast SEO Premium plugin. -->","yoast_head_json":{"title":"L\u2019Union Africaine Met en Garde Contre une \u00ab Balkanisation \u00bb de la RDC - Senegal","description":"Alors que le M23 a fait, ce 16 fe\u0301vrier, son entre\u0301e dans la ville de Bukavu, dans l\u2019est de la RDC, le commissaire a\u0300 la ...","robots":{"index":"index","follow":"follow","max-snippet":"max-snippet:-1","max-image-preview":"max-image-preview:large","max-video-preview":"max-video-preview:-1"},"canonical":"https:\/\/www.africa-press.net\/senegal\/politique\/lunion-africaine-met-en-garde-contre-une-balkanisation-de-la-rdc","og_locale":"fr_FR","og_type":"article","og_title":"L\u2019Union Africaine Met en Garde Contre une \u00ab Balkanisation \u00bb de la RDC","og_description":"Alors que le M23 a fait, ce 16 fe\u0301vrier, son entre\u0301e dans la ville de Bukavu, dans l\u2019est de la RDC, le commissaire a\u0300 la ...","og_url":"https:\/\/www.africa-press.net\/senegal\/politique\/lunion-africaine-met-en-garde-contre-une-balkanisation-de-la-rdc","og_site_name":"Senegal","article_published_time":"2025-02-16T08:10:21+00:00","article_modified_time":"2025-05-05T21:22:02+00:00","og_image":[{"width":1750,"height":1166,"url":"https:\/\/static.africa-press.net\/senegal\/sites\/13\/2025\/02\/sm_1739782911.15428.jpg","type":"image\/jpeg"}],"author":"cfeditorfr","twitter_card":"summary_large_image","twitter_misc":{"\u00c9crit par":"cfeditorfr","Dur\u00e9e de lecture estim\u00e9e":"2 minutes"},"schema":{"@context":"https:\/\/schema.org","@graph":[{"@type":"Article","@id":"https:\/\/www.africa-press.net\/senegal\/politique\/lunion-africaine-met-en-garde-contre-une-balkanisation-de-la-rdc#article","isPartOf":{"@id":"https:\/\/www.africa-press.net\/senegal\/politique\/lunion-africaine-met-en-garde-contre-une-balkanisation-de-la-rdc"},"author":{"name":"cfeditorfr","@id":"https:\/\/www.africa-press.net\/senegal\/#\/schema\/person\/2b1cf3cd81a31e3cd26889ca66d677f1"},"headline":"L\u2019Union Africaine Met en Garde Contre une \u00ab Balkanisation \u00bb de la RDC","datePublished":"2025-02-16T08:10:21+00:00","dateModified":"2025-05-05T21:22:02+00:00","mainEntityOfPage":{"@id":"https:\/\/www.africa-press.net\/senegal\/politique\/lunion-africaine-met-en-garde-contre-une-balkanisation-de-la-rdc"},"wordCount":365,"commentCount":0,"image":{"@id":"https:\/\/www.africa-press.net\/senegal\/politique\/lunion-africaine-met-en-garde-contre-une-balkanisation-de-la-rdc#primaryimage"},"thumbnailUrl":"https:\/\/static.africa-press.net\/senegal\/sites\/13\/2025\/02\/sm_1739782911.15428.jpg","keywords":["Senegal"],"articleSection":["Politique","Toutes les actualit\u00e9s"],"inLanguage":"fr-FR","potentialAction":[{"@type":"CommentAction","name":"Comment","target":["https:\/\/www.africa-press.net\/senegal\/politique\/lunion-africaine-met-en-garde-contre-une-balkanisation-de-la-rdc#respond"]}]},{"@type":"WebPage","@id":"https:\/\/www.africa-press.net\/senegal\/politique\/lunion-africaine-met-en-garde-contre-une-balkanisation-de-la-rdc","url":"https:\/\/www.africa-press.net\/senegal\/politique\/lunion-africaine-met-en-garde-contre-une-balkanisation-de-la-rdc","name":"L\u2019Union Africaine Met en Garde Contre une \u00ab Balkanisation \u00bb de la RDC - Senegal","isPartOf":{"@id":"https:\/\/www.africa-press.net\/senegal\/#website"},"primaryImageOfPage":{"@id":"https:\/\/www.africa-press.net\/senegal\/politique\/lunion-africaine-met-en-garde-contre-une-balkanisation-de-la-rdc#primaryimage"},"image":{"@id":"https:\/\/www.africa-press.net\/senegal\/politique\/lunion-africaine-met-en-garde-contre-une-balkanisation-de-la-rdc#primaryimage"},"thumbnailUrl":"https:\/\/static.africa-press.net\/senegal\/sites\/13\/2025\/02\/sm_1739782911.15428.jpg","datePublished":"2025-02-16T08:10:21+00:00","dateModified":"2025-05-05T21:22:02+00:00","author":{"@id":"https:\/\/www.africa-press.net\/senegal\/#\/schema\/person\/2b1cf3cd81a31e3cd26889ca66d677f1"},"description":"Alors que le M23 a fait, ce 16 fe\u0301vrier, son entre\u0301e dans la ville de Bukavu, dans l\u2019est de la RDC, le commissaire a\u0300 la ...","breadcrumb":{"@id":"https:\/\/www.africa-press.net\/senegal\/politique\/lunion-africaine-met-en-garde-contre-une-balkanisation-de-la-rdc#breadcrumb"},"inLanguage":"fr-FR","potentialAction":[{"@type":"ReadAction","target":["https:\/\/www.africa-press.net\/senegal\/politique\/lunion-africaine-met-en-garde-contre-une-balkanisation-de-la-rdc"]}]},{"@type":"ImageObject","inLanguage":"fr-FR","@id":"https:\/\/www.africa-press.net\/senegal\/politique\/lunion-africaine-met-en-garde-contre-une-balkanisation-de-la-rdc#primaryimage","url":"https:\/\/static.africa-press.net\/senegal\/sites\/13\/2025\/02\/sm_1739782911.15428.jpg","contentUrl":"https:\/\/static.africa-press.net\/senegal\/sites\/13\/2025\/02\/sm_1739782911.15428.jpg","width":1750,"height":1166,"caption":"L\u2019Union Africaine Met en Garde Contre une \u00ab Balkanisation \u00bb de la RDC"},{"@type":"BreadcrumbList","@id":"https:\/\/www.africa-press.net\/senegal\/politique\/lunion-africaine-met-en-garde-contre-une-balkanisation-de-la-rdc#breadcrumb","itemListElement":[{"@type":"ListItem","position":1,"name":"Accueil","item":"https:\/\/www.africa-press.net\/senegal\/"},{"@type":"ListItem","position":2,"name":"L\u2019Union Africaine Met en Garde Contre une \u00ab Balkanisation \u00bb de la RDC"}]},{"@type":"WebSite","@id":"https:\/\/www.africa-press.net\/senegal\/#website","url":"https:\/\/www.africa-press.net\/senegal\/","name":"Africa Press | Senegal | Homepage","description":"Just another Africa News Agency Sites site","potentialAction":[{"@type":"SearchAction","target":{"@type":"EntryPoint","urlTemplate":"https:\/\/www.africa-press.net\/senegal\/?s={search_term_string}"},"query-input":{"@type":"PropertyValueSpecification","valueRequired":true,"valueName":"search_term_string"}}],"inLanguage":"fr-FR"},{"@type":"Person","@id":"https:\/\/www.africa-press.net\/senegal\/#\/schema\/person\/2b1cf3cd81a31e3cd26889ca66d677f1","name":"cfeditorfr","url":"https:\/\/www.africa-press.net\/senegal\/author\/cfeditorfr"}]}},"_links":{"self":[{"href":"https:\/\/www.africa-press.net\/senegal\/wp-json\/wp\/v2\/posts\/65499","targetHints":{"allow":["GET"]}}],"collection":[{"href":"https:\/\/www.africa-press.net\/senegal\/wp-json\/wp\/v2\/posts"}],"about":[{"href":"https:\/\/www.africa-press.net\/senegal\/wp-json\/wp\/v2\/types\/post"}],"author":[{"embeddable":true,"href":"https:\/\/www.africa-press.net\/senegal\/wp-json\/wp\/v2\/users\/82"}],"replies":[{"embeddable":true,"href":"https:\/\/www.africa-press.net\/senegal\/wp-json\/wp\/v2\/comments?post=65499"}],"version-history":[{"count":0,"href":"https:\/\/www.africa-press.net\/senegal\/wp-json\/wp\/v2\/posts\/65499\/revisions"}],"wp:featuredmedia":[{"embeddable":true,"href":"https:\/\/www.africa-press.net\/senegal\/wp-json\/wp\/v2\/media\/65498"}],"wp:attachment":[{"href":"https:\/\/www.africa-press.net\/senegal\/wp-json\/wp\/v2\/media?parent=65499"}],"wp:term":[{"taxonomy":"category","embeddable":true,"href":"https:\/\/www.africa-press.net\/senegal\/wp-json\/wp\/v2\/categories?post=65499"},{"taxonomy":"post_tag","embeddable":true,"href":"https:\/\/www.africa-press.net\/senegal\/wp-json\/wp\/v2\/tags?post=65499"}],"curies":[{"name":"wp","href":"https:\/\/api.w.org\/{rel}","templated":true}]}}