{"id":65509,"date":"2025-02-17T14:43:21","date_gmt":"2025-02-17T14:43:21","guid":{"rendered":"https:\/\/www.africa-press.net\/senegal\/politique\/ayoub-el-kaabi-brille-avec-double-a-olympiakos"},"modified":"2025-05-05T21:32:55","modified_gmt":"2025-05-05T21:32:55","slug":"ayoub-el-kaabi-brille-avec-double-a-olympiakos","status":"publish","type":"post","link":"https:\/\/www.africa-press.net\/senegal\/sports\/ayoub-el-kaabi-brille-avec-double-a-olympiakos","title":{"rendered":"Ayoub El-Ka\u00e2bi Brille avec Doubl\u00e9 \u00e0 Olympiakos"},"content":{"rendered":"<p><span style=\"color: #ff6600\"><strong>Africa-Press &#8211; Senegal. <\/strong><\/span>Ayoub El-Kaa\u0302bi est en feu. L\u2019attaquant international marocain est sur les nuages depuis le de\u0301but de la saison. En te\u0301moignent les buts que le Lion de l\u2019Atlas enchai\u0302ne chaque weekend. Et ce week-end re\u0301cent, il n\u2019a pas de\u0301roge\u0301 a\u0300 la re\u0300gle.<\/p>\n<p>A\u0300 l\u2019occasion de la 23e journe\u0301e du championnat grec, Olympiakos se de\u0301plac\u0327ait sur le terrain de Panserraikos.<\/p>\n<p>Solide leader de la Ligue, l\u2019Olympiakos s\u2019est impose\u0301 4-0 sans coup fe\u0301rir. Ayoub El-Kaa\u0302bi s\u2019est offert un double\u0301 (20\u2032,27\u2032).<\/p>\n<p>Il compte de\u0301sormais 23 buts et 6 passes de\u0301cisives cette saison, toutes compe\u0301titions confondues.<\/p>\n<p>Avec cette victoire, son e\u0301quipe est leader avec 51 points, devant Aek Athens 49 points.<\/p>\n<p><strong>Pour plus d&rsquo;informations et d&rsquo;analyses sur la <span style=\"color: #ff6600\">Senegal<\/span>, suivez <span style=\"color: #ff6600\">Africa-Press<\/span><\/strong><\/p>\n","protected":false},"excerpt":{"rendered":"<p>Africa-Press &#8211; Senegal. Ayoub El-Kaa\u0302bi est en feu. L\u2019attaquant international marocain est sur les nuages depuis le de\u0301but de la saison. En te\u0301moignent les buts que le Lion de l\u2019Atlas enchai\u0302ne chaque weekend. Et ce week-end re\u0301cent, il n\u2019a pas de\u0301roge\u0301 a\u0300 la re\u0300gle. A\u0300 l\u2019occasion de la 23e journe\u0301e du championnat grec, Olympiakos se [&hellip;]<\/p>\n","protected":false},"author":82,"featured_media":65508,"comment_status":"open","ping_status":"closed","sticky":false,"template":"","format":"standard","meta":{"footnotes":""},"categories":[6,10],"tags":[44],"class_list":["post-65509","post","type-post","status-publish","format-standard","has-post-thumbnail","hentry","category-sports","category-toutes-les-actualites","tag-senegal-2"],"yoast_head":"<!-- This site is optimized with the Yoast SEO Premium plugin v26.1 (Yoast SEO v27.0) - https:\/\/yoast.com\/product\/yoast-seo-premium-wordpress\/ -->\n<title>Ayoub El-Ka\u00e2bi Brille avec Doubl\u00e9 \u00e0 Olympiakos - Senegal<\/title>\n<meta name=\"description\" content=\"Ayoub El-Kaa\u0302bi est en feu. L\u2019attaquant international marocain est sur les nuages depuis le de\u0301but de la saison. En te\u0301m ...\" \/>\n<meta name=\"robots\" content=\"index, follow, max-snippet:-1, max-image-preview:large, max-video-preview:-1\" \/>\n<link rel=\"canonical\" href=\"https:\/\/www.africa-press.net\/senegal\/sports\/ayoub-el-kaabi-brille-avec-double-a-olympiakos\" \/>\n<meta property=\"og:locale\" content=\"fr_FR\" \/>\n<meta property=\"og:type\" content=\"article\" \/>\n<meta property=\"og:title\" content=\"Ayoub El-Ka\u00e2bi Brille avec Doubl\u00e9 \u00e0 Olympiakos\" \/>\n<meta property=\"og:description\" content=\"Ayoub El-Kaa\u0302bi est en feu. L\u2019attaquant international marocain est sur les nuages depuis le de\u0301but de la saison. En te\u0301m ...\" \/>\n<meta property=\"og:url\" content=\"https:\/\/www.africa-press.net\/senegal\/sports\/ayoub-el-kaabi-brille-avec-double-a-olympiakos\" \/>\n<meta property=\"og:site_name\" content=\"Senegal\" \/>\n<meta property=\"article:published_time\" content=\"2025-02-17T14:43:21+00:00\" \/>\n<meta property=\"article:modified_time\" content=\"2025-05-05T21:32:55+00:00\" \/>\n<meta property=\"og:image\" content=\"https:\/\/static.africa-press.net\/senegal\/sites\/13\/2025\/02\/sm_1739791511.723586.jpg\" \/>\n\t<meta property=\"og:image:width\" content=\"1395\" \/>\n\t<meta property=\"og:image:height\" content=\"924\" \/>\n\t<meta property=\"og:image:type\" content=\"image\/jpeg\" \/>\n<meta name=\"author\" content=\"cfeditorfr\" \/>\n<meta name=\"twitter:card\" content=\"summary_large_image\" \/>\n<meta name=\"twitter:label1\" content=\"\u00c9crit par\" \/>\n\t<meta name=\"twitter:data1\" content=\"cfeditorfr\" \/>\n\t<meta name=\"twitter:label2\" content=\"Dur\u00e9e de lecture estim\u00e9e\" \/>\n\t<meta name=\"twitter:data2\" content=\"1 minute\" \/>\n<script type=\"application\/ld+json\" class=\"yoast-schema-graph\">{\"@context\":\"https:\/\/schema.org\",\"@graph\":[{\"@type\":\"Article\",\"@id\":\"https:\/\/www.africa-press.net\/senegal\/sports\/ayoub-el-kaabi-brille-avec-double-a-olympiakos#article\",\"isPartOf\":{\"@id\":\"https:\/\/www.africa-press.net\/senegal\/sports\/ayoub-el-kaabi-brille-avec-double-a-olympiakos\"},\"author\":{\"name\":\"cfeditorfr\",\"@id\":\"https:\/\/www.africa-press.net\/senegal\/#\/schema\/person\/2b1cf3cd81a31e3cd26889ca66d677f1\"},\"headline\":\"Ayoub El-Ka\u00e2bi Brille avec Doubl\u00e9 \u00e0 Olympiakos\",\"datePublished\":\"2025-02-17T14:43:21+00:00\",\"dateModified\":\"2025-05-05T21:32:55+00:00\",\"mainEntityOfPage\":{\"@id\":\"https:\/\/www.africa-press.net\/senegal\/sports\/ayoub-el-kaabi-brille-avec-double-a-olympiakos\"},\"wordCount\":146,\"commentCount\":0,\"image\":{\"@id\":\"https:\/\/www.africa-press.net\/senegal\/sports\/ayoub-el-kaabi-brille-avec-double-a-olympiakos#primaryimage\"},\"thumbnailUrl\":\"https:\/\/static.africa-press.net\/senegal\/sites\/13\/2025\/02\/sm_1739791511.723586.jpg\",\"keywords\":[\"Senegal\"],\"articleSection\":[\"Sports\",\"Toutes les actualit\u00e9s\"],\"inLanguage\":\"fr-FR\",\"potentialAction\":[{\"@type\":\"CommentAction\",\"name\":\"Comment\",\"target\":[\"https:\/\/www.africa-press.net\/senegal\/sports\/ayoub-el-kaabi-brille-avec-double-a-olympiakos#respond\"]}]},{\"@type\":\"WebPage\",\"@id\":\"https:\/\/www.africa-press.net\/senegal\/sports\/ayoub-el-kaabi-brille-avec-double-a-olympiakos\",\"url\":\"https:\/\/www.africa-press.net\/senegal\/sports\/ayoub-el-kaabi-brille-avec-double-a-olympiakos\",\"name\":\"Ayoub El-Ka\u00e2bi Brille avec Doubl\u00e9 \u00e0 Olympiakos - Senegal\",\"isPartOf\":{\"@id\":\"https:\/\/www.africa-press.net\/senegal\/#website\"},\"primaryImageOfPage\":{\"@id\":\"https:\/\/www.africa-press.net\/senegal\/sports\/ayoub-el-kaabi-brille-avec-double-a-olympiakos#primaryimage\"},\"image\":{\"@id\":\"https:\/\/www.africa-press.net\/senegal\/sports\/ayoub-el-kaabi-brille-avec-double-a-olympiakos#primaryimage\"},\"thumbnailUrl\":\"https:\/\/static.africa-press.net\/senegal\/sites\/13\/2025\/02\/sm_1739791511.723586.jpg\",\"datePublished\":\"2025-02-17T14:43:21+00:00\",\"dateModified\":\"2025-05-05T21:32:55+00:00\",\"author\":{\"@id\":\"https:\/\/www.africa-press.net\/senegal\/#\/schema\/person\/2b1cf3cd81a31e3cd26889ca66d677f1\"},\"description\":\"Ayoub El-Kaa\u0302bi est en feu. L\u2019attaquant international marocain est sur les nuages depuis le de\u0301but de la saison. En te\u0301m ...\",\"breadcrumb\":{\"@id\":\"https:\/\/www.africa-press.net\/senegal\/sports\/ayoub-el-kaabi-brille-avec-double-a-olympiakos#breadcrumb\"},\"inLanguage\":\"fr-FR\",\"potentialAction\":[{\"@type\":\"ReadAction\",\"target\":[\"https:\/\/www.africa-press.net\/senegal\/sports\/ayoub-el-kaabi-brille-avec-double-a-olympiakos\"]}]},{\"@type\":\"ImageObject\",\"inLanguage\":\"fr-FR\",\"@id\":\"https:\/\/www.africa-press.net\/senegal\/sports\/ayoub-el-kaabi-brille-avec-double-a-olympiakos#primaryimage\",\"url\":\"https:\/\/static.africa-press.net\/senegal\/sites\/13\/2025\/02\/sm_1739791511.723586.jpg\",\"contentUrl\":\"https:\/\/static.africa-press.net\/senegal\/sites\/13\/2025\/02\/sm_1739791511.723586.jpg\",\"width\":1395,\"height\":924,\"caption\":\"Ayoub El-Ka\u00e2bi Brille avec Doubl\u00e9 \u00e0 Olympiakos\"},{\"@type\":\"BreadcrumbList\",\"@id\":\"https:\/\/www.africa-press.net\/senegal\/sports\/ayoub-el-kaabi-brille-avec-double-a-olympiakos#breadcrumb\",\"itemListElement\":[{\"@type\":\"ListItem\",\"position\":1,\"name\":\"Accueil\",\"item\":\"https:\/\/www.africa-press.net\/senegal\/\"},{\"@type\":\"ListItem\",\"position\":2,\"name\":\"Ayoub El-Ka\u00e2bi Brille avec Doubl\u00e9 \u00e0 Olympiakos\"}]},{\"@type\":\"WebSite\",\"@id\":\"https:\/\/www.africa-press.net\/senegal\/#website\",\"url\":\"https:\/\/www.africa-press.net\/senegal\/\",\"name\":\"Africa Press | Senegal | Homepage\",\"description\":\"Just another Africa News Agency Sites site\",\"potentialAction\":[{\"@type\":\"SearchAction\",\"target\":{\"@type\":\"EntryPoint\",\"urlTemplate\":\"https:\/\/www.africa-press.net\/senegal\/?s={search_term_string}\"},\"query-input\":{\"@type\":\"PropertyValueSpecification\",\"valueRequired\":true,\"valueName\":\"search_term_string\"}}],\"inLanguage\":\"fr-FR\"},{\"@type\":\"Person\",\"@id\":\"https:\/\/www.africa-press.net\/senegal\/#\/schema\/person\/2b1cf3cd81a31e3cd26889ca66d677f1\",\"name\":\"cfeditorfr\",\"url\":\"https:\/\/www.africa-press.net\/senegal\/author\/cfeditorfr\"}]}<\/script>\n<!-- \/ Yoast SEO Premium plugin. -->","yoast_head_json":{"title":"Ayoub El-Ka\u00e2bi Brille avec Doubl\u00e9 \u00e0 Olympiakos - Senegal","description":"Ayoub El-Kaa\u0302bi est en feu. L\u2019attaquant international marocain est sur les nuages depuis le de\u0301but de la saison. En te\u0301m ...","robots":{"index":"index","follow":"follow","max-snippet":"max-snippet:-1","max-image-preview":"max-image-preview:large","max-video-preview":"max-video-preview:-1"},"canonical":"https:\/\/www.africa-press.net\/senegal\/sports\/ayoub-el-kaabi-brille-avec-double-a-olympiakos","og_locale":"fr_FR","og_type":"article","og_title":"Ayoub El-Ka\u00e2bi Brille avec Doubl\u00e9 \u00e0 Olympiakos","og_description":"Ayoub El-Kaa\u0302bi est en feu. L\u2019attaquant international marocain est sur les nuages depuis le de\u0301but de la saison. En te\u0301m ...","og_url":"https:\/\/www.africa-press.net\/senegal\/sports\/ayoub-el-kaabi-brille-avec-double-a-olympiakos","og_site_name":"Senegal","article_published_time":"2025-02-17T14:43:21+00:00","article_modified_time":"2025-05-05T21:32:55+00:00","og_image":[{"width":1395,"height":924,"url":"https:\/\/static.africa-press.net\/senegal\/sites\/13\/2025\/02\/sm_1739791511.723586.jpg","type":"image\/jpeg"}],"author":"cfeditorfr","twitter_card":"summary_large_image","twitter_misc":{"\u00c9crit par":"cfeditorfr","Dur\u00e9e de lecture estim\u00e9e":"1 minute"},"schema":{"@context":"https:\/\/schema.org","@graph":[{"@type":"Article","@id":"https:\/\/www.africa-press.net\/senegal\/sports\/ayoub-el-kaabi-brille-avec-double-a-olympiakos#article","isPartOf":{"@id":"https:\/\/www.africa-press.net\/senegal\/sports\/ayoub-el-kaabi-brille-avec-double-a-olympiakos"},"author":{"name":"cfeditorfr","@id":"https:\/\/www.africa-press.net\/senegal\/#\/schema\/person\/2b1cf3cd81a31e3cd26889ca66d677f1"},"headline":"Ayoub El-Ka\u00e2bi Brille avec Doubl\u00e9 \u00e0 Olympiakos","datePublished":"2025-02-17T14:43:21+00:00","dateModified":"2025-05-05T21:32:55+00:00","mainEntityOfPage":{"@id":"https:\/\/www.africa-press.net\/senegal\/sports\/ayoub-el-kaabi-brille-avec-double-a-olympiakos"},"wordCount":146,"commentCount":0,"image":{"@id":"https:\/\/www.africa-press.net\/senegal\/sports\/ayoub-el-kaabi-brille-avec-double-a-olympiakos#primaryimage"},"thumbnailUrl":"https:\/\/static.africa-press.net\/senegal\/sites\/13\/2025\/02\/sm_1739791511.723586.jpg","keywords":["Senegal"],"articleSection":["Sports","Toutes les actualit\u00e9s"],"inLanguage":"fr-FR","potentialAction":[{"@type":"CommentAction","name":"Comment","target":["https:\/\/www.africa-press.net\/senegal\/sports\/ayoub-el-kaabi-brille-avec-double-a-olympiakos#respond"]}]},{"@type":"WebPage","@id":"https:\/\/www.africa-press.net\/senegal\/sports\/ayoub-el-kaabi-brille-avec-double-a-olympiakos","url":"https:\/\/www.africa-press.net\/senegal\/sports\/ayoub-el-kaabi-brille-avec-double-a-olympiakos","name":"Ayoub El-Ka\u00e2bi Brille avec Doubl\u00e9 \u00e0 Olympiakos - Senegal","isPartOf":{"@id":"https:\/\/www.africa-press.net\/senegal\/#website"},"primaryImageOfPage":{"@id":"https:\/\/www.africa-press.net\/senegal\/sports\/ayoub-el-kaabi-brille-avec-double-a-olympiakos#primaryimage"},"image":{"@id":"https:\/\/www.africa-press.net\/senegal\/sports\/ayoub-el-kaabi-brille-avec-double-a-olympiakos#primaryimage"},"thumbnailUrl":"https:\/\/static.africa-press.net\/senegal\/sites\/13\/2025\/02\/sm_1739791511.723586.jpg","datePublished":"2025-02-17T14:43:21+00:00","dateModified":"2025-05-05T21:32:55+00:00","author":{"@id":"https:\/\/www.africa-press.net\/senegal\/#\/schema\/person\/2b1cf3cd81a31e3cd26889ca66d677f1"},"description":"Ayoub El-Kaa\u0302bi est en feu. L\u2019attaquant international marocain est sur les nuages depuis le de\u0301but de la saison. En te\u0301m ...","breadcrumb":{"@id":"https:\/\/www.africa-press.net\/senegal\/sports\/ayoub-el-kaabi-brille-avec-double-a-olympiakos#breadcrumb"},"inLanguage":"fr-FR","potentialAction":[{"@type":"ReadAction","target":["https:\/\/www.africa-press.net\/senegal\/sports\/ayoub-el-kaabi-brille-avec-double-a-olympiakos"]}]},{"@type":"ImageObject","inLanguage":"fr-FR","@id":"https:\/\/www.africa-press.net\/senegal\/sports\/ayoub-el-kaabi-brille-avec-double-a-olympiakos#primaryimage","url":"https:\/\/static.africa-press.net\/senegal\/sites\/13\/2025\/02\/sm_1739791511.723586.jpg","contentUrl":"https:\/\/static.africa-press.net\/senegal\/sites\/13\/2025\/02\/sm_1739791511.723586.jpg","width":1395,"height":924,"caption":"Ayoub El-Ka\u00e2bi Brille avec Doubl\u00e9 \u00e0 Olympiakos"},{"@type":"BreadcrumbList","@id":"https:\/\/www.africa-press.net\/senegal\/sports\/ayoub-el-kaabi-brille-avec-double-a-olympiakos#breadcrumb","itemListElement":[{"@type":"ListItem","position":1,"name":"Accueil","item":"https:\/\/www.africa-press.net\/senegal\/"},{"@type":"ListItem","position":2,"name":"Ayoub El-Ka\u00e2bi Brille avec Doubl\u00e9 \u00e0 Olympiakos"}]},{"@type":"WebSite","@id":"https:\/\/www.africa-press.net\/senegal\/#website","url":"https:\/\/www.africa-press.net\/senegal\/","name":"Africa Press | Senegal | Homepage","description":"Just another Africa News Agency Sites site","potentialAction":[{"@type":"SearchAction","target":{"@type":"EntryPoint","urlTemplate":"https:\/\/www.africa-press.net\/senegal\/?s={search_term_string}"},"query-input":{"@type":"PropertyValueSpecification","valueRequired":true,"valueName":"search_term_string"}}],"inLanguage":"fr-FR"},{"@type":"Person","@id":"https:\/\/www.africa-press.net\/senegal\/#\/schema\/person\/2b1cf3cd81a31e3cd26889ca66d677f1","name":"cfeditorfr","url":"https:\/\/www.africa-press.net\/senegal\/author\/cfeditorfr"}]}},"_links":{"self":[{"href":"https:\/\/www.africa-press.net\/senegal\/wp-json\/wp\/v2\/posts\/65509","targetHints":{"allow":["GET"]}}],"collection":[{"href":"https:\/\/www.africa-press.net\/senegal\/wp-json\/wp\/v2\/posts"}],"about":[{"href":"https:\/\/www.africa-press.net\/senegal\/wp-json\/wp\/v2\/types\/post"}],"author":[{"embeddable":true,"href":"https:\/\/www.africa-press.net\/senegal\/wp-json\/wp\/v2\/users\/82"}],"replies":[{"embeddable":true,"href":"https:\/\/www.africa-press.net\/senegal\/wp-json\/wp\/v2\/comments?post=65509"}],"version-history":[{"count":0,"href":"https:\/\/www.africa-press.net\/senegal\/wp-json\/wp\/v2\/posts\/65509\/revisions"}],"wp:featuredmedia":[{"embeddable":true,"href":"https:\/\/www.africa-press.net\/senegal\/wp-json\/wp\/v2\/media\/65508"}],"wp:attachment":[{"href":"https:\/\/www.africa-press.net\/senegal\/wp-json\/wp\/v2\/media?parent=65509"}],"wp:term":[{"taxonomy":"category","embeddable":true,"href":"https:\/\/www.africa-press.net\/senegal\/wp-json\/wp\/v2\/categories?post=65509"},{"taxonomy":"post_tag","embeddable":true,"href":"https:\/\/www.africa-press.net\/senegal\/wp-json\/wp\/v2\/tags?post=65509"}],"curies":[{"name":"wp","href":"https:\/\/api.w.org\/{rel}","templated":true}]}}