{"id":65511,"date":"2025-02-17T14:44:16","date_gmt":"2025-02-17T14:44:16","guid":{"rendered":"https:\/\/www.africa-press.net\/senegal\/politique\/keita-balde-exprime-espoir-apres-ses-debuts-a-monza"},"modified":"2025-05-05T21:35:02","modified_gmt":"2025-05-05T21:35:02","slug":"keita-balde-exprime-espoir-apres-ses-debuts-a-monza","status":"publish","type":"post","link":"https:\/\/www.africa-press.net\/senegal\/sports\/keita-balde-exprime-espoir-apres-ses-debuts-a-monza","title":{"rendered":"Keita Bald\u00e9 Exprime Espoir Apr\u00e8s Ses D\u00e9buts \u00e0 Monza"},"content":{"rendered":"<p><span style=\"color: #ff6600\"><strong>Africa-Press &#8211; Senegal. <\/strong><\/span>Keita Balde\u0301 a fait ses de\u0301buts ce weekend avec le maillot de Monza lors d\u2019un nul 0-0 contre Lecce. Occasion d\u2019envoyer un brin d\u2019espoir dans le c\u0153ur de ses nouveaux coe\u0301quipiers.<\/p>\n<p>L\u2019attaquant se\u0301ne\u0301galais et Monza ont arrache\u0301 un point. Cependant, cela ne change pas le classement de l\u2019e\u0301quipe de la Brianza, dernie\u0300re de Serie A avec 16 points. Ils sont a\u0300 sept points d\u2019Empoli, premier non rele\u0301gable.<\/p>\n<p>Apre\u0300s le match, Balde\u0301 s\u2019est confie\u0301. \u00ab Je veux apporter ma contribution a\u0300 l\u2019e\u0301quipe pour sortir de cette situation. Le club, mes coe\u0301quipiers et les supporters le me\u0301ritent. Nous devons faire beaucoup pour parvenir au salut, en e\u0301liminant nos peurs et nos angoisses. Nesta m\u2019a demande\u0301 de faire ma part, de toujours aller de l\u2019avant. Il sait ce que je peux apporter a\u0300 Monza. \u00bb<\/p>\n<p>Ce retour de Balde\u0301 en Serie A se re\u0301alise trois ans apre\u0300s sa dernie\u0300re saison a\u0300 Cagliari. \u00ab Tout s\u2019est passe\u0301 tre\u0300s vite. Je suis content d\u2019e\u0302tre de retour en Serie A et d\u2019e\u0302tre a\u0300 Monza. Il faut du courage pour gagner: je suis motive\u0301. C\u2019est une belle opportunite\u0301 pour moi. \u00bb<\/p>\n<p><strong>Pour plus d&rsquo;informations et d&rsquo;analyses sur la <span style=\"color: #ff6600\">Senegal<\/span>, suivez <span style=\"color: #ff6600\">Africa-Press<\/span><\/strong><\/p>\n","protected":false},"excerpt":{"rendered":"<p>Africa-Press &#8211; Senegal. Keita Balde\u0301 a fait ses de\u0301buts ce weekend avec le maillot de Monza lors d\u2019un nul 0-0 contre Lecce. Occasion d\u2019envoyer un brin d\u2019espoir dans le c\u0153ur de ses nouveaux coe\u0301quipiers. L\u2019attaquant se\u0301ne\u0301galais et Monza ont arrache\u0301 un point. Cependant, cela ne change pas le classement de l\u2019e\u0301quipe de la Brianza, dernie\u0300re [&hellip;]<\/p>\n","protected":false},"author":82,"featured_media":65510,"comment_status":"open","ping_status":"closed","sticky":false,"template":"","format":"standard","meta":{"footnotes":""},"categories":[6,10],"tags":[44],"class_list":["post-65511","post","type-post","status-publish","format-standard","has-post-thumbnail","hentry","category-sports","category-toutes-les-actualites","tag-senegal-2"],"yoast_head":"<!-- This site is optimized with the Yoast SEO Premium plugin v26.1 (Yoast SEO v27.0) - https:\/\/yoast.com\/product\/yoast-seo-premium-wordpress\/ -->\n<title>Keita Bald\u00e9 Exprime Espoir Apr\u00e8s Ses D\u00e9buts \u00e0 Monza - Senegal<\/title>\n<meta name=\"description\" content=\"Keita Balde\u0301 a fait ses de\u0301buts ce weekend avec le maillot de Monza lors d\u2019un nul 0-0 contre Lecce. Occasion d\u2019envoyer u ...\" \/>\n<meta name=\"robots\" content=\"index, follow, max-snippet:-1, max-image-preview:large, max-video-preview:-1\" \/>\n<link rel=\"canonical\" href=\"https:\/\/www.africa-press.net\/senegal\/sports\/keita-balde-exprime-espoir-apres-ses-debuts-a-monza\" \/>\n<meta property=\"og:locale\" content=\"fr_FR\" \/>\n<meta property=\"og:type\" content=\"article\" \/>\n<meta property=\"og:title\" content=\"Keita Bald\u00e9 Exprime Espoir Apr\u00e8s Ses D\u00e9buts \u00e0 Monza\" \/>\n<meta property=\"og:description\" content=\"Keita Balde\u0301 a fait ses de\u0301buts ce weekend avec le maillot de Monza lors d\u2019un nul 0-0 contre Lecce. Occasion d\u2019envoyer u ...\" \/>\n<meta property=\"og:url\" content=\"https:\/\/www.africa-press.net\/senegal\/sports\/keita-balde-exprime-espoir-apres-ses-debuts-a-monza\" \/>\n<meta property=\"og:site_name\" content=\"Senegal\" \/>\n<meta property=\"article:published_time\" content=\"2025-02-17T14:44:16+00:00\" \/>\n<meta property=\"article:modified_time\" content=\"2025-05-05T21:35:02+00:00\" \/>\n<meta property=\"og:image\" content=\"https:\/\/static.africa-press.net\/senegal\/sites\/13\/2025\/02\/sm_1739791607.715405.jpg\" \/>\n\t<meta property=\"og:image:width\" content=\"1080\" \/>\n\t<meta property=\"og:image:height\" content=\"670\" \/>\n\t<meta property=\"og:image:type\" content=\"image\/jpeg\" \/>\n<meta name=\"author\" content=\"cfeditorfr\" \/>\n<meta name=\"twitter:card\" content=\"summary_large_image\" \/>\n<meta name=\"twitter:label1\" content=\"\u00c9crit par\" \/>\n\t<meta name=\"twitter:data1\" content=\"cfeditorfr\" \/>\n\t<meta name=\"twitter:label2\" content=\"Dur\u00e9e de lecture estim\u00e9e\" \/>\n\t<meta name=\"twitter:data2\" content=\"2 minutes\" \/>\n<script type=\"application\/ld+json\" class=\"yoast-schema-graph\">{\"@context\":\"https:\/\/schema.org\",\"@graph\":[{\"@type\":\"Article\",\"@id\":\"https:\/\/www.africa-press.net\/senegal\/sports\/keita-balde-exprime-espoir-apres-ses-debuts-a-monza#article\",\"isPartOf\":{\"@id\":\"https:\/\/www.africa-press.net\/senegal\/sports\/keita-balde-exprime-espoir-apres-ses-debuts-a-monza\"},\"author\":{\"name\":\"cfeditorfr\",\"@id\":\"https:\/\/www.africa-press.net\/senegal\/#\/schema\/person\/2b1cf3cd81a31e3cd26889ca66d677f1\"},\"headline\":\"Keita Bald\u00e9 Exprime Espoir Apr\u00e8s Ses D\u00e9buts \u00e0 Monza\",\"datePublished\":\"2025-02-17T14:44:16+00:00\",\"dateModified\":\"2025-05-05T21:35:02+00:00\",\"mainEntityOfPage\":{\"@id\":\"https:\/\/www.africa-press.net\/senegal\/sports\/keita-balde-exprime-espoir-apres-ses-debuts-a-monza\"},\"wordCount\":237,\"commentCount\":0,\"image\":{\"@id\":\"https:\/\/www.africa-press.net\/senegal\/sports\/keita-balde-exprime-espoir-apres-ses-debuts-a-monza#primaryimage\"},\"thumbnailUrl\":\"https:\/\/static.africa-press.net\/senegal\/sites\/13\/2025\/02\/sm_1739791607.715405.jpg\",\"keywords\":[\"Senegal\"],\"articleSection\":[\"Sports\",\"Toutes les actualit\u00e9s\"],\"inLanguage\":\"fr-FR\",\"potentialAction\":[{\"@type\":\"CommentAction\",\"name\":\"Comment\",\"target\":[\"https:\/\/www.africa-press.net\/senegal\/sports\/keita-balde-exprime-espoir-apres-ses-debuts-a-monza#respond\"]}]},{\"@type\":\"WebPage\",\"@id\":\"https:\/\/www.africa-press.net\/senegal\/sports\/keita-balde-exprime-espoir-apres-ses-debuts-a-monza\",\"url\":\"https:\/\/www.africa-press.net\/senegal\/sports\/keita-balde-exprime-espoir-apres-ses-debuts-a-monza\",\"name\":\"Keita Bald\u00e9 Exprime Espoir Apr\u00e8s Ses D\u00e9buts \u00e0 Monza - Senegal\",\"isPartOf\":{\"@id\":\"https:\/\/www.africa-press.net\/senegal\/#website\"},\"primaryImageOfPage\":{\"@id\":\"https:\/\/www.africa-press.net\/senegal\/sports\/keita-balde-exprime-espoir-apres-ses-debuts-a-monza#primaryimage\"},\"image\":{\"@id\":\"https:\/\/www.africa-press.net\/senegal\/sports\/keita-balde-exprime-espoir-apres-ses-debuts-a-monza#primaryimage\"},\"thumbnailUrl\":\"https:\/\/static.africa-press.net\/senegal\/sites\/13\/2025\/02\/sm_1739791607.715405.jpg\",\"datePublished\":\"2025-02-17T14:44:16+00:00\",\"dateModified\":\"2025-05-05T21:35:02+00:00\",\"author\":{\"@id\":\"https:\/\/www.africa-press.net\/senegal\/#\/schema\/person\/2b1cf3cd81a31e3cd26889ca66d677f1\"},\"description\":\"Keita Balde\u0301 a fait ses de\u0301buts ce weekend avec le maillot de Monza lors d\u2019un nul 0-0 contre Lecce. Occasion d\u2019envoyer u ...\",\"breadcrumb\":{\"@id\":\"https:\/\/www.africa-press.net\/senegal\/sports\/keita-balde-exprime-espoir-apres-ses-debuts-a-monza#breadcrumb\"},\"inLanguage\":\"fr-FR\",\"potentialAction\":[{\"@type\":\"ReadAction\",\"target\":[\"https:\/\/www.africa-press.net\/senegal\/sports\/keita-balde-exprime-espoir-apres-ses-debuts-a-monza\"]}]},{\"@type\":\"ImageObject\",\"inLanguage\":\"fr-FR\",\"@id\":\"https:\/\/www.africa-press.net\/senegal\/sports\/keita-balde-exprime-espoir-apres-ses-debuts-a-monza#primaryimage\",\"url\":\"https:\/\/static.africa-press.net\/senegal\/sites\/13\/2025\/02\/sm_1739791607.715405.jpg\",\"contentUrl\":\"https:\/\/static.africa-press.net\/senegal\/sites\/13\/2025\/02\/sm_1739791607.715405.jpg\",\"width\":1080,\"height\":670,\"caption\":\"Keita Bald\u00e9 Exprime Espoir Apr\u00e8s Ses D\u00e9buts \u00e0 Monza\"},{\"@type\":\"BreadcrumbList\",\"@id\":\"https:\/\/www.africa-press.net\/senegal\/sports\/keita-balde-exprime-espoir-apres-ses-debuts-a-monza#breadcrumb\",\"itemListElement\":[{\"@type\":\"ListItem\",\"position\":1,\"name\":\"Accueil\",\"item\":\"https:\/\/www.africa-press.net\/senegal\/\"},{\"@type\":\"ListItem\",\"position\":2,\"name\":\"Keita Bald\u00e9 Exprime Espoir Apr\u00e8s Ses D\u00e9buts \u00e0 Monza\"}]},{\"@type\":\"WebSite\",\"@id\":\"https:\/\/www.africa-press.net\/senegal\/#website\",\"url\":\"https:\/\/www.africa-press.net\/senegal\/\",\"name\":\"Africa Press | Senegal | Homepage\",\"description\":\"Just another Africa News Agency Sites site\",\"potentialAction\":[{\"@type\":\"SearchAction\",\"target\":{\"@type\":\"EntryPoint\",\"urlTemplate\":\"https:\/\/www.africa-press.net\/senegal\/?s={search_term_string}\"},\"query-input\":{\"@type\":\"PropertyValueSpecification\",\"valueRequired\":true,\"valueName\":\"search_term_string\"}}],\"inLanguage\":\"fr-FR\"},{\"@type\":\"Person\",\"@id\":\"https:\/\/www.africa-press.net\/senegal\/#\/schema\/person\/2b1cf3cd81a31e3cd26889ca66d677f1\",\"name\":\"cfeditorfr\",\"url\":\"https:\/\/www.africa-press.net\/senegal\/author\/cfeditorfr\"}]}<\/script>\n<!-- \/ Yoast SEO Premium plugin. -->","yoast_head_json":{"title":"Keita Bald\u00e9 Exprime Espoir Apr\u00e8s Ses D\u00e9buts \u00e0 Monza - Senegal","description":"Keita Balde\u0301 a fait ses de\u0301buts ce weekend avec le maillot de Monza lors d\u2019un nul 0-0 contre Lecce. Occasion d\u2019envoyer u ...","robots":{"index":"index","follow":"follow","max-snippet":"max-snippet:-1","max-image-preview":"max-image-preview:large","max-video-preview":"max-video-preview:-1"},"canonical":"https:\/\/www.africa-press.net\/senegal\/sports\/keita-balde-exprime-espoir-apres-ses-debuts-a-monza","og_locale":"fr_FR","og_type":"article","og_title":"Keita Bald\u00e9 Exprime Espoir Apr\u00e8s Ses D\u00e9buts \u00e0 Monza","og_description":"Keita Balde\u0301 a fait ses de\u0301buts ce weekend avec le maillot de Monza lors d\u2019un nul 0-0 contre Lecce. Occasion d\u2019envoyer u ...","og_url":"https:\/\/www.africa-press.net\/senegal\/sports\/keita-balde-exprime-espoir-apres-ses-debuts-a-monza","og_site_name":"Senegal","article_published_time":"2025-02-17T14:44:16+00:00","article_modified_time":"2025-05-05T21:35:02+00:00","og_image":[{"width":1080,"height":670,"url":"https:\/\/static.africa-press.net\/senegal\/sites\/13\/2025\/02\/sm_1739791607.715405.jpg","type":"image\/jpeg"}],"author":"cfeditorfr","twitter_card":"summary_large_image","twitter_misc":{"\u00c9crit par":"cfeditorfr","Dur\u00e9e de lecture estim\u00e9e":"2 minutes"},"schema":{"@context":"https:\/\/schema.org","@graph":[{"@type":"Article","@id":"https:\/\/www.africa-press.net\/senegal\/sports\/keita-balde-exprime-espoir-apres-ses-debuts-a-monza#article","isPartOf":{"@id":"https:\/\/www.africa-press.net\/senegal\/sports\/keita-balde-exprime-espoir-apres-ses-debuts-a-monza"},"author":{"name":"cfeditorfr","@id":"https:\/\/www.africa-press.net\/senegal\/#\/schema\/person\/2b1cf3cd81a31e3cd26889ca66d677f1"},"headline":"Keita Bald\u00e9 Exprime Espoir Apr\u00e8s Ses D\u00e9buts \u00e0 Monza","datePublished":"2025-02-17T14:44:16+00:00","dateModified":"2025-05-05T21:35:02+00:00","mainEntityOfPage":{"@id":"https:\/\/www.africa-press.net\/senegal\/sports\/keita-balde-exprime-espoir-apres-ses-debuts-a-monza"},"wordCount":237,"commentCount":0,"image":{"@id":"https:\/\/www.africa-press.net\/senegal\/sports\/keita-balde-exprime-espoir-apres-ses-debuts-a-monza#primaryimage"},"thumbnailUrl":"https:\/\/static.africa-press.net\/senegal\/sites\/13\/2025\/02\/sm_1739791607.715405.jpg","keywords":["Senegal"],"articleSection":["Sports","Toutes les actualit\u00e9s"],"inLanguage":"fr-FR","potentialAction":[{"@type":"CommentAction","name":"Comment","target":["https:\/\/www.africa-press.net\/senegal\/sports\/keita-balde-exprime-espoir-apres-ses-debuts-a-monza#respond"]}]},{"@type":"WebPage","@id":"https:\/\/www.africa-press.net\/senegal\/sports\/keita-balde-exprime-espoir-apres-ses-debuts-a-monza","url":"https:\/\/www.africa-press.net\/senegal\/sports\/keita-balde-exprime-espoir-apres-ses-debuts-a-monza","name":"Keita Bald\u00e9 Exprime Espoir Apr\u00e8s Ses D\u00e9buts \u00e0 Monza - Senegal","isPartOf":{"@id":"https:\/\/www.africa-press.net\/senegal\/#website"},"primaryImageOfPage":{"@id":"https:\/\/www.africa-press.net\/senegal\/sports\/keita-balde-exprime-espoir-apres-ses-debuts-a-monza#primaryimage"},"image":{"@id":"https:\/\/www.africa-press.net\/senegal\/sports\/keita-balde-exprime-espoir-apres-ses-debuts-a-monza#primaryimage"},"thumbnailUrl":"https:\/\/static.africa-press.net\/senegal\/sites\/13\/2025\/02\/sm_1739791607.715405.jpg","datePublished":"2025-02-17T14:44:16+00:00","dateModified":"2025-05-05T21:35:02+00:00","author":{"@id":"https:\/\/www.africa-press.net\/senegal\/#\/schema\/person\/2b1cf3cd81a31e3cd26889ca66d677f1"},"description":"Keita Balde\u0301 a fait ses de\u0301buts ce weekend avec le maillot de Monza lors d\u2019un nul 0-0 contre Lecce. Occasion d\u2019envoyer u ...","breadcrumb":{"@id":"https:\/\/www.africa-press.net\/senegal\/sports\/keita-balde-exprime-espoir-apres-ses-debuts-a-monza#breadcrumb"},"inLanguage":"fr-FR","potentialAction":[{"@type":"ReadAction","target":["https:\/\/www.africa-press.net\/senegal\/sports\/keita-balde-exprime-espoir-apres-ses-debuts-a-monza"]}]},{"@type":"ImageObject","inLanguage":"fr-FR","@id":"https:\/\/www.africa-press.net\/senegal\/sports\/keita-balde-exprime-espoir-apres-ses-debuts-a-monza#primaryimage","url":"https:\/\/static.africa-press.net\/senegal\/sites\/13\/2025\/02\/sm_1739791607.715405.jpg","contentUrl":"https:\/\/static.africa-press.net\/senegal\/sites\/13\/2025\/02\/sm_1739791607.715405.jpg","width":1080,"height":670,"caption":"Keita Bald\u00e9 Exprime Espoir Apr\u00e8s Ses D\u00e9buts \u00e0 Monza"},{"@type":"BreadcrumbList","@id":"https:\/\/www.africa-press.net\/senegal\/sports\/keita-balde-exprime-espoir-apres-ses-debuts-a-monza#breadcrumb","itemListElement":[{"@type":"ListItem","position":1,"name":"Accueil","item":"https:\/\/www.africa-press.net\/senegal\/"},{"@type":"ListItem","position":2,"name":"Keita Bald\u00e9 Exprime Espoir Apr\u00e8s Ses D\u00e9buts \u00e0 Monza"}]},{"@type":"WebSite","@id":"https:\/\/www.africa-press.net\/senegal\/#website","url":"https:\/\/www.africa-press.net\/senegal\/","name":"Africa Press | Senegal | Homepage","description":"Just another Africa News Agency Sites site","potentialAction":[{"@type":"SearchAction","target":{"@type":"EntryPoint","urlTemplate":"https:\/\/www.africa-press.net\/senegal\/?s={search_term_string}"},"query-input":{"@type":"PropertyValueSpecification","valueRequired":true,"valueName":"search_term_string"}}],"inLanguage":"fr-FR"},{"@type":"Person","@id":"https:\/\/www.africa-press.net\/senegal\/#\/schema\/person\/2b1cf3cd81a31e3cd26889ca66d677f1","name":"cfeditorfr","url":"https:\/\/www.africa-press.net\/senegal\/author\/cfeditorfr"}]}},"_links":{"self":[{"href":"https:\/\/www.africa-press.net\/senegal\/wp-json\/wp\/v2\/posts\/65511","targetHints":{"allow":["GET"]}}],"collection":[{"href":"https:\/\/www.africa-press.net\/senegal\/wp-json\/wp\/v2\/posts"}],"about":[{"href":"https:\/\/www.africa-press.net\/senegal\/wp-json\/wp\/v2\/types\/post"}],"author":[{"embeddable":true,"href":"https:\/\/www.africa-press.net\/senegal\/wp-json\/wp\/v2\/users\/82"}],"replies":[{"embeddable":true,"href":"https:\/\/www.africa-press.net\/senegal\/wp-json\/wp\/v2\/comments?post=65511"}],"version-history":[{"count":0,"href":"https:\/\/www.africa-press.net\/senegal\/wp-json\/wp\/v2\/posts\/65511\/revisions"}],"wp:featuredmedia":[{"embeddable":true,"href":"https:\/\/www.africa-press.net\/senegal\/wp-json\/wp\/v2\/media\/65510"}],"wp:attachment":[{"href":"https:\/\/www.africa-press.net\/senegal\/wp-json\/wp\/v2\/media?parent=65511"}],"wp:term":[{"taxonomy":"category","embeddable":true,"href":"https:\/\/www.africa-press.net\/senegal\/wp-json\/wp\/v2\/categories?post=65511"},{"taxonomy":"post_tag","embeddable":true,"href":"https:\/\/www.africa-press.net\/senegal\/wp-json\/wp\/v2\/tags?post=65511"}],"curies":[{"name":"wp","href":"https:\/\/api.w.org\/{rel}","templated":true}]}}