{"id":65543,"date":"2025-02-17T11:48:09","date_gmt":"2025-02-17T11:48:09","guid":{"rendered":"https:\/\/www.africa-press.net\/senegal\/politique\/creation-dune-force-maritime-conjointe-pour-le-golfe"},"modified":"2025-05-05T22:00:16","modified_gmt":"2025-05-05T22:00:16","slug":"creation-dune-force-maritime-conjointe-pour-le-golfe","status":"publish","type":"post","link":"https:\/\/www.africa-press.net\/senegal\/politique\/creation-dune-force-maritime-conjointe-pour-le-golfe","title":{"rendered":"Cr\u00e9ation D&rsquo;Une Force Maritime Conjointe pour le Golfe"},"content":{"rendered":"<p><span style=\"color: #ff6600\"><strong>Africa-Press &#8211; Senegal. <\/strong><\/span>Cette proposition a e\u0301te\u0301 avance\u0301e par le Pre\u0301sident nige\u0301rian Tinubu lors du 38e Sommet de l&rsquo;Union africaine a\u0300 Addis-Abeba.<\/p>\n<p>Le sie\u0300ge de cette force pourrait e\u0302tre base\u0301 dans la ville nige\u0301riane de Lagos, selon lui.<\/p>\n<p>L&rsquo;initiative est conforme a\u0300 l&rsquo;engagement du Nige\u0301ria a\u0300 fournir des services de transport maritime strate\u0301gique pour les ope\u0301rations de l&rsquo;UA, notamment le soutien a\u0300 la paix, la re\u0301ponse aux catastrophes et les missions humanitaires.<\/p>\n<p>M.Tinubu a e\u0301galement salue\u0301 la transformation du centre de lutte contre le terrorisme du Nige\u0301ria en centre re\u0301gional et le renouvellement du mandat de la Force ope\u0301rationnelle multinationale mixte dans la re\u0301gion du lac Tchad.<\/p>\n<p><strong>Pour plus d&rsquo;informations et d&rsquo;analyses sur la <span style=\"color: #ff6600\">Senegal<\/span>, suivez <span style=\"color: #ff6600\">Africa-Press<\/span><\/strong><\/p>\n","protected":false},"excerpt":{"rendered":"<p>Africa-Press &#8211; Senegal. Cette proposition a e\u0301te\u0301 avance\u0301e par le Pre\u0301sident nige\u0301rian Tinubu lors du 38e Sommet de l&rsquo;Union africaine a\u0300 Addis-Abeba. Le sie\u0300ge de cette force pourrait e\u0302tre base\u0301 dans la ville nige\u0301riane de Lagos, selon lui. L&rsquo;initiative est conforme a\u0300 l&rsquo;engagement du Nige\u0301ria a\u0300 fournir des services de transport maritime strate\u0301gique pour les [&hellip;]<\/p>\n","protected":false},"author":82,"featured_media":65542,"comment_status":"open","ping_status":"closed","sticky":false,"template":"","format":"standard","meta":{"footnotes":""},"categories":[2,10],"tags":[44],"class_list":["post-65543","post","type-post","status-publish","format-standard","has-post-thumbnail","hentry","category-politique","category-toutes-les-actualites","tag-senegal-2"],"yoast_head":"<!-- This site is optimized with the Yoast SEO Premium plugin v26.1 (Yoast SEO v27.0) - https:\/\/yoast.com\/product\/yoast-seo-premium-wordpress\/ -->\n<title>Cr\u00e9ation D&#039;Une Force Maritime Conjointe pour le Golfe - Senegal<\/title>\n<meta name=\"description\" content=\"Cette proposition a e\u0301te\u0301 avance\u0301e par le Pre\u0301sident nige\u0301rian Tinubu lors du 38e Sommet de l&#039;Union africaine a\u0300 Addis-A ...\" \/>\n<meta name=\"robots\" content=\"index, follow, max-snippet:-1, max-image-preview:large, max-video-preview:-1\" \/>\n<link rel=\"canonical\" href=\"https:\/\/www.africa-press.net\/senegal\/politique\/creation-dune-force-maritime-conjointe-pour-le-golfe\" \/>\n<meta property=\"og:locale\" content=\"fr_FR\" \/>\n<meta property=\"og:type\" content=\"article\" \/>\n<meta property=\"og:title\" content=\"Cr\u00e9ation D&#039;Une Force Maritime Conjointe pour le Golfe\" \/>\n<meta property=\"og:description\" content=\"Cette proposition a e\u0301te\u0301 avance\u0301e par le Pre\u0301sident nige\u0301rian Tinubu lors du 38e Sommet de l&#039;Union africaine a\u0300 Addis-A ...\" \/>\n<meta property=\"og:url\" content=\"https:\/\/www.africa-press.net\/senegal\/politique\/creation-dune-force-maritime-conjointe-pour-le-golfe\" \/>\n<meta property=\"og:site_name\" content=\"Senegal\" \/>\n<meta property=\"article:published_time\" content=\"2025-02-17T11:48:09+00:00\" \/>\n<meta property=\"article:modified_time\" content=\"2025-05-05T22:00:16+00:00\" \/>\n<meta property=\"og:image\" content=\"https:\/\/static.africa-press.net\/senegal\/sites\/13\/2025\/02\/sm_1739867928.665367.jpg\" \/>\n\t<meta property=\"og:image:width\" content=\"1350\" \/>\n\t<meta property=\"og:image:height\" content=\"900\" \/>\n\t<meta property=\"og:image:type\" content=\"image\/jpeg\" \/>\n<meta name=\"author\" content=\"cfeditorfr\" \/>\n<meta name=\"twitter:card\" content=\"summary_large_image\" \/>\n<meta name=\"twitter:label1\" content=\"\u00c9crit par\" \/>\n\t<meta name=\"twitter:data1\" content=\"cfeditorfr\" \/>\n\t<meta name=\"twitter:label2\" content=\"Dur\u00e9e de lecture estim\u00e9e\" \/>\n\t<meta name=\"twitter:data2\" content=\"1 minute\" \/>\n<script type=\"application\/ld+json\" class=\"yoast-schema-graph\">{\"@context\":\"https:\/\/schema.org\",\"@graph\":[{\"@type\":\"Article\",\"@id\":\"https:\/\/www.africa-press.net\/senegal\/politique\/creation-dune-force-maritime-conjointe-pour-le-golfe#article\",\"isPartOf\":{\"@id\":\"https:\/\/www.africa-press.net\/senegal\/politique\/creation-dune-force-maritime-conjointe-pour-le-golfe\"},\"author\":{\"name\":\"cfeditorfr\",\"@id\":\"https:\/\/www.africa-press.net\/senegal\/#\/schema\/person\/2b1cf3cd81a31e3cd26889ca66d677f1\"},\"headline\":\"Cr\u00e9ation D&rsquo;Une Force Maritime Conjointe pour le Golfe\",\"datePublished\":\"2025-02-17T11:48:09+00:00\",\"dateModified\":\"2025-05-05T22:00:16+00:00\",\"mainEntityOfPage\":{\"@id\":\"https:\/\/www.africa-press.net\/senegal\/politique\/creation-dune-force-maritime-conjointe-pour-le-golfe\"},\"wordCount\":150,\"commentCount\":0,\"image\":{\"@id\":\"https:\/\/www.africa-press.net\/senegal\/politique\/creation-dune-force-maritime-conjointe-pour-le-golfe#primaryimage\"},\"thumbnailUrl\":\"https:\/\/static.africa-press.net\/senegal\/sites\/13\/2025\/02\/sm_1739867928.665367.jpg\",\"keywords\":[\"Senegal\"],\"articleSection\":[\"Politique\",\"Toutes les actualit\u00e9s\"],\"inLanguage\":\"fr-FR\",\"potentialAction\":[{\"@type\":\"CommentAction\",\"name\":\"Comment\",\"target\":[\"https:\/\/www.africa-press.net\/senegal\/politique\/creation-dune-force-maritime-conjointe-pour-le-golfe#respond\"]}]},{\"@type\":\"WebPage\",\"@id\":\"https:\/\/www.africa-press.net\/senegal\/politique\/creation-dune-force-maritime-conjointe-pour-le-golfe\",\"url\":\"https:\/\/www.africa-press.net\/senegal\/politique\/creation-dune-force-maritime-conjointe-pour-le-golfe\",\"name\":\"Cr\u00e9ation D'Une Force Maritime Conjointe pour le Golfe - Senegal\",\"isPartOf\":{\"@id\":\"https:\/\/www.africa-press.net\/senegal\/#website\"},\"primaryImageOfPage\":{\"@id\":\"https:\/\/www.africa-press.net\/senegal\/politique\/creation-dune-force-maritime-conjointe-pour-le-golfe#primaryimage\"},\"image\":{\"@id\":\"https:\/\/www.africa-press.net\/senegal\/politique\/creation-dune-force-maritime-conjointe-pour-le-golfe#primaryimage\"},\"thumbnailUrl\":\"https:\/\/static.africa-press.net\/senegal\/sites\/13\/2025\/02\/sm_1739867928.665367.jpg\",\"datePublished\":\"2025-02-17T11:48:09+00:00\",\"dateModified\":\"2025-05-05T22:00:16+00:00\",\"author\":{\"@id\":\"https:\/\/www.africa-press.net\/senegal\/#\/schema\/person\/2b1cf3cd81a31e3cd26889ca66d677f1\"},\"description\":\"Cette proposition a e\u0301te\u0301 avance\u0301e par le Pre\u0301sident nige\u0301rian Tinubu lors du 38e Sommet de l'Union africaine a\u0300 Addis-A ...\",\"breadcrumb\":{\"@id\":\"https:\/\/www.africa-press.net\/senegal\/politique\/creation-dune-force-maritime-conjointe-pour-le-golfe#breadcrumb\"},\"inLanguage\":\"fr-FR\",\"potentialAction\":[{\"@type\":\"ReadAction\",\"target\":[\"https:\/\/www.africa-press.net\/senegal\/politique\/creation-dune-force-maritime-conjointe-pour-le-golfe\"]}]},{\"@type\":\"ImageObject\",\"inLanguage\":\"fr-FR\",\"@id\":\"https:\/\/www.africa-press.net\/senegal\/politique\/creation-dune-force-maritime-conjointe-pour-le-golfe#primaryimage\",\"url\":\"https:\/\/static.africa-press.net\/senegal\/sites\/13\/2025\/02\/sm_1739867928.665367.jpg\",\"contentUrl\":\"https:\/\/static.africa-press.net\/senegal\/sites\/13\/2025\/02\/sm_1739867928.665367.jpg\",\"width\":1350,\"height\":900,\"caption\":\"Cr\u00e9ation D'Une Force Maritime Conjointe pour le Golfe\"},{\"@type\":\"BreadcrumbList\",\"@id\":\"https:\/\/www.africa-press.net\/senegal\/politique\/creation-dune-force-maritime-conjointe-pour-le-golfe#breadcrumb\",\"itemListElement\":[{\"@type\":\"ListItem\",\"position\":1,\"name\":\"Accueil\",\"item\":\"https:\/\/www.africa-press.net\/senegal\/\"},{\"@type\":\"ListItem\",\"position\":2,\"name\":\"Cr\u00e9ation D&rsquo;Une Force Maritime Conjointe pour le Golfe\"}]},{\"@type\":\"WebSite\",\"@id\":\"https:\/\/www.africa-press.net\/senegal\/#website\",\"url\":\"https:\/\/www.africa-press.net\/senegal\/\",\"name\":\"Africa Press | Senegal | Homepage\",\"description\":\"Just another Africa News Agency Sites site\",\"potentialAction\":[{\"@type\":\"SearchAction\",\"target\":{\"@type\":\"EntryPoint\",\"urlTemplate\":\"https:\/\/www.africa-press.net\/senegal\/?s={search_term_string}\"},\"query-input\":{\"@type\":\"PropertyValueSpecification\",\"valueRequired\":true,\"valueName\":\"search_term_string\"}}],\"inLanguage\":\"fr-FR\"},{\"@type\":\"Person\",\"@id\":\"https:\/\/www.africa-press.net\/senegal\/#\/schema\/person\/2b1cf3cd81a31e3cd26889ca66d677f1\",\"name\":\"cfeditorfr\",\"url\":\"https:\/\/www.africa-press.net\/senegal\/author\/cfeditorfr\"}]}<\/script>\n<!-- \/ Yoast SEO Premium plugin. -->","yoast_head_json":{"title":"Cr\u00e9ation D'Une Force Maritime Conjointe pour le Golfe - Senegal","description":"Cette proposition a e\u0301te\u0301 avance\u0301e par le Pre\u0301sident nige\u0301rian Tinubu lors du 38e Sommet de l'Union africaine a\u0300 Addis-A ...","robots":{"index":"index","follow":"follow","max-snippet":"max-snippet:-1","max-image-preview":"max-image-preview:large","max-video-preview":"max-video-preview:-1"},"canonical":"https:\/\/www.africa-press.net\/senegal\/politique\/creation-dune-force-maritime-conjointe-pour-le-golfe","og_locale":"fr_FR","og_type":"article","og_title":"Cr\u00e9ation D'Une Force Maritime Conjointe pour le Golfe","og_description":"Cette proposition a e\u0301te\u0301 avance\u0301e par le Pre\u0301sident nige\u0301rian Tinubu lors du 38e Sommet de l'Union africaine a\u0300 Addis-A ...","og_url":"https:\/\/www.africa-press.net\/senegal\/politique\/creation-dune-force-maritime-conjointe-pour-le-golfe","og_site_name":"Senegal","article_published_time":"2025-02-17T11:48:09+00:00","article_modified_time":"2025-05-05T22:00:16+00:00","og_image":[{"width":1350,"height":900,"url":"https:\/\/static.africa-press.net\/senegal\/sites\/13\/2025\/02\/sm_1739867928.665367.jpg","type":"image\/jpeg"}],"author":"cfeditorfr","twitter_card":"summary_large_image","twitter_misc":{"\u00c9crit par":"cfeditorfr","Dur\u00e9e de lecture estim\u00e9e":"1 minute"},"schema":{"@context":"https:\/\/schema.org","@graph":[{"@type":"Article","@id":"https:\/\/www.africa-press.net\/senegal\/politique\/creation-dune-force-maritime-conjointe-pour-le-golfe#article","isPartOf":{"@id":"https:\/\/www.africa-press.net\/senegal\/politique\/creation-dune-force-maritime-conjointe-pour-le-golfe"},"author":{"name":"cfeditorfr","@id":"https:\/\/www.africa-press.net\/senegal\/#\/schema\/person\/2b1cf3cd81a31e3cd26889ca66d677f1"},"headline":"Cr\u00e9ation D&rsquo;Une Force Maritime Conjointe pour le Golfe","datePublished":"2025-02-17T11:48:09+00:00","dateModified":"2025-05-05T22:00:16+00:00","mainEntityOfPage":{"@id":"https:\/\/www.africa-press.net\/senegal\/politique\/creation-dune-force-maritime-conjointe-pour-le-golfe"},"wordCount":150,"commentCount":0,"image":{"@id":"https:\/\/www.africa-press.net\/senegal\/politique\/creation-dune-force-maritime-conjointe-pour-le-golfe#primaryimage"},"thumbnailUrl":"https:\/\/static.africa-press.net\/senegal\/sites\/13\/2025\/02\/sm_1739867928.665367.jpg","keywords":["Senegal"],"articleSection":["Politique","Toutes les actualit\u00e9s"],"inLanguage":"fr-FR","potentialAction":[{"@type":"CommentAction","name":"Comment","target":["https:\/\/www.africa-press.net\/senegal\/politique\/creation-dune-force-maritime-conjointe-pour-le-golfe#respond"]}]},{"@type":"WebPage","@id":"https:\/\/www.africa-press.net\/senegal\/politique\/creation-dune-force-maritime-conjointe-pour-le-golfe","url":"https:\/\/www.africa-press.net\/senegal\/politique\/creation-dune-force-maritime-conjointe-pour-le-golfe","name":"Cr\u00e9ation D'Une Force Maritime Conjointe pour le Golfe - Senegal","isPartOf":{"@id":"https:\/\/www.africa-press.net\/senegal\/#website"},"primaryImageOfPage":{"@id":"https:\/\/www.africa-press.net\/senegal\/politique\/creation-dune-force-maritime-conjointe-pour-le-golfe#primaryimage"},"image":{"@id":"https:\/\/www.africa-press.net\/senegal\/politique\/creation-dune-force-maritime-conjointe-pour-le-golfe#primaryimage"},"thumbnailUrl":"https:\/\/static.africa-press.net\/senegal\/sites\/13\/2025\/02\/sm_1739867928.665367.jpg","datePublished":"2025-02-17T11:48:09+00:00","dateModified":"2025-05-05T22:00:16+00:00","author":{"@id":"https:\/\/www.africa-press.net\/senegal\/#\/schema\/person\/2b1cf3cd81a31e3cd26889ca66d677f1"},"description":"Cette proposition a e\u0301te\u0301 avance\u0301e par le Pre\u0301sident nige\u0301rian Tinubu lors du 38e Sommet de l'Union africaine a\u0300 Addis-A ...","breadcrumb":{"@id":"https:\/\/www.africa-press.net\/senegal\/politique\/creation-dune-force-maritime-conjointe-pour-le-golfe#breadcrumb"},"inLanguage":"fr-FR","potentialAction":[{"@type":"ReadAction","target":["https:\/\/www.africa-press.net\/senegal\/politique\/creation-dune-force-maritime-conjointe-pour-le-golfe"]}]},{"@type":"ImageObject","inLanguage":"fr-FR","@id":"https:\/\/www.africa-press.net\/senegal\/politique\/creation-dune-force-maritime-conjointe-pour-le-golfe#primaryimage","url":"https:\/\/static.africa-press.net\/senegal\/sites\/13\/2025\/02\/sm_1739867928.665367.jpg","contentUrl":"https:\/\/static.africa-press.net\/senegal\/sites\/13\/2025\/02\/sm_1739867928.665367.jpg","width":1350,"height":900,"caption":"Cr\u00e9ation D'Une Force Maritime Conjointe pour le Golfe"},{"@type":"BreadcrumbList","@id":"https:\/\/www.africa-press.net\/senegal\/politique\/creation-dune-force-maritime-conjointe-pour-le-golfe#breadcrumb","itemListElement":[{"@type":"ListItem","position":1,"name":"Accueil","item":"https:\/\/www.africa-press.net\/senegal\/"},{"@type":"ListItem","position":2,"name":"Cr\u00e9ation D&rsquo;Une Force Maritime Conjointe pour le Golfe"}]},{"@type":"WebSite","@id":"https:\/\/www.africa-press.net\/senegal\/#website","url":"https:\/\/www.africa-press.net\/senegal\/","name":"Africa Press | Senegal | Homepage","description":"Just another Africa News Agency Sites site","potentialAction":[{"@type":"SearchAction","target":{"@type":"EntryPoint","urlTemplate":"https:\/\/www.africa-press.net\/senegal\/?s={search_term_string}"},"query-input":{"@type":"PropertyValueSpecification","valueRequired":true,"valueName":"search_term_string"}}],"inLanguage":"fr-FR"},{"@type":"Person","@id":"https:\/\/www.africa-press.net\/senegal\/#\/schema\/person\/2b1cf3cd81a31e3cd26889ca66d677f1","name":"cfeditorfr","url":"https:\/\/www.africa-press.net\/senegal\/author\/cfeditorfr"}]}},"_links":{"self":[{"href":"https:\/\/www.africa-press.net\/senegal\/wp-json\/wp\/v2\/posts\/65543","targetHints":{"allow":["GET"]}}],"collection":[{"href":"https:\/\/www.africa-press.net\/senegal\/wp-json\/wp\/v2\/posts"}],"about":[{"href":"https:\/\/www.africa-press.net\/senegal\/wp-json\/wp\/v2\/types\/post"}],"author":[{"embeddable":true,"href":"https:\/\/www.africa-press.net\/senegal\/wp-json\/wp\/v2\/users\/82"}],"replies":[{"embeddable":true,"href":"https:\/\/www.africa-press.net\/senegal\/wp-json\/wp\/v2\/comments?post=65543"}],"version-history":[{"count":0,"href":"https:\/\/www.africa-press.net\/senegal\/wp-json\/wp\/v2\/posts\/65543\/revisions"}],"wp:featuredmedia":[{"embeddable":true,"href":"https:\/\/www.africa-press.net\/senegal\/wp-json\/wp\/v2\/media\/65542"}],"wp:attachment":[{"href":"https:\/\/www.africa-press.net\/senegal\/wp-json\/wp\/v2\/media?parent=65543"}],"wp:term":[{"taxonomy":"category","embeddable":true,"href":"https:\/\/www.africa-press.net\/senegal\/wp-json\/wp\/v2\/categories?post=65543"},{"taxonomy":"post_tag","embeddable":true,"href":"https:\/\/www.africa-press.net\/senegal\/wp-json\/wp\/v2\/tags?post=65543"}],"curies":[{"name":"wp","href":"https:\/\/api.w.org\/{rel}","templated":true}]}}